{"id":1506020,"date":"2025-10-27T20:15:54","date_gmt":"2025-10-27T19:15:54","guid":{"rendered":"https:\/\/theplayoffs.news\/fr\/uncategorized\/\/"},"modified":"2025-10-27T20:16:03","modified_gmt":"2025-10-27T19:16:03","slug":"puka-nacua-devrait-revenir-pour-la-week-9","status":"publish","type":"post","link":"https:\/\/theplayoffs.news\/fr\/actualite-nfl\/puka-nacua-devrait-revenir-pour-la-week-9\/","title":{"rendered":"Puka Nacua devrait revenir pour la week 9"},"content":{"rendered":"<p>Absent depuis plusieurs semaines, le receveur star des Los Angeles Rams, Puka Nacua, devrait revenir sur les terrains en fin de semaine, lors du match de week 9 face aux Saints. Selon <a href=\"https:\/\/www.nbcsports.com\/nfl\/profootballtalk\/rumor-mill\/news\/puka-nacua-set-to-return-from-ankle-injury-this-week\" class=\"trk-cta-link\" data-cta-trk='{\"ctaType\":\"Link\",\"ctaSubType\":\"main\"}'>Sean McVay<\/a>, head coach des Rams, Nacua devrait revenir &agrave; l&rsquo;entra&icirc;nement mercredi, et sera pr&ecirc;t &agrave; jouer dimanche face &agrave; New Orleans. <\/p><p>Puka Nacua avait &eacute;t&eacute; &eacute;cart&eacute; des terrains lors de la week 7 face aux Jacksonville Jaguars &agrave; Londres. Avec une semaine de repos en week 8, le meilleur receveur des Rams n&rsquo;aura loup&eacute; qu&rsquo;un seul match apr&egrave;s sa blessure &agrave; la cheville.<\/p><p>Ce retour permettra aux Rams de redynamiser davantage leur attaque, avec donc le retour de leur receveur num&eacute;ro un, devant Davante Adams notamment.<\/p><p>Lors de ses six premiers matchs, le receveur de 24 ans a r&eacute;ceptionn&eacute; 54 ballons pour un gain total de 616 yards et deux touchdowns, en faisant statistiquement l&rsquo;un des meilleurs receveurs de la ligue. <\/p><p>Un autre membre de l&rsquo;infirmerie devrait faire son retour cette semaine, a annonc&eacute; Sean McVay. Il s&rsquo;agit du lineman offensif Rob Havenstein, qui s&rsquo;est absent&eacute; depuis la week 4 &agrave; cause lui aussi d&rsquo;une blessure &agrave; la cheville. <\/p><p>Cependant, Darious Williams, quant &agrave; lui, devrait manquer le match de dimanche, &agrave; cause l&rsquo;une l&eacute;g&egrave;re blessure &agrave; l&rsquo;&eacute;paule. Pas de panique, il sera tout de m&ecirc;me de retour la semaine d&rsquo;apr&egrave;s, lors du choc de division face aux 49ers. Ce sera probablement l&rsquo;occasion de voir Roger McCreary en action, <a href=\"https:\/\/theplayoffs.news\/fr\/actualite-nfl\/nfl-trade-deadline-les-rams-tradent-pour-roger-mccreary\/\" class=\"trk-cta-link\" data-cta-trk='{\"ctaType\":\"Link\",\"ctaSubType\":\"main\"}'>cornerback fra&icirc;chement arriv&eacute;<\/a> en provenance des Titans. <\/p><p>Credit: Jayne Kamin-Oncea-Imagn Images<\/p>\n","protected":false},"excerpt":{"rendered":"<p>Puka Nacua sera bel et bien de retour cette semaine, de quoi soulager un peu plus les Rams avant d&rsquo;affronter les Saints<\/p>\n","protected":false},"author":180310178,"featured_media":1506021,"comment_status":"closed","ping_status":"closed","sticky":false,"template":"","format":"standard","meta":{"inline_featured_image":false,"kia_subtitle":"Puka Nacua sera bel et bien de retour cette semaine, de quoi soulager un peu plus les Rams avant d'affronter les Saints","_mux_skip_reasons":[],"proofreadBy":0,"footnotes":""},"categories":[118,8410,40,8408],"tags":[695,79,6443],"sport":[2785],"saison":[7475],"class_list":["post-1506020","post","type-post","status-publish","format-standard","has-post-thumbnail","hentry","category-actualite-nfl","category-football-americain","category-nfl","category-sports","tag-los-angeles-rams","tag-nfl","tag-puka-nacua","sport-nfl","saison-7475"],"acf":[],"yoast_head":"<!-- This site is optimized with the Yoast SEO plugin v24.2 - https:\/\/yoast.com\/wordpress\/plugins\/seo\/ -->\n<title>Puka Nacua devrait revenir pour la week 9 - The Playoffs FR<\/title>\n<meta name=\"description\" content=\"Puka Nacua sera bel et bien de retour cette semaine, de quoi soulager un peu plus les Rams avant d&#039;affronter les Saints\" \/>\n<meta name=\"robots\" content=\"index, follow, max-snippet:-1, max-image-preview:large, max-video-preview:-1\" \/>\n<link rel=\"canonical\" href=\"https:\/\/theplayoffs.news\/fr\/actualite-nfl\/puka-nacua-devrait-revenir-pour-la-week-9\/\" \/>\n<meta property=\"og:locale\" content=\"fr_FR\" \/>\n<meta property=\"og:type\" content=\"article\" \/>\n<meta property=\"og:title\" content=\"Puka Nacua devrait revenir pour la week 9 - The Playoffs FR\" \/>\n<meta property=\"og:description\" content=\"Puka Nacua sera bel et bien de retour cette semaine, de quoi soulager un peu plus les Rams avant d&#039;affronter les Saints\" \/>\n<meta property=\"og:url\" content=\"https:\/\/theplayoffs.news\/fr\/actualite-nfl\/puka-nacua-devrait-revenir-pour-la-week-9\/\" \/>\n<meta property=\"og:site_name\" content=\"The Playoffs FR\" \/>\n<meta property=\"article:publisher\" content=\"https:\/\/www.facebook.com\/TheFreeAgentFR\/\" \/>\n<meta property=\"article:modified_time\" content=\"2025-10-27T20:16:03+01:00\" \/>\n<meta property=\"og:image\" content=\"https:\/\/theplayoffs.news\/fr\/wp-content\/uploads\/2025\/10\/USATSI_27198785.jpg\" \/>\n\t<meta property=\"og:image:width\" content=\"1920\" \/>\n\t<meta property=\"og:image:height\" content=\"1280\" \/>\n\t<meta property=\"og:image:type\" content=\"image\/jpeg\" \/>\n<meta name=\"author\" content=\"Arthur Berlemont\" \/>\n<meta name=\"twitter:card\" content=\"summary_large_image\" \/>\n<meta name=\"twitter:creator\" content=\"@TheFreeAgentFR\" \/>\n<meta name=\"twitter:site\" content=\"@TheFreeAgentFR\" \/>\n<meta name=\"twitter:label1\" content=\"\u00c9crit par\" \/>\n\t<meta name=\"twitter:data1\" content=\"Arthur Berlemont\" \/>\n\t<meta name=\"twitter:label2\" content=\"Dur\u00e9e de lecture estim\u00e9e\" \/>\n\t<meta name=\"twitter:data2\" content=\"2 minutes\" \/>\n<script type=\"application\/ld+json\" class=\"yoast-schema-graph\">{\"@context\":\"https:\/\/schema.org\",\"@graph\":[{\"@type\":\"WebPage\",\"@id\":\"https:\/\/theplayoffs.news\/fr\/actualite-nfl\/puka-nacua-devrait-revenir-pour-la-week-9\/\",\"url\":\"https:\/\/theplayoffs.news\/fr\/actualite-nfl\/puka-nacua-devrait-revenir-pour-la-week-9\/\",\"name\":\"Puka Nacua devrait revenir pour la week 9 - The Playoffs FR\",\"isPartOf\":{\"@id\":\"https:\/\/theplayoffs.news\/fr\/#website\"},\"primaryImageOfPage\":{\"@id\":\"https:\/\/theplayoffs.news\/fr\/actualite-nfl\/puka-nacua-devrait-revenir-pour-la-week-9\/#primaryimage\"},\"image\":{\"@id\":\"https:\/\/theplayoffs.news\/fr\/actualite-nfl\/puka-nacua-devrait-revenir-pour-la-week-9\/#primaryimage\"},\"thumbnailUrl\":\"https:\/\/theplayoffs.news\/fr\/wp-content\/uploads\/2025\/10\/USATSI_27198785.jpg\",\"datePublished\":\"2025-10-27T19:15:54+00:00\",\"dateModified\":\"2025-10-27T19:16:03+00:00\",\"author\":{\"@id\":\"https:\/\/theplayoffs.news\/fr\/#\/schema\/person\/b6b04a451dab03a5ab75cec8912e8942\"},\"description\":\"Puka Nacua sera bel et bien de retour cette semaine, de quoi soulager un peu plus les Rams avant d\\\\'affronter les Saints\",\"breadcrumb\":{\"@id\":\"https:\/\/theplayoffs.news\/fr\/actualite-nfl\/puka-nacua-devrait-revenir-pour-la-week-9\/#breadcrumb\"},\"inLanguage\":\"fr-FR\",\"potentialAction\":[{\"@type\":\"ReadAction\",\"target\":[\"https:\/\/theplayoffs.news\/fr\/actualite-nfl\/puka-nacua-devrait-revenir-pour-la-week-9\/\"]}]},{\"@type\":\"ImageObject\",\"inLanguage\":\"fr-FR\",\"@id\":\"https:\/\/theplayoffs.news\/fr\/actualite-nfl\/puka-nacua-devrait-revenir-pour-la-week-9\/#primaryimage\",\"url\":\"https:\/\/theplayoffs.news\/fr\/wp-content\/uploads\/2025\/10\/USATSI_27198785.jpg\",\"contentUrl\":\"https:\/\/theplayoffs.news\/fr\/wp-content\/uploads\/2025\/10\/USATSI_27198785.jpg\",\"width\":1920,\"height\":1280,\"caption\":\"Sep 28, 2025; Inglewood, California, USA; Los Angeles Rams wide receiver Puka Nacua (12) celebrates after a complete pass and first down during the first half against the Indianapolis Colts at SoFi Stadium. Mandatory Credit: Jayne Kamin-Oncea-Imagn Images\"},{\"@type\":\"BreadcrumbList\",\"@id\":\"https:\/\/theplayoffs.news\/fr\/actualite-nfl\/puka-nacua-devrait-revenir-pour-la-week-9\/#breadcrumb\",\"itemListElement\":[{\"@type\":\"ListItem\",\"position\":1,\"name\":\"Accueil\",\"item\":\"https:\/\/theplayoffs.news\/fr\/\"},{\"@type\":\"ListItem\",\"position\":2,\"name\":\"Puka Nacua devrait revenir pour la week 9\"}]},{\"@type\":\"WebSite\",\"@id\":\"https:\/\/theplayoffs.news\/fr\/#website\",\"url\":\"https:\/\/theplayoffs.news\/fr\/\",\"name\":\"The Playoffs FR\",\"description\":\"NBA-NFL-NHL-MLB\",\"potentialAction\":[{\"@type\":\"SearchAction\",\"target\":{\"@type\":\"EntryPoint\",\"urlTemplate\":\"https:\/\/theplayoffs.news\/fr\/?s={search_term_string}\"},\"query-input\":{\"@type\":\"PropertyValueSpecification\",\"valueRequired\":true,\"valueName\":\"search_term_string\"}}],\"inLanguage\":\"fr-FR\"},{\"@type\":\"Person\",\"@id\":\"https:\/\/theplayoffs.news\/fr\/#\/schema\/person\/b6b04a451dab03a5ab75cec8912e8942\",\"name\":\"Arthur Berlemont\",\"image\":{\"@type\":\"ImageObject\",\"inLanguage\":\"fr-FR\",\"@id\":\"https:\/\/theplayoffs.news\/fr\/#\/schema\/person\/image\/\",\"url\":\"https:\/\/secure.gravatar.com\/avatar\/19ddab1d62ab0a19b186b86cee130432b120dd6f085625a6a6757dd1aa90a5f3?s=96&d=mm&r=g\",\"contentUrl\":\"https:\/\/secure.gravatar.com\/avatar\/19ddab1d62ab0a19b186b86cee130432b120dd6f085625a6a6757dd1aa90a5f3?s=96&d=mm&r=g\",\"caption\":\"Arthur Berlemont\"},\"description\":\"Etudiant passionn\u00e9 de sport, avant tout m\u00e9caniques, j\\\\'ai d\u00e9couvert les sports US il y a quelques ann\u00e9es. J\\\\'ai tout de suite accroch\u00e9 pour la ville de Cincinnati et ses franchises de NFL et MLB. Aujourd\\\\'hui, je suis l\u00e0 par passion dans la r\u00e9daction d\\\\'articles sur divers sports que j\\\\'affectionne.\",\"url\":\"https:\/\/theplayoffs.news\/fr\/author\/arthur-berlemontgmail-com\/\"}]}<\/script>\n<!-- \/ Yoast SEO plugin. -->","yoast_head_json":{"title":"Puka Nacua devrait revenir pour la week 9 - The Playoffs FR","description":"Puka Nacua sera bel et bien de retour cette semaine, de quoi soulager un peu plus les Rams avant d&#039;affronter les Saints","robots":{"index":"index","follow":"follow","max-snippet":"max-snippet:-1","max-image-preview":"max-image-preview:large","max-video-preview":"max-video-preview:-1"},"canonical":"https:\/\/theplayoffs.news\/fr\/actualite-nfl\/puka-nacua-devrait-revenir-pour-la-week-9\/","og_locale":"fr_FR","og_type":"article","og_title":"Puka Nacua devrait revenir pour la week 9 - The Playoffs FR","og_description":"Puka Nacua sera bel et bien de retour cette semaine, de quoi soulager un peu plus les Rams avant d&#039;affronter les Saints","og_url":"https:\/\/theplayoffs.news\/fr\/actualite-nfl\/puka-nacua-devrait-revenir-pour-la-week-9\/","og_site_name":"The Playoffs FR","article_publisher":"https:\/\/www.facebook.com\/TheFreeAgentFR\/","article_modified_time":"2025-10-27T19:16:03+00:00","og_image":[{"width":1920,"height":1280,"url":"https:\/\/theplayoffs.news\/fr\/wp-content\/uploads\/2025\/10\/USATSI_27198785.jpg","type":"image\/jpeg"}],"author":"Arthur Berlemont","twitter_card":"summary_large_image","twitter_creator":"@TheFreeAgentFR","twitter_site":"@TheFreeAgentFR","twitter_misc":{"\u00c9crit par":"Arthur Berlemont","Dur\u00e9e de lecture estim\u00e9e":"2 minutes"},"schema":{"@context":"https:\/\/schema.org","@graph":[{"@type":"WebPage","@id":"https:\/\/theplayoffs.news\/fr\/actualite-nfl\/puka-nacua-devrait-revenir-pour-la-week-9\/","url":"https:\/\/theplayoffs.news\/fr\/actualite-nfl\/puka-nacua-devrait-revenir-pour-la-week-9\/","name":"Puka Nacua devrait revenir pour la week 9 - The Playoffs FR","isPartOf":{"@id":"https:\/\/theplayoffs.news\/fr\/#website"},"primaryImageOfPage":{"@id":"https:\/\/theplayoffs.news\/fr\/actualite-nfl\/puka-nacua-devrait-revenir-pour-la-week-9\/#primaryimage"},"image":{"@id":"https:\/\/theplayoffs.news\/fr\/actualite-nfl\/puka-nacua-devrait-revenir-pour-la-week-9\/#primaryimage"},"thumbnailUrl":"https:\/\/theplayoffs.news\/fr\/wp-content\/uploads\/2025\/10\/USATSI_27198785.jpg","datePublished":"2025-10-27T19:15:54+00:00","dateModified":"2025-10-27T19:16:03+00:00","author":{"@id":"https:\/\/theplayoffs.news\/fr\/#\/schema\/person\/b6b04a451dab03a5ab75cec8912e8942"},"description":"Puka Nacua sera bel et bien de retour cette semaine, de quoi soulager un peu plus les Rams avant d\\'affronter les Saints","breadcrumb":{"@id":"https:\/\/theplayoffs.news\/fr\/actualite-nfl\/puka-nacua-devrait-revenir-pour-la-week-9\/#breadcrumb"},"inLanguage":"fr-FR","potentialAction":[{"@type":"ReadAction","target":["https:\/\/theplayoffs.news\/fr\/actualite-nfl\/puka-nacua-devrait-revenir-pour-la-week-9\/"]}]},{"@type":"ImageObject","inLanguage":"fr-FR","@id":"https:\/\/theplayoffs.news\/fr\/actualite-nfl\/puka-nacua-devrait-revenir-pour-la-week-9\/#primaryimage","url":"https:\/\/theplayoffs.news\/fr\/wp-content\/uploads\/2025\/10\/USATSI_27198785.jpg","contentUrl":"https:\/\/theplayoffs.news\/fr\/wp-content\/uploads\/2025\/10\/USATSI_27198785.jpg","width":1920,"height":1280,"caption":"Sep 28, 2025; Inglewood, California, USA; Los Angeles Rams wide receiver Puka Nacua (12) celebrates after a complete pass and first down during the first half against the Indianapolis Colts at SoFi Stadium. Mandatory Credit: Jayne Kamin-Oncea-Imagn Images"},{"@type":"BreadcrumbList","@id":"https:\/\/theplayoffs.news\/fr\/actualite-nfl\/puka-nacua-devrait-revenir-pour-la-week-9\/#breadcrumb","itemListElement":[{"@type":"ListItem","position":1,"name":"Accueil","item":"https:\/\/theplayoffs.news\/fr\/"},{"@type":"ListItem","position":2,"name":"Puka Nacua devrait revenir pour la week 9"}]},{"@type":"WebSite","@id":"https:\/\/theplayoffs.news\/fr\/#website","url":"https:\/\/theplayoffs.news\/fr\/","name":"The Playoffs FR","description":"NBA-NFL-NHL-MLB","potentialAction":[{"@type":"SearchAction","target":{"@type":"EntryPoint","urlTemplate":"https:\/\/theplayoffs.news\/fr\/?s={search_term_string}"},"query-input":{"@type":"PropertyValueSpecification","valueRequired":true,"valueName":"search_term_string"}}],"inLanguage":"fr-FR"},{"@type":"Person","@id":"https:\/\/theplayoffs.news\/fr\/#\/schema\/person\/b6b04a451dab03a5ab75cec8912e8942","name":"Arthur Berlemont","image":{"@type":"ImageObject","inLanguage":"fr-FR","@id":"https:\/\/theplayoffs.news\/fr\/#\/schema\/person\/image\/","url":"https:\/\/secure.gravatar.com\/avatar\/19ddab1d62ab0a19b186b86cee130432b120dd6f085625a6a6757dd1aa90a5f3?s=96&d=mm&r=g","contentUrl":"https:\/\/secure.gravatar.com\/avatar\/19ddab1d62ab0a19b186b86cee130432b120dd6f085625a6a6757dd1aa90a5f3?s=96&d=mm&r=g","caption":"Arthur Berlemont"},"description":"Etudiant passionn\u00e9 de sport, avant tout m\u00e9caniques, j\\'ai d\u00e9couvert les sports US il y a quelques ann\u00e9es. J\\'ai tout de suite accroch\u00e9 pour la ville de Cincinnati et ses franchises de NFL et MLB. Aujourd\\'hui, je suis l\u00e0 par passion dans la r\u00e9daction d\\'articles sur divers sports que j\\'affectionne.","url":"https:\/\/theplayoffs.news\/fr\/author\/arthur-berlemontgmail-com\/"}]}},"_links":{"self":[{"href":"https:\/\/theplayoffs.news\/fr\/wp-json\/wp\/v2\/posts\/1506020","targetHints":{"allow":["GET"]}}],"collection":[{"href":"https:\/\/theplayoffs.news\/fr\/wp-json\/wp\/v2\/posts"}],"about":[{"href":"https:\/\/theplayoffs.news\/fr\/wp-json\/wp\/v2\/types\/post"}],"author":[{"embeddable":true,"href":"https:\/\/theplayoffs.news\/fr\/wp-json\/wp\/v2\/users\/180310178"}],"replies":[{"embeddable":true,"href":"https:\/\/theplayoffs.news\/fr\/wp-json\/wp\/v2\/comments?post=1506020"}],"version-history":[{"count":1,"href":"https:\/\/theplayoffs.news\/fr\/wp-json\/wp\/v2\/posts\/1506020\/revisions"}],"predecessor-version":[{"id":1506022,"href":"https:\/\/theplayoffs.news\/fr\/wp-json\/wp\/v2\/posts\/1506020\/revisions\/1506022"}],"wp:featuredmedia":[{"embeddable":true,"href":"https:\/\/theplayoffs.news\/fr\/wp-json\/wp\/v2\/media\/1506021"}],"wp:attachment":[{"href":"https:\/\/theplayoffs.news\/fr\/wp-json\/wp\/v2\/media?parent=1506020"}],"wp:term":[{"taxonomy":"category","embeddable":true,"href":"https:\/\/theplayoffs.news\/fr\/wp-json\/wp\/v2\/categories?post=1506020"},{"taxonomy":"post_tag","embeddable":true,"href":"https:\/\/theplayoffs.news\/fr\/wp-json\/wp\/v2\/tags?post=1506020"},{"taxonomy":"sport","embeddable":true,"href":"https:\/\/theplayoffs.news\/fr\/wp-json\/wp\/v2\/sport?post=1506020"},{"taxonomy":"saison","embeddable":true,"href":"https:\/\/theplayoffs.news\/fr\/wp-json\/wp\/v2\/saison?post=1506020"}],"curies":[{"name":"wp","href":"https:\/\/api.w.org\/{rel}","templated":true}]}}