{"id":1506010,"date":"2025-10-27T18:32:53","date_gmt":"2025-10-27T17:32:53","guid":{"rendered":"https:\/\/theplayoffs.news\/fr\/uncategorized\/\/"},"modified":"2025-10-27T18:32:58","modified_gmt":"2025-10-27T17:32:58","slug":"nfl-trade-deadline-les-rams-tradent-pour-roger-mccreary","status":"publish","type":"post","link":"https:\/\/theplayoffs.news\/fr\/actualite-nfl\/nfl-trade-deadline-les-rams-tradent-pour-roger-mccreary\/","title":{"rendered":"NFL trade deadline : les Rams tradent pour Roger McCreary"},"content":{"rendered":"<p>Les Los Angles Rams acqui&egrave;rent le cornerback Roger McCreary &agrave; quelques jours de la NFL trade deadline. Les Tennessee Titans, &eacute;quipe ayant trad&eacute; McCreary aux Rams, recevront un cinqui&egrave;me tour de draft conditionnel, contre leur joueur d&eacute;fensif et un sixi&egrave;me tour de draft conditionnel. <\/p><figure class=\"wp-block-embed is-type-rich is-provider-twitter wp-block-embed-twitter\"><div class=\"wp-block-embed__wrapper\">\n<blockquote class=\"twitter-tweet\" data-width=\"500\" data-dnt=\"true\"><p lang=\"en\" dir=\"ltr\">Trade: Titans are sending CB Roger McCreary to the Rams for a conditional 5th\/6th round pick swap, per sources.<br><br>Conditions: Titans get 5th-round pick closer to the beginning of the round, which most likely be Titans original 5th round pick. Rams receive the 6th-round pick that&hellip; <a href=\"https:\/\/t.co\/uvdyCYTn7d\" class=\"trk-cta-link\" data-cta-trk='{\"ctaType\":\"Link\",\"ctaSubType\":\"main\"}'>pic.twitter.com\/uvdyCYTn7d<\/a><\/p>&mdash; Adam Schefter (@AdamSchefter) <a href=\"https:\/\/twitter.com\/AdamSchefter\/status\/1982855404997820526?ref_src=twsrc%5Etfw\" class=\"trk-cta-link\" data-cta-trk='{\"ctaType\":\"Link\",\"ctaSubType\":\"main\"}'>October 27, 2025<\/a><\/blockquote><script async src=\"https:\/\/platform.twitter.com\/widgets.js\" charset=\"utf-8\"><\/script>\n<\/div><\/figure><p>Pour rappel, un choix de draft conditionnel d&eacute;pend de plusieurs facteurs, notamment des performances du joueur trad&eacute; ou de l&rsquo;&eacute;quipe ayant trad&eacute;. Tout d&eacute;pend de l&rsquo;importance du joueur au sein de l&rsquo;effectif, et son r&ocirc;le dans sa nouvelle &eacute;quipe, et vice-versa.<\/p><p>Cette nouvelle n&rsquo;a rien de surprenant du c&ocirc;t&eacute; de Tennessee. Apr&egrave;s avoir limog&eacute; leur head coach, Brian Callahan, les Titans tra&icirc;nent au fin fond de la ligue avec une petite victoire. Cette saison est clairement &agrave; oublier, et les <a href=\"https:\/\/theplayoffs.news\/fr\/actualite-nfl\/trade-deadline-nfl-les-tennessee-titans-seront-vendeurs\/\" class=\"trk-cta-link\" data-cta-trk='{\"ctaType\":\"Link\",\"ctaSubType\":\"main\"}'>Titans se sont annonc&eacute;s comme vendeurs<\/a>, &agrave; l&rsquo;approche de la <a href=\"https:\/\/www.nfl.com\/\" class=\"trk-cta-link\" data-cta-trk='{\"ctaType\":\"Link\",\"ctaSubType\":\"main\"}'>NFL <\/a>trade deadline.<\/p><p>Roger McCreary a &eacute;t&eacute; draft&eacute; au deuxi&egrave;me tour de la draft 2022 et a enregistr&eacute; trois interceptions, 17 passes d&eacute;fendues, un fumble forc&eacute;, quatre sacks, ainsi que 253 plaquages dans sa carri&egrave;re avec les Titans. <\/p><p>Le joueur de 25 ans servira &agrave; renforcer le secondary de Los Angeles, touch&eacute; par les blessures depuis le d&eacute;but de la saison, notamment avec celle d&rsquo;Ahkello Wotherspoon, pr&eacute;sent sur la r&eacute;serve des bless&eacute;s et donc indisponible pendant une certaine dur&eacute;e. Les Rams disposent d&rsquo;une bonne escouade d&eacute;fensive &agrave; ce niveau l&agrave;, afin d&rsquo;&eacute;viter de r&eacute;aliser les m&ecirc;mes erreurs qu&rsquo;en playoffs la saison derni&egrave;re, o&ugrave; le secondary a pi&eacute;g&eacute; les Rams face aux Eagles.<\/p><p>Los Angeles reviendra sur les terrains de NFL cette semaine, apr&egrave;s une semaine de repos bien m&eacute;rit&eacute;e. Ils affronteront les New Orleans Saints dans leur qu&ecirc;te pour aller chercher leur septi&egrave;me succ&egrave;s de la saison.<\/p><p>Cr&eacute;dit : Steve Roberts &ndash; USA Today<\/p>\n","protected":false},"excerpt":{"rendered":"<p>A quelques jours de la trade deadline, les Rams renforcent leur effectif en tradant pour Roger McCreary<\/p>\n","protected":false},"author":180310178,"featured_media":1506011,"comment_status":"closed","ping_status":"closed","sticky":false,"template":"","format":"standard","meta":{"inline_featured_image":false,"kia_subtitle":"A quelques jours de la trade deadline, les Rams renforcent leur effectif en tradant pour Roger McCreary","_mux_skip_reasons":[],"proofreadBy":0,"footnotes":""},"categories":[118,8410,40,8408],"tags":[695,4978,9294,136],"sport":[2785],"saison":[7475],"class_list":["post-1506010","post","type-post","status-publish","format-standard","has-post-thumbnail","hentry","category-actualite-nfl","category-football-americain","category-nfl","category-sports","tag-los-angeles-rams","tag-nfl-trade-deadline","tag-roger-mccreary","tag-tennessee-titans","sport-nfl","saison-7475"],"acf":[],"yoast_head":"<!-- This site is optimized with the Yoast SEO plugin v24.2 - https:\/\/yoast.com\/wordpress\/plugins\/seo\/ -->\n<title>NFL trade deadline : les Rams tradent pour Roger McCreary - The Playoffs FR<\/title>\n<meta name=\"description\" content=\"A quelques jours de la NFL trade deadline, les Rams renforcent leur effectif en tradant pour Roger McCreary\" \/>\n<meta name=\"robots\" content=\"index, follow, max-snippet:-1, max-image-preview:large, max-video-preview:-1\" \/>\n<link rel=\"canonical\" href=\"https:\/\/theplayoffs.news\/fr\/actualite-nfl\/nfl-trade-deadline-les-rams-tradent-pour-roger-mccreary\/\" \/>\n<meta property=\"og:locale\" content=\"fr_FR\" \/>\n<meta property=\"og:type\" content=\"article\" \/>\n<meta property=\"og:title\" content=\"NFL trade deadline : les Rams tradent pour Roger McCreary - The Playoffs FR\" \/>\n<meta property=\"og:description\" content=\"A quelques jours de la NFL trade deadline, les Rams renforcent leur effectif en tradant pour Roger McCreary\" \/>\n<meta property=\"og:url\" content=\"https:\/\/theplayoffs.news\/fr\/actualite-nfl\/nfl-trade-deadline-les-rams-tradent-pour-roger-mccreary\/\" \/>\n<meta property=\"og:site_name\" content=\"The Playoffs FR\" \/>\n<meta property=\"article:publisher\" content=\"https:\/\/www.facebook.com\/TheFreeAgentFR\/\" \/>\n<meta property=\"article:modified_time\" content=\"2025-10-27T18:32:58+01:00\" \/>\n<meta property=\"og:image\" content=\"https:\/\/theplayoffs.news\/fr\/wp-content\/uploads\/2025\/10\/USATSI_27386272.jpg\" \/>\n\t<meta property=\"og:image:width\" content=\"1920\" \/>\n\t<meta property=\"og:image:height\" content=\"1280\" \/>\n\t<meta property=\"og:image:type\" content=\"image\/jpeg\" \/>\n<meta name=\"author\" content=\"Arthur Berlemont\" \/>\n<meta name=\"twitter:card\" content=\"summary_large_image\" \/>\n<meta name=\"twitter:creator\" content=\"@TheFreeAgentFR\" \/>\n<meta name=\"twitter:site\" content=\"@TheFreeAgentFR\" \/>\n<meta name=\"twitter:label1\" content=\"\u00c9crit par\" \/>\n\t<meta name=\"twitter:data1\" content=\"Arthur Berlemont\" \/>\n\t<meta name=\"twitter:label2\" content=\"Dur\u00e9e de lecture estim\u00e9e\" \/>\n\t<meta name=\"twitter:data2\" content=\"2 minutes\" \/>\n<script type=\"application\/ld+json\" class=\"yoast-schema-graph\">{\"@context\":\"https:\/\/schema.org\",\"@graph\":[{\"@type\":\"WebPage\",\"@id\":\"https:\/\/theplayoffs.news\/fr\/actualite-nfl\/nfl-trade-deadline-les-rams-tradent-pour-roger-mccreary\/\",\"url\":\"https:\/\/theplayoffs.news\/fr\/actualite-nfl\/nfl-trade-deadline-les-rams-tradent-pour-roger-mccreary\/\",\"name\":\"NFL trade deadline : les Rams tradent pour Roger McCreary - The Playoffs FR\",\"isPartOf\":{\"@id\":\"https:\/\/theplayoffs.news\/fr\/#website\"},\"primaryImageOfPage\":{\"@id\":\"https:\/\/theplayoffs.news\/fr\/actualite-nfl\/nfl-trade-deadline-les-rams-tradent-pour-roger-mccreary\/#primaryimage\"},\"image\":{\"@id\":\"https:\/\/theplayoffs.news\/fr\/actualite-nfl\/nfl-trade-deadline-les-rams-tradent-pour-roger-mccreary\/#primaryimage\"},\"thumbnailUrl\":\"https:\/\/theplayoffs.news\/fr\/wp-content\/uploads\/2025\/10\/USATSI_27386272.jpg\",\"datePublished\":\"2025-10-27T17:32:53+00:00\",\"dateModified\":\"2025-10-27T17:32:58+00:00\",\"author\":{\"@id\":\"https:\/\/theplayoffs.news\/fr\/#\/schema\/person\/b6b04a451dab03a5ab75cec8912e8942\"},\"description\":\"A quelques jours de la NFL trade deadline, les Rams renforcent leur effectif en tradant pour Roger McCreary\",\"breadcrumb\":{\"@id\":\"https:\/\/theplayoffs.news\/fr\/actualite-nfl\/nfl-trade-deadline-les-rams-tradent-pour-roger-mccreary\/#breadcrumb\"},\"inLanguage\":\"fr-FR\",\"potentialAction\":[{\"@type\":\"ReadAction\",\"target\":[\"https:\/\/theplayoffs.news\/fr\/actualite-nfl\/nfl-trade-deadline-les-rams-tradent-pour-roger-mccreary\/\"]}]},{\"@type\":\"ImageObject\",\"inLanguage\":\"fr-FR\",\"@id\":\"https:\/\/theplayoffs.news\/fr\/actualite-nfl\/nfl-trade-deadline-les-rams-tradent-pour-roger-mccreary\/#primaryimage\",\"url\":\"https:\/\/theplayoffs.news\/fr\/wp-content\/uploads\/2025\/10\/USATSI_27386272.jpg\",\"contentUrl\":\"https:\/\/theplayoffs.news\/fr\/wp-content\/uploads\/2025\/10\/USATSI_27386272.jpg\",\"width\":1920,\"height\":1280,\"caption\":\"Oct 19, 2025; Nashville, Tennessee, USA; Tennessee Titans cornerback Roger McCreary (21) walks off the field post game against the New England Patriots at Nissan Stadium. Mandatory Credit: Steve Roberts-Imagn Images\"},{\"@type\":\"BreadcrumbList\",\"@id\":\"https:\/\/theplayoffs.news\/fr\/actualite-nfl\/nfl-trade-deadline-les-rams-tradent-pour-roger-mccreary\/#breadcrumb\",\"itemListElement\":[{\"@type\":\"ListItem\",\"position\":1,\"name\":\"Accueil\",\"item\":\"https:\/\/theplayoffs.news\/fr\/\"},{\"@type\":\"ListItem\",\"position\":2,\"name\":\"NFL trade deadline : les Rams tradent pour Roger McCreary\"}]},{\"@type\":\"WebSite\",\"@id\":\"https:\/\/theplayoffs.news\/fr\/#website\",\"url\":\"https:\/\/theplayoffs.news\/fr\/\",\"name\":\"The Playoffs FR\",\"description\":\"NBA-NFL-NHL-MLB\",\"potentialAction\":[{\"@type\":\"SearchAction\",\"target\":{\"@type\":\"EntryPoint\",\"urlTemplate\":\"https:\/\/theplayoffs.news\/fr\/?s={search_term_string}\"},\"query-input\":{\"@type\":\"PropertyValueSpecification\",\"valueRequired\":true,\"valueName\":\"search_term_string\"}}],\"inLanguage\":\"fr-FR\"},{\"@type\":\"Person\",\"@id\":\"https:\/\/theplayoffs.news\/fr\/#\/schema\/person\/b6b04a451dab03a5ab75cec8912e8942\",\"name\":\"Arthur Berlemont\",\"image\":{\"@type\":\"ImageObject\",\"inLanguage\":\"fr-FR\",\"@id\":\"https:\/\/theplayoffs.news\/fr\/#\/schema\/person\/image\/\",\"url\":\"https:\/\/secure.gravatar.com\/avatar\/19ddab1d62ab0a19b186b86cee130432b120dd6f085625a6a6757dd1aa90a5f3?s=96&d=mm&r=g\",\"contentUrl\":\"https:\/\/secure.gravatar.com\/avatar\/19ddab1d62ab0a19b186b86cee130432b120dd6f085625a6a6757dd1aa90a5f3?s=96&d=mm&r=g\",\"caption\":\"Arthur Berlemont\"},\"description\":\"Etudiant passionn\u00e9 de sport, avant tout m\u00e9caniques, j\\\\'ai d\u00e9couvert les sports US il y a quelques ann\u00e9es. J\\\\'ai tout de suite accroch\u00e9 pour la ville de Cincinnati et ses franchises de NFL et MLB. Aujourd\\\\'hui, je suis l\u00e0 par passion dans la r\u00e9daction d\\\\'articles sur divers sports que j\\\\'affectionne.\",\"url\":\"https:\/\/theplayoffs.news\/fr\/author\/arthur-berlemontgmail-com\/\"}]}<\/script>\n<!-- \/ Yoast SEO plugin. -->","yoast_head_json":{"title":"NFL trade deadline : les Rams tradent pour Roger McCreary - The Playoffs FR","description":"A quelques jours de la NFL trade deadline, les Rams renforcent leur effectif en tradant pour Roger McCreary","robots":{"index":"index","follow":"follow","max-snippet":"max-snippet:-1","max-image-preview":"max-image-preview:large","max-video-preview":"max-video-preview:-1"},"canonical":"https:\/\/theplayoffs.news\/fr\/actualite-nfl\/nfl-trade-deadline-les-rams-tradent-pour-roger-mccreary\/","og_locale":"fr_FR","og_type":"article","og_title":"NFL trade deadline : les Rams tradent pour Roger McCreary - The Playoffs FR","og_description":"A quelques jours de la NFL trade deadline, les Rams renforcent leur effectif en tradant pour Roger McCreary","og_url":"https:\/\/theplayoffs.news\/fr\/actualite-nfl\/nfl-trade-deadline-les-rams-tradent-pour-roger-mccreary\/","og_site_name":"The Playoffs FR","article_publisher":"https:\/\/www.facebook.com\/TheFreeAgentFR\/","article_modified_time":"2025-10-27T17:32:58+00:00","og_image":[{"width":1920,"height":1280,"url":"https:\/\/theplayoffs.news\/fr\/wp-content\/uploads\/2025\/10\/USATSI_27386272.jpg","type":"image\/jpeg"}],"author":"Arthur Berlemont","twitter_card":"summary_large_image","twitter_creator":"@TheFreeAgentFR","twitter_site":"@TheFreeAgentFR","twitter_misc":{"\u00c9crit par":"Arthur Berlemont","Dur\u00e9e de lecture estim\u00e9e":"2 minutes"},"schema":{"@context":"https:\/\/schema.org","@graph":[{"@type":"WebPage","@id":"https:\/\/theplayoffs.news\/fr\/actualite-nfl\/nfl-trade-deadline-les-rams-tradent-pour-roger-mccreary\/","url":"https:\/\/theplayoffs.news\/fr\/actualite-nfl\/nfl-trade-deadline-les-rams-tradent-pour-roger-mccreary\/","name":"NFL trade deadline : les Rams tradent pour Roger McCreary - The Playoffs FR","isPartOf":{"@id":"https:\/\/theplayoffs.news\/fr\/#website"},"primaryImageOfPage":{"@id":"https:\/\/theplayoffs.news\/fr\/actualite-nfl\/nfl-trade-deadline-les-rams-tradent-pour-roger-mccreary\/#primaryimage"},"image":{"@id":"https:\/\/theplayoffs.news\/fr\/actualite-nfl\/nfl-trade-deadline-les-rams-tradent-pour-roger-mccreary\/#primaryimage"},"thumbnailUrl":"https:\/\/theplayoffs.news\/fr\/wp-content\/uploads\/2025\/10\/USATSI_27386272.jpg","datePublished":"2025-10-27T17:32:53+00:00","dateModified":"2025-10-27T17:32:58+00:00","author":{"@id":"https:\/\/theplayoffs.news\/fr\/#\/schema\/person\/b6b04a451dab03a5ab75cec8912e8942"},"description":"A quelques jours de la NFL trade deadline, les Rams renforcent leur effectif en tradant pour Roger McCreary","breadcrumb":{"@id":"https:\/\/theplayoffs.news\/fr\/actualite-nfl\/nfl-trade-deadline-les-rams-tradent-pour-roger-mccreary\/#breadcrumb"},"inLanguage":"fr-FR","potentialAction":[{"@type":"ReadAction","target":["https:\/\/theplayoffs.news\/fr\/actualite-nfl\/nfl-trade-deadline-les-rams-tradent-pour-roger-mccreary\/"]}]},{"@type":"ImageObject","inLanguage":"fr-FR","@id":"https:\/\/theplayoffs.news\/fr\/actualite-nfl\/nfl-trade-deadline-les-rams-tradent-pour-roger-mccreary\/#primaryimage","url":"https:\/\/theplayoffs.news\/fr\/wp-content\/uploads\/2025\/10\/USATSI_27386272.jpg","contentUrl":"https:\/\/theplayoffs.news\/fr\/wp-content\/uploads\/2025\/10\/USATSI_27386272.jpg","width":1920,"height":1280,"caption":"Oct 19, 2025; Nashville, Tennessee, USA; Tennessee Titans cornerback Roger McCreary (21) walks off the field post game against the New England Patriots at Nissan Stadium. Mandatory Credit: Steve Roberts-Imagn Images"},{"@type":"BreadcrumbList","@id":"https:\/\/theplayoffs.news\/fr\/actualite-nfl\/nfl-trade-deadline-les-rams-tradent-pour-roger-mccreary\/#breadcrumb","itemListElement":[{"@type":"ListItem","position":1,"name":"Accueil","item":"https:\/\/theplayoffs.news\/fr\/"},{"@type":"ListItem","position":2,"name":"NFL trade deadline : les Rams tradent pour Roger McCreary"}]},{"@type":"WebSite","@id":"https:\/\/theplayoffs.news\/fr\/#website","url":"https:\/\/theplayoffs.news\/fr\/","name":"The Playoffs FR","description":"NBA-NFL-NHL-MLB","potentialAction":[{"@type":"SearchAction","target":{"@type":"EntryPoint","urlTemplate":"https:\/\/theplayoffs.news\/fr\/?s={search_term_string}"},"query-input":{"@type":"PropertyValueSpecification","valueRequired":true,"valueName":"search_term_string"}}],"inLanguage":"fr-FR"},{"@type":"Person","@id":"https:\/\/theplayoffs.news\/fr\/#\/schema\/person\/b6b04a451dab03a5ab75cec8912e8942","name":"Arthur Berlemont","image":{"@type":"ImageObject","inLanguage":"fr-FR","@id":"https:\/\/theplayoffs.news\/fr\/#\/schema\/person\/image\/","url":"https:\/\/secure.gravatar.com\/avatar\/19ddab1d62ab0a19b186b86cee130432b120dd6f085625a6a6757dd1aa90a5f3?s=96&d=mm&r=g","contentUrl":"https:\/\/secure.gravatar.com\/avatar\/19ddab1d62ab0a19b186b86cee130432b120dd6f085625a6a6757dd1aa90a5f3?s=96&d=mm&r=g","caption":"Arthur Berlemont"},"description":"Etudiant passionn\u00e9 de sport, avant tout m\u00e9caniques, j\\'ai d\u00e9couvert les sports US il y a quelques ann\u00e9es. J\\'ai tout de suite accroch\u00e9 pour la ville de Cincinnati et ses franchises de NFL et MLB. Aujourd\\'hui, je suis l\u00e0 par passion dans la r\u00e9daction d\\'articles sur divers sports que j\\'affectionne.","url":"https:\/\/theplayoffs.news\/fr\/author\/arthur-berlemontgmail-com\/"}]}},"_links":{"self":[{"href":"https:\/\/theplayoffs.news\/fr\/wp-json\/wp\/v2\/posts\/1506010","targetHints":{"allow":["GET"]}}],"collection":[{"href":"https:\/\/theplayoffs.news\/fr\/wp-json\/wp\/v2\/posts"}],"about":[{"href":"https:\/\/theplayoffs.news\/fr\/wp-json\/wp\/v2\/types\/post"}],"author":[{"embeddable":true,"href":"https:\/\/theplayoffs.news\/fr\/wp-json\/wp\/v2\/users\/180310178"}],"replies":[{"embeddable":true,"href":"https:\/\/theplayoffs.news\/fr\/wp-json\/wp\/v2\/comments?post=1506010"}],"version-history":[{"count":1,"href":"https:\/\/theplayoffs.news\/fr\/wp-json\/wp\/v2\/posts\/1506010\/revisions"}],"predecessor-version":[{"id":1506012,"href":"https:\/\/theplayoffs.news\/fr\/wp-json\/wp\/v2\/posts\/1506010\/revisions\/1506012"}],"wp:featuredmedia":[{"embeddable":true,"href":"https:\/\/theplayoffs.news\/fr\/wp-json\/wp\/v2\/media\/1506011"}],"wp:attachment":[{"href":"https:\/\/theplayoffs.news\/fr\/wp-json\/wp\/v2\/media?parent=1506010"}],"wp:term":[{"taxonomy":"category","embeddable":true,"href":"https:\/\/theplayoffs.news\/fr\/wp-json\/wp\/v2\/categories?post=1506010"},{"taxonomy":"post_tag","embeddable":true,"href":"https:\/\/theplayoffs.news\/fr\/wp-json\/wp\/v2\/tags?post=1506010"},{"taxonomy":"sport","embeddable":true,"href":"https:\/\/theplayoffs.news\/fr\/wp-json\/wp\/v2\/sport?post=1506010"},{"taxonomy":"saison","embeddable":true,"href":"https:\/\/theplayoffs.news\/fr\/wp-json\/wp\/v2\/saison?post=1506010"}],"curies":[{"name":"wp","href":"https:\/\/api.w.org\/{rel}","templated":true}]}}