{"id":1505994,"date":"2025-10-27T18:01:07","date_gmt":"2025-10-27T17:01:07","guid":{"rendered":"https:\/\/theplayoffs.news\/fr\/uncategorized\/\/"},"modified":"2025-10-27T18:04:20","modified_gmt":"2025-10-27T17:04:20","slug":"les-mavs-vont-retirer-le-maillot-de-mark-aguirre","status":"publish","type":"post","link":"https:\/\/theplayoffs.news\/fr\/actualite-nba\/les-mavs-vont-retirer-le-maillot-de-mark-aguirre\/","title":{"rendered":"Les Mavs vont retirer le maillot de Mark Aguirre !"},"content":{"rendered":"<p>Un nouveau &laquo;&nbsp;jersey&nbsp;&raquo; va bient&ocirc;t tr&ocirc;ner au plafond de l&rsquo;American Airlines Center ! Les <a href=\"https:\/\/theplayoffs.news\/fr\/sports\/dallas-mavericks\/\" target=\"_blank\" rel=\"noreferrer noopener\" class=\"trk-cta-link\" data-cta-trk='{\"ctaType\":\"Link\",\"ctaSubType\":\"main\"}'>Dallas Mavericks<\/a> ont annonc&eacute; ce lundi apr&egrave;s-midi que le num&eacute;ro 24, port&eacute; par Mark Aguirre, allait &ecirc;tre retir&eacute; le 29 janvier prochain, avant le match face aux <a href=\"https:\/\/theplayoffs.news\/fr\/sports\/charlotte-hornets\/\" target=\"_blank\" rel=\"noreferrer noopener\" class=\"trk-cta-link\" data-cta-trk='{\"ctaType\":\"Link\",\"ctaSubType\":\"main\"}'>Charlotte Hornets<\/a>. <\/p><figure class=\"wp-block-embed is-type-rich is-provider-twitter wp-block-embed-twitter\"><div class=\"wp-block-embed__wrapper\">\n<blockquote class=\"twitter-tweet\" data-width=\"500\" data-dnt=\"true\"><p lang=\"en\" dir=\"ltr\">January 29, 2026 &#129312;<br> <br>Join us as we raise #24 to the rafters and honor Mark Aguirre &mdash; the 1981 No. 1 overall pick who helped build the foundation of Mavericks basketball. Forever a Maverick &#128154;<a href=\"https:\/\/twitter.com\/hashtag\/MFFL?src=hash&amp;ref_src=twsrc%5Etfw\" class=\"trk-cta-link\" data-cta-trk='{\"ctaType\":\"Link\",\"ctaSubType\":\"main\"}'>#MFFL<\/a> <a href=\"https:\/\/t.co\/veD9sDPVIb\" class=\"trk-cta-link\" data-cta-trk='{\"ctaType\":\"Link\",\"ctaSubType\":\"main\"}'>pic.twitter.com\/veD9sDPVIb<\/a><\/p>&mdash; Dallas Mavericks (@dallasmavs) <a href=\"https:\/\/twitter.com\/dallasmavs\/status\/1982824937074081925?ref_src=twsrc%5Etfw\" class=\"trk-cta-link\" data-cta-trk='{\"ctaType\":\"Link\",\"ctaSubType\":\"main\"}'>October 27, 2025<\/a><\/blockquote><script async src=\"https:\/\/platform.twitter.com\/widgets.js\" charset=\"utf-8\"><\/script>\n<\/div><\/figure><p>Premier choix de la Draft 1981 apr&egrave;s un parcours universitaire remarqu&eacute; &agrave; DePaul, il passera 7 saisons dans le Texas, durant lesquelles il d&eacute;crochera 3 s&eacute;lections All-Star. Avec lui, mais aussi <strong>Rolando Blackman<\/strong> et <strong>Derek Harper<\/strong>, les Mavs atteindront la finale de conf&eacute;rence en 1988, perdue en sept matchs face aux Lakers, en route pour un dernier sacre sous l&rsquo;&egrave;re &laquo;&nbsp;Showtime&nbsp;&raquo;.<\/p><p>L&rsquo;ann&eacute;e suivante, il est &eacute;chang&eacute; &agrave; Detroit contre un autre gros scoreur de l&rsquo;&eacute;poque : <strong>Adrian Dantley<\/strong>. Aguirre trouve vite sa place chez les Pistons, o&ugrave; son physique et ses qualit&eacute;s de scoreur sont tr&egrave;s appr&eacute;ci&eacute;es au sein de cette &eacute;quipe de Bad Boys. <\/p><p>Il remporte le Back-to-back en 1989 et 1990 puis assiste au d&eacute;clin de la franchise du Michigan. Il fera une derni&egrave;re pige aux Clippers en 1993 avant de raccrocher les sneakers. <\/p><h2 class=\"wp-block-heading\">L&eacute;gende des Mavericks<\/h2><p>En 7 ans &agrave; Dallas, Aguirre a compil&eacute; 24.6 points de moyenne. Il est toujours le troisi&egrave;me meilleur scoreur de l&rsquo;histoire de la franchise, avec 13 930 points au compteur. Seuls son co&eacute;quipier <strong>Rolando Blackman<\/strong> et l&rsquo;inatteignable <strong>Dirk Nowitzki<\/strong> ont fait mieux.<\/p><figure class=\"wp-block-embed is-type-rich is-provider-twitter wp-block-embed-twitter\"><div class=\"wp-block-embed__wrapper\">\n<blockquote class=\"twitter-tweet\" data-width=\"500\" data-dnt=\"true\"><p lang=\"en\" dir=\"ltr\">The last time the Mavs picked #1 overall&hellip;<br><br>They landed 3-time All-Star Mark Aguirre! <a href=\"https:\/\/t.co\/z5L7KQOMny\" class=\"trk-cta-link\" data-cta-trk='{\"ctaType\":\"Link\",\"ctaSubType\":\"main\"}'>pic.twitter.com\/z5L7KQOMny<\/a><\/p>&mdash; NBA History (@NBAHistory) <a href=\"https:\/\/twitter.com\/NBAHistory\/status\/1937615399165804589?ref_src=twsrc%5Etfw\" class=\"trk-cta-link\" data-cta-trk='{\"ctaType\":\"Link\",\"ctaSubType\":\"main\"}'>June 24, 2025<\/a><\/blockquote><script async src=\"https:\/\/platform.twitter.com\/widgets.js\" charset=\"utf-8\"><\/script>\n<\/div><\/figure><p>Il deviendra le cinqui&egrave;me joueur de la franchise texane &agrave; voir son maillot accroch&eacute; au plafond, apr&egrave;s Rolando Blackman et Dirk Nowitzki, mais aussi <strong>Derek Harper<\/strong> et <strong>Brad Davis<\/strong>. Petit d&eacute;tail cocasse, l&rsquo;ailier sera le deuxi&egrave;me num&eacute;ro 24 &agrave; &ecirc;tre plafonn&eacute; &agrave; Dallas. En effet, la franchise texane avait retir&eacute; le num&eacute;ro de <strong>Kobe Bryant<\/strong> au moment de sa mort, en janvier 2020.<\/p><p>Outre le Mamba, le jersey de <strong>Bill Russell<\/strong> (6) est &eacute;galement retir&eacute; &agrave; Dallas, comme dans toutes les franchises NBA depuis sa mort en 2022. <\/p><p>Les statistiques en carri&egrave;re de Mark Aguirre : 20 points \/ 5 rebonds \/ 3.1 passes d&eacute;cisives en 923 matchs jou&eacute;s.<\/p><p>Cr&eacute;dit : &copy; Manny Rubio-Imagn Images<\/p>\n","protected":false},"excerpt":{"rendered":"","protected":false},"author":180310274,"featured_media":1506005,"comment_status":"closed","ping_status":"closed","sticky":false,"template":"","format":"standard","meta":{"inline_featured_image":false,"kia_subtitle":"","_mux_skip_reasons":[],"proofreadBy":0,"footnotes":""},"categories":[110,8414,10],"tags":[9290,9287,9291,878,595,9293,470,382,9288,9289,117,9286,8146,1520,9292],"sport":[],"saison":[],"class_list":["post-1505994","post","type-post","status-publish","format-standard","has-post-thumbnail","hentry","category-actualite-nba","category-basketball-sports","category-nba","tag-9290","tag-aguirre","tag-bad-boys","tag-dallas","tag-dallas-mavericks","tag-derek-harper","tag-detroit-pistons","tag-jersey","tag-jersey-retirement","tag-legend","tag-los-angeles-lakers","tag-mark-aguirre","tag-mavericks-2","tag-mavs","tag-rolando-blackman"],"acf":[],"yoast_head":"<!-- This site is optimized with the Yoast SEO plugin v24.2 - https:\/\/yoast.com\/wordpress\/plugins\/seo\/ -->\n<title>Les Mavs vont retirer le maillot de Mark Aguirre ! - The Playoffs FR<\/title>\n<meta name=\"description\" content=\"Les Dallas Mavericks ont annonc&eacute; que le num&eacute;ro 24 de Mark Aguirre, va &ecirc;tre retir&eacute; le 29 janvier prochain, avant un match face aux Hornets.\" \/>\n<meta name=\"robots\" content=\"index, follow, max-snippet:-1, max-image-preview:large, max-video-preview:-1\" \/>\n<link rel=\"canonical\" href=\"https:\/\/theplayoffs.news\/fr\/actualite-nba\/les-mavs-vont-retirer-le-maillot-de-mark-aguirre\/\" \/>\n<meta property=\"og:locale\" content=\"fr_FR\" \/>\n<meta property=\"og:type\" content=\"article\" \/>\n<meta property=\"og:title\" content=\"Les Mavs vont retirer le maillot de Mark Aguirre ! - The Playoffs FR\" \/>\n<meta property=\"og:description\" content=\"Les Dallas Mavericks ont annonc&eacute; que le num&eacute;ro 24 de Mark Aguirre, va &ecirc;tre retir&eacute; le 29 janvier prochain, avant un match face aux Hornets.\" \/>\n<meta property=\"og:url\" content=\"https:\/\/theplayoffs.news\/fr\/actualite-nba\/les-mavs-vont-retirer-le-maillot-de-mark-aguirre\/\" \/>\n<meta property=\"og:site_name\" content=\"The Playoffs FR\" \/>\n<meta property=\"article:publisher\" content=\"https:\/\/www.facebook.com\/TheFreeAgentFR\/\" \/>\n<meta property=\"article:modified_time\" content=\"2025-10-27T18:04:20+01:00\" \/>\n<meta property=\"og:image\" content=\"https:\/\/theplayoffs.news\/fr\/wp-content\/uploads\/2025\/10\/USATSI_5067652_168419921_lowres-1.jpg\" \/>\n\t<meta property=\"og:image:width\" content=\"1350\" \/>\n\t<meta property=\"og:image:height\" content=\"1042\" \/>\n\t<meta property=\"og:image:type\" content=\"image\/jpeg\" \/>\n<meta name=\"author\" content=\"Alvin Tourdes\" \/>\n<meta name=\"twitter:card\" content=\"summary_large_image\" \/>\n<meta name=\"twitter:creator\" content=\"@TheFreeAgentFR\" \/>\n<meta name=\"twitter:site\" content=\"@TheFreeAgentFR\" \/>\n<meta name=\"twitter:label1\" content=\"\u00c9crit par\" \/>\n\t<meta name=\"twitter:data1\" content=\"Alvin Tourdes\" \/>\n\t<meta name=\"twitter:label2\" content=\"Dur\u00e9e de lecture estim\u00e9e\" \/>\n\t<meta name=\"twitter:data2\" content=\"2 minutes\" \/>\n<script type=\"application\/ld+json\" class=\"yoast-schema-graph\">{\"@context\":\"https:\/\/schema.org\",\"@graph\":[{\"@type\":\"WebPage\",\"@id\":\"https:\/\/theplayoffs.news\/fr\/actualite-nba\/les-mavs-vont-retirer-le-maillot-de-mark-aguirre\/\",\"url\":\"https:\/\/theplayoffs.news\/fr\/actualite-nba\/les-mavs-vont-retirer-le-maillot-de-mark-aguirre\/\",\"name\":\"Les Mavs vont retirer le maillot de Mark Aguirre ! - The Playoffs FR\",\"isPartOf\":{\"@id\":\"https:\/\/theplayoffs.news\/fr\/#website\"},\"primaryImageOfPage\":{\"@id\":\"https:\/\/theplayoffs.news\/fr\/actualite-nba\/les-mavs-vont-retirer-le-maillot-de-mark-aguirre\/#primaryimage\"},\"image\":{\"@id\":\"https:\/\/theplayoffs.news\/fr\/actualite-nba\/les-mavs-vont-retirer-le-maillot-de-mark-aguirre\/#primaryimage\"},\"thumbnailUrl\":\"https:\/\/theplayoffs.news\/fr\/wp-content\/uploads\/2025\/10\/USATSI_5067652_168419921_lowres-1.jpg\",\"datePublished\":\"2025-10-27T17:01:07+00:00\",\"dateModified\":\"2025-10-27T17:04:20+00:00\",\"author\":{\"@id\":\"https:\/\/theplayoffs.news\/fr\/#\/schema\/person\/60ebe784567388a1a222e0c302c1c514\"},\"description\":\"Les Dallas Mavericks ont annonc\u00e9 que le num\u00e9ro 24 de Mark Aguirre, va \u00eatre retir\u00e9 le 29 janvier prochain, avant un match face aux Hornets.\",\"breadcrumb\":{\"@id\":\"https:\/\/theplayoffs.news\/fr\/actualite-nba\/les-mavs-vont-retirer-le-maillot-de-mark-aguirre\/#breadcrumb\"},\"inLanguage\":\"fr-FR\",\"potentialAction\":[{\"@type\":\"ReadAction\",\"target\":[\"https:\/\/theplayoffs.news\/fr\/actualite-nba\/les-mavs-vont-retirer-le-maillot-de-mark-aguirre\/\"]}]},{\"@type\":\"ImageObject\",\"inLanguage\":\"fr-FR\",\"@id\":\"https:\/\/theplayoffs.news\/fr\/actualite-nba\/les-mavs-vont-retirer-le-maillot-de-mark-aguirre\/#primaryimage\",\"url\":\"https:\/\/theplayoffs.news\/fr\/wp-content\/uploads\/2025\/10\/USATSI_5067652_168419921_lowres-1.jpg\",\"contentUrl\":\"https:\/\/theplayoffs.news\/fr\/wp-content\/uploads\/2025\/10\/USATSI_5067652_168419921_lowres-1.jpg\",\"width\":1350,\"height\":1042,\"caption\":\"Unknown date; Dallas, TX, USA; FILE PHOTO; Dallas Mavericks forward Mark Aguirre (24) in action against the Phoenix Suns at Reunion Arena. Mandatory Credit: Manny Rubio-USA TODAY Sports\"},{\"@type\":\"BreadcrumbList\",\"@id\":\"https:\/\/theplayoffs.news\/fr\/actualite-nba\/les-mavs-vont-retirer-le-maillot-de-mark-aguirre\/#breadcrumb\",\"itemListElement\":[{\"@type\":\"ListItem\",\"position\":1,\"name\":\"Accueil\",\"item\":\"https:\/\/theplayoffs.news\/fr\/\"},{\"@type\":\"ListItem\",\"position\":2,\"name\":\"Les Mavs vont retirer le maillot de Mark Aguirre !\"}]},{\"@type\":\"WebSite\",\"@id\":\"https:\/\/theplayoffs.news\/fr\/#website\",\"url\":\"https:\/\/theplayoffs.news\/fr\/\",\"name\":\"The Playoffs FR\",\"description\":\"NBA-NFL-NHL-MLB\",\"potentialAction\":[{\"@type\":\"SearchAction\",\"target\":{\"@type\":\"EntryPoint\",\"urlTemplate\":\"https:\/\/theplayoffs.news\/fr\/?s={search_term_string}\"},\"query-input\":{\"@type\":\"PropertyValueSpecification\",\"valueRequired\":true,\"valueName\":\"search_term_string\"}}],\"inLanguage\":\"fr-FR\"},{\"@type\":\"Person\",\"@id\":\"https:\/\/theplayoffs.news\/fr\/#\/schema\/person\/60ebe784567388a1a222e0c302c1c514\",\"name\":\"Alvin Tourdes\",\"image\":{\"@type\":\"ImageObject\",\"inLanguage\":\"fr-FR\",\"@id\":\"https:\/\/theplayoffs.news\/fr\/#\/schema\/person\/image\/\",\"url\":\"https:\/\/secure.gravatar.com\/avatar\/5e85bdfb29cd7e652130a9539636b182dff1b3578a259497a7a37e3944f4fe0a?s=96&d=mm&r=g\",\"contentUrl\":\"https:\/\/secure.gravatar.com\/avatar\/5e85bdfb29cd7e652130a9539636b182dff1b3578a259497a7a37e3944f4fe0a?s=96&d=mm&r=g\",\"caption\":\"Alvin Tourdes\"},\"url\":\"https:\/\/theplayoffs.news\/fr\/author\/alvin\/\"}]}<\/script>\n<!-- \/ Yoast SEO plugin. -->","yoast_head_json":{"title":"Les Mavs vont retirer le maillot de Mark Aguirre ! - The Playoffs FR","description":"Les Dallas Mavericks ont annonc&eacute; que le num&eacute;ro 24 de Mark Aguirre, va &ecirc;tre retir&eacute; le 29 janvier prochain, avant un match face aux Hornets.","robots":{"index":"index","follow":"follow","max-snippet":"max-snippet:-1","max-image-preview":"max-image-preview:large","max-video-preview":"max-video-preview:-1"},"canonical":"https:\/\/theplayoffs.news\/fr\/actualite-nba\/les-mavs-vont-retirer-le-maillot-de-mark-aguirre\/","og_locale":"fr_FR","og_type":"article","og_title":"Les Mavs vont retirer le maillot de Mark Aguirre ! - The Playoffs FR","og_description":"Les Dallas Mavericks ont annonc&eacute; que le num&eacute;ro 24 de Mark Aguirre, va &ecirc;tre retir&eacute; le 29 janvier prochain, avant un match face aux Hornets.","og_url":"https:\/\/theplayoffs.news\/fr\/actualite-nba\/les-mavs-vont-retirer-le-maillot-de-mark-aguirre\/","og_site_name":"The Playoffs FR","article_publisher":"https:\/\/www.facebook.com\/TheFreeAgentFR\/","article_modified_time":"2025-10-27T17:04:20+00:00","og_image":[{"width":1350,"height":1042,"url":"https:\/\/theplayoffs.news\/fr\/wp-content\/uploads\/2025\/10\/USATSI_5067652_168419921_lowres-1.jpg","type":"image\/jpeg"}],"author":"Alvin Tourdes","twitter_card":"summary_large_image","twitter_creator":"@TheFreeAgentFR","twitter_site":"@TheFreeAgentFR","twitter_misc":{"\u00c9crit par":"Alvin Tourdes","Dur\u00e9e de lecture estim\u00e9e":"2 minutes"},"schema":{"@context":"https:\/\/schema.org","@graph":[{"@type":"WebPage","@id":"https:\/\/theplayoffs.news\/fr\/actualite-nba\/les-mavs-vont-retirer-le-maillot-de-mark-aguirre\/","url":"https:\/\/theplayoffs.news\/fr\/actualite-nba\/les-mavs-vont-retirer-le-maillot-de-mark-aguirre\/","name":"Les Mavs vont retirer le maillot de Mark Aguirre ! - The Playoffs FR","isPartOf":{"@id":"https:\/\/theplayoffs.news\/fr\/#website"},"primaryImageOfPage":{"@id":"https:\/\/theplayoffs.news\/fr\/actualite-nba\/les-mavs-vont-retirer-le-maillot-de-mark-aguirre\/#primaryimage"},"image":{"@id":"https:\/\/theplayoffs.news\/fr\/actualite-nba\/les-mavs-vont-retirer-le-maillot-de-mark-aguirre\/#primaryimage"},"thumbnailUrl":"https:\/\/theplayoffs.news\/fr\/wp-content\/uploads\/2025\/10\/USATSI_5067652_168419921_lowres-1.jpg","datePublished":"2025-10-27T17:01:07+00:00","dateModified":"2025-10-27T17:04:20+00:00","author":{"@id":"https:\/\/theplayoffs.news\/fr\/#\/schema\/person\/60ebe784567388a1a222e0c302c1c514"},"description":"Les Dallas Mavericks ont annonc\u00e9 que le num\u00e9ro 24 de Mark Aguirre, va \u00eatre retir\u00e9 le 29 janvier prochain, avant un match face aux Hornets.","breadcrumb":{"@id":"https:\/\/theplayoffs.news\/fr\/actualite-nba\/les-mavs-vont-retirer-le-maillot-de-mark-aguirre\/#breadcrumb"},"inLanguage":"fr-FR","potentialAction":[{"@type":"ReadAction","target":["https:\/\/theplayoffs.news\/fr\/actualite-nba\/les-mavs-vont-retirer-le-maillot-de-mark-aguirre\/"]}]},{"@type":"ImageObject","inLanguage":"fr-FR","@id":"https:\/\/theplayoffs.news\/fr\/actualite-nba\/les-mavs-vont-retirer-le-maillot-de-mark-aguirre\/#primaryimage","url":"https:\/\/theplayoffs.news\/fr\/wp-content\/uploads\/2025\/10\/USATSI_5067652_168419921_lowres-1.jpg","contentUrl":"https:\/\/theplayoffs.news\/fr\/wp-content\/uploads\/2025\/10\/USATSI_5067652_168419921_lowres-1.jpg","width":1350,"height":1042,"caption":"Unknown date; Dallas, TX, USA; FILE PHOTO; Dallas Mavericks forward Mark Aguirre (24) in action against the Phoenix Suns at Reunion Arena. Mandatory Credit: Manny Rubio-USA TODAY Sports"},{"@type":"BreadcrumbList","@id":"https:\/\/theplayoffs.news\/fr\/actualite-nba\/les-mavs-vont-retirer-le-maillot-de-mark-aguirre\/#breadcrumb","itemListElement":[{"@type":"ListItem","position":1,"name":"Accueil","item":"https:\/\/theplayoffs.news\/fr\/"},{"@type":"ListItem","position":2,"name":"Les Mavs vont retirer le maillot de Mark Aguirre !"}]},{"@type":"WebSite","@id":"https:\/\/theplayoffs.news\/fr\/#website","url":"https:\/\/theplayoffs.news\/fr\/","name":"The Playoffs FR","description":"NBA-NFL-NHL-MLB","potentialAction":[{"@type":"SearchAction","target":{"@type":"EntryPoint","urlTemplate":"https:\/\/theplayoffs.news\/fr\/?s={search_term_string}"},"query-input":{"@type":"PropertyValueSpecification","valueRequired":true,"valueName":"search_term_string"}}],"inLanguage":"fr-FR"},{"@type":"Person","@id":"https:\/\/theplayoffs.news\/fr\/#\/schema\/person\/60ebe784567388a1a222e0c302c1c514","name":"Alvin Tourdes","image":{"@type":"ImageObject","inLanguage":"fr-FR","@id":"https:\/\/theplayoffs.news\/fr\/#\/schema\/person\/image\/","url":"https:\/\/secure.gravatar.com\/avatar\/5e85bdfb29cd7e652130a9539636b182dff1b3578a259497a7a37e3944f4fe0a?s=96&d=mm&r=g","contentUrl":"https:\/\/secure.gravatar.com\/avatar\/5e85bdfb29cd7e652130a9539636b182dff1b3578a259497a7a37e3944f4fe0a?s=96&d=mm&r=g","caption":"Alvin Tourdes"},"url":"https:\/\/theplayoffs.news\/fr\/author\/alvin\/"}]}},"_links":{"self":[{"href":"https:\/\/theplayoffs.news\/fr\/wp-json\/wp\/v2\/posts\/1505994","targetHints":{"allow":["GET"]}}],"collection":[{"href":"https:\/\/theplayoffs.news\/fr\/wp-json\/wp\/v2\/posts"}],"about":[{"href":"https:\/\/theplayoffs.news\/fr\/wp-json\/wp\/v2\/types\/post"}],"author":[{"embeddable":true,"href":"https:\/\/theplayoffs.news\/fr\/wp-json\/wp\/v2\/users\/180310274"}],"replies":[{"embeddable":true,"href":"https:\/\/theplayoffs.news\/fr\/wp-json\/wp\/v2\/comments?post=1505994"}],"version-history":[{"count":4,"href":"https:\/\/theplayoffs.news\/fr\/wp-json\/wp\/v2\/posts\/1505994\/revisions"}],"predecessor-version":[{"id":1506009,"href":"https:\/\/theplayoffs.news\/fr\/wp-json\/wp\/v2\/posts\/1505994\/revisions\/1506009"}],"wp:featuredmedia":[{"embeddable":true,"href":"https:\/\/theplayoffs.news\/fr\/wp-json\/wp\/v2\/media\/1506005"}],"wp:attachment":[{"href":"https:\/\/theplayoffs.news\/fr\/wp-json\/wp\/v2\/media?parent=1505994"}],"wp:term":[{"taxonomy":"category","embeddable":true,"href":"https:\/\/theplayoffs.news\/fr\/wp-json\/wp\/v2\/categories?post=1505994"},{"taxonomy":"post_tag","embeddable":true,"href":"https:\/\/theplayoffs.news\/fr\/wp-json\/wp\/v2\/tags?post=1505994"},{"taxonomy":"sport","embeddable":true,"href":"https:\/\/theplayoffs.news\/fr\/wp-json\/wp\/v2\/sport?post=1505994"},{"taxonomy":"saison","embeddable":true,"href":"https:\/\/theplayoffs.news\/fr\/wp-json\/wp\/v2\/saison?post=1505994"}],"curies":[{"name":"wp","href":"https:\/\/api.w.org\/{rel}","templated":true}]}}