{"id":1505957,"date":"2025-10-27T11:49:05","date_gmt":"2025-10-27T10:49:05","guid":{"rendered":"https:\/\/theplayoffs.news\/fr\/uncategorized\/\/"},"modified":"2025-10-27T11:49:12","modified_gmt":"2025-10-27T10:49:12","slug":"cowboys-jerry-jones-nest-pas-content-du-tout-du-debut-de-saison-de-dallas","status":"publish","type":"post","link":"https:\/\/theplayoffs.news\/fr\/actualite-nfl\/cowboys-jerry-jones-nest-pas-content-du-tout-du-debut-de-saison-de-dallas\/","title":{"rendered":"Cowboys: Jerry Jones n&rsquo;est \u00ab\u00a0pas content du tout\u00a0\u00bb du d\u00e9but de saison de Dallas"},"content":{"rendered":"<p>La frustration monte &agrave; Dallas! Apr&egrave;s <a href=\"https:\/\/theplayoffs.news\/fr\/actualite-nfl\/broncos-cowboys-les-chevaux-renversent-les-cowboys\/\" class=\"trk-cta-link\" data-cta-trk='{\"ctaType\":\"Link\",\"ctaSubType\":\"main\"}'>la d&eacute;faite face aux Denver Broncos<\/a>, le propri&eacute;taire des Cowboys, Jerry Jones, n&rsquo;a pas cach&eacute; son m&eacute;contentement quant au rendement de son &eacute;quipe, d&eacute;sormais bloqu&eacute;e &agrave; trois victoires pour quatre d&eacute;faites et un nul apr&egrave;s huit semaines de comp&eacute;tition.<\/p><blockquote class=\"wp-block-quote is-layout-flow wp-block-quote-is-layout-flow\">\n<p>&laquo; Je ne suis pas du tout satisfait de n&rsquo;avoir gagn&eacute; que trois matchs. Je ne suis pas content du tout &raquo; <a href=\"https:\/\/www.nbcsports.com\/nfl\/profootballtalk\/rumor-mill\/news\/jerry-jones-not-happy-with-cowboys-record-will-consider-trades-to-make-team-better\" class=\"trk-cta-link\" data-cta-trk='{\"ctaType\":\"Link\",\"ctaSubType\":\"main\"}'>a d&eacute;clar&eacute; Jones &agrave; la presse apr&egrave;s la rencontre<\/a>. &laquo; Peut-on mieux jouer ? Bien s&ucirc;r que oui. &raquo;<\/p>\n<\/blockquote><h2 class=\"wp-block-heading\">Un effectif des Cowboys ajust&eacute; &agrave; la trade deadline?<\/h2><p>Le milliardaire texan, connu pour son exigence et son impatience, a laiss&eacute; entendre qu&rsquo;il n&rsquo;excluait aucun ajustement dans l&rsquo;effectif si cela pouvait relancer la dynamique. Les Cowboys disposent en effet de plusieurs atouts pour n&eacute;gocier des &eacute;changes, notamment leurs propres choix de draft et les deux premiers tours r&eacute;cup&eacute;r&eacute;s aupr&egrave;s des Green Bay Packers dans le cadre du transfert de Micah Parsons.<\/p><blockquote class=\"wp-block-quote is-layout-flow wp-block-quote-is-layout-flow\">\n<p>&laquo; Si une opportunit&eacute; se pr&eacute;sente pour am&eacute;liorer cette &eacute;quipe, je l&rsquo;&eacute;tudierai, peu importe le r&eacute;sultat d&rsquo;aujourd&rsquo;hui &raquo; a ajout&eacute; Jones. &laquo; Qu&rsquo;il s&rsquo;agisse d&rsquo;obtenir un joueur ou d&rsquo;en &eacute;changer un, je prendrai la d&eacute;cision uniquement sur la base de ce qui sert le mieux l&rsquo;&eacute;quipe, &agrave; court et &agrave; long terme Pour le moment, aucun mouvement n&rsquo;est pr&eacute;vu mais on ne sait jamais. &raquo;<\/p>\n<\/blockquote><div class=\"related-slider related-slider--loading\">\n    <div class=\"related-slider__header\">\n        <div class=\"related-slider__header__title\">Ce que vous devriez lire ensuite &#128071;&#127995;<\/div>\n        <div class=\"related-slider__header__buttons\">\n            <div class=\"swiper-button-prev\"><\/div>\n            <div class=\"swiper-button-next\"><\/div>\n        <\/div>\n    <\/div>\n    <div class=\"swiper-container\">\n        <div class=\"swiper-wrapper\">\n                            <div class=\"swiper-slide\">\n                    <a class=\"related-slider-card  trk-cta-img\" href=\"https:\/\/theplayoffs.news\/fr\/actualite-nfl\/arizona-cardinals-cotes-projection-2026\/\" title=\"Arizona Cardinals: Calendrier, cotes, draft et pr&eacute;dictions\" data-cta-trk='{\"ctaType\":\"Image\",\"ctaSubType\":\"main\"}'>\n    <div class=\"related-slider-card__image\">\n        <img loading=\"lazy\" decoding=\"async\" width=\"600\" height=\"413\" src=\"https:\/\/theplayoffs.news\/fr\/wp-content\/uploads\/2026\/02\/USATSI_27785998-1-600x413.jpg\" class=\"attachment-medium size-medium wp-post-image\" alt=\"Arizona Cardinals\" srcset=\"https:\/\/theplayoffs.news\/fr\/wp-content\/uploads\/2026\/02\/USATSI_27785998-1-600x413.jpg 600w, https:\/\/theplayoffs.news\/fr\/wp-content\/uploads\/2026\/02\/USATSI_27785998-1-1200x826.jpg 1200w, https:\/\/theplayoffs.news\/fr\/wp-content\/uploads\/2026\/02\/USATSI_27785998-1-768x528.jpg 768w, https:\/\/theplayoffs.news\/fr\/wp-content\/uploads\/2026\/02\/USATSI_27785998-1-1536x1057.jpg 1536w, https:\/\/theplayoffs.news\/fr\/wp-content\/uploads\/2026\/02\/USATSI_27785998-1-1320x908.jpg 1320w, https:\/\/theplayoffs.news\/fr\/wp-content\/uploads\/2026\/02\/USATSI_27785998-1.jpg 1920w\" sizes=\"auto, (max-width: 600px) 100vw, 600px\">\n                            <\/div>\n    <div class=\"related-slider-card__content\">\n        <div class=\"related-slider-card__content__tags\">\n                            <div class=\"related-slider-card__content__tags__category\">\n                    Actualit&eacute; NFL\n                <\/div>\n                        <div class=\"related-slider-card__content__tags__date\" data-dynamic-date=\"2026-02-25T10:28:26+01:00\">\n                25 f&eacute;vrier 2026\n            <\/div>\n        <\/div>\n        <div class=\"related-slider-card__content__title\">\n            Arizona Cardinals: Calendrier, cotes, draft et pr&eacute;dictions\n        <\/div>\n                    <div class=\"related-slider-card__content__read-more\">\n                Voir plus\n                <i>\n                    <svg width=\"17\" height=\"15\" viewbox=\"0 0 17 15\" fill=\"none\" xmlns=\"http:\/\/www.w3.org\/2000\/svg\">\n<path d=\"M1 6.5C0.447715 6.5 0 6.94772 0 7.5C0 8.05228 0.447715 8.5 1 8.5V6.5ZM16.7071 8.20711C17.0976 7.81658 17.0976 7.18342 16.7071 6.79289L10.3431 0.428932C9.95262 0.0384078 9.31946 0.0384078 8.92893 0.428932C8.53841 0.819457 8.53841 1.45262 8.92893 1.84315L14.5858 7.5L8.92893 13.1569C8.53841 13.5474 8.53841 14.1805 8.92893 14.5711C9.31946 14.9616 9.95262 14.9616 10.3431 14.5711L16.7071 8.20711ZM1 7.5V8.5H8.5V7.5V6.5H1V7.5ZM8.5 7.5V8.5H16V7.5V6.5H8.5V7.5Z\" fill=\"white\"><\/path>\n<\/svg>\n\n                <\/i>\n            <\/div>\n            <\/div>\n<\/a>\n\n                <\/div>\n                            <div class=\"swiper-slide\">\n                    <a class=\"related-slider-card  trk-cta-img\" href=\"https:\/\/theplayoffs.news\/fr\/actualite-nfl\/new-york-jets-projection-cotes-2026\/\" title=\"New York Jets 2026: Calendrier, cotes, draft et pr&eacute;dictions\" data-cta-trk='{\"ctaType\":\"Image\",\"ctaSubType\":\"main\"}'>\n    <div class=\"related-slider-card__image\">\n        <img loading=\"lazy\" decoding=\"async\" width=\"600\" height=\"400\" src=\"https:\/\/theplayoffs.news\/fr\/wp-content\/uploads\/2026\/02\/USATSI_27864144-600x400.jpg\" class=\"attachment-medium size-medium wp-post-image\" alt=\"New York Jets\" srcset=\"https:\/\/theplayoffs.news\/fr\/wp-content\/uploads\/2026\/02\/USATSI_27864144-600x400.jpg 600w, https:\/\/theplayoffs.news\/fr\/wp-content\/uploads\/2026\/02\/USATSI_27864144-1200x800.jpg 1200w, https:\/\/theplayoffs.news\/fr\/wp-content\/uploads\/2026\/02\/USATSI_27864144-768x512.jpg 768w, https:\/\/theplayoffs.news\/fr\/wp-content\/uploads\/2026\/02\/USATSI_27864144-1536x1024.jpg 1536w, https:\/\/theplayoffs.news\/fr\/wp-content\/uploads\/2026\/02\/USATSI_27864144-1320x880.jpg 1320w, https:\/\/theplayoffs.news\/fr\/wp-content\/uploads\/2026\/02\/USATSI_27864144.jpg 1920w\" sizes=\"auto, (max-width: 600px) 100vw, 600px\">\n                            <\/div>\n    <div class=\"related-slider-card__content\">\n        <div class=\"related-slider-card__content__tags\">\n                            <div class=\"related-slider-card__content__tags__category\">\n                    Actualit&eacute; NFL\n                <\/div>\n                        <div class=\"related-slider-card__content__tags__date\" data-dynamic-date=\"2026-02-24T14:39:24+01:00\">\n                24 f&eacute;vrier 2026\n            <\/div>\n        <\/div>\n        <div class=\"related-slider-card__content__title\">\n            New York Jets 2026: Calendrier, cotes, draft et pr&eacute;dictions\n        <\/div>\n                    <div class=\"related-slider-card__content__read-more\">\n                Voir plus\n                <i>\n                    <svg width=\"17\" height=\"15\" viewbox=\"0 0 17 15\" fill=\"none\" xmlns=\"http:\/\/www.w3.org\/2000\/svg\">\n<path d=\"M1 6.5C0.447715 6.5 0 6.94772 0 7.5C0 8.05228 0.447715 8.5 1 8.5V6.5ZM16.7071 8.20711C17.0976 7.81658 17.0976 7.18342 16.7071 6.79289L10.3431 0.428932C9.95262 0.0384078 9.31946 0.0384078 8.92893 0.428932C8.53841 0.819457 8.53841 1.45262 8.92893 1.84315L14.5858 7.5L8.92893 13.1569C8.53841 13.5474 8.53841 14.1805 8.92893 14.5711C9.31946 14.9616 9.95262 14.9616 10.3431 14.5711L16.7071 8.20711ZM1 7.5V8.5H8.5V7.5V6.5H1V7.5ZM8.5 7.5V8.5H16V7.5V6.5H8.5V7.5Z\" fill=\"white\"><\/path>\n<\/svg>\n\n                <\/i>\n            <\/div>\n            <\/div>\n<\/a>\n\n                <\/div>\n                            <div class=\"swiper-slide\">\n                    <a class=\"related-slider-card  trk-cta-img\" href=\"https:\/\/theplayoffs.news\/fr\/actualite-nfl\/las-vegas-raiders-cotes-predictions-calendrier-2026\/\" title=\"Las Vegas Raiders 2026: Calendrier, cotes, draft et pr&eacute;diction\" data-cta-trk='{\"ctaType\":\"Image\",\"ctaSubType\":\"main\"}'>\n    <div class=\"related-slider-card__image\">\n        <img loading=\"lazy\" decoding=\"async\" width=\"600\" height=\"408\" src=\"https:\/\/theplayoffs.news\/fr\/wp-content\/uploads\/2026\/02\/USATSI_26937930-600x408.jpg\" class=\"attachment-medium size-medium wp-post-image\" alt=\"Las Vegas Raiders\" srcset=\"https:\/\/theplayoffs.news\/fr\/wp-content\/uploads\/2026\/02\/USATSI_26937930-600x408.jpg 600w, https:\/\/theplayoffs.news\/fr\/wp-content\/uploads\/2026\/02\/USATSI_26937930-1200x817.jpg 1200w, https:\/\/theplayoffs.news\/fr\/wp-content\/uploads\/2026\/02\/USATSI_26937930-768x523.jpg 768w, https:\/\/theplayoffs.news\/fr\/wp-content\/uploads\/2026\/02\/USATSI_26937930-1536x1046.jpg 1536w, https:\/\/theplayoffs.news\/fr\/wp-content\/uploads\/2026\/02\/USATSI_26937930-1320x899.jpg 1320w, https:\/\/theplayoffs.news\/fr\/wp-content\/uploads\/2026\/02\/USATSI_26937930.jpg 1920w\" sizes=\"auto, (max-width: 600px) 100vw, 600px\">\n                            <\/div>\n    <div class=\"related-slider-card__content\">\n        <div class=\"related-slider-card__content__tags\">\n                            <div class=\"related-slider-card__content__tags__category\">\n                    Actualit&eacute; NFL\n                <\/div>\n                        <div class=\"related-slider-card__content__tags__date\" data-dynamic-date=\"2026-02-24T10:09:27+01:00\">\n                24 f&eacute;vrier 2026\n            <\/div>\n        <\/div>\n        <div class=\"related-slider-card__content__title\">\n            Las Vegas Raiders 2026: Calendrier, cotes, draft et pr&eacute;diction\n        <\/div>\n                    <div class=\"related-slider-card__content__read-more\">\n                Voir plus\n                <i>\n                    <svg width=\"17\" height=\"15\" viewbox=\"0 0 17 15\" fill=\"none\" xmlns=\"http:\/\/www.w3.org\/2000\/svg\">\n<path d=\"M1 6.5C0.447715 6.5 0 6.94772 0 7.5C0 8.05228 0.447715 8.5 1 8.5V6.5ZM16.7071 8.20711C17.0976 7.81658 17.0976 7.18342 16.7071 6.79289L10.3431 0.428932C9.95262 0.0384078 9.31946 0.0384078 8.92893 0.428932C8.53841 0.819457 8.53841 1.45262 8.92893 1.84315L14.5858 7.5L8.92893 13.1569C8.53841 13.5474 8.53841 14.1805 8.92893 14.5711C9.31946 14.9616 9.95262 14.9616 10.3431 14.5711L16.7071 8.20711ZM1 7.5V8.5H8.5V7.5V6.5H1V7.5ZM8.5 7.5V8.5H16V7.5V6.5H8.5V7.5Z\" fill=\"white\"><\/path>\n<\/svg>\n\n                <\/i>\n            <\/div>\n            <\/div>\n<\/a>\n\n                <\/div>\n                            <div class=\"swiper-slide\">\n                    <a class=\"related-slider-card  trk-cta-img\" href=\"https:\/\/theplayoffs.news\/fr\/actualite-nfl\/derek-carr-retour-nfl-2026-cotes\/\" title=\"Derek Carr: un retour sur les terrains en 2026?\" data-cta-trk='{\"ctaType\":\"Image\",\"ctaSubType\":\"main\"}'>\n    <div class=\"related-slider-card__image\">\n        <img loading=\"lazy\" decoding=\"async\" width=\"600\" height=\"400\" src=\"https:\/\/theplayoffs.news\/fr\/wp-content\/uploads\/2026\/02\/USATSI_24946629-600x400.jpg\" class=\"attachment-medium size-medium wp-post-image\" alt=\"Derek Carr\" srcset=\"https:\/\/theplayoffs.news\/fr\/wp-content\/uploads\/2026\/02\/USATSI_24946629-600x400.jpg 600w, https:\/\/theplayoffs.news\/fr\/wp-content\/uploads\/2026\/02\/USATSI_24946629-1200x800.jpg 1200w, https:\/\/theplayoffs.news\/fr\/wp-content\/uploads\/2026\/02\/USATSI_24946629-768x512.jpg 768w, https:\/\/theplayoffs.news\/fr\/wp-content\/uploads\/2026\/02\/USATSI_24946629-1536x1024.jpg 1536w, https:\/\/theplayoffs.news\/fr\/wp-content\/uploads\/2026\/02\/USATSI_24946629-1320x880.jpg 1320w, https:\/\/theplayoffs.news\/fr\/wp-content\/uploads\/2026\/02\/USATSI_24946629.jpg 1920w\" sizes=\"auto, (max-width: 600px) 100vw, 600px\">\n                            <\/div>\n    <div class=\"related-slider-card__content\">\n        <div class=\"related-slider-card__content__tags\">\n                            <div class=\"related-slider-card__content__tags__category\">\n                    Actualit&eacute; NFL\n                <\/div>\n                        <div class=\"related-slider-card__content__tags__date\" data-dynamic-date=\"2026-02-23T14:15:45+01:00\">\n                23 f&eacute;vrier 2026\n            <\/div>\n        <\/div>\n        <div class=\"related-slider-card__content__title\">\n            Derek Carr: un retour sur les terrains en 2026?\n        <\/div>\n                    <div class=\"related-slider-card__content__read-more\">\n                Voir plus\n                <i>\n                    <svg width=\"17\" height=\"15\" viewbox=\"0 0 17 15\" fill=\"none\" xmlns=\"http:\/\/www.w3.org\/2000\/svg\">\n<path d=\"M1 6.5C0.447715 6.5 0 6.94772 0 7.5C0 8.05228 0.447715 8.5 1 8.5V6.5ZM16.7071 8.20711C17.0976 7.81658 17.0976 7.18342 16.7071 6.79289L10.3431 0.428932C9.95262 0.0384078 9.31946 0.0384078 8.92893 0.428932C8.53841 0.819457 8.53841 1.45262 8.92893 1.84315L14.5858 7.5L8.92893 13.1569C8.53841 13.5474 8.53841 14.1805 8.92893 14.5711C9.31946 14.9616 9.95262 14.9616 10.3431 14.5711L16.7071 8.20711ZM1 7.5V8.5H8.5V7.5V6.5H1V7.5ZM8.5 7.5V8.5H16V7.5V6.5H8.5V7.5Z\" fill=\"white\"><\/path>\n<\/svg>\n\n                <\/i>\n            <\/div>\n            <\/div>\n<\/a>\n\n                <\/div>\n                    <\/div>\n    <\/div>\n<\/div><p>Alors que Dallas peine &agrave; trouver son rythme, la pression monte sur le staff et le vestiaire. Pour Jerry Jones, seul un sursaut rapide permettra de sauver une saison d&eacute;j&agrave; marqu&eacute;e par la d&eacute;ception et les doutes. Il est plus que jamais temps de trouver des solutions dans le Texas avant que les Cowboys ne s&rsquo;enlisent dans une nouvelle saison d&eacute;cevante.<\/p><p>Cr&eacute;dit photo: &copy; Robert Deutsch-Imagn Images<\/p>\n","protected":false},"excerpt":{"rendered":"<p>NFL &#8211; Le pr\u00e9sident des Dallas Cowboys a fait part de son m\u00e9contentement sur le d\u00e9but de saison de son \u00e9quipe<\/p>\n","protected":false},"author":180309964,"featured_media":1505959,"comment_status":"closed","ping_status":"closed","sticky":false,"template":"","format":"standard","meta":{"inline_featured_image":false,"kia_subtitle":"NFL - Le pr\u00e9sident des Dallas Cowboys a fait part de son m\u00e9contentement sur le d\u00e9but de saison de son \u00e9quipe","_mux_skip_reasons":[],"proofreadBy":0,"footnotes":""},"categories":[118,8410,40,8408],"tags":[619,5069],"sport":[2785],"saison":[7475],"class_list":["post-1505957","post","type-post","status-publish","format-standard","has-post-thumbnail","hentry","category-actualite-nfl","category-football-americain","category-nfl","category-sports","tag-dallas-cowboys","tag-jerry-jones","sport-nfl","saison-7475"],"acf":[],"yoast_head":"<!-- This site is optimized with the Yoast SEO plugin v24.2 - https:\/\/yoast.com\/wordpress\/plugins\/seo\/ -->\n<title>Cowboys: Jerry Jones n&#039;est &quot;pas content du tout&quot; du d&eacute;but de saison de Dallas - The Playoffs FR<\/title>\n<meta name=\"description\" content=\"Le propri&eacute;taire des Dallas Cowboys, Jerry Jones, a fait part de son grand m&eacute;contentement concernant le d&eacute;but de saison de son &eacute;quipe.\" \/>\n<meta name=\"robots\" content=\"index, follow, max-snippet:-1, max-image-preview:large, max-video-preview:-1\" \/>\n<link rel=\"canonical\" href=\"https:\/\/theplayoffs.news\/fr\/actualite-nfl\/cowboys-jerry-jones-nest-pas-content-du-tout-du-debut-de-saison-de-dallas\/\" \/>\n<meta property=\"og:locale\" content=\"fr_FR\" \/>\n<meta property=\"og:type\" content=\"article\" \/>\n<meta property=\"og:title\" content=\"Cowboys: Jerry Jones n&#039;est &quot;pas content du tout&quot; du d&eacute;but de saison de Dallas - The Playoffs FR\" \/>\n<meta property=\"og:description\" content=\"Le propri&eacute;taire des Dallas Cowboys, Jerry Jones, a fait part de son grand m&eacute;contentement concernant le d&eacute;but de saison de son &eacute;quipe.\" \/>\n<meta property=\"og:url\" content=\"https:\/\/theplayoffs.news\/fr\/actualite-nfl\/cowboys-jerry-jones-nest-pas-content-du-tout-du-debut-de-saison-de-dallas\/\" \/>\n<meta property=\"og:site_name\" content=\"The Playoffs FR\" \/>\n<meta property=\"article:publisher\" content=\"https:\/\/www.facebook.com\/TheFreeAgentFR\/\" \/>\n<meta property=\"article:modified_time\" content=\"2025-10-27T11:49:12+01:00\" \/>\n<meta property=\"og:image\" content=\"https:\/\/theplayoffs.news\/fr\/wp-content\/uploads\/2025\/10\/USATSI_27253652.jpg\" \/>\n\t<meta property=\"og:image:width\" content=\"1920\" \/>\n\t<meta property=\"og:image:height\" content=\"1280\" \/>\n\t<meta property=\"og:image:type\" content=\"image\/jpeg\" \/>\n<meta name=\"author\" content=\"Flavien Jumeau\" \/>\n<meta name=\"twitter:card\" content=\"summary_large_image\" \/>\n<meta name=\"twitter:creator\" content=\"@TheFreeAgentFR\" \/>\n<meta name=\"twitter:site\" content=\"@TheFreeAgentFR\" \/>\n<meta name=\"twitter:label1\" content=\"\u00c9crit par\" \/>\n\t<meta name=\"twitter:data1\" content=\"Flavien Jumeau\" \/>\n\t<meta name=\"twitter:label2\" content=\"Dur\u00e9e de lecture estim\u00e9e\" \/>\n\t<meta name=\"twitter:data2\" content=\"2 minutes\" \/>\n<script type=\"application\/ld+json\" class=\"yoast-schema-graph\">{\"@context\":\"https:\/\/schema.org\",\"@graph\":[{\"@type\":\"WebPage\",\"@id\":\"https:\/\/theplayoffs.news\/fr\/actualite-nfl\/cowboys-jerry-jones-nest-pas-content-du-tout-du-debut-de-saison-de-dallas\/\",\"url\":\"https:\/\/theplayoffs.news\/fr\/actualite-nfl\/cowboys-jerry-jones-nest-pas-content-du-tout-du-debut-de-saison-de-dallas\/\",\"name\":\"Cowboys: Jerry Jones n\\\\'est \\\\\\\"pas content du tout\\\\\\\" du d\u00e9but de saison de Dallas - The Playoffs FR\",\"isPartOf\":{\"@id\":\"https:\/\/theplayoffs.news\/fr\/#website\"},\"primaryImageOfPage\":{\"@id\":\"https:\/\/theplayoffs.news\/fr\/actualite-nfl\/cowboys-jerry-jones-nest-pas-content-du-tout-du-debut-de-saison-de-dallas\/#primaryimage\"},\"image\":{\"@id\":\"https:\/\/theplayoffs.news\/fr\/actualite-nfl\/cowboys-jerry-jones-nest-pas-content-du-tout-du-debut-de-saison-de-dallas\/#primaryimage\"},\"thumbnailUrl\":\"https:\/\/theplayoffs.news\/fr\/wp-content\/uploads\/2025\/10\/USATSI_27253652.jpg\",\"datePublished\":\"2025-10-27T10:49:05+00:00\",\"dateModified\":\"2025-10-27T10:49:12+00:00\",\"author\":{\"@id\":\"https:\/\/theplayoffs.news\/fr\/#\/schema\/person\/def63bc6746dc5957469b75feb99e66d\"},\"description\":\"Le propri\u00e9taire des Dallas Cowboys, Jerry Jones, a fait part de son grand m\u00e9contentement concernant le d\u00e9but de saison de son \u00e9quipe.\",\"breadcrumb\":{\"@id\":\"https:\/\/theplayoffs.news\/fr\/actualite-nfl\/cowboys-jerry-jones-nest-pas-content-du-tout-du-debut-de-saison-de-dallas\/#breadcrumb\"},\"inLanguage\":\"fr-FR\",\"potentialAction\":[{\"@type\":\"ReadAction\",\"target\":[\"https:\/\/theplayoffs.news\/fr\/actualite-nfl\/cowboys-jerry-jones-nest-pas-content-du-tout-du-debut-de-saison-de-dallas\/\"]}]},{\"@type\":\"ImageObject\",\"inLanguage\":\"fr-FR\",\"@id\":\"https:\/\/theplayoffs.news\/fr\/actualite-nfl\/cowboys-jerry-jones-nest-pas-content-du-tout-du-debut-de-saison-de-dallas\/#primaryimage\",\"url\":\"https:\/\/theplayoffs.news\/fr\/wp-content\/uploads\/2025\/10\/USATSI_27253652.jpg\",\"contentUrl\":\"https:\/\/theplayoffs.news\/fr\/wp-content\/uploads\/2025\/10\/USATSI_27253652.jpg\",\"width\":1920,\"height\":1280,\"caption\":\"Oct 5, 2025; East Rutherford, New Jersey, USA; Dallas Cowboys Owner, President and general manager Jerry Jones stands on the field prior to a game against the New York Jets at MetLife Stadium. Mandatory Credit: Robert Deutsch-Imagn Images\"},{\"@type\":\"BreadcrumbList\",\"@id\":\"https:\/\/theplayoffs.news\/fr\/actualite-nfl\/cowboys-jerry-jones-nest-pas-content-du-tout-du-debut-de-saison-de-dallas\/#breadcrumb\",\"itemListElement\":[{\"@type\":\"ListItem\",\"position\":1,\"name\":\"Accueil\",\"item\":\"https:\/\/theplayoffs.news\/fr\/\"},{\"@type\":\"ListItem\",\"position\":2,\"name\":\"Cowboys: Jerry Jones n&#8217;est &#8220;pas content du tout&#8221; du d\u00e9but de saison de Dallas\"}]},{\"@type\":\"WebSite\",\"@id\":\"https:\/\/theplayoffs.news\/fr\/#website\",\"url\":\"https:\/\/theplayoffs.news\/fr\/\",\"name\":\"The Playoffs FR\",\"description\":\"NBA-NFL-NHL-MLB\",\"potentialAction\":[{\"@type\":\"SearchAction\",\"target\":{\"@type\":\"EntryPoint\",\"urlTemplate\":\"https:\/\/theplayoffs.news\/fr\/?s={search_term_string}\"},\"query-input\":{\"@type\":\"PropertyValueSpecification\",\"valueRequired\":true,\"valueName\":\"search_term_string\"}}],\"inLanguage\":\"fr-FR\"},{\"@type\":\"Person\",\"@id\":\"https:\/\/theplayoffs.news\/fr\/#\/schema\/person\/def63bc6746dc5957469b75feb99e66d\",\"name\":\"Flavien Jumeau\",\"image\":{\"@type\":\"ImageObject\",\"inLanguage\":\"fr-FR\",\"@id\":\"https:\/\/theplayoffs.news\/fr\/#\/schema\/person\/image\/\",\"url\":\"https:\/\/secure.gravatar.com\/avatar\/e7fa8ba5a4b7e4ce35fe152f083f352db28ad0acce692004ed88a7a7d78893f7?s=96&d=mm&r=g\",\"contentUrl\":\"https:\/\/secure.gravatar.com\/avatar\/e7fa8ba5a4b7e4ce35fe152f083f352db28ad0acce692004ed88a7a7d78893f7?s=96&d=mm&r=g\",\"caption\":\"Flavien Jumeau\"},\"description\":\"Amoureux du sport (et de vraiment tous les sports) depuis mon plus jeune \u00e2ge, j\u2019ai longtemps h\u00e9site entre le snooker et le curling. Finalement c\u2019est le foot US que j\u2019ai d\u00e9cid\u00e9 de choisir! Responsable foot US sur TPO et animateur du podcast Tailgate j\u2019ai pour mission de vous faire d\u00e9couvrir ce sport passionnant si ce n\u2019est pas encore fait et de vous donner les derni\u00e8res actus. Le tout dans la bonne humeur et avec toujours un jeu de mots ou deux savamment distill\u00e9s! Fan des Saints, pour moi Drew Brees est le vrai GOAT!\",\"url\":\"https:\/\/theplayoffs.news\/fr\/author\/flavien-jumeaugmail-com\/\"}]}<\/script>\n<!-- \/ Yoast SEO plugin. -->","yoast_head_json":{"title":"Cowboys: Jerry Jones n&#039;est &quot;pas content du tout&quot; du d&eacute;but de saison de Dallas - The Playoffs FR","description":"Le propri&eacute;taire des Dallas Cowboys, Jerry Jones, a fait part de son grand m&eacute;contentement concernant le d&eacute;but de saison de son &eacute;quipe.","robots":{"index":"index","follow":"follow","max-snippet":"max-snippet:-1","max-image-preview":"max-image-preview:large","max-video-preview":"max-video-preview:-1"},"canonical":"https:\/\/theplayoffs.news\/fr\/actualite-nfl\/cowboys-jerry-jones-nest-pas-content-du-tout-du-debut-de-saison-de-dallas\/","og_locale":"fr_FR","og_type":"article","og_title":"Cowboys: Jerry Jones n&#039;est &quot;pas content du tout&quot; du d&eacute;but de saison de Dallas - The Playoffs FR","og_description":"Le propri&eacute;taire des Dallas Cowboys, Jerry Jones, a fait part de son grand m&eacute;contentement concernant le d&eacute;but de saison de son &eacute;quipe.","og_url":"https:\/\/theplayoffs.news\/fr\/actualite-nfl\/cowboys-jerry-jones-nest-pas-content-du-tout-du-debut-de-saison-de-dallas\/","og_site_name":"The Playoffs FR","article_publisher":"https:\/\/www.facebook.com\/TheFreeAgentFR\/","article_modified_time":"2025-10-27T10:49:12+00:00","og_image":[{"width":1920,"height":1280,"url":"https:\/\/theplayoffs.news\/fr\/wp-content\/uploads\/2025\/10\/USATSI_27253652.jpg","type":"image\/jpeg"}],"author":"Flavien Jumeau","twitter_card":"summary_large_image","twitter_creator":"@TheFreeAgentFR","twitter_site":"@TheFreeAgentFR","twitter_misc":{"\u00c9crit par":"Flavien Jumeau","Dur\u00e9e de lecture estim\u00e9e":"2 minutes"},"schema":{"@context":"https:\/\/schema.org","@graph":[{"@type":"WebPage","@id":"https:\/\/theplayoffs.news\/fr\/actualite-nfl\/cowboys-jerry-jones-nest-pas-content-du-tout-du-debut-de-saison-de-dallas\/","url":"https:\/\/theplayoffs.news\/fr\/actualite-nfl\/cowboys-jerry-jones-nest-pas-content-du-tout-du-debut-de-saison-de-dallas\/","name":"Cowboys: Jerry Jones n\\'est \\\"pas content du tout\\\" du d\u00e9but de saison de Dallas - The Playoffs FR","isPartOf":{"@id":"https:\/\/theplayoffs.news\/fr\/#website"},"primaryImageOfPage":{"@id":"https:\/\/theplayoffs.news\/fr\/actualite-nfl\/cowboys-jerry-jones-nest-pas-content-du-tout-du-debut-de-saison-de-dallas\/#primaryimage"},"image":{"@id":"https:\/\/theplayoffs.news\/fr\/actualite-nfl\/cowboys-jerry-jones-nest-pas-content-du-tout-du-debut-de-saison-de-dallas\/#primaryimage"},"thumbnailUrl":"https:\/\/theplayoffs.news\/fr\/wp-content\/uploads\/2025\/10\/USATSI_27253652.jpg","datePublished":"2025-10-27T10:49:05+00:00","dateModified":"2025-10-27T10:49:12+00:00","author":{"@id":"https:\/\/theplayoffs.news\/fr\/#\/schema\/person\/def63bc6746dc5957469b75feb99e66d"},"description":"Le propri\u00e9taire des Dallas Cowboys, Jerry Jones, a fait part de son grand m\u00e9contentement concernant le d\u00e9but de saison de son \u00e9quipe.","breadcrumb":{"@id":"https:\/\/theplayoffs.news\/fr\/actualite-nfl\/cowboys-jerry-jones-nest-pas-content-du-tout-du-debut-de-saison-de-dallas\/#breadcrumb"},"inLanguage":"fr-FR","potentialAction":[{"@type":"ReadAction","target":["https:\/\/theplayoffs.news\/fr\/actualite-nfl\/cowboys-jerry-jones-nest-pas-content-du-tout-du-debut-de-saison-de-dallas\/"]}]},{"@type":"ImageObject","inLanguage":"fr-FR","@id":"https:\/\/theplayoffs.news\/fr\/actualite-nfl\/cowboys-jerry-jones-nest-pas-content-du-tout-du-debut-de-saison-de-dallas\/#primaryimage","url":"https:\/\/theplayoffs.news\/fr\/wp-content\/uploads\/2025\/10\/USATSI_27253652.jpg","contentUrl":"https:\/\/theplayoffs.news\/fr\/wp-content\/uploads\/2025\/10\/USATSI_27253652.jpg","width":1920,"height":1280,"caption":"Oct 5, 2025; East Rutherford, New Jersey, USA; Dallas Cowboys Owner, President and general manager Jerry Jones stands on the field prior to a game against the New York Jets at MetLife Stadium. Mandatory Credit: Robert Deutsch-Imagn Images"},{"@type":"BreadcrumbList","@id":"https:\/\/theplayoffs.news\/fr\/actualite-nfl\/cowboys-jerry-jones-nest-pas-content-du-tout-du-debut-de-saison-de-dallas\/#breadcrumb","itemListElement":[{"@type":"ListItem","position":1,"name":"Accueil","item":"https:\/\/theplayoffs.news\/fr\/"},{"@type":"ListItem","position":2,"name":"Cowboys: Jerry Jones n&#8217;est &#8220;pas content du tout&#8221; du d\u00e9but de saison de Dallas"}]},{"@type":"WebSite","@id":"https:\/\/theplayoffs.news\/fr\/#website","url":"https:\/\/theplayoffs.news\/fr\/","name":"The Playoffs FR","description":"NBA-NFL-NHL-MLB","potentialAction":[{"@type":"SearchAction","target":{"@type":"EntryPoint","urlTemplate":"https:\/\/theplayoffs.news\/fr\/?s={search_term_string}"},"query-input":{"@type":"PropertyValueSpecification","valueRequired":true,"valueName":"search_term_string"}}],"inLanguage":"fr-FR"},{"@type":"Person","@id":"https:\/\/theplayoffs.news\/fr\/#\/schema\/person\/def63bc6746dc5957469b75feb99e66d","name":"Flavien Jumeau","image":{"@type":"ImageObject","inLanguage":"fr-FR","@id":"https:\/\/theplayoffs.news\/fr\/#\/schema\/person\/image\/","url":"https:\/\/secure.gravatar.com\/avatar\/e7fa8ba5a4b7e4ce35fe152f083f352db28ad0acce692004ed88a7a7d78893f7?s=96&d=mm&r=g","contentUrl":"https:\/\/secure.gravatar.com\/avatar\/e7fa8ba5a4b7e4ce35fe152f083f352db28ad0acce692004ed88a7a7d78893f7?s=96&d=mm&r=g","caption":"Flavien Jumeau"},"description":"Amoureux du sport (et de vraiment tous les sports) depuis mon plus jeune \u00e2ge, j\u2019ai longtemps h\u00e9site entre le snooker et le curling. Finalement c\u2019est le foot US que j\u2019ai d\u00e9cid\u00e9 de choisir! Responsable foot US sur TPO et animateur du podcast Tailgate j\u2019ai pour mission de vous faire d\u00e9couvrir ce sport passionnant si ce n\u2019est pas encore fait et de vous donner les derni\u00e8res actus. Le tout dans la bonne humeur et avec toujours un jeu de mots ou deux savamment distill\u00e9s! Fan des Saints, pour moi Drew Brees est le vrai GOAT!","url":"https:\/\/theplayoffs.news\/fr\/author\/flavien-jumeaugmail-com\/"}]}},"_links":{"self":[{"href":"https:\/\/theplayoffs.news\/fr\/wp-json\/wp\/v2\/posts\/1505957","targetHints":{"allow":["GET"]}}],"collection":[{"href":"https:\/\/theplayoffs.news\/fr\/wp-json\/wp\/v2\/posts"}],"about":[{"href":"https:\/\/theplayoffs.news\/fr\/wp-json\/wp\/v2\/types\/post"}],"author":[{"embeddable":true,"href":"https:\/\/theplayoffs.news\/fr\/wp-json\/wp\/v2\/users\/180309964"}],"replies":[{"embeddable":true,"href":"https:\/\/theplayoffs.news\/fr\/wp-json\/wp\/v2\/comments?post=1505957"}],"version-history":[{"count":1,"href":"https:\/\/theplayoffs.news\/fr\/wp-json\/wp\/v2\/posts\/1505957\/revisions"}],"predecessor-version":[{"id":1505960,"href":"https:\/\/theplayoffs.news\/fr\/wp-json\/wp\/v2\/posts\/1505957\/revisions\/1505960"}],"wp:featuredmedia":[{"embeddable":true,"href":"https:\/\/theplayoffs.news\/fr\/wp-json\/wp\/v2\/media\/1505959"}],"wp:attachment":[{"href":"https:\/\/theplayoffs.news\/fr\/wp-json\/wp\/v2\/media?parent=1505957"}],"wp:term":[{"taxonomy":"category","embeddable":true,"href":"https:\/\/theplayoffs.news\/fr\/wp-json\/wp\/v2\/categories?post=1505957"},{"taxonomy":"post_tag","embeddable":true,"href":"https:\/\/theplayoffs.news\/fr\/wp-json\/wp\/v2\/tags?post=1505957"},{"taxonomy":"sport","embeddable":true,"href":"https:\/\/theplayoffs.news\/fr\/wp-json\/wp\/v2\/sport?post=1505957"},{"taxonomy":"saison","embeddable":true,"href":"https:\/\/theplayoffs.news\/fr\/wp-json\/wp\/v2\/saison?post=1505957"}],"curies":[{"name":"wp","href":"https:\/\/api.w.org\/{rel}","templated":true}]}}