{"id":1505888,"date":"2025-10-26T19:16:58","date_gmt":"2025-10-26T18:16:58","guid":{"rendered":"https:\/\/theplayoffs.news\/fr\/uncategorized\/\/"},"modified":"2025-10-26T19:17:07","modified_gmt":"2025-10-26T18:17:07","slug":"nfl-semaine-8-cam-skattebo-giants-gravement-blesse-a-la-cheville","status":"publish","type":"post","link":"https:\/\/theplayoffs.news\/fr\/actualite-nfl\/nfl-semaine-8-cam-skattebo-giants-gravement-blesse-a-la-cheville\/","title":{"rendered":"NFL semaine 8: Cam Skattebo (Giants) gravement bless\u00e9 \u00e0 la cheville"},"content":{"rendered":"<p>C&rsquo;est un tr&egrave;s gros coup dur qui vient de frapper les New York Giants lors de la semaine 8 NFL. En d&eacute;placement sur le terrain de Philadelphie, les Giants viennent probablement de perdre leur running back Cam Skattebo pour de nombreuses semaines. Le jeune coureur de la franchise new-yorkaise est sorti apr&egrave;s une grave blessure &agrave; la cheville. Il ne reprendra bien &eacute;videmment pas le cours de cette rencontre de la semaine 8 et manquera sans doute le restant de la saison 2025.<\/p><h2 class=\"wp-block-heading\">Cam Skattebo: de marqueur de touchdown &agrave; la civi&egrave;re<\/h2><p>Le nom de Cam Skattebo r&eacute;sonne maintenant depuis plusieurs semaines au sein de la NFL. Aux c&ocirc;t&eacute;s du jeune quarterback Jaxson Dart, le num&eacute;ro 44 est l&rsquo;un des nouveaux visages synonyme d&rsquo;un espoir de victoire retrouv&eacute; chez les Giants. Choisi au 4e tour de la derni&egrave;re draft NFL apr&egrave;s avoir jou&eacute; &agrave; Arizona State pendant sa carri&egrave;re universitaire, le jeune Skattebo impressionnait depuis plusieurs semaines avec son style tout en puissance.<\/p><p>Ce dimanche, tout avait bien commenc&eacute; pour Cam Skattebo! Alors que son &eacute;quipe &eacute;tait men&eacute; rapidement 7-0, le jeune running back &eacute;tait laiss&eacute; &eacute;trangement seul dans la d&eacute;fense des Eagles. Il n&rsquo;en fallait alors pas plus &agrave; Jaxson Dart pour se connecter avec son jeune co&eacute;quipier et remettre ainsi les deux &eacute;quipes dos &agrave; dos.<\/p><blockquote class=\"twitter-tweet\"><p lang=\"en\" dir=\"ltr\">This is awful&ndash; Giants standout rookie RB Cam Skattebo just suffered an ankle injury, and it's bad&hellip; <a href=\"https:\/\/t.co\/sXbr0HwCPx\" class=\"trk-cta-link\" data-cta-trk='{\"ctaType\":\"Link\",\"ctaSubType\":\"main\"}'>pic.twitter.com\/sXbr0HwCPx<\/a><\/p>&mdash; Arye Pulli (@AryePulliNFL) <a href=\"https:\/\/twitter.com\/AryePulliNFL\/status\/1982507913219346855?ref_src=twsrc%5Etfw\" class=\"trk-cta-link\" data-cta-trk='{\"ctaType\":\"Link\",\"ctaSubType\":\"main\"}'>October 26, 2025<\/a><\/blockquote><script async src=\"https:\/\/platform.twitter.com\/widgets.js\" charset=\"utf-8\"><\/script><p>Quelques minutes plus tard, alors que les Eagles avaient repris l&rsquo;avantage 14-7, <a href=\"https:\/\/theplayoffs.news\/fr\/actualite-nfl\/podcast-nfl-giants-jaxson-dart-est-il-la-solution\/\" class=\"trk-cta-link\" data-cta-trk='{\"ctaType\":\"Link\",\"ctaSubType\":\"main\"}'>Jaxson Dart<\/a> compl&egrave;te une nouvelle passe sur Skattebo. Une passe qui sera sans doute la derni&egrave;re r&eacute;ception de la saison du num&eacute;ro 44 des Giants. Alors qu&rsquo;il retombe au sol, sa cheville droite reste coinc&eacute; sous le d&eacute;fenseur des Eagles. Les images sont terribles mais parlent d&rsquo;elles-m&ecirc;mes! La cheville et le pied de Skattebo forment alors un angle droit signe d&rsquo;une grave blessure pour le jeune joueur oblig&eacute; de quitter ses partenaires sur une voiturette m&eacute;dicale.<\/p><p>Les examens qui vont &ecirc;tre r&eacute;alis&eacute;es dans les prochaines heures devraient confirmer le forfait pour le reste de la saison de Cam Skattebo. D&eacute;j&agrave; priv&eacute;s de Malik Nabers, les New York Giants vont perdre un nouvel &eacute;l&eacute;ment cl&eacute; dans leur secteur offensif. D&eacute;cid&eacute;ment quand rien ne va&hellip;<\/p><p>Cr&eacute;dit photo: &copy; Bill Streicher-Imagn Images<\/p>\n","protected":false},"excerpt":{"rendered":"<p>NFL &#8211; Cam Skattebo ne reverra sans doute pas les terrains NFL cette saison<\/p>\n","protected":false},"author":180309964,"featured_media":1505889,"comment_status":"closed","ping_status":"closed","sticky":false,"template":"","format":"standard","meta":{"inline_featured_image":false,"kia_subtitle":"NFL - Cam Skattebo ne reverra sans doute pas les terrains NFL cette saison","_mux_skip_reasons":[],"proofreadBy":0,"footnotes":""},"categories":[118,8410,40,8408],"tags":[9095,816],"sport":[2785],"saison":[7475],"class_list":["post-1505888","post","type-post","status-publish","format-standard","has-post-thumbnail","hentry","category-actualite-nfl","category-football-americain","category-nfl","category-sports","tag-cam-skattebo","tag-new-york-giants","sport-nfl","saison-7475"],"acf":[],"yoast_head":"<!-- This site is optimized with the Yoast SEO plugin v24.2 - https:\/\/yoast.com\/wordpress\/plugins\/seo\/ -->\n<title>NFL semaine 8: Cam Skattebo (Giants) gravement bless&eacute; &agrave; la cheville - The Playoffs FR<\/title>\n<meta name=\"description\" content=\"Le jeune running back des New York Giants, Cam Skattebo, a subi une grave blessure &agrave; la cheville lors de la semaine 8.\" \/>\n<meta name=\"robots\" content=\"index, follow, max-snippet:-1, max-image-preview:large, max-video-preview:-1\" \/>\n<link rel=\"canonical\" href=\"https:\/\/theplayoffs.news\/fr\/actualite-nfl\/nfl-semaine-8-cam-skattebo-giants-gravement-blesse-a-la-cheville\/\" \/>\n<meta property=\"og:locale\" content=\"fr_FR\" \/>\n<meta property=\"og:type\" content=\"article\" \/>\n<meta property=\"og:title\" content=\"NFL semaine 8: Cam Skattebo (Giants) gravement bless&eacute; &agrave; la cheville - The Playoffs FR\" \/>\n<meta property=\"og:description\" content=\"Le jeune running back des New York Giants, Cam Skattebo, a subi une grave blessure &agrave; la cheville lors de la semaine 8.\" \/>\n<meta property=\"og:url\" content=\"https:\/\/theplayoffs.news\/fr\/actualite-nfl\/nfl-semaine-8-cam-skattebo-giants-gravement-blesse-a-la-cheville\/\" \/>\n<meta property=\"og:site_name\" content=\"The Playoffs FR\" \/>\n<meta property=\"article:publisher\" content=\"https:\/\/www.facebook.com\/TheFreeAgentFR\/\" \/>\n<meta property=\"article:modified_time\" content=\"2025-10-26T19:17:07+01:00\" \/>\n<meta property=\"og:image\" content=\"https:\/\/theplayoffs.news\/fr\/wp-content\/uploads\/2025\/10\/USATSI_27425349.jpg\" \/>\n\t<meta property=\"og:image:width\" content=\"1920\" \/>\n\t<meta property=\"og:image:height\" content=\"1280\" \/>\n\t<meta property=\"og:image:type\" content=\"image\/jpeg\" \/>\n<meta name=\"author\" content=\"Flavien Jumeau\" \/>\n<meta name=\"twitter:card\" content=\"summary_large_image\" \/>\n<meta name=\"twitter:creator\" content=\"@TheFreeAgentFR\" \/>\n<meta name=\"twitter:site\" content=\"@TheFreeAgentFR\" \/>\n<meta name=\"twitter:label1\" content=\"\u00c9crit par\" \/>\n\t<meta name=\"twitter:data1\" content=\"Flavien Jumeau\" \/>\n\t<meta name=\"twitter:label2\" content=\"Dur\u00e9e de lecture estim\u00e9e\" \/>\n\t<meta name=\"twitter:data2\" content=\"3 minutes\" \/>\n<script type=\"application\/ld+json\" class=\"yoast-schema-graph\">{\"@context\":\"https:\/\/schema.org\",\"@graph\":[{\"@type\":\"WebPage\",\"@id\":\"https:\/\/theplayoffs.news\/fr\/actualite-nfl\/nfl-semaine-8-cam-skattebo-giants-gravement-blesse-a-la-cheville\/\",\"url\":\"https:\/\/theplayoffs.news\/fr\/actualite-nfl\/nfl-semaine-8-cam-skattebo-giants-gravement-blesse-a-la-cheville\/\",\"name\":\"NFL semaine 8: Cam Skattebo (Giants) gravement bless\u00e9 \u00e0 la cheville - The Playoffs FR\",\"isPartOf\":{\"@id\":\"https:\/\/theplayoffs.news\/fr\/#website\"},\"primaryImageOfPage\":{\"@id\":\"https:\/\/theplayoffs.news\/fr\/actualite-nfl\/nfl-semaine-8-cam-skattebo-giants-gravement-blesse-a-la-cheville\/#primaryimage\"},\"image\":{\"@id\":\"https:\/\/theplayoffs.news\/fr\/actualite-nfl\/nfl-semaine-8-cam-skattebo-giants-gravement-blesse-a-la-cheville\/#primaryimage\"},\"thumbnailUrl\":\"https:\/\/theplayoffs.news\/fr\/wp-content\/uploads\/2025\/10\/USATSI_27425349.jpg\",\"datePublished\":\"2025-10-26T18:16:58+00:00\",\"dateModified\":\"2025-10-26T18:17:07+00:00\",\"author\":{\"@id\":\"https:\/\/theplayoffs.news\/fr\/#\/schema\/person\/def63bc6746dc5957469b75feb99e66d\"},\"description\":\"Le jeune running back des New York Giants, Cam Skattebo, a subi une grave blessure \u00e0 la cheville lors de la semaine 8.\",\"breadcrumb\":{\"@id\":\"https:\/\/theplayoffs.news\/fr\/actualite-nfl\/nfl-semaine-8-cam-skattebo-giants-gravement-blesse-a-la-cheville\/#breadcrumb\"},\"inLanguage\":\"fr-FR\",\"potentialAction\":[{\"@type\":\"ReadAction\",\"target\":[\"https:\/\/theplayoffs.news\/fr\/actualite-nfl\/nfl-semaine-8-cam-skattebo-giants-gravement-blesse-a-la-cheville\/\"]}]},{\"@type\":\"ImageObject\",\"inLanguage\":\"fr-FR\",\"@id\":\"https:\/\/theplayoffs.news\/fr\/actualite-nfl\/nfl-semaine-8-cam-skattebo-giants-gravement-blesse-a-la-cheville\/#primaryimage\",\"url\":\"https:\/\/theplayoffs.news\/fr\/wp-content\/uploads\/2025\/10\/USATSI_27425349.jpg\",\"contentUrl\":\"https:\/\/theplayoffs.news\/fr\/wp-content\/uploads\/2025\/10\/USATSI_27425349.jpg\",\"width\":1920,\"height\":1280,\"caption\":\"Oct 26, 2025; Philadelphia, Pennsylvania, USA; New York Giants running back Cam Skattebo (44) reacts after an injury on a play against the Philadelphia Eagles in the second quarter at Lincoln Financial Field. Mandatory Credit: Bill Streicher-Imagn Images\"},{\"@type\":\"BreadcrumbList\",\"@id\":\"https:\/\/theplayoffs.news\/fr\/actualite-nfl\/nfl-semaine-8-cam-skattebo-giants-gravement-blesse-a-la-cheville\/#breadcrumb\",\"itemListElement\":[{\"@type\":\"ListItem\",\"position\":1,\"name\":\"Accueil\",\"item\":\"https:\/\/theplayoffs.news\/fr\/\"},{\"@type\":\"ListItem\",\"position\":2,\"name\":\"NFL semaine 8: Cam Skattebo (Giants) gravement bless\u00e9 \u00e0 la cheville\"}]},{\"@type\":\"WebSite\",\"@id\":\"https:\/\/theplayoffs.news\/fr\/#website\",\"url\":\"https:\/\/theplayoffs.news\/fr\/\",\"name\":\"The Playoffs FR\",\"description\":\"NBA-NFL-NHL-MLB\",\"potentialAction\":[{\"@type\":\"SearchAction\",\"target\":{\"@type\":\"EntryPoint\",\"urlTemplate\":\"https:\/\/theplayoffs.news\/fr\/?s={search_term_string}\"},\"query-input\":{\"@type\":\"PropertyValueSpecification\",\"valueRequired\":true,\"valueName\":\"search_term_string\"}}],\"inLanguage\":\"fr-FR\"},{\"@type\":\"Person\",\"@id\":\"https:\/\/theplayoffs.news\/fr\/#\/schema\/person\/def63bc6746dc5957469b75feb99e66d\",\"name\":\"Flavien Jumeau\",\"image\":{\"@type\":\"ImageObject\",\"inLanguage\":\"fr-FR\",\"@id\":\"https:\/\/theplayoffs.news\/fr\/#\/schema\/person\/image\/\",\"url\":\"https:\/\/secure.gravatar.com\/avatar\/e7fa8ba5a4b7e4ce35fe152f083f352db28ad0acce692004ed88a7a7d78893f7?s=96&d=mm&r=g\",\"contentUrl\":\"https:\/\/secure.gravatar.com\/avatar\/e7fa8ba5a4b7e4ce35fe152f083f352db28ad0acce692004ed88a7a7d78893f7?s=96&d=mm&r=g\",\"caption\":\"Flavien Jumeau\"},\"description\":\"Amoureux du sport (et de vraiment tous les sports) depuis mon plus jeune \u00e2ge, j\u2019ai longtemps h\u00e9site entre le snooker et le curling. Finalement c\u2019est le foot US que j\u2019ai d\u00e9cid\u00e9 de choisir! Responsable foot US sur TPO et animateur du podcast Tailgate j\u2019ai pour mission de vous faire d\u00e9couvrir ce sport passionnant si ce n\u2019est pas encore fait et de vous donner les derni\u00e8res actus. Le tout dans la bonne humeur et avec toujours un jeu de mots ou deux savamment distill\u00e9s! Fan des Saints, pour moi Drew Brees est le vrai GOAT!\",\"url\":\"https:\/\/theplayoffs.news\/fr\/author\/flavien-jumeaugmail-com\/\"}]}<\/script>\n<!-- \/ Yoast SEO plugin. -->","yoast_head_json":{"title":"NFL semaine 8: Cam Skattebo (Giants) gravement bless&eacute; &agrave; la cheville - The Playoffs FR","description":"Le jeune running back des New York Giants, Cam Skattebo, a subi une grave blessure &agrave; la cheville lors de la semaine 8.","robots":{"index":"index","follow":"follow","max-snippet":"max-snippet:-1","max-image-preview":"max-image-preview:large","max-video-preview":"max-video-preview:-1"},"canonical":"https:\/\/theplayoffs.news\/fr\/actualite-nfl\/nfl-semaine-8-cam-skattebo-giants-gravement-blesse-a-la-cheville\/","og_locale":"fr_FR","og_type":"article","og_title":"NFL semaine 8: Cam Skattebo (Giants) gravement bless&eacute; &agrave; la cheville - The Playoffs FR","og_description":"Le jeune running back des New York Giants, Cam Skattebo, a subi une grave blessure &agrave; la cheville lors de la semaine 8.","og_url":"https:\/\/theplayoffs.news\/fr\/actualite-nfl\/nfl-semaine-8-cam-skattebo-giants-gravement-blesse-a-la-cheville\/","og_site_name":"The Playoffs FR","article_publisher":"https:\/\/www.facebook.com\/TheFreeAgentFR\/","article_modified_time":"2025-10-26T18:17:07+00:00","og_image":[{"width":1920,"height":1280,"url":"https:\/\/theplayoffs.news\/fr\/wp-content\/uploads\/2025\/10\/USATSI_27425349.jpg","type":"image\/jpeg"}],"author":"Flavien Jumeau","twitter_card":"summary_large_image","twitter_creator":"@TheFreeAgentFR","twitter_site":"@TheFreeAgentFR","twitter_misc":{"\u00c9crit par":"Flavien Jumeau","Dur\u00e9e de lecture estim\u00e9e":"3 minutes"},"schema":{"@context":"https:\/\/schema.org","@graph":[{"@type":"WebPage","@id":"https:\/\/theplayoffs.news\/fr\/actualite-nfl\/nfl-semaine-8-cam-skattebo-giants-gravement-blesse-a-la-cheville\/","url":"https:\/\/theplayoffs.news\/fr\/actualite-nfl\/nfl-semaine-8-cam-skattebo-giants-gravement-blesse-a-la-cheville\/","name":"NFL semaine 8: Cam Skattebo (Giants) gravement bless\u00e9 \u00e0 la cheville - The Playoffs FR","isPartOf":{"@id":"https:\/\/theplayoffs.news\/fr\/#website"},"primaryImageOfPage":{"@id":"https:\/\/theplayoffs.news\/fr\/actualite-nfl\/nfl-semaine-8-cam-skattebo-giants-gravement-blesse-a-la-cheville\/#primaryimage"},"image":{"@id":"https:\/\/theplayoffs.news\/fr\/actualite-nfl\/nfl-semaine-8-cam-skattebo-giants-gravement-blesse-a-la-cheville\/#primaryimage"},"thumbnailUrl":"https:\/\/theplayoffs.news\/fr\/wp-content\/uploads\/2025\/10\/USATSI_27425349.jpg","datePublished":"2025-10-26T18:16:58+00:00","dateModified":"2025-10-26T18:17:07+00:00","author":{"@id":"https:\/\/theplayoffs.news\/fr\/#\/schema\/person\/def63bc6746dc5957469b75feb99e66d"},"description":"Le jeune running back des New York Giants, Cam Skattebo, a subi une grave blessure \u00e0 la cheville lors de la semaine 8.","breadcrumb":{"@id":"https:\/\/theplayoffs.news\/fr\/actualite-nfl\/nfl-semaine-8-cam-skattebo-giants-gravement-blesse-a-la-cheville\/#breadcrumb"},"inLanguage":"fr-FR","potentialAction":[{"@type":"ReadAction","target":["https:\/\/theplayoffs.news\/fr\/actualite-nfl\/nfl-semaine-8-cam-skattebo-giants-gravement-blesse-a-la-cheville\/"]}]},{"@type":"ImageObject","inLanguage":"fr-FR","@id":"https:\/\/theplayoffs.news\/fr\/actualite-nfl\/nfl-semaine-8-cam-skattebo-giants-gravement-blesse-a-la-cheville\/#primaryimage","url":"https:\/\/theplayoffs.news\/fr\/wp-content\/uploads\/2025\/10\/USATSI_27425349.jpg","contentUrl":"https:\/\/theplayoffs.news\/fr\/wp-content\/uploads\/2025\/10\/USATSI_27425349.jpg","width":1920,"height":1280,"caption":"Oct 26, 2025; Philadelphia, Pennsylvania, USA; New York Giants running back Cam Skattebo (44) reacts after an injury on a play against the Philadelphia Eagles in the second quarter at Lincoln Financial Field. Mandatory Credit: Bill Streicher-Imagn Images"},{"@type":"BreadcrumbList","@id":"https:\/\/theplayoffs.news\/fr\/actualite-nfl\/nfl-semaine-8-cam-skattebo-giants-gravement-blesse-a-la-cheville\/#breadcrumb","itemListElement":[{"@type":"ListItem","position":1,"name":"Accueil","item":"https:\/\/theplayoffs.news\/fr\/"},{"@type":"ListItem","position":2,"name":"NFL semaine 8: Cam Skattebo (Giants) gravement bless\u00e9 \u00e0 la cheville"}]},{"@type":"WebSite","@id":"https:\/\/theplayoffs.news\/fr\/#website","url":"https:\/\/theplayoffs.news\/fr\/","name":"The Playoffs FR","description":"NBA-NFL-NHL-MLB","potentialAction":[{"@type":"SearchAction","target":{"@type":"EntryPoint","urlTemplate":"https:\/\/theplayoffs.news\/fr\/?s={search_term_string}"},"query-input":{"@type":"PropertyValueSpecification","valueRequired":true,"valueName":"search_term_string"}}],"inLanguage":"fr-FR"},{"@type":"Person","@id":"https:\/\/theplayoffs.news\/fr\/#\/schema\/person\/def63bc6746dc5957469b75feb99e66d","name":"Flavien Jumeau","image":{"@type":"ImageObject","inLanguage":"fr-FR","@id":"https:\/\/theplayoffs.news\/fr\/#\/schema\/person\/image\/","url":"https:\/\/secure.gravatar.com\/avatar\/e7fa8ba5a4b7e4ce35fe152f083f352db28ad0acce692004ed88a7a7d78893f7?s=96&d=mm&r=g","contentUrl":"https:\/\/secure.gravatar.com\/avatar\/e7fa8ba5a4b7e4ce35fe152f083f352db28ad0acce692004ed88a7a7d78893f7?s=96&d=mm&r=g","caption":"Flavien Jumeau"},"description":"Amoureux du sport (et de vraiment tous les sports) depuis mon plus jeune \u00e2ge, j\u2019ai longtemps h\u00e9site entre le snooker et le curling. Finalement c\u2019est le foot US que j\u2019ai d\u00e9cid\u00e9 de choisir! Responsable foot US sur TPO et animateur du podcast Tailgate j\u2019ai pour mission de vous faire d\u00e9couvrir ce sport passionnant si ce n\u2019est pas encore fait et de vous donner les derni\u00e8res actus. Le tout dans la bonne humeur et avec toujours un jeu de mots ou deux savamment distill\u00e9s! Fan des Saints, pour moi Drew Brees est le vrai GOAT!","url":"https:\/\/theplayoffs.news\/fr\/author\/flavien-jumeaugmail-com\/"}]}},"_links":{"self":[{"href":"https:\/\/theplayoffs.news\/fr\/wp-json\/wp\/v2\/posts\/1505888","targetHints":{"allow":["GET"]}}],"collection":[{"href":"https:\/\/theplayoffs.news\/fr\/wp-json\/wp\/v2\/posts"}],"about":[{"href":"https:\/\/theplayoffs.news\/fr\/wp-json\/wp\/v2\/types\/post"}],"author":[{"embeddable":true,"href":"https:\/\/theplayoffs.news\/fr\/wp-json\/wp\/v2\/users\/180309964"}],"replies":[{"embeddable":true,"href":"https:\/\/theplayoffs.news\/fr\/wp-json\/wp\/v2\/comments?post=1505888"}],"version-history":[{"count":1,"href":"https:\/\/theplayoffs.news\/fr\/wp-json\/wp\/v2\/posts\/1505888\/revisions"}],"predecessor-version":[{"id":1505890,"href":"https:\/\/theplayoffs.news\/fr\/wp-json\/wp\/v2\/posts\/1505888\/revisions\/1505890"}],"wp:featuredmedia":[{"embeddable":true,"href":"https:\/\/theplayoffs.news\/fr\/wp-json\/wp\/v2\/media\/1505889"}],"wp:attachment":[{"href":"https:\/\/theplayoffs.news\/fr\/wp-json\/wp\/v2\/media?parent=1505888"}],"wp:term":[{"taxonomy":"category","embeddable":true,"href":"https:\/\/theplayoffs.news\/fr\/wp-json\/wp\/v2\/categories?post=1505888"},{"taxonomy":"post_tag","embeddable":true,"href":"https:\/\/theplayoffs.news\/fr\/wp-json\/wp\/v2\/tags?post=1505888"},{"taxonomy":"sport","embeddable":true,"href":"https:\/\/theplayoffs.news\/fr\/wp-json\/wp\/v2\/sport?post=1505888"},{"taxonomy":"saison","embeddable":true,"href":"https:\/\/theplayoffs.news\/fr\/wp-json\/wp\/v2\/saison?post=1505888"}],"curies":[{"name":"wp","href":"https:\/\/api.w.org\/{rel}","templated":true}]}}