{"id":1504301,"date":"2025-10-12T18:40:18","date_gmt":"2025-10-12T16:40:18","guid":{"rendered":"https:\/\/theplayoffs.news\/fr\/uncategorized\/\/"},"modified":"2025-10-12T18:40:25","modified_gmt":"2025-10-12T16:40:25","slug":"jets-broncos-11-13-la-defense-des-broncos-ne-souffre-pas-du-jets-lag","status":"publish","type":"post","link":"https:\/\/theplayoffs.news\/fr\/actualite-nfl\/jets-broncos-11-13-la-defense-des-broncos-ne-souffre-pas-du-jets-lag\/","title":{"rendered":"Jets &#8211; Broncos (11-13): La d\u00e9fense des Broncos ne souffre pas du Jets lag!"},"content":{"rendered":"<p>L&rsquo;air de Londres aura-t-il permis aux New York Jets de sortir de leur torpeur du d&eacute;but de saison? Apr&egrave;s 5 matchs sans aucune victoire, les hommes d&rsquo;Aaron Glenn se rendaient ce dimanche &agrave; Londres pour tenter de glaner un premier succ&egrave;s dans cet exercice. Cependant, le d&eacute;fi ne s&rsquo;annon&ccedil;ait pas simple! Les Jets devaient batailler face &agrave; des Denver Broncos munis d&rsquo;une grosse d&eacute;fense qui avaient fait chuter les Philadelphie Eagles lors de <a href=\"https:\/\/theplayoffs.news\/fr\/actualite-nfl\/podcast-nfl-debriefing-week-5-la-chute-des-invaincus\/\" class=\"trk-cta-link\" data-cta-trk='{\"ctaType\":\"Link\",\"ctaSubType\":\"main\"}'>la semaine 5<\/a>. <\/p><p>Une grosse d&eacute;fense qui va de nouveau servir de pierre angulaire &agrave; cette rencontre face aux Jets. Pendant tout le match, l&rsquo;escouade d&eacute;fensive va mettre sous l&rsquo;&eacute;teignoir un pauvre Justin Fields compl&egrave;tement sans solutions. Les Jets termineront la partie avec 82 yards au total et -10 yards &agrave; la passe! Sans oublier les 9 sacks r&eacute;ussis par la d&eacute;fense des Broncos! Un v&eacute;ritable enfer qui permet &agrave; Denver de repartir de Londres avec la victoire. <\/p><h2 class=\"wp-block-heading\">Le film du match<\/h2><h3 class=\"wp-block-heading\">Denver, une d&eacute;fense taille patron<\/h3><p>F&eacute;briles depuis le d&eacute;but de la saison 2025, les Jets vont avoir l&rsquo;occasion de prendre les devants rapidement dans la rencontre. Par deux fois les co&eacute;quipiers de Justin Fields seront id&eacute;alement plac&eacute;s dans la moiti&eacute; de terrain de Denver pour commencer leur drive offensif d&rsquo;abord gr&acirc;ce &agrave; un fumble r&eacute;cup&eacute;r&eacute; puis gr&acirc;ce &agrave; un joli retour de coup de pied. Par deux fois cependant, les Jets se montreront incapables d&rsquo;avancer sur le terrain. Ils devront alors se contenter de deux simples field goals. Des field goals qui seront d&rsquo;ailleurs leurs seuls points de la premi&egrave;re mi-temps.<\/p><blockquote class=\"twitter-tweet\"><p lang=\"en\" dir=\"ltr\">.<a href=\"https:\/\/twitter.com\/Broncos?ref_src=twsrc%5Etfw\" class=\"trk-cta-link\" data-cta-trk='{\"ctaType\":\"Link\",\"ctaSubType\":\"main\"}'>@Broncos<\/a> defense is dominating in the first half <br><br>DENvsNYJ on <a href=\"https:\/\/twitter.com\/nflnetwork?ref_src=twsrc%5Etfw\" class=\"trk-cta-link\" data-cta-trk='{\"ctaType\":\"Link\",\"ctaSubType\":\"main\"}'>@nflnetwork<\/a><br>Also streaming on <a href=\"https:\/\/twitter.com\/NFLPlus?ref_src=twsrc%5Etfw\" class=\"trk-cta-link\" data-cta-trk='{\"ctaType\":\"Link\",\"ctaSubType\":\"main\"}'>@NFLPlus<\/a> <a href=\"https:\/\/t.co\/2KMCSqsZ9w\" class=\"trk-cta-link\" data-cta-trk='{\"ctaType\":\"Link\",\"ctaSubType\":\"main\"}'>pic.twitter.com\/2KMCSqsZ9w<\/a><\/p>&mdash; NFL (@NFL) <a href=\"https:\/\/twitter.com\/NFL\/status\/1977381649978409333?ref_src=twsrc%5Etfw\" class=\"trk-cta-link\" data-cta-trk='{\"ctaType\":\"Link\",\"ctaSubType\":\"main\"}'>October 12, 2025<\/a><\/blockquote><script async src=\"https:\/\/platform.twitter.com\/widgets.js\" charset=\"utf-8\"><\/script><p>Car les Jets vont tomber sur une d&eacute;fense des Broncos particuli&egrave;rement f&eacute;roce! Les joueurs d&eacute;fensifs de Denver ne vont conc&eacute;der une premi&egrave;re tentative qu&rsquo;apr&egrave;s 28 minutes de jeu! Avec une pression constante sur un Justin Fields sans solution, les Broncos forcent les Jets a leur rendre rapidement le ballon.<\/p><p>Malheureusement pour Denver, l&rsquo;&eacute;cart de niveau aper&ccedil;u sur le terrain ne se ressentira pas n&eacute;cessairement au tableau d&rsquo;affichage. Certes, les joueurs du Colorado inscriront le premier touchdown de la partie par Adkins en fin de premier quart-temps. Mais bon nombre de jeux positifs seront annul&eacute;s par une indiscipline qui co&ucirc;te cher aux hommes de Sean Payton. Compl&egrave;tement dominateurs dans le jeu, les Broncos ne m&egrave;nent que 10-6 &agrave; la pause et restent &agrave; port&eacute;e de fusil de New York.<\/p><blockquote class=\"twitter-tweet\"><p lang=\"en\" dir=\"ltr\">Nix finds Adkins WIDE OPEN for the first touchdown of the day &#8252;&#65039;<br><br>DENvsNYJ on <a href=\"https:\/\/twitter.com\/nflnetwork?ref_src=twsrc%5Etfw\" class=\"trk-cta-link\" data-cta-trk='{\"ctaType\":\"Link\",\"ctaSubType\":\"main\"}'>@nflnetwork<\/a><br>Also streaming on <a href=\"https:\/\/twitter.com\/NFLPlus?ref_src=twsrc%5Etfw\" class=\"trk-cta-link\" data-cta-trk='{\"ctaType\":\"Link\",\"ctaSubType\":\"main\"}'>@NFLPlus<\/a> <a href=\"https:\/\/t.co\/7fvumHu5Fg\" class=\"trk-cta-link\" data-cta-trk='{\"ctaType\":\"Link\",\"ctaSubType\":\"main\"}'>pic.twitter.com\/7fvumHu5Fg<\/a><\/p>&mdash; NFL (@NFL) <a href=\"https:\/\/twitter.com\/NFL\/status\/1977375512365285558?ref_src=twsrc%5Etfw\" class=\"trk-cta-link\" data-cta-trk='{\"ctaType\":\"Link\",\"ctaSubType\":\"main\"}'>October 12, 2025<\/a><\/blockquote><script async src=\"https:\/\/platform.twitter.com\/widgets.js\" charset=\"utf-8\"><\/script><h3 class=\"wp-block-heading\">Denver sur le fil<\/h3><p>Le probl&egrave;me pour les Broncos, c&rsquo;est qu&rsquo;&agrave; force de laisser les Jets &agrave; port&eacute;e de fusil vous risquez &agrave; tout moment de prendre un tir! Et ce  coup de canon va arriver en deux temps lors du troisi&egrave;me quart-temps. Toujours pas sp&eacute;cialement fringants offensivement, les Jets parviennent &agrave; se remettre &agrave; distance de field goal (10-9). Puis quelques jeux plus tard, les new-yorkais poussent la ligne offensive des Broncos &agrave; la faute! Coupable d&rsquo;un holding dans la end-zone, les Broncos offrent un safety et laissent les Jets repasser en t&ecirc;te (10-11).<\/p><blockquote class=\"twitter-tweet\"><p lang=\"en\" dir=\"ltr\">A holding penalty in the end zone gives the <a href=\"https:\/\/twitter.com\/nyjets?ref_src=twsrc%5Etfw\" class=\"trk-cta-link\" data-cta-trk='{\"ctaType\":\"Link\",\"ctaSubType\":\"main\"}'>@nyjets<\/a> a safety AND the lead <br><br>DENvsNYJ on <a href=\"https:\/\/twitter.com\/nflnetwork?ref_src=twsrc%5Etfw\" class=\"trk-cta-link\" data-cta-trk='{\"ctaType\":\"Link\",\"ctaSubType\":\"main\"}'>@nflnetwork<\/a><br>Also streaming on <a href=\"https:\/\/twitter.com\/NFLPlus?ref_src=twsrc%5Etfw\" class=\"trk-cta-link\" data-cta-trk='{\"ctaType\":\"Link\",\"ctaSubType\":\"main\"}'>@NFLPlus<\/a> <a href=\"https:\/\/t.co\/y7801adOYe\" class=\"trk-cta-link\" data-cta-trk='{\"ctaType\":\"Link\",\"ctaSubType\":\"main\"}'>pic.twitter.com\/y7801adOYe<\/a><\/p>&mdash; NFL (@NFL) <a href=\"https:\/\/twitter.com\/NFL\/status\/1977398163121012906?ref_src=twsrc%5Etfw\" class=\"trk-cta-link\" data-cta-trk='{\"ctaType\":\"Link\",\"ctaSubType\":\"main\"}'>October 12, 2025<\/a><\/blockquote><script async src=\"https:\/\/platform.twitter.com\/widgets.js\" charset=\"utf-8\"><\/script><p>Les drives s&rsquo;encha&icirc;nent, le temps s&rsquo;&eacute;coule et les deux &eacute;quipes peinent &agrave; trouver des solutions en attaque. A 5 minute du terme de la partie, les Broncos ont l&rsquo;occasion de scorer de nouveau en arrivant dans les 10 derniers yards des Jets. Cependant, Bo Nix manque de pr&eacute;cision et les hommes de Sean Payton doivent se contenter de 3 points (13-11).<\/p><div class=\"related-slider related-slider--loading\">\n    <div class=\"related-slider__header\">\n        <div class=\"related-slider__header__title\">Ce que vous devriez lire ensuite &#128071;&#127995;<\/div>\n        <div class=\"related-slider__header__buttons\">\n            <div class=\"swiper-button-prev\"><\/div>\n            <div class=\"swiper-button-next\"><\/div>\n        <\/div>\n    <\/div>\n    <div class=\"swiper-container\">\n        <div class=\"swiper-wrapper\">\n                            <div class=\"swiper-slide\">\n                    <a class=\"related-slider-card  trk-cta-img\" href=\"https:\/\/theplayoffs.news\/fr\/actualite-nfl\/arizona-cardinals-cotes-projection-2026\/\" title=\"Arizona Cardinals: Calendrier, cotes, draft et pr&eacute;dictions\" data-cta-trk='{\"ctaType\":\"Image\",\"ctaSubType\":\"main\"}'>\n    <div class=\"related-slider-card__image\">\n        <img loading=\"lazy\" decoding=\"async\" width=\"600\" height=\"413\" src=\"https:\/\/theplayoffs.news\/fr\/wp-content\/uploads\/2026\/02\/USATSI_27785998-1-600x413.jpg\" class=\"attachment-medium size-medium wp-post-image\" alt=\"Arizona Cardinals\" srcset=\"https:\/\/theplayoffs.news\/fr\/wp-content\/uploads\/2026\/02\/USATSI_27785998-1-600x413.jpg 600w, https:\/\/theplayoffs.news\/fr\/wp-content\/uploads\/2026\/02\/USATSI_27785998-1-1200x826.jpg 1200w, https:\/\/theplayoffs.news\/fr\/wp-content\/uploads\/2026\/02\/USATSI_27785998-1-768x528.jpg 768w, https:\/\/theplayoffs.news\/fr\/wp-content\/uploads\/2026\/02\/USATSI_27785998-1-1536x1057.jpg 1536w, https:\/\/theplayoffs.news\/fr\/wp-content\/uploads\/2026\/02\/USATSI_27785998-1-1320x908.jpg 1320w, https:\/\/theplayoffs.news\/fr\/wp-content\/uploads\/2026\/02\/USATSI_27785998-1.jpg 1920w\" sizes=\"auto, (max-width: 600px) 100vw, 600px\">\n                            <\/div>\n    <div class=\"related-slider-card__content\">\n        <div class=\"related-slider-card__content__tags\">\n                            <div class=\"related-slider-card__content__tags__category\">\n                    Actualit&eacute; NFL\n                <\/div>\n                        <div class=\"related-slider-card__content__tags__date\" data-dynamic-date=\"2026-02-25T10:28:26+01:00\">\n                25 f&eacute;vrier 2026\n            <\/div>\n        <\/div>\n        <div class=\"related-slider-card__content__title\">\n            Arizona Cardinals: Calendrier, cotes, draft et pr&eacute;dictions\n        <\/div>\n                    <div class=\"related-slider-card__content__read-more\">\n                Voir plus\n                <i>\n                    <svg width=\"17\" height=\"15\" viewbox=\"0 0 17 15\" fill=\"none\" xmlns=\"http:\/\/www.w3.org\/2000\/svg\">\n<path d=\"M1 6.5C0.447715 6.5 0 6.94772 0 7.5C0 8.05228 0.447715 8.5 1 8.5V6.5ZM16.7071 8.20711C17.0976 7.81658 17.0976 7.18342 16.7071 6.79289L10.3431 0.428932C9.95262 0.0384078 9.31946 0.0384078 8.92893 0.428932C8.53841 0.819457 8.53841 1.45262 8.92893 1.84315L14.5858 7.5L8.92893 13.1569C8.53841 13.5474 8.53841 14.1805 8.92893 14.5711C9.31946 14.9616 9.95262 14.9616 10.3431 14.5711L16.7071 8.20711ZM1 7.5V8.5H8.5V7.5V6.5H1V7.5ZM8.5 7.5V8.5H16V7.5V6.5H8.5V7.5Z\" fill=\"white\"><\/path>\n<\/svg>\n\n                <\/i>\n            <\/div>\n            <\/div>\n<\/a>\n\n                <\/div>\n                            <div class=\"swiper-slide\">\n                    <a class=\"related-slider-card  trk-cta-img\" href=\"https:\/\/theplayoffs.news\/fr\/actualite-nfl\/new-york-jets-projection-cotes-2026\/\" title=\"New York Jets 2026: Calendrier, cotes, draft et pr&eacute;dictions\" data-cta-trk='{\"ctaType\":\"Image\",\"ctaSubType\":\"main\"}'>\n    <div class=\"related-slider-card__image\">\n        <img loading=\"lazy\" decoding=\"async\" width=\"600\" height=\"400\" src=\"https:\/\/theplayoffs.news\/fr\/wp-content\/uploads\/2026\/02\/USATSI_27864144-600x400.jpg\" class=\"attachment-medium size-medium wp-post-image\" alt=\"New York Jets\" srcset=\"https:\/\/theplayoffs.news\/fr\/wp-content\/uploads\/2026\/02\/USATSI_27864144-600x400.jpg 600w, https:\/\/theplayoffs.news\/fr\/wp-content\/uploads\/2026\/02\/USATSI_27864144-1200x800.jpg 1200w, https:\/\/theplayoffs.news\/fr\/wp-content\/uploads\/2026\/02\/USATSI_27864144-768x512.jpg 768w, https:\/\/theplayoffs.news\/fr\/wp-content\/uploads\/2026\/02\/USATSI_27864144-1536x1024.jpg 1536w, https:\/\/theplayoffs.news\/fr\/wp-content\/uploads\/2026\/02\/USATSI_27864144-1320x880.jpg 1320w, https:\/\/theplayoffs.news\/fr\/wp-content\/uploads\/2026\/02\/USATSI_27864144.jpg 1920w\" sizes=\"auto, (max-width: 600px) 100vw, 600px\">\n                            <\/div>\n    <div class=\"related-slider-card__content\">\n        <div class=\"related-slider-card__content__tags\">\n                            <div class=\"related-slider-card__content__tags__category\">\n                    Actualit&eacute; NFL\n                <\/div>\n                        <div class=\"related-slider-card__content__tags__date\" data-dynamic-date=\"2026-02-24T14:39:24+01:00\">\n                24 f&eacute;vrier 2026\n            <\/div>\n        <\/div>\n        <div class=\"related-slider-card__content__title\">\n            New York Jets 2026: Calendrier, cotes, draft et pr&eacute;dictions\n        <\/div>\n                    <div class=\"related-slider-card__content__read-more\">\n                Voir plus\n                <i>\n                    <svg width=\"17\" height=\"15\" viewbox=\"0 0 17 15\" fill=\"none\" xmlns=\"http:\/\/www.w3.org\/2000\/svg\">\n<path d=\"M1 6.5C0.447715 6.5 0 6.94772 0 7.5C0 8.05228 0.447715 8.5 1 8.5V6.5ZM16.7071 8.20711C17.0976 7.81658 17.0976 7.18342 16.7071 6.79289L10.3431 0.428932C9.95262 0.0384078 9.31946 0.0384078 8.92893 0.428932C8.53841 0.819457 8.53841 1.45262 8.92893 1.84315L14.5858 7.5L8.92893 13.1569C8.53841 13.5474 8.53841 14.1805 8.92893 14.5711C9.31946 14.9616 9.95262 14.9616 10.3431 14.5711L16.7071 8.20711ZM1 7.5V8.5H8.5V7.5V6.5H1V7.5ZM8.5 7.5V8.5H16V7.5V6.5H8.5V7.5Z\" fill=\"white\"><\/path>\n<\/svg>\n\n                <\/i>\n            <\/div>\n            <\/div>\n<\/a>\n\n                <\/div>\n                            <div class=\"swiper-slide\">\n                    <a class=\"related-slider-card  trk-cta-img\" href=\"https:\/\/theplayoffs.news\/fr\/actualite-nfl\/las-vegas-raiders-cotes-predictions-calendrier-2026\/\" title=\"Las Vegas Raiders 2026: Calendrier, cotes, draft et pr&eacute;diction\" data-cta-trk='{\"ctaType\":\"Image\",\"ctaSubType\":\"main\"}'>\n    <div class=\"related-slider-card__image\">\n        <img loading=\"lazy\" decoding=\"async\" width=\"600\" height=\"408\" src=\"https:\/\/theplayoffs.news\/fr\/wp-content\/uploads\/2026\/02\/USATSI_26937930-600x408.jpg\" class=\"attachment-medium size-medium wp-post-image\" alt=\"Las Vegas Raiders\" srcset=\"https:\/\/theplayoffs.news\/fr\/wp-content\/uploads\/2026\/02\/USATSI_26937930-600x408.jpg 600w, https:\/\/theplayoffs.news\/fr\/wp-content\/uploads\/2026\/02\/USATSI_26937930-1200x817.jpg 1200w, https:\/\/theplayoffs.news\/fr\/wp-content\/uploads\/2026\/02\/USATSI_26937930-768x523.jpg 768w, https:\/\/theplayoffs.news\/fr\/wp-content\/uploads\/2026\/02\/USATSI_26937930-1536x1046.jpg 1536w, https:\/\/theplayoffs.news\/fr\/wp-content\/uploads\/2026\/02\/USATSI_26937930-1320x899.jpg 1320w, https:\/\/theplayoffs.news\/fr\/wp-content\/uploads\/2026\/02\/USATSI_26937930.jpg 1920w\" sizes=\"auto, (max-width: 600px) 100vw, 600px\">\n                            <\/div>\n    <div class=\"related-slider-card__content\">\n        <div class=\"related-slider-card__content__tags\">\n                            <div class=\"related-slider-card__content__tags__category\">\n                    Actualit&eacute; NFL\n                <\/div>\n                        <div class=\"related-slider-card__content__tags__date\" data-dynamic-date=\"2026-02-24T10:09:27+01:00\">\n                24 f&eacute;vrier 2026\n            <\/div>\n        <\/div>\n        <div class=\"related-slider-card__content__title\">\n            Las Vegas Raiders 2026: Calendrier, cotes, draft et pr&eacute;diction\n        <\/div>\n                    <div class=\"related-slider-card__content__read-more\">\n                Voir plus\n                <i>\n                    <svg width=\"17\" height=\"15\" viewbox=\"0 0 17 15\" fill=\"none\" xmlns=\"http:\/\/www.w3.org\/2000\/svg\">\n<path d=\"M1 6.5C0.447715 6.5 0 6.94772 0 7.5C0 8.05228 0.447715 8.5 1 8.5V6.5ZM16.7071 8.20711C17.0976 7.81658 17.0976 7.18342 16.7071 6.79289L10.3431 0.428932C9.95262 0.0384078 9.31946 0.0384078 8.92893 0.428932C8.53841 0.819457 8.53841 1.45262 8.92893 1.84315L14.5858 7.5L8.92893 13.1569C8.53841 13.5474 8.53841 14.1805 8.92893 14.5711C9.31946 14.9616 9.95262 14.9616 10.3431 14.5711L16.7071 8.20711ZM1 7.5V8.5H8.5V7.5V6.5H1V7.5ZM8.5 7.5V8.5H16V7.5V6.5H8.5V7.5Z\" fill=\"white\"><\/path>\n<\/svg>\n\n                <\/i>\n            <\/div>\n            <\/div>\n<\/a>\n\n                <\/div>\n                            <div class=\"swiper-slide\">\n                    <a class=\"related-slider-card  trk-cta-img\" href=\"https:\/\/theplayoffs.news\/fr\/actualite-nfl\/derek-carr-retour-nfl-2026-cotes\/\" title=\"Derek Carr: un retour sur les terrains en 2026?\" data-cta-trk='{\"ctaType\":\"Image\",\"ctaSubType\":\"main\"}'>\n    <div class=\"related-slider-card__image\">\n        <img loading=\"lazy\" decoding=\"async\" width=\"600\" height=\"400\" src=\"https:\/\/theplayoffs.news\/fr\/wp-content\/uploads\/2026\/02\/USATSI_24946629-600x400.jpg\" class=\"attachment-medium size-medium wp-post-image\" alt=\"Derek Carr\" srcset=\"https:\/\/theplayoffs.news\/fr\/wp-content\/uploads\/2026\/02\/USATSI_24946629-600x400.jpg 600w, https:\/\/theplayoffs.news\/fr\/wp-content\/uploads\/2026\/02\/USATSI_24946629-1200x800.jpg 1200w, https:\/\/theplayoffs.news\/fr\/wp-content\/uploads\/2026\/02\/USATSI_24946629-768x512.jpg 768w, https:\/\/theplayoffs.news\/fr\/wp-content\/uploads\/2026\/02\/USATSI_24946629-1536x1024.jpg 1536w, https:\/\/theplayoffs.news\/fr\/wp-content\/uploads\/2026\/02\/USATSI_24946629-1320x880.jpg 1320w, https:\/\/theplayoffs.news\/fr\/wp-content\/uploads\/2026\/02\/USATSI_24946629.jpg 1920w\" sizes=\"auto, (max-width: 600px) 100vw, 600px\">\n                            <\/div>\n    <div class=\"related-slider-card__content\">\n        <div class=\"related-slider-card__content__tags\">\n                            <div class=\"related-slider-card__content__tags__category\">\n                    Actualit&eacute; NFL\n                <\/div>\n                        <div class=\"related-slider-card__content__tags__date\" data-dynamic-date=\"2026-02-23T14:15:45+01:00\">\n                23 f&eacute;vrier 2026\n            <\/div>\n        <\/div>\n        <div class=\"related-slider-card__content__title\">\n            Derek Carr: un retour sur les terrains en 2026?\n        <\/div>\n                    <div class=\"related-slider-card__content__read-more\">\n                Voir plus\n                <i>\n                    <svg width=\"17\" height=\"15\" viewbox=\"0 0 17 15\" fill=\"none\" xmlns=\"http:\/\/www.w3.org\/2000\/svg\">\n<path d=\"M1 6.5C0.447715 6.5 0 6.94772 0 7.5C0 8.05228 0.447715 8.5 1 8.5V6.5ZM16.7071 8.20711C17.0976 7.81658 17.0976 7.18342 16.7071 6.79289L10.3431 0.428932C9.95262 0.0384078 9.31946 0.0384078 8.92893 0.428932C8.53841 0.819457 8.53841 1.45262 8.92893 1.84315L14.5858 7.5L8.92893 13.1569C8.53841 13.5474 8.53841 14.1805 8.92893 14.5711C9.31946 14.9616 9.95262 14.9616 10.3431 14.5711L16.7071 8.20711ZM1 7.5V8.5H8.5V7.5V6.5H1V7.5ZM8.5 7.5V8.5H16V7.5V6.5H8.5V7.5Z\" fill=\"white\"><\/path>\n<\/svg>\n\n                <\/i>\n            <\/div>\n            <\/div>\n<\/a>\n\n                <\/div>\n                    <\/div>\n    <\/div>\n<\/div><p>Les Jets r&eacute;cup&egrave;rent alors une ultime munition avec un nouveau drive qui commence proche de la mi-terrain. Mais une nouvelle fois la d&eacute;fense de Denver se montre intraitable! Elle sacke une derni&egrave;re fois Justin Fields et permet aux Broncos de maintenir leur avance minimale. Pour les Broncos, l&rsquo;essentiel est assur&eacute;. Pour les Jets, la gal&egrave;re continue!<\/p><h2 class=\"wp-block-heading\">Le coin des statistiques<\/h2><ul class=\"wp-block-list\">\n<li><strong>J. Fields (Jets)<\/strong>: 9\/17, 45 yards &ndash; 7 courses, 31 yards<\/li>\n\n\n\n<li><strong>B. Hall (Jets)<\/strong>: 22 courses, 59 yards<\/li>\n\n\n\n<li><strong>J. Reynolds (Jets)<\/strong>: 3 r&eacute;ceptions, 25 yards<\/li>\n\n\n\n<li><strong>B. Nix (Broncos)<\/strong>: 19\/30, 174 yards, 1 TD &ndash; 5 courses, 24 yards<\/li>\n\n\n\n<li><strong>J.K. Dobbins (Broncos)<\/strong>: 14 courses, 40 yards<\/li>\n\n\n\n<li><strong>E. Engram (Broncos)<\/strong>: 5 r&eacute;ceptions, 42 yards<\/li>\n<\/ul><p>Cr&eacute;dit photo: &copy; Kirby Lee-Imagn Images<\/p>\n","protected":false},"excerpt":{"rendered":"<p>NFL &#8211; Les Broncos ont souffert! Mais les Broncos ont gagn\u00e9<\/p>\n","protected":false},"author":180309964,"featured_media":1504304,"comment_status":"closed","ping_status":"closed","sticky":false,"template":"","format":"standard","meta":{"inline_featured_image":false,"kia_subtitle":"NFL - Les Broncos ont souffert! Mais les Broncos ont gagn\u00e9","_mux_skip_reasons":[],"proofreadBy":0,"footnotes":""},"categories":[118,8410,40,8408],"tags":[926,732],"sport":[2785],"saison":[7475],"class_list":["post-1504301","post","type-post","status-publish","format-standard","has-post-thumbnail","hentry","category-actualite-nfl","category-football-americain","category-nfl","category-sports","tag-denver-broncos","tag-new-york-jets","sport-nfl","saison-7475"],"acf":[],"yoast_head":"<!-- This site is optimized with the Yoast SEO plugin v24.2 - https:\/\/yoast.com\/wordpress\/plugins\/seo\/ -->\n<title>Jets - Broncos (11-13): La d&eacute;fense des Broncos ne souffre pas du Jets lag! - The Playoffs FR<\/title>\n<meta name=\"description\" content=\"R&eacute;sum&eacute; complet de la rencontre disput&eacute;e pour le compte de la semaine 6 NFL entre les New York Jets et les Denver Broncos\" \/>\n<meta name=\"robots\" content=\"index, follow, max-snippet:-1, max-image-preview:large, max-video-preview:-1\" \/>\n<link rel=\"canonical\" href=\"https:\/\/theplayoffs.news\/fr\/actualite-nfl\/jets-broncos-11-13-la-defense-des-broncos-ne-souffre-pas-du-jets-lag\/\" \/>\n<meta property=\"og:locale\" content=\"fr_FR\" \/>\n<meta property=\"og:type\" content=\"article\" \/>\n<meta property=\"og:title\" content=\"Jets - Broncos (11-13): La d&eacute;fense des Broncos ne souffre pas du Jets lag! - The Playoffs FR\" \/>\n<meta property=\"og:description\" content=\"R&eacute;sum&eacute; complet de la rencontre disput&eacute;e pour le compte de la semaine 6 NFL entre les New York Jets et les Denver Broncos\" \/>\n<meta property=\"og:url\" content=\"https:\/\/theplayoffs.news\/fr\/actualite-nfl\/jets-broncos-11-13-la-defense-des-broncos-ne-souffre-pas-du-jets-lag\/\" \/>\n<meta property=\"og:site_name\" content=\"The Playoffs FR\" \/>\n<meta property=\"article:publisher\" content=\"https:\/\/www.facebook.com\/TheFreeAgentFR\/\" \/>\n<meta property=\"article:modified_time\" content=\"2025-10-12T18:40:25+02:00\" \/>\n<meta property=\"og:image\" content=\"https:\/\/theplayoffs.news\/fr\/wp-content\/uploads\/2025\/10\/USATSI_27307906.jpg\" \/>\n\t<meta property=\"og:image:width\" content=\"1920\" \/>\n\t<meta property=\"og:image:height\" content=\"1260\" \/>\n\t<meta property=\"og:image:type\" content=\"image\/jpeg\" \/>\n<meta name=\"author\" content=\"Flavien Jumeau\" \/>\n<meta name=\"twitter:card\" content=\"summary_large_image\" \/>\n<meta name=\"twitter:creator\" content=\"@TheFreeAgentFR\" \/>\n<meta name=\"twitter:site\" content=\"@TheFreeAgentFR\" \/>\n<meta name=\"twitter:label1\" content=\"\u00c9crit par\" \/>\n\t<meta name=\"twitter:data1\" content=\"Flavien Jumeau\" \/>\n\t<meta name=\"twitter:label2\" content=\"Dur\u00e9e de lecture estim\u00e9e\" \/>\n\t<meta name=\"twitter:data2\" content=\"4 minutes\" \/>\n<script type=\"application\/ld+json\" class=\"yoast-schema-graph\">{\"@context\":\"https:\/\/schema.org\",\"@graph\":[{\"@type\":\"WebPage\",\"@id\":\"https:\/\/theplayoffs.news\/fr\/actualite-nfl\/jets-broncos-11-13-la-defense-des-broncos-ne-souffre-pas-du-jets-lag\/\",\"url\":\"https:\/\/theplayoffs.news\/fr\/actualite-nfl\/jets-broncos-11-13-la-defense-des-broncos-ne-souffre-pas-du-jets-lag\/\",\"name\":\"Jets - Broncos (11-13): La d\u00e9fense des Broncos ne souffre pas du Jets lag! - The Playoffs FR\",\"isPartOf\":{\"@id\":\"https:\/\/theplayoffs.news\/fr\/#website\"},\"primaryImageOfPage\":{\"@id\":\"https:\/\/theplayoffs.news\/fr\/actualite-nfl\/jets-broncos-11-13-la-defense-des-broncos-ne-souffre-pas-du-jets-lag\/#primaryimage\"},\"image\":{\"@id\":\"https:\/\/theplayoffs.news\/fr\/actualite-nfl\/jets-broncos-11-13-la-defense-des-broncos-ne-souffre-pas-du-jets-lag\/#primaryimage\"},\"thumbnailUrl\":\"https:\/\/theplayoffs.news\/fr\/wp-content\/uploads\/2025\/10\/USATSI_27307906.jpg\",\"datePublished\":\"2025-10-12T16:40:18+00:00\",\"dateModified\":\"2025-10-12T16:40:25+00:00\",\"author\":{\"@id\":\"https:\/\/theplayoffs.news\/fr\/#\/schema\/person\/def63bc6746dc5957469b75feb99e66d\"},\"description\":\"R\u00e9sum\u00e9 complet de la rencontre disput\u00e9e pour le compte de la semaine 6 NFL entre les New York Jets et les Denver Broncos\",\"breadcrumb\":{\"@id\":\"https:\/\/theplayoffs.news\/fr\/actualite-nfl\/jets-broncos-11-13-la-defense-des-broncos-ne-souffre-pas-du-jets-lag\/#breadcrumb\"},\"inLanguage\":\"fr-FR\",\"potentialAction\":[{\"@type\":\"ReadAction\",\"target\":[\"https:\/\/theplayoffs.news\/fr\/actualite-nfl\/jets-broncos-11-13-la-defense-des-broncos-ne-souffre-pas-du-jets-lag\/\"]}]},{\"@type\":\"ImageObject\",\"inLanguage\":\"fr-FR\",\"@id\":\"https:\/\/theplayoffs.news\/fr\/actualite-nfl\/jets-broncos-11-13-la-defense-des-broncos-ne-souffre-pas-du-jets-lag\/#primaryimage\",\"url\":\"https:\/\/theplayoffs.news\/fr\/wp-content\/uploads\/2025\/10\/USATSI_27307906.jpg\",\"contentUrl\":\"https:\/\/theplayoffs.news\/fr\/wp-content\/uploads\/2025\/10\/USATSI_27307906.jpg\",\"width\":1920,\"height\":1260,\"caption\":\"Oct 12, 2025; Tottenham, United Kingdom; New York Jets quarterback Justin Fields (7) is tackled by Denver Broncos linebacker Nik Bonitto (15) during an NFL International Series game at Tottenham Hotspur Stadium. Mandatory Credit: Kirby Lee-Imagn Images\"},{\"@type\":\"BreadcrumbList\",\"@id\":\"https:\/\/theplayoffs.news\/fr\/actualite-nfl\/jets-broncos-11-13-la-defense-des-broncos-ne-souffre-pas-du-jets-lag\/#breadcrumb\",\"itemListElement\":[{\"@type\":\"ListItem\",\"position\":1,\"name\":\"Accueil\",\"item\":\"https:\/\/theplayoffs.news\/fr\/\"},{\"@type\":\"ListItem\",\"position\":2,\"name\":\"Jets &#8211; Broncos (11-13): La d\u00e9fense des Broncos ne souffre pas du Jets lag!\"}]},{\"@type\":\"WebSite\",\"@id\":\"https:\/\/theplayoffs.news\/fr\/#website\",\"url\":\"https:\/\/theplayoffs.news\/fr\/\",\"name\":\"The Playoffs FR\",\"description\":\"NBA-NFL-NHL-MLB\",\"potentialAction\":[{\"@type\":\"SearchAction\",\"target\":{\"@type\":\"EntryPoint\",\"urlTemplate\":\"https:\/\/theplayoffs.news\/fr\/?s={search_term_string}\"},\"query-input\":{\"@type\":\"PropertyValueSpecification\",\"valueRequired\":true,\"valueName\":\"search_term_string\"}}],\"inLanguage\":\"fr-FR\"},{\"@type\":\"Person\",\"@id\":\"https:\/\/theplayoffs.news\/fr\/#\/schema\/person\/def63bc6746dc5957469b75feb99e66d\",\"name\":\"Flavien Jumeau\",\"image\":{\"@type\":\"ImageObject\",\"inLanguage\":\"fr-FR\",\"@id\":\"https:\/\/theplayoffs.news\/fr\/#\/schema\/person\/image\/\",\"url\":\"https:\/\/secure.gravatar.com\/avatar\/e7fa8ba5a4b7e4ce35fe152f083f352db28ad0acce692004ed88a7a7d78893f7?s=96&d=mm&r=g\",\"contentUrl\":\"https:\/\/secure.gravatar.com\/avatar\/e7fa8ba5a4b7e4ce35fe152f083f352db28ad0acce692004ed88a7a7d78893f7?s=96&d=mm&r=g\",\"caption\":\"Flavien Jumeau\"},\"description\":\"Amoureux du sport (et de vraiment tous les sports) depuis mon plus jeune \u00e2ge, j\u2019ai longtemps h\u00e9site entre le snooker et le curling. Finalement c\u2019est le foot US que j\u2019ai d\u00e9cid\u00e9 de choisir! Responsable foot US sur TPO et animateur du podcast Tailgate j\u2019ai pour mission de vous faire d\u00e9couvrir ce sport passionnant si ce n\u2019est pas encore fait et de vous donner les derni\u00e8res actus. Le tout dans la bonne humeur et avec toujours un jeu de mots ou deux savamment distill\u00e9s! Fan des Saints, pour moi Drew Brees est le vrai GOAT!\",\"url\":\"https:\/\/theplayoffs.news\/fr\/author\/flavien-jumeaugmail-com\/\"}]}<\/script>\n<!-- \/ Yoast SEO plugin. -->","yoast_head_json":{"title":"Jets - Broncos (11-13): La d&eacute;fense des Broncos ne souffre pas du Jets lag! - The Playoffs FR","description":"R&eacute;sum&eacute; complet de la rencontre disput&eacute;e pour le compte de la semaine 6 NFL entre les New York Jets et les Denver Broncos","robots":{"index":"index","follow":"follow","max-snippet":"max-snippet:-1","max-image-preview":"max-image-preview:large","max-video-preview":"max-video-preview:-1"},"canonical":"https:\/\/theplayoffs.news\/fr\/actualite-nfl\/jets-broncos-11-13-la-defense-des-broncos-ne-souffre-pas-du-jets-lag\/","og_locale":"fr_FR","og_type":"article","og_title":"Jets - Broncos (11-13): La d&eacute;fense des Broncos ne souffre pas du Jets lag! - The Playoffs FR","og_description":"R&eacute;sum&eacute; complet de la rencontre disput&eacute;e pour le compte de la semaine 6 NFL entre les New York Jets et les Denver Broncos","og_url":"https:\/\/theplayoffs.news\/fr\/actualite-nfl\/jets-broncos-11-13-la-defense-des-broncos-ne-souffre-pas-du-jets-lag\/","og_site_name":"The Playoffs FR","article_publisher":"https:\/\/www.facebook.com\/TheFreeAgentFR\/","article_modified_time":"2025-10-12T16:40:25+00:00","og_image":[{"width":1920,"height":1260,"url":"https:\/\/theplayoffs.news\/fr\/wp-content\/uploads\/2025\/10\/USATSI_27307906.jpg","type":"image\/jpeg"}],"author":"Flavien Jumeau","twitter_card":"summary_large_image","twitter_creator":"@TheFreeAgentFR","twitter_site":"@TheFreeAgentFR","twitter_misc":{"\u00c9crit par":"Flavien Jumeau","Dur\u00e9e de lecture estim\u00e9e":"4 minutes"},"schema":{"@context":"https:\/\/schema.org","@graph":[{"@type":"WebPage","@id":"https:\/\/theplayoffs.news\/fr\/actualite-nfl\/jets-broncos-11-13-la-defense-des-broncos-ne-souffre-pas-du-jets-lag\/","url":"https:\/\/theplayoffs.news\/fr\/actualite-nfl\/jets-broncos-11-13-la-defense-des-broncos-ne-souffre-pas-du-jets-lag\/","name":"Jets - Broncos (11-13): La d\u00e9fense des Broncos ne souffre pas du Jets lag! - The Playoffs FR","isPartOf":{"@id":"https:\/\/theplayoffs.news\/fr\/#website"},"primaryImageOfPage":{"@id":"https:\/\/theplayoffs.news\/fr\/actualite-nfl\/jets-broncos-11-13-la-defense-des-broncos-ne-souffre-pas-du-jets-lag\/#primaryimage"},"image":{"@id":"https:\/\/theplayoffs.news\/fr\/actualite-nfl\/jets-broncos-11-13-la-defense-des-broncos-ne-souffre-pas-du-jets-lag\/#primaryimage"},"thumbnailUrl":"https:\/\/theplayoffs.news\/fr\/wp-content\/uploads\/2025\/10\/USATSI_27307906.jpg","datePublished":"2025-10-12T16:40:18+00:00","dateModified":"2025-10-12T16:40:25+00:00","author":{"@id":"https:\/\/theplayoffs.news\/fr\/#\/schema\/person\/def63bc6746dc5957469b75feb99e66d"},"description":"R\u00e9sum\u00e9 complet de la rencontre disput\u00e9e pour le compte de la semaine 6 NFL entre les New York Jets et les Denver Broncos","breadcrumb":{"@id":"https:\/\/theplayoffs.news\/fr\/actualite-nfl\/jets-broncos-11-13-la-defense-des-broncos-ne-souffre-pas-du-jets-lag\/#breadcrumb"},"inLanguage":"fr-FR","potentialAction":[{"@type":"ReadAction","target":["https:\/\/theplayoffs.news\/fr\/actualite-nfl\/jets-broncos-11-13-la-defense-des-broncos-ne-souffre-pas-du-jets-lag\/"]}]},{"@type":"ImageObject","inLanguage":"fr-FR","@id":"https:\/\/theplayoffs.news\/fr\/actualite-nfl\/jets-broncos-11-13-la-defense-des-broncos-ne-souffre-pas-du-jets-lag\/#primaryimage","url":"https:\/\/theplayoffs.news\/fr\/wp-content\/uploads\/2025\/10\/USATSI_27307906.jpg","contentUrl":"https:\/\/theplayoffs.news\/fr\/wp-content\/uploads\/2025\/10\/USATSI_27307906.jpg","width":1920,"height":1260,"caption":"Oct 12, 2025; Tottenham, United Kingdom; New York Jets quarterback Justin Fields (7) is tackled by Denver Broncos linebacker Nik Bonitto (15) during an NFL International Series game at Tottenham Hotspur Stadium. Mandatory Credit: Kirby Lee-Imagn Images"},{"@type":"BreadcrumbList","@id":"https:\/\/theplayoffs.news\/fr\/actualite-nfl\/jets-broncos-11-13-la-defense-des-broncos-ne-souffre-pas-du-jets-lag\/#breadcrumb","itemListElement":[{"@type":"ListItem","position":1,"name":"Accueil","item":"https:\/\/theplayoffs.news\/fr\/"},{"@type":"ListItem","position":2,"name":"Jets &#8211; Broncos (11-13): La d\u00e9fense des Broncos ne souffre pas du Jets lag!"}]},{"@type":"WebSite","@id":"https:\/\/theplayoffs.news\/fr\/#website","url":"https:\/\/theplayoffs.news\/fr\/","name":"The Playoffs FR","description":"NBA-NFL-NHL-MLB","potentialAction":[{"@type":"SearchAction","target":{"@type":"EntryPoint","urlTemplate":"https:\/\/theplayoffs.news\/fr\/?s={search_term_string}"},"query-input":{"@type":"PropertyValueSpecification","valueRequired":true,"valueName":"search_term_string"}}],"inLanguage":"fr-FR"},{"@type":"Person","@id":"https:\/\/theplayoffs.news\/fr\/#\/schema\/person\/def63bc6746dc5957469b75feb99e66d","name":"Flavien Jumeau","image":{"@type":"ImageObject","inLanguage":"fr-FR","@id":"https:\/\/theplayoffs.news\/fr\/#\/schema\/person\/image\/","url":"https:\/\/secure.gravatar.com\/avatar\/e7fa8ba5a4b7e4ce35fe152f083f352db28ad0acce692004ed88a7a7d78893f7?s=96&d=mm&r=g","contentUrl":"https:\/\/secure.gravatar.com\/avatar\/e7fa8ba5a4b7e4ce35fe152f083f352db28ad0acce692004ed88a7a7d78893f7?s=96&d=mm&r=g","caption":"Flavien Jumeau"},"description":"Amoureux du sport (et de vraiment tous les sports) depuis mon plus jeune \u00e2ge, j\u2019ai longtemps h\u00e9site entre le snooker et le curling. Finalement c\u2019est le foot US que j\u2019ai d\u00e9cid\u00e9 de choisir! Responsable foot US sur TPO et animateur du podcast Tailgate j\u2019ai pour mission de vous faire d\u00e9couvrir ce sport passionnant si ce n\u2019est pas encore fait et de vous donner les derni\u00e8res actus. Le tout dans la bonne humeur et avec toujours un jeu de mots ou deux savamment distill\u00e9s! Fan des Saints, pour moi Drew Brees est le vrai GOAT!","url":"https:\/\/theplayoffs.news\/fr\/author\/flavien-jumeaugmail-com\/"}]}},"_links":{"self":[{"href":"https:\/\/theplayoffs.news\/fr\/wp-json\/wp\/v2\/posts\/1504301","targetHints":{"allow":["GET"]}}],"collection":[{"href":"https:\/\/theplayoffs.news\/fr\/wp-json\/wp\/v2\/posts"}],"about":[{"href":"https:\/\/theplayoffs.news\/fr\/wp-json\/wp\/v2\/types\/post"}],"author":[{"embeddable":true,"href":"https:\/\/theplayoffs.news\/fr\/wp-json\/wp\/v2\/users\/180309964"}],"replies":[{"embeddable":true,"href":"https:\/\/theplayoffs.news\/fr\/wp-json\/wp\/v2\/comments?post=1504301"}],"version-history":[{"count":3,"href":"https:\/\/theplayoffs.news\/fr\/wp-json\/wp\/v2\/posts\/1504301\/revisions"}],"predecessor-version":[{"id":1504325,"href":"https:\/\/theplayoffs.news\/fr\/wp-json\/wp\/v2\/posts\/1504301\/revisions\/1504325"}],"wp:featuredmedia":[{"embeddable":true,"href":"https:\/\/theplayoffs.news\/fr\/wp-json\/wp\/v2\/media\/1504304"}],"wp:attachment":[{"href":"https:\/\/theplayoffs.news\/fr\/wp-json\/wp\/v2\/media?parent=1504301"}],"wp:term":[{"taxonomy":"category","embeddable":true,"href":"https:\/\/theplayoffs.news\/fr\/wp-json\/wp\/v2\/categories?post=1504301"},{"taxonomy":"post_tag","embeddable":true,"href":"https:\/\/theplayoffs.news\/fr\/wp-json\/wp\/v2\/tags?post=1504301"},{"taxonomy":"sport","embeddable":true,"href":"https:\/\/theplayoffs.news\/fr\/wp-json\/wp\/v2\/sport?post=1504301"},{"taxonomy":"saison","embeddable":true,"href":"https:\/\/theplayoffs.news\/fr\/wp-json\/wp\/v2\/saison?post=1504301"}],"curies":[{"name":"wp","href":"https:\/\/api.w.org\/{rel}","templated":true}]}}