{"id":1504103,"date":"2025-10-09T10:26:49","date_gmt":"2025-10-09T08:26:49","guid":{"rendered":"https:\/\/theplayoffs.news\/fr\/uncategorized\/\/"},"modified":"2025-10-09T10:28:26","modified_gmt":"2025-10-09T08:28:26","slug":"the-decision-2-un-fan-des-lakers-attaque-lebron-james-en-justice","status":"publish","type":"post","link":"https:\/\/theplayoffs.news\/fr\/actualite-nba\/the-decision-2-un-fan-des-lakers-attaque-lebron-james-en-justice\/","title":{"rendered":"The Decision 2 : un fan des Lakers attaque LeBron James en justice !"},"content":{"rendered":"<p>Dire que <a href=\"https:\/\/www.basketball-reference.com\/players\/j\/jamesle01.html\" target=\"_blank\" rel=\"noreferrer noopener\" class=\"trk-cta-link\" data-cta-trk='{\"ctaType\":\"Link\",\"ctaSubType\":\"main\"}'>LeBron James<\/a> a pris le monde du basket par surprise mardi rel&egrave;ve de l&rsquo;euph&eacute;misme. Alors que les fans comme les observateurs attendaient impatiemment de voir le <strong>King <\/strong>annoncer sa retraite &agrave; l&rsquo;issue de l&rsquo;exercice 2025-2026 par le biais d&rsquo;une allocution m&eacute;diatique m&eacute;ticuleusement orchestr&eacute;e, le quadruple MVP <a href=\"https:\/\/theplayoffs.news\/fr\/category\/sports\/basketball-sports\/nba\/\" target=\"_blank\" rel=\"noreferrer noopener\" class=\"trk-cta-link\" data-cta-trk='{\"ctaType\":\"Link\",\"ctaSubType\":\"main\"}'>NBA <\/a>s&rsquo;est finalement fendu d&rsquo;une publicit&eacute; pour un spiritueux. <\/p><figure class=\"wp-block-embed is-type-rich is-provider-twitter wp-block-embed-twitter\"><div class=\"wp-block-embed__wrapper\">\n<blockquote class=\"twitter-tweet\" data-width=\"500\" data-dnt=\"true\"><p lang=\"en\" dir=\"ltr\">The decision of all decisions. October 7th. 12pm EST. &#129761;&#128081; <a href=\"https:\/\/twitter.com\/hashtag\/TheSecondDecision?src=hash&amp;ref_src=twsrc%5Etfw\" class=\"trk-cta-link\" data-cta-trk='{\"ctaType\":\"Link\",\"ctaSubType\":\"main\"}'>#TheSecondDecision<\/a> <a href=\"https:\/\/t.co\/1uop8sIU25\" class=\"trk-cta-link\" data-cta-trk='{\"ctaType\":\"Link\",\"ctaSubType\":\"main\"}'>pic.twitter.com\/1uop8sIU25<\/a><\/p>&mdash; LeBron James (@KingJames) <a href=\"https:\/\/twitter.com\/KingJames\/status\/1975258187046789292?ref_src=twsrc%5Etfw\" class=\"trk-cta-link\" data-cta-trk='{\"ctaType\":\"Link\",\"ctaSubType\":\"main\"}'>October 6, 2025<\/a><\/blockquote><script async src=\"https:\/\/platform.twitter.com\/widgets.js\" charset=\"utf-8\"><\/script>\n<\/div><\/figure><p>Un nouveau coup marketing de <strong>LeBron James<\/strong>, toujours enclin &agrave; voir son immense fortune fructifier, qui en d&eacute;pit d&rsquo;une certaine dose d&rsquo;humour, n&rsquo;a pas  fait que des heureux. Au point que la superstar des <strong>Lakers <\/strong>se retrouve aujourd&rsquo;hui poursuivie par un supporter <strong>angelinos <\/strong>dup&eacute; par le teasing r&eacute;alis&eacute; par le kid d&rsquo;Akron sur les r&eacute;seaux sociaux.<\/p><figure class=\"wp-block-embed is-type-rich is-provider-twitter wp-block-embed-twitter\"><div class=\"wp-block-embed__wrapper\">\n<blockquote class=\"twitter-tweet\" data-width=\"500\" data-dnt=\"true\"><p lang=\"en\" dir=\"ltr\">A frustrated Lakers fan is suing LeBron James after being &ldquo;duped&rdquo; by his Decision 2.0 Hennessy ad &mdash; which led him to buy two tickets to the Lakers&rsquo; final game, per TMZ.<br><br>The fan claims the tickets lost all their value and is seeking $856 in damages. <a href=\"https:\/\/t.co\/FFApyQI69z\" class=\"trk-cta-link\" data-cta-trk='{\"ctaType\":\"Link\",\"ctaSubType\":\"main\"}'>pic.twitter.com\/FFApyQI69z<\/a><\/p>&mdash; Legion Hoops (@LegionHoops) <a href=\"https:\/\/twitter.com\/LegionHoops\/status\/1976042732520116423?ref_src=twsrc%5Etfw\" class=\"trk-cta-link\" data-cta-trk='{\"ctaType\":\"Link\",\"ctaSubType\":\"main\"}'>October 8, 2025<\/a><\/blockquote><script async src=\"https:\/\/platform.twitter.com\/widgets.js\" charset=\"utf-8\"><\/script>\n<\/div><\/figure><p>Selon <strong>TMZ Sports<\/strong>, un d&eacute;nomm&eacute; Andrew Garcia aurait ainsi lanc&eacute; une action en justice pour &laquo;&nbsp;fraude, duperie et mensonge&nbsp;&raquo; &agrave; l&rsquo;endroit de LeBron James. Flou&eacute; par la campagne de communication de l&rsquo;ancien Cavalier de <strong>Cleveland<\/strong>, anticipant l&rsquo;annonce de son retrait des parquets &agrave; l&rsquo;issue de la prochaine saison, l&rsquo;homme de 29 ans se serait empress&eacute; d&rsquo;acheter deux tickets d&rsquo;une valeur de 432$ pour &ecirc;tre certain d&rsquo;assister aux derniers pas de <strong>LBJ <\/strong>en NBA.<\/p><p>Une somme totale de 865$ qu&rsquo;Andrew Garcia entend bien se voir rembourser par <strong>LeBron James<\/strong>, pr&eacute;textant qu&rsquo;il &laquo;&nbsp;n&rsquo;aurait jamais achet&eacute; ces billets s&rsquo;il ne prenait pas sa retraite&nbsp;&raquo;.<\/p><div class=\"related-slider related-slider--loading\">\n    <div class=\"related-slider__header\">\n        <div class=\"related-slider__header__title\">Ce que vous devriez lire ensuite &#128071;&#127995;<\/div>\n        <div class=\"related-slider__header__buttons\">\n            <div class=\"swiper-button-prev\"><\/div>\n            <div class=\"swiper-button-next\"><\/div>\n        <\/div>\n    <\/div>\n    <div class=\"swiper-container\">\n        <div class=\"swiper-wrapper\">\n                            <div class=\"swiper-slide\">\n                    <a class=\"related-slider-card  trk-cta-img\" href=\"https:\/\/theplayoffs.news\/fr\/sports\/pronostic-nba-les-cavaliers-de-nouveau-parmi-les-favoris\/\" title=\"Pronostic NBA : les Cavaliers de nouveau parmi les favoris ?\" data-cta-trk='{\"ctaType\":\"Image\",\"ctaSubType\":\"main\"}'>\n    <div class=\"related-slider-card__image\">\n        <img loading=\"lazy\" decoding=\"async\" width=\"600\" height=\"400\" src=\"https:\/\/theplayoffs.news\/fr\/wp-content\/uploads\/2026\/02\/USATSI_25807878_168419921_lowres-600x400.jpg\" class=\"attachment-medium size-medium wp-post-image\" alt=\"Cavaliers\" srcset=\"https:\/\/theplayoffs.news\/fr\/wp-content\/uploads\/2026\/02\/USATSI_25807878_168419921_lowres-600x400.jpg 600w, https:\/\/theplayoffs.news\/fr\/wp-content\/uploads\/2026\/02\/USATSI_25807878_168419921_lowres-1200x800.jpg 1200w, https:\/\/theplayoffs.news\/fr\/wp-content\/uploads\/2026\/02\/USATSI_25807878_168419921_lowres-768x512.jpg 768w, https:\/\/theplayoffs.news\/fr\/wp-content\/uploads\/2026\/02\/USATSI_25807878_168419921_lowres-1536x1024.jpg 1536w, https:\/\/theplayoffs.news\/fr\/wp-content\/uploads\/2026\/02\/USATSI_25807878_168419921_lowres-1320x880.jpg 1320w, https:\/\/theplayoffs.news\/fr\/wp-content\/uploads\/2026\/02\/USATSI_25807878_168419921_lowres.jpg 1920w\" sizes=\"auto, (max-width: 600px) 100vw, 600px\">\n                            <\/div>\n    <div class=\"related-slider-card__content\">\n        <div class=\"related-slider-card__content__tags\">\n                            <div class=\"related-slider-card__content__tags__category\">\n                    NBA\n                <\/div>\n                        <div class=\"related-slider-card__content__tags__date\" data-dynamic-date=\"2026-02-11T10:05:28+01:00\">\n                11 f&eacute;vrier 2026\n            <\/div>\n        <\/div>\n        <div class=\"related-slider-card__content__title\">\n            Pronostic NBA : les Cavaliers de nouveau parmi les favoris ?\n        <\/div>\n                    <div class=\"related-slider-card__content__read-more\">\n                Voir plus\n                <i>\n                    <svg width=\"17\" height=\"15\" viewbox=\"0 0 17 15\" fill=\"none\" xmlns=\"http:\/\/www.w3.org\/2000\/svg\">\n<path d=\"M1 6.5C0.447715 6.5 0 6.94772 0 7.5C0 8.05228 0.447715 8.5 1 8.5V6.5ZM16.7071 8.20711C17.0976 7.81658 17.0976 7.18342 16.7071 6.79289L10.3431 0.428932C9.95262 0.0384078 9.31946 0.0384078 8.92893 0.428932C8.53841 0.819457 8.53841 1.45262 8.92893 1.84315L14.5858 7.5L8.92893 13.1569C8.53841 13.5474 8.53841 14.1805 8.92893 14.5711C9.31946 14.9616 9.95262 14.9616 10.3431 14.5711L16.7071 8.20711ZM1 7.5V8.5H8.5V7.5V6.5H1V7.5ZM8.5 7.5V8.5H16V7.5V6.5H8.5V7.5Z\" fill=\"white\"><\/path>\n<\/svg>\n\n                <\/i>\n            <\/div>\n            <\/div>\n<\/a>\n\n                <\/div>\n                            <div class=\"swiper-slide\">\n                    <a class=\"related-slider-card  trk-cta-img\" href=\"https:\/\/theplayoffs.news\/fr\/actualite-nba\/resultats-nba-18-12-les-mavs-douchent-les-pistons-maxime-raynaud-superstar\/\" title=\"R&eacute;sultats NBA (18\/12): les Mavs douchent les Pistons, Maxime Raynaud superstar !\" data-cta-trk='{\"ctaType\":\"Image\",\"ctaSubType\":\"main\"}'>\n    <div class=\"related-slider-card__image\">\n        <img loading=\"lazy\" decoding=\"async\" width=\"600\" height=\"400\" src=\"https:\/\/theplayoffs.news\/fr\/wp-content\/uploads\/2025\/12\/USATSI_27848729_168402440_lowres-600x400.jpg\" class=\"attachment-medium size-medium wp-post-image\" alt=\"NBA Cooper Flagg Nikola Jokic Maxime Raynaud Cade Cunningham\" srcset=\"https:\/\/theplayoffs.news\/fr\/wp-content\/uploads\/2025\/12\/USATSI_27848729_168402440_lowres-600x400.jpg 600w, https:\/\/theplayoffs.news\/fr\/wp-content\/uploads\/2025\/12\/USATSI_27848729_168402440_lowres-1200x800.jpg 1200w, https:\/\/theplayoffs.news\/fr\/wp-content\/uploads\/2025\/12\/USATSI_27848729_168402440_lowres-768x512.jpg 768w, https:\/\/theplayoffs.news\/fr\/wp-content\/uploads\/2025\/12\/USATSI_27848729_168402440_lowres-1536x1024.jpg 1536w, https:\/\/theplayoffs.news\/fr\/wp-content\/uploads\/2025\/12\/USATSI_27848729_168402440_lowres-1320x880.jpg 1320w, https:\/\/theplayoffs.news\/fr\/wp-content\/uploads\/2025\/12\/USATSI_27848729_168402440_lowres.jpg 1920w\" sizes=\"auto, (max-width: 600px) 100vw, 600px\">\n                            <\/div>\n    <div class=\"related-slider-card__content\">\n        <div class=\"related-slider-card__content__tags\">\n                            <div class=\"related-slider-card__content__tags__category\">\n                    Actualit&eacute; NBA\n                <\/div>\n                        <div class=\"related-slider-card__content__tags__date\" data-dynamic-date=\"2025-12-19T09:45:57+01:00\">\n                19 d&eacute;cembre 2025\n            <\/div>\n        <\/div>\n        <div class=\"related-slider-card__content__title\">\n            R&eacute;sultats NBA (18\/12): les Mavs douchent les Pistons, Maxime Raynaud superstar !\n        <\/div>\n                    <div class=\"related-slider-card__content__read-more\">\n                Voir plus\n                <i>\n                    <svg width=\"17\" height=\"15\" viewbox=\"0 0 17 15\" fill=\"none\" xmlns=\"http:\/\/www.w3.org\/2000\/svg\">\n<path d=\"M1 6.5C0.447715 6.5 0 6.94772 0 7.5C0 8.05228 0.447715 8.5 1 8.5V6.5ZM16.7071 8.20711C17.0976 7.81658 17.0976 7.18342 16.7071 6.79289L10.3431 0.428932C9.95262 0.0384078 9.31946 0.0384078 8.92893 0.428932C8.53841 0.819457 8.53841 1.45262 8.92893 1.84315L14.5858 7.5L8.92893 13.1569C8.53841 13.5474 8.53841 14.1805 8.92893 14.5711C9.31946 14.9616 9.95262 14.9616 10.3431 14.5711L16.7071 8.20711ZM1 7.5V8.5H8.5V7.5V6.5H1V7.5ZM8.5 7.5V8.5H16V7.5V6.5H8.5V7.5Z\" fill=\"white\"><\/path>\n<\/svg>\n\n                <\/i>\n            <\/div>\n            <\/div>\n<\/a>\n\n                <\/div>\n                            <div class=\"swiper-slide\">\n                    <a class=\"related-slider-card  trk-cta-img\" href=\"https:\/\/theplayoffs.news\/fr\/actualite-nba\/resultats-nba-17-12-chicago-enfonce-les-cavs-memphis-en-patron-dans-le-minnesota\/\" title=\"R&eacute;sultats NBA (17\/12): Chicago enfonce les Cavs, Memphis en patron dans le Minnesota !\" data-cta-trk='{\"ctaType\":\"Image\",\"ctaSubType\":\"main\"}'>\n    <div class=\"related-slider-card__image\">\n        <img loading=\"lazy\" decoding=\"async\" width=\"600\" height=\"400\" src=\"https:\/\/theplayoffs.news\/fr\/wp-content\/uploads\/2025\/12\/USATSI_27840419_168402440_lowres-600x400.jpg\" class=\"attachment-medium size-medium wp-post-image\" alt=\"NBA Minnesota Timberwolves Ja Morant Anthony Edwards Rudy Gobert Julius Randle Josh Giddey\" srcset=\"https:\/\/theplayoffs.news\/fr\/wp-content\/uploads\/2025\/12\/USATSI_27840419_168402440_lowres-600x400.jpg 600w, https:\/\/theplayoffs.news\/fr\/wp-content\/uploads\/2025\/12\/USATSI_27840419_168402440_lowres-1200x799.jpg 1200w, https:\/\/theplayoffs.news\/fr\/wp-content\/uploads\/2025\/12\/USATSI_27840419_168402440_lowres-768x512.jpg 768w, https:\/\/theplayoffs.news\/fr\/wp-content\/uploads\/2025\/12\/USATSI_27840419_168402440_lowres-1536x1023.jpg 1536w, https:\/\/theplayoffs.news\/fr\/wp-content\/uploads\/2025\/12\/USATSI_27840419_168402440_lowres-1320x879.jpg 1320w, https:\/\/theplayoffs.news\/fr\/wp-content\/uploads\/2025\/12\/USATSI_27840419_168402440_lowres.jpg 1920w\" sizes=\"auto, (max-width: 600px) 100vw, 600px\">\n                            <\/div>\n    <div class=\"related-slider-card__content\">\n        <div class=\"related-slider-card__content__tags\">\n                            <div class=\"related-slider-card__content__tags__category\">\n                    Actualit&eacute; NBA\n                <\/div>\n                        <div class=\"related-slider-card__content__tags__date\" data-dynamic-date=\"2025-12-18T14:27:38+01:00\">\n                18 d&eacute;cembre 2025\n            <\/div>\n        <\/div>\n        <div class=\"related-slider-card__content__title\">\n            R&eacute;sultats NBA (17\/12): Chicago enfonce les Cavs, Memphis en patron dans le Minnesota !\n        <\/div>\n                    <div class=\"related-slider-card__content__read-more\">\n                Voir plus\n                <i>\n                    <svg width=\"17\" height=\"15\" viewbox=\"0 0 17 15\" fill=\"none\" xmlns=\"http:\/\/www.w3.org\/2000\/svg\">\n<path d=\"M1 6.5C0.447715 6.5 0 6.94772 0 7.5C0 8.05228 0.447715 8.5 1 8.5V6.5ZM16.7071 8.20711C17.0976 7.81658 17.0976 7.18342 16.7071 6.79289L10.3431 0.428932C9.95262 0.0384078 9.31946 0.0384078 8.92893 0.428932C8.53841 0.819457 8.53841 1.45262 8.92893 1.84315L14.5858 7.5L8.92893 13.1569C8.53841 13.5474 8.53841 14.1805 8.92893 14.5711C9.31946 14.9616 9.95262 14.9616 10.3431 14.5711L16.7071 8.20711ZM1 7.5V8.5H8.5V7.5V6.5H1V7.5ZM8.5 7.5V8.5H16V7.5V6.5H8.5V7.5Z\" fill=\"white\"><\/path>\n<\/svg>\n\n                <\/i>\n            <\/div>\n            <\/div>\n<\/a>\n\n                <\/div>\n                            <div class=\"swiper-slide\">\n                    <a class=\"related-slider-card  trk-cta-img\" href=\"https:\/\/theplayoffs.news\/fr\/actualite-nba\/resultats-nba-cup-16-12-jalen-brunson-mvp-les-knicks-soffrent-un-premier-trophee-depuis-1973\/\" title=\"R&eacute;sultats NBA Cup (16\/12): Jalen Brunson MVP, les Knicks s&rsquo;offrent un premier troph&eacute;e depuis 1973 !\" data-cta-trk='{\"ctaType\":\"Image\",\"ctaSubType\":\"main\"}'>\n    <div class=\"related-slider-card__image\">\n        <img loading=\"lazy\" decoding=\"async\" width=\"600\" height=\"450\" src=\"https:\/\/theplayoffs.news\/fr\/wp-content\/uploads\/2025\/12\/USATSI_27835319_168402440_lowres-600x450.jpg\" class=\"attachment-medium size-medium wp-post-image\" alt=\"Jalen Brunson Victor Wembanyama Knicks Spurs NBA Cup\" srcset=\"https:\/\/theplayoffs.news\/fr\/wp-content\/uploads\/2025\/12\/USATSI_27835319_168402440_lowres-600x450.jpg 600w, https:\/\/theplayoffs.news\/fr\/wp-content\/uploads\/2025\/12\/USATSI_27835319_168402440_lowres-1200x900.jpg 1200w, https:\/\/theplayoffs.news\/fr\/wp-content\/uploads\/2025\/12\/USATSI_27835319_168402440_lowres-768x576.jpg 768w, https:\/\/theplayoffs.news\/fr\/wp-content\/uploads\/2025\/12\/USATSI_27835319_168402440_lowres-1536x1152.jpg 1536w, https:\/\/theplayoffs.news\/fr\/wp-content\/uploads\/2025\/12\/USATSI_27835319_168402440_lowres-1320x990.jpg 1320w, https:\/\/theplayoffs.news\/fr\/wp-content\/uploads\/2025\/12\/USATSI_27835319_168402440_lowres.jpg 1920w\" sizes=\"auto, (max-width: 600px) 100vw, 600px\">\n                            <\/div>\n    <div class=\"related-slider-card__content\">\n        <div class=\"related-slider-card__content__tags\">\n                            <div class=\"related-slider-card__content__tags__category\">\n                    Actualit&eacute; NBA\n                <\/div>\n                        <div class=\"related-slider-card__content__tags__date\" data-dynamic-date=\"2025-12-17T09:44:05+01:00\">\n                17 d&eacute;cembre 2025\n            <\/div>\n        <\/div>\n        <div class=\"related-slider-card__content__title\">\n            R&eacute;sultats NBA Cup (16\/12): Jalen Brunson MVP, les Knicks s&rsquo;offrent un premier troph&eacute;e depuis 1973 !\n        <\/div>\n                    <div class=\"related-slider-card__content__read-more\">\n                Voir plus\n                <i>\n                    <svg width=\"17\" height=\"15\" viewbox=\"0 0 17 15\" fill=\"none\" xmlns=\"http:\/\/www.w3.org\/2000\/svg\">\n<path d=\"M1 6.5C0.447715 6.5 0 6.94772 0 7.5C0 8.05228 0.447715 8.5 1 8.5V6.5ZM16.7071 8.20711C17.0976 7.81658 17.0976 7.18342 16.7071 6.79289L10.3431 0.428932C9.95262 0.0384078 9.31946 0.0384078 8.92893 0.428932C8.53841 0.819457 8.53841 1.45262 8.92893 1.84315L14.5858 7.5L8.92893 13.1569C8.53841 13.5474 8.53841 14.1805 8.92893 14.5711C9.31946 14.9616 9.95262 14.9616 10.3431 14.5711L16.7071 8.20711ZM1 7.5V8.5H8.5V7.5V6.5H1V7.5ZM8.5 7.5V8.5H16V7.5V6.5H8.5V7.5Z\" fill=\"white\"><\/path>\n<\/svg>\n\n                <\/i>\n            <\/div>\n            <\/div>\n<\/a>\n\n                <\/div>\n                    <\/div>\n    <\/div>\n<\/div><p>Une plainte qui pourrait en amener d&rsquo;autres alors que les prix des billets pour les derniers matchs de la saison des <strong>Lakers <\/strong>avaient drastiquement augment&eacute; d&egrave;s l&rsquo;annonce de &laquo;&nbsp;The Second Decision&nbsp;&raquo;. Ainsi les billets les moins chers pour l&rsquo;ultime rencontre de saison r&eacute;guli&egrave;re des Purple &amp; Gold face au Jazz, pr&eacute;vue le 12 avril prochain, &eacute;taient pass&eacute;s de 82$ &agrave; 580$ !<\/p><p>Charge d&eacute;sormais &agrave; la justice de se prononcer sur l&rsquo;existence d&rsquo;une tromperie de la part de LeBron James et de ses partenaires.<\/p><p>Credit : &copy; Denis Poroy-Imagn Images<\/p>\n","protected":false},"excerpt":{"rendered":"","protected":false},"author":180310263,"featured_media":1504112,"comment_status":"closed","ping_status":"closed","sticky":false,"template":"","format":"standard","meta":{"inline_featured_image":false,"kia_subtitle":"","_mux_skip_reasons":[],"proofreadBy":0,"footnotes":""},"categories":[110],"tags":[116,117,23],"sport":[2783],"saison":[],"class_list":["post-1504103","post","type-post","status-publish","format-standard","has-post-thumbnail","hentry","category-actualite-nba","tag-lebron-james","tag-los-angeles-lakers","tag-nba-tag","sport-nba"],"acf":[],"yoast_head":"<!-- This site is optimized with the Yoast SEO plugin v24.2 - https:\/\/yoast.com\/wordpress\/plugins\/seo\/ -->\n<title>The Decision 2: un fan des Lakers attaque LeBron James en justice<\/title>\n<meta name=\"description\" content=\"Auteur d&#039;une incroyable op&eacute;ration marketing mardi, LeBron James est poursuivi en justice par un fan s&#039;estimant dup&eacute; par sa communication.\" \/>\n<meta name=\"robots\" content=\"index, follow, max-snippet:-1, max-image-preview:large, max-video-preview:-1\" \/>\n<link rel=\"canonical\" href=\"https:\/\/theplayoffs.news\/fr\/actualite-nba\/the-decision-2-un-fan-des-lakers-attaque-lebron-james-en-justice\/\" \/>\n<meta property=\"og:locale\" content=\"fr_FR\" \/>\n<meta property=\"og:type\" content=\"article\" \/>\n<meta property=\"og:title\" content=\"The Decision 2: un fan des Lakers attaque LeBron James en justice\" \/>\n<meta property=\"og:description\" content=\"Auteur d&#039;une incroyable op&eacute;ration marketing mardi, LeBron James est poursuivi en justice par un fan s&#039;estimant dup&eacute; par sa communication.\" \/>\n<meta property=\"og:url\" content=\"https:\/\/theplayoffs.news\/fr\/actualite-nba\/the-decision-2-un-fan-des-lakers-attaque-lebron-james-en-justice\/\" \/>\n<meta property=\"og:site_name\" content=\"The Playoffs FR\" \/>\n<meta property=\"article:publisher\" content=\"https:\/\/www.facebook.com\/TheFreeAgentFR\/\" \/>\n<meta property=\"article:modified_time\" content=\"2025-10-09T10:28:26+02:00\" \/>\n<meta property=\"og:image\" content=\"https:\/\/theplayoffs.news\/fr\/wp-content\/uploads\/2025\/10\/USATSI_27238449_168402440_lowres.jpg\" \/>\n\t<meta property=\"og:image:width\" content=\"1920\" \/>\n\t<meta property=\"og:image:height\" content=\"1280\" \/>\n\t<meta property=\"og:image:type\" content=\"image\/jpeg\" \/>\n<meta name=\"author\" content=\"Maxime Bodilis\" \/>\n<meta name=\"twitter:card\" content=\"summary_large_image\" \/>\n<meta name=\"twitter:creator\" content=\"@TheFreeAgentFR\" \/>\n<meta name=\"twitter:site\" content=\"@TheFreeAgentFR\" \/>\n<meta name=\"twitter:label1\" content=\"\u00c9crit par\" \/>\n\t<meta name=\"twitter:data1\" content=\"Maxime Bodilis\" \/>\n\t<meta name=\"twitter:label2\" content=\"Dur\u00e9e de lecture estim\u00e9e\" \/>\n\t<meta name=\"twitter:data2\" content=\"2 minutes\" \/>\n<script type=\"application\/ld+json\" class=\"yoast-schema-graph\">{\"@context\":\"https:\/\/schema.org\",\"@graph\":[{\"@type\":\"WebPage\",\"@id\":\"https:\/\/theplayoffs.news\/fr\/actualite-nba\/the-decision-2-un-fan-des-lakers-attaque-lebron-james-en-justice\/\",\"url\":\"https:\/\/theplayoffs.news\/fr\/actualite-nba\/the-decision-2-un-fan-des-lakers-attaque-lebron-james-en-justice\/\",\"name\":\"The Decision 2: un fan des Lakers attaque LeBron James en justice\",\"isPartOf\":{\"@id\":\"https:\/\/theplayoffs.news\/fr\/#website\"},\"primaryImageOfPage\":{\"@id\":\"https:\/\/theplayoffs.news\/fr\/actualite-nba\/the-decision-2-un-fan-des-lakers-attaque-lebron-james-en-justice\/#primaryimage\"},\"image\":{\"@id\":\"https:\/\/theplayoffs.news\/fr\/actualite-nba\/the-decision-2-un-fan-des-lakers-attaque-lebron-james-en-justice\/#primaryimage\"},\"thumbnailUrl\":\"https:\/\/theplayoffs.news\/fr\/wp-content\/uploads\/2025\/10\/USATSI_27238449_168402440_lowres.jpg\",\"datePublished\":\"2025-10-09T08:26:49+00:00\",\"dateModified\":\"2025-10-09T08:28:26+00:00\",\"author\":{\"@id\":\"https:\/\/theplayoffs.news\/fr\/#\/schema\/person\/d871768c70a3f830131ee72b74bbd11d\"},\"description\":\"Auteur d\\\\'une incroyable op\u00e9ration marketing mardi, LeBron James est poursuivi en justice par un fan s\\\\'estimant dup\u00e9 par sa communication.\",\"breadcrumb\":{\"@id\":\"https:\/\/theplayoffs.news\/fr\/actualite-nba\/the-decision-2-un-fan-des-lakers-attaque-lebron-james-en-justice\/#breadcrumb\"},\"inLanguage\":\"fr-FR\",\"potentialAction\":[{\"@type\":\"ReadAction\",\"target\":[\"https:\/\/theplayoffs.news\/fr\/actualite-nba\/the-decision-2-un-fan-des-lakers-attaque-lebron-james-en-justice\/\"]}]},{\"@type\":\"ImageObject\",\"inLanguage\":\"fr-FR\",\"@id\":\"https:\/\/theplayoffs.news\/fr\/actualite-nba\/the-decision-2-un-fan-des-lakers-attaque-lebron-james-en-justice\/#primaryimage\",\"url\":\"https:\/\/theplayoffs.news\/fr\/wp-content\/uploads\/2025\/10\/USATSI_27238449_168402440_lowres.jpg\",\"contentUrl\":\"https:\/\/theplayoffs.news\/fr\/wp-content\/uploads\/2025\/10\/USATSI_27238449_168402440_lowres.jpg\",\"width\":1920,\"height\":1280,\"caption\":\"NBA LeBron James Los Angeles Lakers\"},{\"@type\":\"BreadcrumbList\",\"@id\":\"https:\/\/theplayoffs.news\/fr\/actualite-nba\/the-decision-2-un-fan-des-lakers-attaque-lebron-james-en-justice\/#breadcrumb\",\"itemListElement\":[{\"@type\":\"ListItem\",\"position\":1,\"name\":\"Accueil\",\"item\":\"https:\/\/theplayoffs.news\/fr\/\"},{\"@type\":\"ListItem\",\"position\":2,\"name\":\"The Decision 2 : un fan des Lakers attaque LeBron James en justice !\"}]},{\"@type\":\"WebSite\",\"@id\":\"https:\/\/theplayoffs.news\/fr\/#website\",\"url\":\"https:\/\/theplayoffs.news\/fr\/\",\"name\":\"The Playoffs FR\",\"description\":\"NBA-NFL-NHL-MLB\",\"potentialAction\":[{\"@type\":\"SearchAction\",\"target\":{\"@type\":\"EntryPoint\",\"urlTemplate\":\"https:\/\/theplayoffs.news\/fr\/?s={search_term_string}\"},\"query-input\":{\"@type\":\"PropertyValueSpecification\",\"valueRequired\":true,\"valueName\":\"search_term_string\"}}],\"inLanguage\":\"fr-FR\"},{\"@type\":\"Person\",\"@id\":\"https:\/\/theplayoffs.news\/fr\/#\/schema\/person\/d871768c70a3f830131ee72b74bbd11d\",\"name\":\"Maxime Bodilis\",\"image\":{\"@type\":\"ImageObject\",\"inLanguage\":\"fr-FR\",\"@id\":\"https:\/\/theplayoffs.news\/fr\/#\/schema\/person\/image\/\",\"url\":\"https:\/\/secure.gravatar.com\/avatar\/5e151acde6515a05571e0035bf803336362ba4f5e565dba89323f14d014ea180?s=96&d=mm&r=g\",\"contentUrl\":\"https:\/\/secure.gravatar.com\/avatar\/5e151acde6515a05571e0035bf803336362ba4f5e565dba89323f14d014ea180?s=96&d=mm&r=g\",\"caption\":\"Maxime Bodilis\"},\"description\":\"R\u00e9dac\\\\' Chef \u00ab Basket \u00bb charg\u00e9 de la qualit\u00e9 des contenus et du respect de notre ligne \u00e9ditoriale. Ancien joueur de la SIG Strasbourg reconverti dans le journalisme. Pass\u00e9 par les centres de formation BeBasket, Reverse et Skweek avant de rejoindre The Playoffs. Biberonn\u00e9 aux dunks de Shawn Kemp et aux duels Pau-Limoges. Fan inconditionnel de Damian Lillard et Laurent Sciarra. Les highlights de Wemby illuminent mes journ\u00e9es. Et le shoot de Diamantidis continue de hanter mes nuits.\",\"sameAs\":[\"https:\/\/www.linkedin.com\/in\/maxime-bodilis-766a04153\/\"],\"url\":\"https:\/\/theplayoffs.news\/fr\/author\/maximebodilis\/\"}]}<\/script>\n<!-- \/ Yoast SEO plugin. -->","yoast_head_json":{"title":"The Decision 2: un fan des Lakers attaque LeBron James en justice","description":"Auteur d&#039;une incroyable op&eacute;ration marketing mardi, LeBron James est poursuivi en justice par un fan s&#039;estimant dup&eacute; par sa communication.","robots":{"index":"index","follow":"follow","max-snippet":"max-snippet:-1","max-image-preview":"max-image-preview:large","max-video-preview":"max-video-preview:-1"},"canonical":"https:\/\/theplayoffs.news\/fr\/actualite-nba\/the-decision-2-un-fan-des-lakers-attaque-lebron-james-en-justice\/","og_locale":"fr_FR","og_type":"article","og_title":"The Decision 2: un fan des Lakers attaque LeBron James en justice","og_description":"Auteur d&#039;une incroyable op&eacute;ration marketing mardi, LeBron James est poursuivi en justice par un fan s&#039;estimant dup&eacute; par sa communication.","og_url":"https:\/\/theplayoffs.news\/fr\/actualite-nba\/the-decision-2-un-fan-des-lakers-attaque-lebron-james-en-justice\/","og_site_name":"The Playoffs FR","article_publisher":"https:\/\/www.facebook.com\/TheFreeAgentFR\/","article_modified_time":"2025-10-09T08:28:26+00:00","og_image":[{"width":1920,"height":1280,"url":"https:\/\/theplayoffs.news\/fr\/wp-content\/uploads\/2025\/10\/USATSI_27238449_168402440_lowres.jpg","type":"image\/jpeg"}],"author":"Maxime Bodilis","twitter_card":"summary_large_image","twitter_creator":"@TheFreeAgentFR","twitter_site":"@TheFreeAgentFR","twitter_misc":{"\u00c9crit par":"Maxime Bodilis","Dur\u00e9e de lecture estim\u00e9e":"2 minutes"},"schema":{"@context":"https:\/\/schema.org","@graph":[{"@type":"WebPage","@id":"https:\/\/theplayoffs.news\/fr\/actualite-nba\/the-decision-2-un-fan-des-lakers-attaque-lebron-james-en-justice\/","url":"https:\/\/theplayoffs.news\/fr\/actualite-nba\/the-decision-2-un-fan-des-lakers-attaque-lebron-james-en-justice\/","name":"The Decision 2: un fan des Lakers attaque LeBron James en justice","isPartOf":{"@id":"https:\/\/theplayoffs.news\/fr\/#website"},"primaryImageOfPage":{"@id":"https:\/\/theplayoffs.news\/fr\/actualite-nba\/the-decision-2-un-fan-des-lakers-attaque-lebron-james-en-justice\/#primaryimage"},"image":{"@id":"https:\/\/theplayoffs.news\/fr\/actualite-nba\/the-decision-2-un-fan-des-lakers-attaque-lebron-james-en-justice\/#primaryimage"},"thumbnailUrl":"https:\/\/theplayoffs.news\/fr\/wp-content\/uploads\/2025\/10\/USATSI_27238449_168402440_lowres.jpg","datePublished":"2025-10-09T08:26:49+00:00","dateModified":"2025-10-09T08:28:26+00:00","author":{"@id":"https:\/\/theplayoffs.news\/fr\/#\/schema\/person\/d871768c70a3f830131ee72b74bbd11d"},"description":"Auteur d\\'une incroyable op\u00e9ration marketing mardi, LeBron James est poursuivi en justice par un fan s\\'estimant dup\u00e9 par sa communication.","breadcrumb":{"@id":"https:\/\/theplayoffs.news\/fr\/actualite-nba\/the-decision-2-un-fan-des-lakers-attaque-lebron-james-en-justice\/#breadcrumb"},"inLanguage":"fr-FR","potentialAction":[{"@type":"ReadAction","target":["https:\/\/theplayoffs.news\/fr\/actualite-nba\/the-decision-2-un-fan-des-lakers-attaque-lebron-james-en-justice\/"]}]},{"@type":"ImageObject","inLanguage":"fr-FR","@id":"https:\/\/theplayoffs.news\/fr\/actualite-nba\/the-decision-2-un-fan-des-lakers-attaque-lebron-james-en-justice\/#primaryimage","url":"https:\/\/theplayoffs.news\/fr\/wp-content\/uploads\/2025\/10\/USATSI_27238449_168402440_lowres.jpg","contentUrl":"https:\/\/theplayoffs.news\/fr\/wp-content\/uploads\/2025\/10\/USATSI_27238449_168402440_lowres.jpg","width":1920,"height":1280,"caption":"NBA LeBron James Los Angeles Lakers"},{"@type":"BreadcrumbList","@id":"https:\/\/theplayoffs.news\/fr\/actualite-nba\/the-decision-2-un-fan-des-lakers-attaque-lebron-james-en-justice\/#breadcrumb","itemListElement":[{"@type":"ListItem","position":1,"name":"Accueil","item":"https:\/\/theplayoffs.news\/fr\/"},{"@type":"ListItem","position":2,"name":"The Decision 2 : un fan des Lakers attaque LeBron James en justice !"}]},{"@type":"WebSite","@id":"https:\/\/theplayoffs.news\/fr\/#website","url":"https:\/\/theplayoffs.news\/fr\/","name":"The Playoffs FR","description":"NBA-NFL-NHL-MLB","potentialAction":[{"@type":"SearchAction","target":{"@type":"EntryPoint","urlTemplate":"https:\/\/theplayoffs.news\/fr\/?s={search_term_string}"},"query-input":{"@type":"PropertyValueSpecification","valueRequired":true,"valueName":"search_term_string"}}],"inLanguage":"fr-FR"},{"@type":"Person","@id":"https:\/\/theplayoffs.news\/fr\/#\/schema\/person\/d871768c70a3f830131ee72b74bbd11d","name":"Maxime Bodilis","image":{"@type":"ImageObject","inLanguage":"fr-FR","@id":"https:\/\/theplayoffs.news\/fr\/#\/schema\/person\/image\/","url":"https:\/\/secure.gravatar.com\/avatar\/5e151acde6515a05571e0035bf803336362ba4f5e565dba89323f14d014ea180?s=96&d=mm&r=g","contentUrl":"https:\/\/secure.gravatar.com\/avatar\/5e151acde6515a05571e0035bf803336362ba4f5e565dba89323f14d014ea180?s=96&d=mm&r=g","caption":"Maxime Bodilis"},"description":"R\u00e9dac\\' Chef \u00ab Basket \u00bb charg\u00e9 de la qualit\u00e9 des contenus et du respect de notre ligne \u00e9ditoriale. Ancien joueur de la SIG Strasbourg reconverti dans le journalisme. Pass\u00e9 par les centres de formation BeBasket, Reverse et Skweek avant de rejoindre The Playoffs. Biberonn\u00e9 aux dunks de Shawn Kemp et aux duels Pau-Limoges. Fan inconditionnel de Damian Lillard et Laurent Sciarra. Les highlights de Wemby illuminent mes journ\u00e9es. Et le shoot de Diamantidis continue de hanter mes nuits.","sameAs":["https:\/\/www.linkedin.com\/in\/maxime-bodilis-766a04153\/"],"url":"https:\/\/theplayoffs.news\/fr\/author\/maximebodilis\/"}]}},"_links":{"self":[{"href":"https:\/\/theplayoffs.news\/fr\/wp-json\/wp\/v2\/posts\/1504103","targetHints":{"allow":["GET"]}}],"collection":[{"href":"https:\/\/theplayoffs.news\/fr\/wp-json\/wp\/v2\/posts"}],"about":[{"href":"https:\/\/theplayoffs.news\/fr\/wp-json\/wp\/v2\/types\/post"}],"author":[{"embeddable":true,"href":"https:\/\/theplayoffs.news\/fr\/wp-json\/wp\/v2\/users\/180310263"}],"replies":[{"embeddable":true,"href":"https:\/\/theplayoffs.news\/fr\/wp-json\/wp\/v2\/comments?post=1504103"}],"version-history":[{"count":2,"href":"https:\/\/theplayoffs.news\/fr\/wp-json\/wp\/v2\/posts\/1504103\/revisions"}],"predecessor-version":[{"id":1504115,"href":"https:\/\/theplayoffs.news\/fr\/wp-json\/wp\/v2\/posts\/1504103\/revisions\/1504115"}],"wp:featuredmedia":[{"embeddable":true,"href":"https:\/\/theplayoffs.news\/fr\/wp-json\/wp\/v2\/media\/1504112"}],"wp:attachment":[{"href":"https:\/\/theplayoffs.news\/fr\/wp-json\/wp\/v2\/media?parent=1504103"}],"wp:term":[{"taxonomy":"category","embeddable":true,"href":"https:\/\/theplayoffs.news\/fr\/wp-json\/wp\/v2\/categories?post=1504103"},{"taxonomy":"post_tag","embeddable":true,"href":"https:\/\/theplayoffs.news\/fr\/wp-json\/wp\/v2\/tags?post=1504103"},{"taxonomy":"sport","embeddable":true,"href":"https:\/\/theplayoffs.news\/fr\/wp-json\/wp\/v2\/sport?post=1504103"},{"taxonomy":"saison","embeddable":true,"href":"https:\/\/theplayoffs.news\/fr\/wp-json\/wp\/v2\/saison?post=1504103"}],"curies":[{"name":"wp","href":"https:\/\/api.w.org\/{rel}","templated":true}]}}