{"id":1503122,"date":"2025-10-01T14:23:17","date_gmt":"2025-10-01T12:23:17","guid":{"rendered":"https:\/\/theplayoffs.news\/fr\/uncategorized\/\/"},"modified":"2025-10-01T14:23:25","modified_gmt":"2025-10-01T12:23:25","slug":"baltimore-ravens-cooper-rush-lamar-jackson-blessure-depth-chart-2025","status":"publish","type":"post","link":"https:\/\/theplayoffs.news\/fr\/actualite-nfl\/baltimore-ravens-cooper-rush-lamar-jackson-blessure-depth-chart-2025\/","title":{"rendered":"Baltimore Ravens \u2013 Cooper Rush titularis\u00e9 \u00e0 la place de Lamar Jackson bless\u00e9, mais l\u2019effectif est-il assez profond ?"},"content":{"rendered":"<p>Cooper Rush devrait &ecirc;tre titulaire pour les Ravens face aux Texans cette semaine.<\/p><p>Les Baltimore Ravens s&rsquo;appr&ecirc;tent &agrave; affronter les Houston Texans lors de la semaine 5. Les deux &eacute;quipes affichent un bilan de 1-3, et une nouvelle d&eacute;faite pourrait compromettre s&eacute;rieusement leurs espoirs de playoffs.<\/p><p>Les Ravens comptent plusieurs bless&eacute;s, mais la plus lourde absence reste celle du quarterback Lamar Jackson, contraint de quitter le match de la <a href=\"https:\/\/theplayoffs.news\/fr\/actualite-nfl\/chiefs-ravens-37-20-baltimore-la-poussiere-a-kansas-city\/\" target=\"_blank\" rel=\"noreferrer noopener\" class=\"trk-cta-link\" data-cta-trk='{\"ctaType\":\"Link\",\"ctaSubType\":\"main\"}'>semaine 4 face aux Chiefs<\/a> pr&eacute;matur&eacute;ment.<\/p><h2 class=\"wp-block-heading\">Mise &agrave; jour sur la blessure de Lamar Jackson<\/h2><p>Au cours du troisi&egrave;me quart-temps du Monday Night Football face aux Chiefs, Lamar Jackson a subi une blessure aux ischio-jambiers qui l&rsquo;a forc&eacute; &agrave; quitter le terrain. On ne sait pas exactement sur quelle action la blessure est survenue, mais Jackson n&rsquo;a pas pu continuer.<\/p><p>Apr&egrave;s le match, l&rsquo;entra&icirc;neur John Harbaugh a indiqu&eacute; qu&rsquo;il ne connaissait pas encore l&rsquo;&eacute;tendue des blessures subies par ses joueurs. Il a toutefois pr&eacute;cis&eacute; qu&rsquo;aucune d&rsquo;entre elles ne semblait mettre fin &agrave; la saison.<\/p><p>Les derniers rapports sugg&egrave;rent que <a href=\"https:\/\/x.com\/NFL_DovKleiman\/status\/1973077058155585720\" target=\"_blank\" rel=\"noreferrer noopener\" class=\"trk-cta-link\" data-cta-trk='{\"ctaType\":\"Link\",\"ctaSubType\":\"main\"}'>Jackson devrait manquer entre 2 et 3 semaines<\/a> de comp&eacute;tition, selon la gravit&eacute; de sa blessure.<\/p><figure class=\"wp-block-embed is-type-rich is-provider-twitter wp-block-embed-twitter\"><div class=\"wp-block-embed__wrapper\">\n<blockquote class=\"twitter-tweet\" data-width=\"500\" data-dnt=\"true\"><p lang=\"en\" dir=\"ltr\">&#120277;&#120293;&#120280;&#120276;&#120286;&#120284;&#120289;&#120282;: Ravens QB Lamar Jackson is unlikely to play Week 5 and could potentially miss 2-3 weeks, per <a href=\"https:\/\/twitter.com\/brianwacker1?ref_src=twsrc%5Etfw\" class=\"trk-cta-link\" data-cta-trk='{\"ctaType\":\"Link\",\"ctaSubType\":\"main\"}'>@brianwacker1<\/a><br><br>The Ravens are 1-3 and could miss the playoffs&hellip; <a href=\"https:\/\/t.co\/QLfR47NcRC\" class=\"trk-cta-link\" data-cta-trk='{\"ctaType\":\"Link\",\"ctaSubType\":\"main\"}'>pic.twitter.com\/QLfR47NcRC<\/a><\/p>&mdash; Dov Kleiman (@NFL_DovKleiman) <a href=\"https:\/\/twitter.com\/NFL_DovKleiman\/status\/1973077058155585720?ref_src=twsrc%5Etfw\" class=\"trk-cta-link\" data-cta-trk='{\"ctaType\":\"Link\",\"ctaSubType\":\"main\"}'>September 30, 2025<\/a><\/blockquote><script async src=\"https:\/\/platform.twitter.com\/widgets.js\" charset=\"utf-8\"><\/script>\n<\/div><\/figure><h2 class=\"wp-block-heading\">Depth Chart des Ravens<\/h2><p>Avec Jackson potentiellement absent pour 2 &agrave; 3 semaines, c&rsquo;est le v&eacute;t&eacute;ran Cooper Rush qui prend la rel&egrave;ve. Le quarterback a termin&eacute; le match face aux Chiefs apr&egrave;s la sortie de Jackson.<\/p><p>Actuellement, les Ravens ne comptent que deux quarterbacks dans leur effectif principal (53 joueurs) : Jackson et Rush. Tyler Huntley, lui, est pr&eacute;sent dans l&rsquo;escouade d&rsquo;entra&icirc;nement, ce qui fait de lui le troisi&egrave;me QB de l&rsquo;organisation.<\/p><p><strong>Depth Chart des quarterbacks des Ravens :<\/strong><\/p><ul class=\"wp-block-list\">\n<li>Lamar Jackson &ndash; titulaire<\/li>\n\n\n\n<li>Cooper Rush &ndash; rempla&ccedil;ant<\/li>\n\n\n\n<li>Tyler Huntley &ndash; practice squad<\/li>\n<\/ul><p>Rush dispute sa neuvi&egrave;me saison en <a href=\"https:\/\/theplayoffs.news\/fr\/category\/sports\/football-americain\/nfl\/\" target=\"_blank\" rel=\"noreferrer noopener\" class=\"trk-cta-link\" data-cta-trk='{\"ctaType\":\"Link\",\"ctaSubType\":\"main\"}'>NFL<\/a>, mais a toujours &eacute;t&eacute; consid&eacute;r&eacute; comme un rempla&ccedil;ant. Il a pass&eacute; la majeure partie de sa carri&egrave;re comme doublure de Dak Prescott &agrave; Dallas. En 14 titularisations, il affiche un bilan de 9-5 et s&rsquo;est montr&eacute; fiable dans ce r&ocirc;le.<\/p><p>De son c&ocirc;t&eacute;, Tyler Huntley en est &agrave; sa sixi&egrave;me saison. Il a lui aussi d&eacute;but&eacute; 14 rencontres, avec un bilan de 5-9. Habitu&eacute; au syst&egrave;me offensif des Ravens (quatre saisons pass&eacute;es &agrave; Baltimore avant un passage &agrave; Miami en 2024), il pourrait &ecirc;tre rappel&eacute; rapidement si n&eacute;cessaire.<\/p><h2 class=\"wp-block-heading\">Quelle suite pour Baltimore ?<\/h2><p>La principale interrogation pour les Ravens reste la dur&eacute;e d&rsquo;absence de Jackson. Avec d&eacute;j&agrave; un bilan de 1-3, Baltimore pourrait tomber &agrave; 1-5 avant son retour.<\/p><p>Seule &eacute;claircie : la semaine 5 propose un duel contre les Texans, en net recul cette saison, pour lequel Baltimore n&rsquo;est pourtant pas favori avec une cote de 2.15 contre 1.76 Pour Houston sur <a href=\"https:\/\/theplayoffs.news\/fr\/paris-sportifs\/code-promo-parions-sport\/\" target=\"_blank\" rel=\"noreferrer noopener\" class=\"trk-cta-link\" data-cta-trk='{\"ctaType\":\"Link\",\"ctaSubType\":\"main\"}'>Parions Sport<\/a>. En revanche, le match de la semaine 6 contre les Los Angeles Rams s&rsquo;annonce bien plus compliqu&eacute;. Sans Jackson, les Ravens pourraient vite se retrouver dans une situation tr&egrave;s d&eacute;licate.<\/p><p><\/p><p><\/p><p><em>Credit Photo: Jay Biggerstaff-Imagn Images<\/em><\/p><p><\/p>\n","protected":false},"excerpt":{"rendered":"","protected":false},"author":13,"featured_media":1503123,"comment_status":"closed","ping_status":"closed","sticky":false,"template":"","format":"standard","meta":{"inline_featured_image":false,"kia_subtitle":"","_mux_skip_reasons":[],"proofreadBy":0,"footnotes":""},"categories":[118,8410,40],"tags":[868,8186,474],"sport":[],"saison":[],"class_list":["post-1503122","post","type-post","status-publish","format-standard","has-post-thumbnail","hentry","category-actualite-nfl","category-football-americain","category-nfl","tag-baltimore-ravens","tag-cooper-rush","tag-lamar-jackson"],"acf":[],"yoast_head":"<!-- This site is optimized with the Yoast SEO plugin v24.2 - https:\/\/yoast.com\/wordpress\/plugins\/seo\/ -->\n<title>Baltimore Ravens &ndash; Cooper Rush titularis&eacute; &agrave; la place de Lamar Jackson bless&eacute; ? - The Playoffs FR<\/title>\n<meta name=\"description\" content=\"Lamar Jackson manquera plusieurs semaines avec une blessure aux ischio-jambiers. Cooper Rush prend la rel&egrave;ve pour les Baltimore Ravens.\" \/>\n<meta name=\"robots\" content=\"index, follow, max-snippet:-1, max-image-preview:large, max-video-preview:-1\" \/>\n<link rel=\"canonical\" href=\"https:\/\/theplayoffs.news\/fr\/actualite-nfl\/baltimore-ravens-cooper-rush-lamar-jackson-blessure-depth-chart-2025\/\" \/>\n<meta property=\"og:locale\" content=\"fr_FR\" \/>\n<meta property=\"og:type\" content=\"article\" \/>\n<meta property=\"og:title\" content=\"Baltimore Ravens &ndash; Cooper Rush titularis&eacute; &agrave; la place de Lamar Jackson bless&eacute; ? - The Playoffs FR\" \/>\n<meta property=\"og:description\" content=\"Lamar Jackson manquera plusieurs semaines avec une blessure aux ischio-jambiers. Cooper Rush prend la rel&egrave;ve pour les Baltimore Ravens.\" \/>\n<meta property=\"og:url\" content=\"https:\/\/theplayoffs.news\/fr\/actualite-nfl\/baltimore-ravens-cooper-rush-lamar-jackson-blessure-depth-chart-2025\/\" \/>\n<meta property=\"og:site_name\" content=\"The Playoffs FR\" \/>\n<meta property=\"article:publisher\" content=\"https:\/\/www.facebook.com\/TheFreeAgentFR\/\" \/>\n<meta property=\"article:modified_time\" content=\"2025-10-01T14:23:25+02:00\" \/>\n<meta property=\"og:image\" content=\"https:\/\/theplayoffs.news\/fr\/wp-content\/uploads\/2025\/10\/Imagn-27197245.jpg\" \/>\n\t<meta property=\"og:image:width\" content=\"1920\" \/>\n\t<meta property=\"og:image:height\" content=\"1280\" \/>\n\t<meta property=\"og:image:type\" content=\"image\/jpeg\" \/>\n<meta name=\"author\" content=\"Charles Taudin\" \/>\n<meta name=\"twitter:card\" content=\"summary_large_image\" \/>\n<meta name=\"twitter:creator\" content=\"@TheFreeAgentFR\" \/>\n<meta name=\"twitter:site\" content=\"@TheFreeAgentFR\" \/>\n<meta name=\"twitter:label1\" content=\"\u00c9crit par\" \/>\n\t<meta name=\"twitter:data1\" content=\"Charles Taudin\" \/>\n\t<meta name=\"twitter:label2\" content=\"Dur\u00e9e de lecture estim\u00e9e\" \/>\n\t<meta name=\"twitter:data2\" content=\"3 minutes\" \/>\n<script type=\"application\/ld+json\" class=\"yoast-schema-graph\">{\"@context\":\"https:\/\/schema.org\",\"@graph\":[{\"@type\":\"WebPage\",\"@id\":\"https:\/\/theplayoffs.news\/fr\/actualite-nfl\/baltimore-ravens-cooper-rush-lamar-jackson-blessure-depth-chart-2025\/\",\"url\":\"https:\/\/theplayoffs.news\/fr\/actualite-nfl\/baltimore-ravens-cooper-rush-lamar-jackson-blessure-depth-chart-2025\/\",\"name\":\"Baltimore Ravens \u2013 Cooper Rush titularis\u00e9 \u00e0 la place de Lamar Jackson bless\u00e9 ? - The Playoffs FR\",\"isPartOf\":{\"@id\":\"https:\/\/theplayoffs.news\/fr\/#website\"},\"primaryImageOfPage\":{\"@id\":\"https:\/\/theplayoffs.news\/fr\/actualite-nfl\/baltimore-ravens-cooper-rush-lamar-jackson-blessure-depth-chart-2025\/#primaryimage\"},\"image\":{\"@id\":\"https:\/\/theplayoffs.news\/fr\/actualite-nfl\/baltimore-ravens-cooper-rush-lamar-jackson-blessure-depth-chart-2025\/#primaryimage\"},\"thumbnailUrl\":\"https:\/\/theplayoffs.news\/fr\/wp-content\/uploads\/2025\/10\/Imagn-27197245.jpg\",\"datePublished\":\"2025-10-01T12:23:17+00:00\",\"dateModified\":\"2025-10-01T12:23:25+00:00\",\"author\":{\"@id\":\"https:\/\/theplayoffs.news\/fr\/#\/schema\/person\/eee5b69ad5d3c51cabe881c839dbe133\"},\"description\":\"Lamar Jackson manquera plusieurs semaines avec une blessure aux ischio-jambiers. Cooper Rush prend la rel\u00e8ve pour les Baltimore Ravens.\",\"breadcrumb\":{\"@id\":\"https:\/\/theplayoffs.news\/fr\/actualite-nfl\/baltimore-ravens-cooper-rush-lamar-jackson-blessure-depth-chart-2025\/#breadcrumb\"},\"inLanguage\":\"fr-FR\",\"potentialAction\":[{\"@type\":\"ReadAction\",\"target\":[\"https:\/\/theplayoffs.news\/fr\/actualite-nfl\/baltimore-ravens-cooper-rush-lamar-jackson-blessure-depth-chart-2025\/\"]}]},{\"@type\":\"ImageObject\",\"inLanguage\":\"fr-FR\",\"@id\":\"https:\/\/theplayoffs.news\/fr\/actualite-nfl\/baltimore-ravens-cooper-rush-lamar-jackson-blessure-depth-chart-2025\/#primaryimage\",\"url\":\"https:\/\/theplayoffs.news\/fr\/wp-content\/uploads\/2025\/10\/Imagn-27197245.jpg\",\"contentUrl\":\"https:\/\/theplayoffs.news\/fr\/wp-content\/uploads\/2025\/10\/Imagn-27197245.jpg\",\"width\":1920,\"height\":1280,\"caption\":\"iSep 28, 2025; Kansas City, Missouri, USA; Baltimore Ravens quarterback Cooper Rush (15) throws a pass during the fourth quarter against the Kansas City Chiefs at GEHA Field at Arrowhead Stadium. Mandatory Credit: Jay Biggerstaff-Imagn Images\"},{\"@type\":\"BreadcrumbList\",\"@id\":\"https:\/\/theplayoffs.news\/fr\/actualite-nfl\/baltimore-ravens-cooper-rush-lamar-jackson-blessure-depth-chart-2025\/#breadcrumb\",\"itemListElement\":[{\"@type\":\"ListItem\",\"position\":1,\"name\":\"Accueil\",\"item\":\"https:\/\/theplayoffs.news\/fr\/\"},{\"@type\":\"ListItem\",\"position\":2,\"name\":\"Baltimore Ravens \u2013 Cooper Rush titularis\u00e9 \u00e0 la place de Lamar Jackson bless\u00e9, mais l\u2019effectif est-il assez profond ?\"}]},{\"@type\":\"WebSite\",\"@id\":\"https:\/\/theplayoffs.news\/fr\/#website\",\"url\":\"https:\/\/theplayoffs.news\/fr\/\",\"name\":\"The Playoffs FR\",\"description\":\"NBA-NFL-NHL-MLB\",\"potentialAction\":[{\"@type\":\"SearchAction\",\"target\":{\"@type\":\"EntryPoint\",\"urlTemplate\":\"https:\/\/theplayoffs.news\/fr\/?s={search_term_string}\"},\"query-input\":{\"@type\":\"PropertyValueSpecification\",\"valueRequired\":true,\"valueName\":\"search_term_string\"}}],\"inLanguage\":\"fr-FR\"},{\"@type\":\"Person\",\"@id\":\"https:\/\/theplayoffs.news\/fr\/#\/schema\/person\/eee5b69ad5d3c51cabe881c839dbe133\",\"name\":\"Charles Taudin\",\"image\":{\"@type\":\"ImageObject\",\"inLanguage\":\"fr-FR\",\"@id\":\"https:\/\/theplayoffs.news\/fr\/#\/schema\/person\/image\/\",\"url\":\"https:\/\/secure.gravatar.com\/avatar\/59a1e772205ce9fd255edfcafc93013736822e20261f294c5753b20c41ede9f2?s=96&d=mm&r=g\",\"contentUrl\":\"https:\/\/secure.gravatar.com\/avatar\/59a1e772205ce9fd255edfcafc93013736822e20261f294c5753b20c41ede9f2?s=96&d=mm&r=g\",\"caption\":\"Charles Taudin\"},\"description\":\"R\u00e9dacteur en chef global de The Playoffs, j\u2019ai cr\u00e9\u00e9 The Free Agent, devenu The Playoffs FR, en 2020 durant la pand\u00e9mie. Amoureux depuis des ann\u00e9es des 4 sports majeurs am\u00e9ricains, j\u2019organise maintenant la strat\u00e9gie \u00e9ditoriale et les r\u00e9seaux sociaux de l\u2019ensemble des versions de The Playoffs. Il m\u2019arrive encore d\u2019\u00e9crire sur certains sports que j\u2019affectionne particuli\u00e8rement comme la NFL ou la MLB. Si vous devez retenir qu\u2019une chose : Eli Manning est le vrai GOAT pour avoir battu deux fois Tom Brady.\",\"sameAs\":[\"https:\/\/www.instagram.com\/ctaudin_\/\"],\"url\":\"https:\/\/theplayoffs.news\/fr\/author\/charles-taudin\/\"}]}<\/script>\n<!-- \/ Yoast SEO plugin. -->","yoast_head_json":{"title":"Baltimore Ravens &ndash; Cooper Rush titularis&eacute; &agrave; la place de Lamar Jackson bless&eacute; ? - The Playoffs FR","description":"Lamar Jackson manquera plusieurs semaines avec une blessure aux ischio-jambiers. Cooper Rush prend la rel&egrave;ve pour les Baltimore Ravens.","robots":{"index":"index","follow":"follow","max-snippet":"max-snippet:-1","max-image-preview":"max-image-preview:large","max-video-preview":"max-video-preview:-1"},"canonical":"https:\/\/theplayoffs.news\/fr\/actualite-nfl\/baltimore-ravens-cooper-rush-lamar-jackson-blessure-depth-chart-2025\/","og_locale":"fr_FR","og_type":"article","og_title":"Baltimore Ravens &ndash; Cooper Rush titularis&eacute; &agrave; la place de Lamar Jackson bless&eacute; ? - The Playoffs FR","og_description":"Lamar Jackson manquera plusieurs semaines avec une blessure aux ischio-jambiers. Cooper Rush prend la rel&egrave;ve pour les Baltimore Ravens.","og_url":"https:\/\/theplayoffs.news\/fr\/actualite-nfl\/baltimore-ravens-cooper-rush-lamar-jackson-blessure-depth-chart-2025\/","og_site_name":"The Playoffs FR","article_publisher":"https:\/\/www.facebook.com\/TheFreeAgentFR\/","article_modified_time":"2025-10-01T12:23:25+00:00","og_image":[{"width":1920,"height":1280,"url":"https:\/\/theplayoffs.news\/fr\/wp-content\/uploads\/2025\/10\/Imagn-27197245.jpg","type":"image\/jpeg"}],"author":"Charles Taudin","twitter_card":"summary_large_image","twitter_creator":"@TheFreeAgentFR","twitter_site":"@TheFreeAgentFR","twitter_misc":{"\u00c9crit par":"Charles Taudin","Dur\u00e9e de lecture estim\u00e9e":"3 minutes"},"schema":{"@context":"https:\/\/schema.org","@graph":[{"@type":"WebPage","@id":"https:\/\/theplayoffs.news\/fr\/actualite-nfl\/baltimore-ravens-cooper-rush-lamar-jackson-blessure-depth-chart-2025\/","url":"https:\/\/theplayoffs.news\/fr\/actualite-nfl\/baltimore-ravens-cooper-rush-lamar-jackson-blessure-depth-chart-2025\/","name":"Baltimore Ravens \u2013 Cooper Rush titularis\u00e9 \u00e0 la place de Lamar Jackson bless\u00e9 ? - The Playoffs FR","isPartOf":{"@id":"https:\/\/theplayoffs.news\/fr\/#website"},"primaryImageOfPage":{"@id":"https:\/\/theplayoffs.news\/fr\/actualite-nfl\/baltimore-ravens-cooper-rush-lamar-jackson-blessure-depth-chart-2025\/#primaryimage"},"image":{"@id":"https:\/\/theplayoffs.news\/fr\/actualite-nfl\/baltimore-ravens-cooper-rush-lamar-jackson-blessure-depth-chart-2025\/#primaryimage"},"thumbnailUrl":"https:\/\/theplayoffs.news\/fr\/wp-content\/uploads\/2025\/10\/Imagn-27197245.jpg","datePublished":"2025-10-01T12:23:17+00:00","dateModified":"2025-10-01T12:23:25+00:00","author":{"@id":"https:\/\/theplayoffs.news\/fr\/#\/schema\/person\/eee5b69ad5d3c51cabe881c839dbe133"},"description":"Lamar Jackson manquera plusieurs semaines avec une blessure aux ischio-jambiers. Cooper Rush prend la rel\u00e8ve pour les Baltimore Ravens.","breadcrumb":{"@id":"https:\/\/theplayoffs.news\/fr\/actualite-nfl\/baltimore-ravens-cooper-rush-lamar-jackson-blessure-depth-chart-2025\/#breadcrumb"},"inLanguage":"fr-FR","potentialAction":[{"@type":"ReadAction","target":["https:\/\/theplayoffs.news\/fr\/actualite-nfl\/baltimore-ravens-cooper-rush-lamar-jackson-blessure-depth-chart-2025\/"]}]},{"@type":"ImageObject","inLanguage":"fr-FR","@id":"https:\/\/theplayoffs.news\/fr\/actualite-nfl\/baltimore-ravens-cooper-rush-lamar-jackson-blessure-depth-chart-2025\/#primaryimage","url":"https:\/\/theplayoffs.news\/fr\/wp-content\/uploads\/2025\/10\/Imagn-27197245.jpg","contentUrl":"https:\/\/theplayoffs.news\/fr\/wp-content\/uploads\/2025\/10\/Imagn-27197245.jpg","width":1920,"height":1280,"caption":"iSep 28, 2025; Kansas City, Missouri, USA; Baltimore Ravens quarterback Cooper Rush (15) throws a pass during the fourth quarter against the Kansas City Chiefs at GEHA Field at Arrowhead Stadium. Mandatory Credit: Jay Biggerstaff-Imagn Images"},{"@type":"BreadcrumbList","@id":"https:\/\/theplayoffs.news\/fr\/actualite-nfl\/baltimore-ravens-cooper-rush-lamar-jackson-blessure-depth-chart-2025\/#breadcrumb","itemListElement":[{"@type":"ListItem","position":1,"name":"Accueil","item":"https:\/\/theplayoffs.news\/fr\/"},{"@type":"ListItem","position":2,"name":"Baltimore Ravens \u2013 Cooper Rush titularis\u00e9 \u00e0 la place de Lamar Jackson bless\u00e9, mais l\u2019effectif est-il assez profond ?"}]},{"@type":"WebSite","@id":"https:\/\/theplayoffs.news\/fr\/#website","url":"https:\/\/theplayoffs.news\/fr\/","name":"The Playoffs FR","description":"NBA-NFL-NHL-MLB","potentialAction":[{"@type":"SearchAction","target":{"@type":"EntryPoint","urlTemplate":"https:\/\/theplayoffs.news\/fr\/?s={search_term_string}"},"query-input":{"@type":"PropertyValueSpecification","valueRequired":true,"valueName":"search_term_string"}}],"inLanguage":"fr-FR"},{"@type":"Person","@id":"https:\/\/theplayoffs.news\/fr\/#\/schema\/person\/eee5b69ad5d3c51cabe881c839dbe133","name":"Charles Taudin","image":{"@type":"ImageObject","inLanguage":"fr-FR","@id":"https:\/\/theplayoffs.news\/fr\/#\/schema\/person\/image\/","url":"https:\/\/secure.gravatar.com\/avatar\/59a1e772205ce9fd255edfcafc93013736822e20261f294c5753b20c41ede9f2?s=96&d=mm&r=g","contentUrl":"https:\/\/secure.gravatar.com\/avatar\/59a1e772205ce9fd255edfcafc93013736822e20261f294c5753b20c41ede9f2?s=96&d=mm&r=g","caption":"Charles Taudin"},"description":"R\u00e9dacteur en chef global de The Playoffs, j\u2019ai cr\u00e9\u00e9 The Free Agent, devenu The Playoffs FR, en 2020 durant la pand\u00e9mie. Amoureux depuis des ann\u00e9es des 4 sports majeurs am\u00e9ricains, j\u2019organise maintenant la strat\u00e9gie \u00e9ditoriale et les r\u00e9seaux sociaux de l\u2019ensemble des versions de The Playoffs. Il m\u2019arrive encore d\u2019\u00e9crire sur certains sports que j\u2019affectionne particuli\u00e8rement comme la NFL ou la MLB. Si vous devez retenir qu\u2019une chose : Eli Manning est le vrai GOAT pour avoir battu deux fois Tom Brady.","sameAs":["https:\/\/www.instagram.com\/ctaudin_\/"],"url":"https:\/\/theplayoffs.news\/fr\/author\/charles-taudin\/"}]}},"_links":{"self":[{"href":"https:\/\/theplayoffs.news\/fr\/wp-json\/wp\/v2\/posts\/1503122","targetHints":{"allow":["GET"]}}],"collection":[{"href":"https:\/\/theplayoffs.news\/fr\/wp-json\/wp\/v2\/posts"}],"about":[{"href":"https:\/\/theplayoffs.news\/fr\/wp-json\/wp\/v2\/types\/post"}],"author":[{"embeddable":true,"href":"https:\/\/theplayoffs.news\/fr\/wp-json\/wp\/v2\/users\/13"}],"replies":[{"embeddable":true,"href":"https:\/\/theplayoffs.news\/fr\/wp-json\/wp\/v2\/comments?post=1503122"}],"version-history":[{"count":1,"href":"https:\/\/theplayoffs.news\/fr\/wp-json\/wp\/v2\/posts\/1503122\/revisions"}],"predecessor-version":[{"id":1503124,"href":"https:\/\/theplayoffs.news\/fr\/wp-json\/wp\/v2\/posts\/1503122\/revisions\/1503124"}],"wp:featuredmedia":[{"embeddable":true,"href":"https:\/\/theplayoffs.news\/fr\/wp-json\/wp\/v2\/media\/1503123"}],"wp:attachment":[{"href":"https:\/\/theplayoffs.news\/fr\/wp-json\/wp\/v2\/media?parent=1503122"}],"wp:term":[{"taxonomy":"category","embeddable":true,"href":"https:\/\/theplayoffs.news\/fr\/wp-json\/wp\/v2\/categories?post=1503122"},{"taxonomy":"post_tag","embeddable":true,"href":"https:\/\/theplayoffs.news\/fr\/wp-json\/wp\/v2\/tags?post=1503122"},{"taxonomy":"sport","embeddable":true,"href":"https:\/\/theplayoffs.news\/fr\/wp-json\/wp\/v2\/sport?post=1503122"},{"taxonomy":"saison","embeddable":true,"href":"https:\/\/theplayoffs.news\/fr\/wp-json\/wp\/v2\/saison?post=1503122"}],"curies":[{"name":"wp","href":"https:\/\/api.w.org\/{rel}","templated":true}]}}