{"id":1502949,"date":"2025-09-30T03:29:12","date_gmt":"2025-09-30T01:29:12","guid":{"rendered":"https:\/\/theplayoffs.news\/fr\/uncategorized\/\/"},"modified":"2025-09-30T03:59:04","modified_gmt":"2025-09-30T01:59:04","slug":"dolphins-jets-tyreek-hill-serieusement-blesse","status":"publish","type":"post","link":"https:\/\/theplayoffs.news\/fr\/nfl\/dolphins-jets-tyreek-hill-serieusement-blesse\/","title":{"rendered":"Dolphins &#8211; Jets : Tyreek Hill s\u00e9rieusement bl\u00e9ss\u00e9"},"content":{"rendered":"<p>Le Monday Night Football, qui voyait les Jets de New York se d&eacute;placer chez les <a href=\"https:\/\/www.espn.co.uk\/nfl\/team\/_\/name\/mia\/miami-dolphins\" class=\"trk-cta-link\" data-cta-trk='{\"ctaType\":\"Link\",\"ctaSubType\":\"main\"}'>Dolphins de Miam<\/a>i, a &eacute;t&eacute; le th&eacute;&acirc;tre d&rsquo;une grave blessure pour la star offensive de l&rsquo;&eacute;quipe floridienne. D&egrave;s le retour des vestiaire, apr&egrave;s la mi-temps, le receveur a &eacute;t&eacute; mis &agrave; contribution par son quarterback. Alors qu&rsquo;il subit un plaquage qui le pousse &agrave; sortir du terrain, les images ont montr&eacute; un joueur avec une jambe qui avait un angle tout sauf naturel.<\/p><p>Les joueurs ont im&eacute;diatement mis un genoux au sol, voyant la terrible blessure du receveur, en attendant que les premiers secours lui soit prodigu&eacute;s. A la vue des premi&egrave;res image, Tyreek Hill pourrait s&rsquo;&ecirc;tre cass&eacute; la jambe, ou d&eacute;boit&eacute; le genoux. Des examens vont &ecirc;tre pass&eacute;s rapidement afin de d&eacute;terminer la gravit&eacute; et la nature de sa blessure.<\/p><blockquote class=\"twitter-tweet\"><p lang=\"en\" dir=\"ltr\">Tyreek Hill acknowledged the fans while being carted off with an apparent left leg injury. <a href=\"https:\/\/t.co\/JqU3yDuwIt\" class=\"trk-cta-link\" data-cta-trk='{\"ctaType\":\"Link\",\"ctaSubType\":\"main\"}'>pic.twitter.com\/JqU3yDuwIt<\/a><\/p>&mdash; ESPN (@espn) <a href=\"https:\/\/twitter.com\/espn\/status\/1972827824009494565?ref_src=twsrc%5Etfw\" class=\"trk-cta-link\" data-cta-trk='{\"ctaType\":\"Link\",\"ctaSubType\":\"main\"}'>September 30, 2025<\/a><\/blockquote><script async src=\"https:\/\/platform.twitter.com\/widgets.js\" charset=\"utf-8\"><\/script><h2 class=\"wp-block-heading\">Une journ&eacute;e cauchemar pour les receveurs<\/h2><p><a href=\"https:\/\/theplayoffs.news\/fr\/actualite-nfl\/giants-fin-de-saison-confirmee-pour-malik-nabers\/\" class=\"trk-cta-link\" data-cta-trk='{\"ctaType\":\"Link\",\"ctaSubType\":\"main\"}'>Apr&egrave;s Malik Nabers<\/a> dimanche soir durant le RedZone et la r&eacute;ception des Chargers par les Giants, c&rsquo;est un autre receveur star, gros pourvoyeur de yard, qui risque de voir sa saison se terminer. C&rsquo;est assur&eacute;ment un coup dur pour cette &eacute;quipe de Miami qui n&rsquo;avait pas besoin de cela apr&egrave;s un d&eacute;but de saison gal&egrave;re (3 d&eacute;faites sur les 3 premiers matchs).<\/p><div class=\"related-slider related-slider--loading\">\n    <div class=\"related-slider__header\">\n        <div class=\"related-slider__header__title\">Ce que vous devriez lire ensuite &#128071;&#127995;<\/div>\n        <div class=\"related-slider__header__buttons\">\n            <div class=\"swiper-button-prev\"><\/div>\n            <div class=\"swiper-button-next\"><\/div>\n        <\/div>\n    <\/div>\n    <div class=\"swiper-container\">\n        <div class=\"swiper-wrapper\">\n                            <div class=\"swiper-slide\">\n                    <a class=\"related-slider-card  trk-cta-img\" href=\"https:\/\/theplayoffs.news\/fr\/actualite-nfl\/arizona-cardinals-cotes-projection-2026\/\" title=\"Arizona Cardinals: Calendrier, cotes, draft et pr&eacute;dictions\" data-cta-trk='{\"ctaType\":\"Image\",\"ctaSubType\":\"main\"}'>\n    <div class=\"related-slider-card__image\">\n        <img loading=\"lazy\" decoding=\"async\" width=\"600\" height=\"413\" src=\"https:\/\/theplayoffs.news\/fr\/wp-content\/uploads\/2026\/02\/USATSI_27785998-1-600x413.jpg\" class=\"attachment-medium size-medium wp-post-image\" alt=\"Arizona Cardinals\" srcset=\"https:\/\/theplayoffs.news\/fr\/wp-content\/uploads\/2026\/02\/USATSI_27785998-1-600x413.jpg 600w, https:\/\/theplayoffs.news\/fr\/wp-content\/uploads\/2026\/02\/USATSI_27785998-1-1200x826.jpg 1200w, https:\/\/theplayoffs.news\/fr\/wp-content\/uploads\/2026\/02\/USATSI_27785998-1-768x528.jpg 768w, https:\/\/theplayoffs.news\/fr\/wp-content\/uploads\/2026\/02\/USATSI_27785998-1-1536x1057.jpg 1536w, https:\/\/theplayoffs.news\/fr\/wp-content\/uploads\/2026\/02\/USATSI_27785998-1-1320x908.jpg 1320w, https:\/\/theplayoffs.news\/fr\/wp-content\/uploads\/2026\/02\/USATSI_27785998-1.jpg 1920w\" sizes=\"auto, (max-width: 600px) 100vw, 600px\">\n                            <\/div>\n    <div class=\"related-slider-card__content\">\n        <div class=\"related-slider-card__content__tags\">\n                            <div class=\"related-slider-card__content__tags__category\">\n                    Actualit&eacute; NFL\n                <\/div>\n                        <div class=\"related-slider-card__content__tags__date\" data-dynamic-date=\"2026-02-25T10:28:26+01:00\">\n                25 f&eacute;vrier 2026\n            <\/div>\n        <\/div>\n        <div class=\"related-slider-card__content__title\">\n            Arizona Cardinals: Calendrier, cotes, draft et pr&eacute;dictions\n        <\/div>\n                    <div class=\"related-slider-card__content__read-more\">\n                Voir plus\n                <i>\n                    <svg width=\"17\" height=\"15\" viewbox=\"0 0 17 15\" fill=\"none\" xmlns=\"http:\/\/www.w3.org\/2000\/svg\">\n<path d=\"M1 6.5C0.447715 6.5 0 6.94772 0 7.5C0 8.05228 0.447715 8.5 1 8.5V6.5ZM16.7071 8.20711C17.0976 7.81658 17.0976 7.18342 16.7071 6.79289L10.3431 0.428932C9.95262 0.0384078 9.31946 0.0384078 8.92893 0.428932C8.53841 0.819457 8.53841 1.45262 8.92893 1.84315L14.5858 7.5L8.92893 13.1569C8.53841 13.5474 8.53841 14.1805 8.92893 14.5711C9.31946 14.9616 9.95262 14.9616 10.3431 14.5711L16.7071 8.20711ZM1 7.5V8.5H8.5V7.5V6.5H1V7.5ZM8.5 7.5V8.5H16V7.5V6.5H8.5V7.5Z\" fill=\"white\"><\/path>\n<\/svg>\n\n                <\/i>\n            <\/div>\n            <\/div>\n<\/a>\n\n                <\/div>\n                            <div class=\"swiper-slide\">\n                    <a class=\"related-slider-card  trk-cta-img\" href=\"https:\/\/theplayoffs.news\/fr\/actualite-nfl\/new-york-jets-projection-cotes-2026\/\" title=\"New York Jets 2026: Calendrier, cotes, draft et pr&eacute;dictions\" data-cta-trk='{\"ctaType\":\"Image\",\"ctaSubType\":\"main\"}'>\n    <div class=\"related-slider-card__image\">\n        <img loading=\"lazy\" decoding=\"async\" width=\"600\" height=\"400\" src=\"https:\/\/theplayoffs.news\/fr\/wp-content\/uploads\/2026\/02\/USATSI_27864144-600x400.jpg\" class=\"attachment-medium size-medium wp-post-image\" alt=\"New York Jets\" srcset=\"https:\/\/theplayoffs.news\/fr\/wp-content\/uploads\/2026\/02\/USATSI_27864144-600x400.jpg 600w, https:\/\/theplayoffs.news\/fr\/wp-content\/uploads\/2026\/02\/USATSI_27864144-1200x800.jpg 1200w, https:\/\/theplayoffs.news\/fr\/wp-content\/uploads\/2026\/02\/USATSI_27864144-768x512.jpg 768w, https:\/\/theplayoffs.news\/fr\/wp-content\/uploads\/2026\/02\/USATSI_27864144-1536x1024.jpg 1536w, https:\/\/theplayoffs.news\/fr\/wp-content\/uploads\/2026\/02\/USATSI_27864144-1320x880.jpg 1320w, https:\/\/theplayoffs.news\/fr\/wp-content\/uploads\/2026\/02\/USATSI_27864144.jpg 1920w\" sizes=\"auto, (max-width: 600px) 100vw, 600px\">\n                            <\/div>\n    <div class=\"related-slider-card__content\">\n        <div class=\"related-slider-card__content__tags\">\n                            <div class=\"related-slider-card__content__tags__category\">\n                    Actualit&eacute; NFL\n                <\/div>\n                        <div class=\"related-slider-card__content__tags__date\" data-dynamic-date=\"2026-02-24T14:39:24+01:00\">\n                24 f&eacute;vrier 2026\n            <\/div>\n        <\/div>\n        <div class=\"related-slider-card__content__title\">\n            New York Jets 2026: Calendrier, cotes, draft et pr&eacute;dictions\n        <\/div>\n                    <div class=\"related-slider-card__content__read-more\">\n                Voir plus\n                <i>\n                    <svg width=\"17\" height=\"15\" viewbox=\"0 0 17 15\" fill=\"none\" xmlns=\"http:\/\/www.w3.org\/2000\/svg\">\n<path d=\"M1 6.5C0.447715 6.5 0 6.94772 0 7.5C0 8.05228 0.447715 8.5 1 8.5V6.5ZM16.7071 8.20711C17.0976 7.81658 17.0976 7.18342 16.7071 6.79289L10.3431 0.428932C9.95262 0.0384078 9.31946 0.0384078 8.92893 0.428932C8.53841 0.819457 8.53841 1.45262 8.92893 1.84315L14.5858 7.5L8.92893 13.1569C8.53841 13.5474 8.53841 14.1805 8.92893 14.5711C9.31946 14.9616 9.95262 14.9616 10.3431 14.5711L16.7071 8.20711ZM1 7.5V8.5H8.5V7.5V6.5H1V7.5ZM8.5 7.5V8.5H16V7.5V6.5H8.5V7.5Z\" fill=\"white\"><\/path>\n<\/svg>\n\n                <\/i>\n            <\/div>\n            <\/div>\n<\/a>\n\n                <\/div>\n                            <div class=\"swiper-slide\">\n                    <a class=\"related-slider-card  trk-cta-img\" href=\"https:\/\/theplayoffs.news\/fr\/actualite-nfl\/las-vegas-raiders-cotes-predictions-calendrier-2026\/\" title=\"Las Vegas Raiders 2026: Calendrier, cotes, draft et pr&eacute;diction\" data-cta-trk='{\"ctaType\":\"Image\",\"ctaSubType\":\"main\"}'>\n    <div class=\"related-slider-card__image\">\n        <img loading=\"lazy\" decoding=\"async\" width=\"600\" height=\"408\" src=\"https:\/\/theplayoffs.news\/fr\/wp-content\/uploads\/2026\/02\/USATSI_26937930-600x408.jpg\" class=\"attachment-medium size-medium wp-post-image\" alt=\"Las Vegas Raiders\" srcset=\"https:\/\/theplayoffs.news\/fr\/wp-content\/uploads\/2026\/02\/USATSI_26937930-600x408.jpg 600w, https:\/\/theplayoffs.news\/fr\/wp-content\/uploads\/2026\/02\/USATSI_26937930-1200x817.jpg 1200w, https:\/\/theplayoffs.news\/fr\/wp-content\/uploads\/2026\/02\/USATSI_26937930-768x523.jpg 768w, https:\/\/theplayoffs.news\/fr\/wp-content\/uploads\/2026\/02\/USATSI_26937930-1536x1046.jpg 1536w, https:\/\/theplayoffs.news\/fr\/wp-content\/uploads\/2026\/02\/USATSI_26937930-1320x899.jpg 1320w, https:\/\/theplayoffs.news\/fr\/wp-content\/uploads\/2026\/02\/USATSI_26937930.jpg 1920w\" sizes=\"auto, (max-width: 600px) 100vw, 600px\">\n                            <\/div>\n    <div class=\"related-slider-card__content\">\n        <div class=\"related-slider-card__content__tags\">\n                            <div class=\"related-slider-card__content__tags__category\">\n                    Actualit&eacute; NFL\n                <\/div>\n                        <div class=\"related-slider-card__content__tags__date\" data-dynamic-date=\"2026-02-24T10:09:27+01:00\">\n                24 f&eacute;vrier 2026\n            <\/div>\n        <\/div>\n        <div class=\"related-slider-card__content__title\">\n            Las Vegas Raiders 2026: Calendrier, cotes, draft et pr&eacute;diction\n        <\/div>\n                    <div class=\"related-slider-card__content__read-more\">\n                Voir plus\n                <i>\n                    <svg width=\"17\" height=\"15\" viewbox=\"0 0 17 15\" fill=\"none\" xmlns=\"http:\/\/www.w3.org\/2000\/svg\">\n<path d=\"M1 6.5C0.447715 6.5 0 6.94772 0 7.5C0 8.05228 0.447715 8.5 1 8.5V6.5ZM16.7071 8.20711C17.0976 7.81658 17.0976 7.18342 16.7071 6.79289L10.3431 0.428932C9.95262 0.0384078 9.31946 0.0384078 8.92893 0.428932C8.53841 0.819457 8.53841 1.45262 8.92893 1.84315L14.5858 7.5L8.92893 13.1569C8.53841 13.5474 8.53841 14.1805 8.92893 14.5711C9.31946 14.9616 9.95262 14.9616 10.3431 14.5711L16.7071 8.20711ZM1 7.5V8.5H8.5V7.5V6.5H1V7.5ZM8.5 7.5V8.5H16V7.5V6.5H8.5V7.5Z\" fill=\"white\"><\/path>\n<\/svg>\n\n                <\/i>\n            <\/div>\n            <\/div>\n<\/a>\n\n                <\/div>\n                            <div class=\"swiper-slide\">\n                    <a class=\"related-slider-card  trk-cta-img\" href=\"https:\/\/theplayoffs.news\/fr\/actualite-nfl\/derek-carr-retour-nfl-2026-cotes\/\" title=\"Derek Carr: un retour sur les terrains en 2026?\" data-cta-trk='{\"ctaType\":\"Image\",\"ctaSubType\":\"main\"}'>\n    <div class=\"related-slider-card__image\">\n        <img loading=\"lazy\" decoding=\"async\" width=\"600\" height=\"400\" src=\"https:\/\/theplayoffs.news\/fr\/wp-content\/uploads\/2026\/02\/USATSI_24946629-600x400.jpg\" class=\"attachment-medium size-medium wp-post-image\" alt=\"Derek Carr\" srcset=\"https:\/\/theplayoffs.news\/fr\/wp-content\/uploads\/2026\/02\/USATSI_24946629-600x400.jpg 600w, https:\/\/theplayoffs.news\/fr\/wp-content\/uploads\/2026\/02\/USATSI_24946629-1200x800.jpg 1200w, https:\/\/theplayoffs.news\/fr\/wp-content\/uploads\/2026\/02\/USATSI_24946629-768x512.jpg 768w, https:\/\/theplayoffs.news\/fr\/wp-content\/uploads\/2026\/02\/USATSI_24946629-1536x1024.jpg 1536w, https:\/\/theplayoffs.news\/fr\/wp-content\/uploads\/2026\/02\/USATSI_24946629-1320x880.jpg 1320w, https:\/\/theplayoffs.news\/fr\/wp-content\/uploads\/2026\/02\/USATSI_24946629.jpg 1920w\" sizes=\"auto, (max-width: 600px) 100vw, 600px\">\n                            <\/div>\n    <div class=\"related-slider-card__content\">\n        <div class=\"related-slider-card__content__tags\">\n                            <div class=\"related-slider-card__content__tags__category\">\n                    Actualit&eacute; NFL\n                <\/div>\n                        <div class=\"related-slider-card__content__tags__date\" data-dynamic-date=\"2026-02-23T14:15:45+01:00\">\n                23 f&eacute;vrier 2026\n            <\/div>\n        <\/div>\n        <div class=\"related-slider-card__content__title\">\n            Derek Carr: un retour sur les terrains en 2026?\n        <\/div>\n                    <div class=\"related-slider-card__content__read-more\">\n                Voir plus\n                <i>\n                    <svg width=\"17\" height=\"15\" viewbox=\"0 0 17 15\" fill=\"none\" xmlns=\"http:\/\/www.w3.org\/2000\/svg\">\n<path d=\"M1 6.5C0.447715 6.5 0 6.94772 0 7.5C0 8.05228 0.447715 8.5 1 8.5V6.5ZM16.7071 8.20711C17.0976 7.81658 17.0976 7.18342 16.7071 6.79289L10.3431 0.428932C9.95262 0.0384078 9.31946 0.0384078 8.92893 0.428932C8.53841 0.819457 8.53841 1.45262 8.92893 1.84315L14.5858 7.5L8.92893 13.1569C8.53841 13.5474 8.53841 14.1805 8.92893 14.5711C9.31946 14.9616 9.95262 14.9616 10.3431 14.5711L16.7071 8.20711ZM1 7.5V8.5H8.5V7.5V6.5H1V7.5ZM8.5 7.5V8.5H16V7.5V6.5H8.5V7.5Z\" fill=\"white\"><\/path>\n<\/svg>\n\n                <\/i>\n            <\/div>\n            <\/div>\n<\/a>\n\n                <\/div>\n                    <\/div>\n    <\/div>\n<\/div><p>Tyreek Hill faisait jusqu&rsquo;alors un match complet, avec 6 r&eacute;ceptions (en 6 targets) pour 67 yards. Au moment de sa sortie, les Dolphins menaient au score face aux jets, 10-3 au d&eacute;but du 3ieme quart temps, dans le match de la peur contre leur adversaire du soir et rivaux de division. <\/p><p> Mandatory Credit: Rich Storry-Imagn Images<\/p>\n","protected":false},"excerpt":{"rendered":"<p>Dolphins &#8211; Jets : Miami a sans doute perdu son receveur star Tyreek Hill pour plusieurs semaines<\/p>\n","protected":false},"author":180310198,"featured_media":1502950,"comment_status":"closed","ping_status":"closed","sticky":false,"template":"","format":"standard","meta":{"inline_featured_image":false,"kia_subtitle":"Dolphins - Jets : Miami a sans doute perdu son receveur star Tyreek Hill pour plusieurs semaines","_mux_skip_reasons":[],"proofreadBy":0,"footnotes":""},"categories":[8410,40],"tags":[400,9070,359,79,9069],"sport":[2785],"saison":[7475],"class_list":["post-1502949","post","type-post","status-publish","format-standard","has-post-thumbnail","hentry","category-football-americain","category-nfl","tag-dolphins","tag-hill","tag-jets","tag-nfl","tag-tyreek","sport-nfl","saison-7475"],"acf":[],"yoast_head":"<!-- This site is optimized with the Yoast SEO plugin v24.2 - https:\/\/yoast.com\/wordpress\/plugins\/seo\/ -->\n<title>Dolphins - Jets : Tyreek Hill s&eacute;rieusement bl&eacute;ss&eacute; - The Playoffs FR<\/title>\n<meta name=\"robots\" content=\"index, follow, max-snippet:-1, max-image-preview:large, max-video-preview:-1\" \/>\n<link rel=\"canonical\" href=\"https:\/\/theplayoffs.news\/fr\/nfl\/dolphins-jets-tyreek-hill-serieusement-blesse\/\" \/>\n<meta property=\"og:locale\" content=\"fr_FR\" \/>\n<meta property=\"og:type\" content=\"article\" \/>\n<meta property=\"og:title\" content=\"Dolphins - Jets : Tyreek Hill s&eacute;rieusement bl&eacute;ss&eacute; - The Playoffs FR\" \/>\n<meta property=\"og:description\" content=\"Dolphins - Jets : Miami a sans doute perdu son receveur star Tyreek Hill pour plusieurs semaines\" \/>\n<meta property=\"og:url\" content=\"https:\/\/theplayoffs.news\/fr\/nfl\/dolphins-jets-tyreek-hill-serieusement-blesse\/\" \/>\n<meta property=\"og:site_name\" content=\"The Playoffs FR\" \/>\n<meta property=\"article:publisher\" content=\"https:\/\/www.facebook.com\/TheFreeAgentFR\/\" \/>\n<meta property=\"article:modified_time\" content=\"2025-09-30T03:59:04+02:00\" \/>\n<meta property=\"og:image\" content=\"https:\/\/theplayoffs.news\/fr\/wp-content\/uploads\/2025\/09\/tyreek-hill-jets.jpg\" \/>\n\t<meta property=\"og:image:width\" content=\"1920\" \/>\n\t<meta property=\"og:image:height\" content=\"1280\" \/>\n\t<meta property=\"og:image:type\" content=\"image\/jpeg\" \/>\n<meta name=\"author\" content=\"Vincent Marchetti\" \/>\n<meta name=\"twitter:card\" content=\"summary_large_image\" \/>\n<meta name=\"twitter:creator\" content=\"@TheFreeAgentFR\" \/>\n<meta name=\"twitter:site\" content=\"@TheFreeAgentFR\" \/>\n<meta name=\"twitter:label1\" content=\"\u00c9crit par\" \/>\n\t<meta name=\"twitter:data1\" content=\"Vincent Marchetti\" \/>\n\t<meta name=\"twitter:label2\" content=\"Dur\u00e9e de lecture estim\u00e9e\" \/>\n\t<meta name=\"twitter:data2\" content=\"2 minutes\" \/>\n<script type=\"application\/ld+json\" class=\"yoast-schema-graph\">{\"@context\":\"https:\/\/schema.org\",\"@graph\":[{\"@type\":\"WebPage\",\"@id\":\"https:\/\/theplayoffs.news\/fr\/nfl\/dolphins-jets-tyreek-hill-serieusement-blesse\/\",\"url\":\"https:\/\/theplayoffs.news\/fr\/nfl\/dolphins-jets-tyreek-hill-serieusement-blesse\/\",\"name\":\"Dolphins - Jets : Tyreek Hill s\u00e9rieusement bl\u00e9ss\u00e9 - The Playoffs FR\",\"isPartOf\":{\"@id\":\"https:\/\/theplayoffs.news\/fr\/#website\"},\"primaryImageOfPage\":{\"@id\":\"https:\/\/theplayoffs.news\/fr\/nfl\/dolphins-jets-tyreek-hill-serieusement-blesse\/#primaryimage\"},\"image\":{\"@id\":\"https:\/\/theplayoffs.news\/fr\/nfl\/dolphins-jets-tyreek-hill-serieusement-blesse\/#primaryimage\"},\"thumbnailUrl\":\"https:\/\/theplayoffs.news\/fr\/wp-content\/uploads\/2025\/09\/tyreek-hill-jets.jpg\",\"datePublished\":\"2025-09-30T01:29:12+00:00\",\"dateModified\":\"2025-09-30T01:59:04+00:00\",\"author\":{\"@id\":\"https:\/\/theplayoffs.news\/fr\/#\/schema\/person\/53b7f0b5f7334fe0bbcf2930eb83b6de\"},\"breadcrumb\":{\"@id\":\"https:\/\/theplayoffs.news\/fr\/nfl\/dolphins-jets-tyreek-hill-serieusement-blesse\/#breadcrumb\"},\"inLanguage\":\"fr-FR\",\"potentialAction\":[{\"@type\":\"ReadAction\",\"target\":[\"https:\/\/theplayoffs.news\/fr\/nfl\/dolphins-jets-tyreek-hill-serieusement-blesse\/\"]}]},{\"@type\":\"ImageObject\",\"inLanguage\":\"fr-FR\",\"@id\":\"https:\/\/theplayoffs.news\/fr\/nfl\/dolphins-jets-tyreek-hill-serieusement-blesse\/#primaryimage\",\"url\":\"https:\/\/theplayoffs.news\/fr\/wp-content\/uploads\/2025\/09\/tyreek-hill-jets.jpg\",\"contentUrl\":\"https:\/\/theplayoffs.news\/fr\/wp-content\/uploads\/2025\/09\/tyreek-hill-jets.jpg\",\"width\":1920,\"height\":1280,\"caption\":\"Sep 29, 2025; Miami Gardens, Florida, USA; Miami Dolphins wide receiver Tyreek Hill (10) practices before the game against the New York Jets at Hard Rock Stadium. Mandatory Credit: Rich Storry-Imagn Images\"},{\"@type\":\"BreadcrumbList\",\"@id\":\"https:\/\/theplayoffs.news\/fr\/nfl\/dolphins-jets-tyreek-hill-serieusement-blesse\/#breadcrumb\",\"itemListElement\":[{\"@type\":\"ListItem\",\"position\":1,\"name\":\"Accueil\",\"item\":\"https:\/\/theplayoffs.news\/fr\/\"},{\"@type\":\"ListItem\",\"position\":2,\"name\":\"Dolphins &#8211; Jets : Tyreek Hill s\u00e9rieusement bl\u00e9ss\u00e9\"}]},{\"@type\":\"WebSite\",\"@id\":\"https:\/\/theplayoffs.news\/fr\/#website\",\"url\":\"https:\/\/theplayoffs.news\/fr\/\",\"name\":\"The Playoffs FR\",\"description\":\"NBA-NFL-NHL-MLB\",\"potentialAction\":[{\"@type\":\"SearchAction\",\"target\":{\"@type\":\"EntryPoint\",\"urlTemplate\":\"https:\/\/theplayoffs.news\/fr\/?s={search_term_string}\"},\"query-input\":{\"@type\":\"PropertyValueSpecification\",\"valueRequired\":true,\"valueName\":\"search_term_string\"}}],\"inLanguage\":\"fr-FR\"},{\"@type\":\"Person\",\"@id\":\"https:\/\/theplayoffs.news\/fr\/#\/schema\/person\/53b7f0b5f7334fe0bbcf2930eb83b6de\",\"name\":\"Vincent Marchetti\",\"image\":{\"@type\":\"ImageObject\",\"inLanguage\":\"fr-FR\",\"@id\":\"https:\/\/theplayoffs.news\/fr\/#\/schema\/person\/image\/\",\"url\":\"https:\/\/secure.gravatar.com\/avatar\/a56c1d745b010d4eaa69ee1530f51550cc181de00371515f7120116b26bda415?s=96&d=mm&r=g\",\"contentUrl\":\"https:\/\/secure.gravatar.com\/avatar\/a56c1d745b010d4eaa69ee1530f51550cc181de00371515f7120116b26bda415?s=96&d=mm&r=g\",\"caption\":\"Vincent Marchetti\"},\"url\":\"https:\/\/theplayoffs.news\/fr\/author\/marchetti-vincent85gmail-com\/\"}]}<\/script>\n<!-- \/ Yoast SEO plugin. -->","yoast_head_json":{"title":"Dolphins - Jets : Tyreek Hill s&eacute;rieusement bl&eacute;ss&eacute; - The Playoffs FR","robots":{"index":"index","follow":"follow","max-snippet":"max-snippet:-1","max-image-preview":"max-image-preview:large","max-video-preview":"max-video-preview:-1"},"canonical":"https:\/\/theplayoffs.news\/fr\/nfl\/dolphins-jets-tyreek-hill-serieusement-blesse\/","og_locale":"fr_FR","og_type":"article","og_title":"Dolphins - Jets : Tyreek Hill s&eacute;rieusement bl&eacute;ss&eacute; - The Playoffs FR","og_description":"Dolphins - Jets : Miami a sans doute perdu son receveur star Tyreek Hill pour plusieurs semaines","og_url":"https:\/\/theplayoffs.news\/fr\/nfl\/dolphins-jets-tyreek-hill-serieusement-blesse\/","og_site_name":"The Playoffs FR","article_publisher":"https:\/\/www.facebook.com\/TheFreeAgentFR\/","article_modified_time":"2025-09-30T01:59:04+00:00","og_image":[{"width":1920,"height":1280,"url":"https:\/\/theplayoffs.news\/fr\/wp-content\/uploads\/2025\/09\/tyreek-hill-jets.jpg","type":"image\/jpeg"}],"author":"Vincent Marchetti","twitter_card":"summary_large_image","twitter_creator":"@TheFreeAgentFR","twitter_site":"@TheFreeAgentFR","twitter_misc":{"\u00c9crit par":"Vincent Marchetti","Dur\u00e9e de lecture estim\u00e9e":"2 minutes"},"schema":{"@context":"https:\/\/schema.org","@graph":[{"@type":"WebPage","@id":"https:\/\/theplayoffs.news\/fr\/nfl\/dolphins-jets-tyreek-hill-serieusement-blesse\/","url":"https:\/\/theplayoffs.news\/fr\/nfl\/dolphins-jets-tyreek-hill-serieusement-blesse\/","name":"Dolphins - Jets : Tyreek Hill s\u00e9rieusement bl\u00e9ss\u00e9 - The Playoffs FR","isPartOf":{"@id":"https:\/\/theplayoffs.news\/fr\/#website"},"primaryImageOfPage":{"@id":"https:\/\/theplayoffs.news\/fr\/nfl\/dolphins-jets-tyreek-hill-serieusement-blesse\/#primaryimage"},"image":{"@id":"https:\/\/theplayoffs.news\/fr\/nfl\/dolphins-jets-tyreek-hill-serieusement-blesse\/#primaryimage"},"thumbnailUrl":"https:\/\/theplayoffs.news\/fr\/wp-content\/uploads\/2025\/09\/tyreek-hill-jets.jpg","datePublished":"2025-09-30T01:29:12+00:00","dateModified":"2025-09-30T01:59:04+00:00","author":{"@id":"https:\/\/theplayoffs.news\/fr\/#\/schema\/person\/53b7f0b5f7334fe0bbcf2930eb83b6de"},"breadcrumb":{"@id":"https:\/\/theplayoffs.news\/fr\/nfl\/dolphins-jets-tyreek-hill-serieusement-blesse\/#breadcrumb"},"inLanguage":"fr-FR","potentialAction":[{"@type":"ReadAction","target":["https:\/\/theplayoffs.news\/fr\/nfl\/dolphins-jets-tyreek-hill-serieusement-blesse\/"]}]},{"@type":"ImageObject","inLanguage":"fr-FR","@id":"https:\/\/theplayoffs.news\/fr\/nfl\/dolphins-jets-tyreek-hill-serieusement-blesse\/#primaryimage","url":"https:\/\/theplayoffs.news\/fr\/wp-content\/uploads\/2025\/09\/tyreek-hill-jets.jpg","contentUrl":"https:\/\/theplayoffs.news\/fr\/wp-content\/uploads\/2025\/09\/tyreek-hill-jets.jpg","width":1920,"height":1280,"caption":"Sep 29, 2025; Miami Gardens, Florida, USA; Miami Dolphins wide receiver Tyreek Hill (10) practices before the game against the New York Jets at Hard Rock Stadium. Mandatory Credit: Rich Storry-Imagn Images"},{"@type":"BreadcrumbList","@id":"https:\/\/theplayoffs.news\/fr\/nfl\/dolphins-jets-tyreek-hill-serieusement-blesse\/#breadcrumb","itemListElement":[{"@type":"ListItem","position":1,"name":"Accueil","item":"https:\/\/theplayoffs.news\/fr\/"},{"@type":"ListItem","position":2,"name":"Dolphins &#8211; Jets : Tyreek Hill s\u00e9rieusement bl\u00e9ss\u00e9"}]},{"@type":"WebSite","@id":"https:\/\/theplayoffs.news\/fr\/#website","url":"https:\/\/theplayoffs.news\/fr\/","name":"The Playoffs FR","description":"NBA-NFL-NHL-MLB","potentialAction":[{"@type":"SearchAction","target":{"@type":"EntryPoint","urlTemplate":"https:\/\/theplayoffs.news\/fr\/?s={search_term_string}"},"query-input":{"@type":"PropertyValueSpecification","valueRequired":true,"valueName":"search_term_string"}}],"inLanguage":"fr-FR"},{"@type":"Person","@id":"https:\/\/theplayoffs.news\/fr\/#\/schema\/person\/53b7f0b5f7334fe0bbcf2930eb83b6de","name":"Vincent Marchetti","image":{"@type":"ImageObject","inLanguage":"fr-FR","@id":"https:\/\/theplayoffs.news\/fr\/#\/schema\/person\/image\/","url":"https:\/\/secure.gravatar.com\/avatar\/a56c1d745b010d4eaa69ee1530f51550cc181de00371515f7120116b26bda415?s=96&d=mm&r=g","contentUrl":"https:\/\/secure.gravatar.com\/avatar\/a56c1d745b010d4eaa69ee1530f51550cc181de00371515f7120116b26bda415?s=96&d=mm&r=g","caption":"Vincent Marchetti"},"url":"https:\/\/theplayoffs.news\/fr\/author\/marchetti-vincent85gmail-com\/"}]}},"_links":{"self":[{"href":"https:\/\/theplayoffs.news\/fr\/wp-json\/wp\/v2\/posts\/1502949","targetHints":{"allow":["GET"]}}],"collection":[{"href":"https:\/\/theplayoffs.news\/fr\/wp-json\/wp\/v2\/posts"}],"about":[{"href":"https:\/\/theplayoffs.news\/fr\/wp-json\/wp\/v2\/types\/post"}],"author":[{"embeddable":true,"href":"https:\/\/theplayoffs.news\/fr\/wp-json\/wp\/v2\/users\/180310198"}],"replies":[{"embeddable":true,"href":"https:\/\/theplayoffs.news\/fr\/wp-json\/wp\/v2\/comments?post=1502949"}],"version-history":[{"count":2,"href":"https:\/\/theplayoffs.news\/fr\/wp-json\/wp\/v2\/posts\/1502949\/revisions"}],"predecessor-version":[{"id":1502953,"href":"https:\/\/theplayoffs.news\/fr\/wp-json\/wp\/v2\/posts\/1502949\/revisions\/1502953"}],"wp:featuredmedia":[{"embeddable":true,"href":"https:\/\/theplayoffs.news\/fr\/wp-json\/wp\/v2\/media\/1502950"}],"wp:attachment":[{"href":"https:\/\/theplayoffs.news\/fr\/wp-json\/wp\/v2\/media?parent=1502949"}],"wp:term":[{"taxonomy":"category","embeddable":true,"href":"https:\/\/theplayoffs.news\/fr\/wp-json\/wp\/v2\/categories?post=1502949"},{"taxonomy":"post_tag","embeddable":true,"href":"https:\/\/theplayoffs.news\/fr\/wp-json\/wp\/v2\/tags?post=1502949"},{"taxonomy":"sport","embeddable":true,"href":"https:\/\/theplayoffs.news\/fr\/wp-json\/wp\/v2\/sport?post=1502949"},{"taxonomy":"saison","embeddable":true,"href":"https:\/\/theplayoffs.news\/fr\/wp-json\/wp\/v2\/saison?post=1502949"}],"curies":[{"name":"wp","href":"https:\/\/api.w.org\/{rel}","templated":true}]}}