{"id":1502416,"date":"2025-09-24T07:04:30","date_gmt":"2025-09-24T05:04:30","guid":{"rendered":"https:\/\/theplayoffs.news\/fr\/uncategorized\/\/"},"modified":"2025-09-24T07:04:37","modified_gmt":"2025-09-24T05:04:37","slug":"jalen-brunson-reagit-depart-thibodeau-knicks","status":"publish","type":"post","link":"https:\/\/theplayoffs.news\/fr\/actualite-nba\/jalen-brunson-reagit-depart-thibodeau-knicks\/","title":{"rendered":"Jalen Brunson d\u00e9plore le d\u00e9part de Thibodeau aux Knicks : \u00ab Il a beaucoup compt\u00e9 \u00bb"},"content":{"rendered":"<p>Jalen Brunson a soulign&eacute; l&rsquo;importance de l&rsquo;ancien entra&icirc;neur de son &eacute;quipe dans son ascension en NBA.<\/p><p>Jalen Brunson garde un profond sentiment de gratitude envers Tom Thibodeau, limog&eacute; par les New York Knicks durant cette intersaison NBA. Lors du <em>media day<\/em> de la franchise ce mardi (23), le meneur a comment&eacute; le d&eacute;part du coach et mis en avant son r&ocirc;le majeur dans son d&eacute;veloppement en NBA au cours des derni&egrave;res ann&eacute;es.<\/p><blockquote class=\"wp-block-quote is-layout-flow wp-block-quote-is-layout-flow\">\n<p>&laquo; C&rsquo;est triste de voir un homme que je connais depuis si longtemps quitter cette organisation &raquo;, <a href=\"https:\/\/x.com\/sny_knicks\/status\/1970491997128445968\" target=\"_blank\" rel=\"noreferrer noopener\" class=\"trk-cta-link\" data-cta-trk='{\"ctaType\":\"Link\",\"ctaSubType\":\"main\"}'>a d&eacute;clar&eacute; Brunson<\/a>. &laquo; Il a beaucoup compt&eacute; pour moi. Je l&rsquo;ai exprim&eacute; publiquement et personnellement. Il a eu un grand impact sur ma carri&egrave;re. &raquo;<\/p>\n<\/blockquote><p>Ancien joueur des Dallas Mavericks, Brunson avait rejoint les Knicks en juillet 2022, alors que Thibodeau entamait d&eacute;j&agrave; sa troisi&egrave;me saison &agrave; la t&ecirc;te de l&rsquo;&eacute;quipe new-yorkaise. Aux c&ocirc;t&eacute;s du coach, le num&eacute;ro 11 s&rsquo;est affirm&eacute; comme une v&eacute;ritable star de la NBA.<\/p><h3 class=\"wp-block-heading\">Le succ&egrave;s de la collaboration entre Thibs et Brunson<\/h3><p>Depuis son arriv&eacute;e &agrave; New York, Brunson a connu ses deux premi&egrave;res s&eacute;lections au All-Star Game et a &eacute;t&eacute; nomm&eacute; dans les &eacute;quipes All-NBA. La saison derni&egrave;re, il a men&eacute; les Knicks jusqu&rsquo;&agrave; leur premi&egrave;re finale de Conf&eacute;rence Est en 25 ans, avec des moyennes de 28,7 points et 7,3 passes d&eacute;cisives en saison r&eacute;guli&egrave;re, puis 29,4 points et 7 passes en playoffs.<\/p><p>Il a &eacute;galement &eacute;t&eacute; &eacute;lu <em>Clutch Player of the Year<\/em>, en terminant meilleur marqueur de la ligue dans les moments d&eacute;cisifs (5,6 points par match). Toutefois, les Knicks ont &eacute;t&eacute; &eacute;limin&eacute;s en six manches par les Indiana Pacers.<\/p><p>Cette d&eacute;faite a non seulement priv&eacute; New York d&rsquo;un retour en finale <a href=\"https:\/\/theplayoffs.news\/fr\/category\/sports\/basketball-sports\/nba\/\" target=\"_blank\" rel=\"noreferrer noopener\" class=\"trk-cta-link\" data-cta-trk='{\"ctaType\":\"Link\",\"ctaSubType\":\"main\"}'>NBA<\/a>, mais elle a aussi jou&eacute; un r&ocirc;le d&eacute;terminant dans le licenciement de Thibodeau. Brunson admet que cette &eacute;limination reste difficile &agrave; dig&eacute;rer, m&ecirc;me quatre mois plus tard :<\/p><blockquote class=\"wp-block-quote is-layout-flow wp-block-quote-is-layout-flow\">\n<p>&laquo; &Eacute;videmment, on y pense &raquo;, a-t-il reconnu. &laquo; Il est toujours pr&eacute;f&eacute;rable d&rsquo;avoir la m&eacute;moire courte pour se concentrer sur ce qui vient et r&eacute;fl&eacute;chir &agrave; comment &ecirc;tre meilleur. On apprend du pass&eacute;, mais ce n&rsquo;est pas quelque chose qu&rsquo;on surmonte facilement. &raquo;<\/p>\n<\/blockquote><h3 class=\"wp-block-heading\">Un nouveau d&eacute;part<\/h3><p>Sans Thibodeau, les New York Knicks entament d&eacute;sormais une nouvelle qu&ecirc;te de titre sous les ordres de Mike Brown. Leur saison d&eacute;butera le 22 octobre, face aux Cleveland Cavaliers, au Madison Square Garden.<\/p><p><\/p><p><em>Credit Photo: Geoff Burke-Imagn Images<\/em><\/p>\n","protected":false},"excerpt":{"rendered":"","protected":false},"author":13,"featured_media":1502417,"comment_status":"closed","ping_status":"closed","sticky":false,"template":"","format":"standard","meta":{"inline_featured_image":false,"kia_subtitle":"","_mux_skip_reasons":[],"proofreadBy":0,"footnotes":""},"categories":[110,8414,10],"tags":[3977,586],"sport":[],"saison":[],"class_list":["post-1502416","post","type-post","status-publish","format-standard","has-post-thumbnail","hentry","category-actualite-nba","category-basketball-sports","category-nba","tag-jalen-brunson","tag-new-york-knicks"],"acf":[],"yoast_head":"<!-- This site is optimized with the Yoast SEO plugin v24.2 - https:\/\/yoast.com\/wordpress\/plugins\/seo\/ -->\n<title>Jalen Brunson d&eacute;plore le d&eacute;part de Thibodeau aux Knicks : &laquo; Il a beaucoup compt&eacute; &raquo; - The Playoffs FR<\/title>\n<meta name=\"description\" content=\"Jalen Brunson a exprim&eacute; sa gratitude envers Tom Thibodeau apr&egrave;s son d&eacute;part des New York Knicks et souligne l&rsquo;impact du coach sur sa carri&egrave;re\" \/>\n<meta name=\"robots\" content=\"index, follow, max-snippet:-1, max-image-preview:large, max-video-preview:-1\" \/>\n<link rel=\"canonical\" href=\"https:\/\/theplayoffs.news\/fr\/actualite-nba\/jalen-brunson-reagit-depart-thibodeau-knicks\/\" \/>\n<meta property=\"og:locale\" content=\"fr_FR\" \/>\n<meta property=\"og:type\" content=\"article\" \/>\n<meta property=\"og:title\" content=\"Jalen Brunson d&eacute;plore le d&eacute;part de Thibodeau aux Knicks : &laquo; Il a beaucoup compt&eacute; &raquo; - The Playoffs FR\" \/>\n<meta property=\"og:description\" content=\"Jalen Brunson a exprim&eacute; sa gratitude envers Tom Thibodeau apr&egrave;s son d&eacute;part des New York Knicks et souligne l&rsquo;impact du coach sur sa carri&egrave;re\" \/>\n<meta property=\"og:url\" content=\"https:\/\/theplayoffs.news\/fr\/actualite-nba\/jalen-brunson-reagit-depart-thibodeau-knicks\/\" \/>\n<meta property=\"og:site_name\" content=\"The Playoffs FR\" \/>\n<meta property=\"article:publisher\" content=\"https:\/\/www.facebook.com\/TheFreeAgentFR\/\" \/>\n<meta property=\"article:modified_time\" content=\"2025-09-24T07:04:37+02:00\" \/>\n<meta property=\"og:image\" content=\"https:\/\/theplayoffs.news\/fr\/wp-content\/uploads\/2025\/09\/Imagn-25076965.jpg\" \/>\n\t<meta property=\"og:image:width\" content=\"1920\" \/>\n\t<meta property=\"og:image:height\" content=\"1280\" \/>\n\t<meta property=\"og:image:type\" content=\"image\/jpeg\" \/>\n<meta name=\"author\" content=\"Charles Taudin\" \/>\n<meta name=\"twitter:card\" content=\"summary_large_image\" \/>\n<meta name=\"twitter:creator\" content=\"@TheFreeAgentFR\" \/>\n<meta name=\"twitter:site\" content=\"@TheFreeAgentFR\" \/>\n<meta name=\"twitter:label1\" content=\"\u00c9crit par\" \/>\n\t<meta name=\"twitter:data1\" content=\"Charles Taudin\" \/>\n\t<meta name=\"twitter:label2\" content=\"Dur\u00e9e de lecture estim\u00e9e\" \/>\n\t<meta name=\"twitter:data2\" content=\"2 minutes\" \/>\n<script type=\"application\/ld+json\" class=\"yoast-schema-graph\">{\"@context\":\"https:\/\/schema.org\",\"@graph\":[{\"@type\":\"WebPage\",\"@id\":\"https:\/\/theplayoffs.news\/fr\/actualite-nba\/jalen-brunson-reagit-depart-thibodeau-knicks\/\",\"url\":\"https:\/\/theplayoffs.news\/fr\/actualite-nba\/jalen-brunson-reagit-depart-thibodeau-knicks\/\",\"name\":\"Jalen Brunson d\u00e9plore le d\u00e9part de Thibodeau aux Knicks : \u00ab Il a beaucoup compt\u00e9 \u00bb - The Playoffs FR\",\"isPartOf\":{\"@id\":\"https:\/\/theplayoffs.news\/fr\/#website\"},\"primaryImageOfPage\":{\"@id\":\"https:\/\/theplayoffs.news\/fr\/actualite-nba\/jalen-brunson-reagit-depart-thibodeau-knicks\/#primaryimage\"},\"image\":{\"@id\":\"https:\/\/theplayoffs.news\/fr\/actualite-nba\/jalen-brunson-reagit-depart-thibodeau-knicks\/#primaryimage\"},\"thumbnailUrl\":\"https:\/\/theplayoffs.news\/fr\/wp-content\/uploads\/2025\/09\/Imagn-25076965.jpg\",\"datePublished\":\"2025-09-24T05:04:30+00:00\",\"dateModified\":\"2025-09-24T05:04:37+00:00\",\"author\":{\"@id\":\"https:\/\/theplayoffs.news\/fr\/#\/schema\/person\/eee5b69ad5d3c51cabe881c839dbe133\"},\"description\":\"Jalen Brunson a exprim\u00e9 sa gratitude envers Tom Thibodeau apr\u00e8s son d\u00e9part des New York Knicks et souligne l\u2019impact du coach sur sa carri\u00e8re\",\"breadcrumb\":{\"@id\":\"https:\/\/theplayoffs.news\/fr\/actualite-nba\/jalen-brunson-reagit-depart-thibodeau-knicks\/#breadcrumb\"},\"inLanguage\":\"fr-FR\",\"potentialAction\":[{\"@type\":\"ReadAction\",\"target\":[\"https:\/\/theplayoffs.news\/fr\/actualite-nba\/jalen-brunson-reagit-depart-thibodeau-knicks\/\"]}]},{\"@type\":\"ImageObject\",\"inLanguage\":\"fr-FR\",\"@id\":\"https:\/\/theplayoffs.news\/fr\/actualite-nba\/jalen-brunson-reagit-depart-thibodeau-knicks\/#primaryimage\",\"url\":\"https:\/\/theplayoffs.news\/fr\/wp-content\/uploads\/2025\/09\/Imagn-25076965.jpg\",\"contentUrl\":\"https:\/\/theplayoffs.news\/fr\/wp-content\/uploads\/2025\/09\/Imagn-25076965.jpg\",\"width\":1920,\"height\":1280,\"caption\":\"Dec 28, 2024; Washington, District of Columbia, USA; New York Knicks head coach Tom Thibodeau (R) and Knicks guard Jalen Brunson (11) look on during a stoppage in play against the Washington Wizards in the third quarterat Capital One Arena. Mandatory Credit: Geoff Burke-Imagn Images\"},{\"@type\":\"BreadcrumbList\",\"@id\":\"https:\/\/theplayoffs.news\/fr\/actualite-nba\/jalen-brunson-reagit-depart-thibodeau-knicks\/#breadcrumb\",\"itemListElement\":[{\"@type\":\"ListItem\",\"position\":1,\"name\":\"Accueil\",\"item\":\"https:\/\/theplayoffs.news\/fr\/\"},{\"@type\":\"ListItem\",\"position\":2,\"name\":\"Jalen Brunson d\u00e9plore le d\u00e9part de Thibodeau aux Knicks : \u00ab Il a beaucoup compt\u00e9 \u00bb\"}]},{\"@type\":\"WebSite\",\"@id\":\"https:\/\/theplayoffs.news\/fr\/#website\",\"url\":\"https:\/\/theplayoffs.news\/fr\/\",\"name\":\"The Playoffs FR\",\"description\":\"NBA-NFL-NHL-MLB\",\"potentialAction\":[{\"@type\":\"SearchAction\",\"target\":{\"@type\":\"EntryPoint\",\"urlTemplate\":\"https:\/\/theplayoffs.news\/fr\/?s={search_term_string}\"},\"query-input\":{\"@type\":\"PropertyValueSpecification\",\"valueRequired\":true,\"valueName\":\"search_term_string\"}}],\"inLanguage\":\"fr-FR\"},{\"@type\":\"Person\",\"@id\":\"https:\/\/theplayoffs.news\/fr\/#\/schema\/person\/eee5b69ad5d3c51cabe881c839dbe133\",\"name\":\"Charles Taudin\",\"image\":{\"@type\":\"ImageObject\",\"inLanguage\":\"fr-FR\",\"@id\":\"https:\/\/theplayoffs.news\/fr\/#\/schema\/person\/image\/\",\"url\":\"https:\/\/secure.gravatar.com\/avatar\/59a1e772205ce9fd255edfcafc93013736822e20261f294c5753b20c41ede9f2?s=96&d=mm&r=g\",\"contentUrl\":\"https:\/\/secure.gravatar.com\/avatar\/59a1e772205ce9fd255edfcafc93013736822e20261f294c5753b20c41ede9f2?s=96&d=mm&r=g\",\"caption\":\"Charles Taudin\"},\"description\":\"R\u00e9dacteur en chef global de The Playoffs, j\u2019ai cr\u00e9\u00e9 The Free Agent, devenu The Playoffs FR, en 2020 durant la pand\u00e9mie. Amoureux depuis des ann\u00e9es des 4 sports majeurs am\u00e9ricains, j\u2019organise maintenant la strat\u00e9gie \u00e9ditoriale et les r\u00e9seaux sociaux de l\u2019ensemble des versions de The Playoffs. Il m\u2019arrive encore d\u2019\u00e9crire sur certains sports que j\u2019affectionne particuli\u00e8rement comme la NFL ou la MLB. Si vous devez retenir qu\u2019une chose : Eli Manning est le vrai GOAT pour avoir battu deux fois Tom Brady.\",\"sameAs\":[\"https:\/\/www.instagram.com\/ctaudin_\/\"],\"url\":\"https:\/\/theplayoffs.news\/fr\/author\/charles-taudin\/\"}]}<\/script>\n<!-- \/ Yoast SEO plugin. -->","yoast_head_json":{"title":"Jalen Brunson d&eacute;plore le d&eacute;part de Thibodeau aux Knicks : &laquo; Il a beaucoup compt&eacute; &raquo; - The Playoffs FR","description":"Jalen Brunson a exprim&eacute; sa gratitude envers Tom Thibodeau apr&egrave;s son d&eacute;part des New York Knicks et souligne l&rsquo;impact du coach sur sa carri&egrave;re","robots":{"index":"index","follow":"follow","max-snippet":"max-snippet:-1","max-image-preview":"max-image-preview:large","max-video-preview":"max-video-preview:-1"},"canonical":"https:\/\/theplayoffs.news\/fr\/actualite-nba\/jalen-brunson-reagit-depart-thibodeau-knicks\/","og_locale":"fr_FR","og_type":"article","og_title":"Jalen Brunson d&eacute;plore le d&eacute;part de Thibodeau aux Knicks : &laquo; Il a beaucoup compt&eacute; &raquo; - The Playoffs FR","og_description":"Jalen Brunson a exprim&eacute; sa gratitude envers Tom Thibodeau apr&egrave;s son d&eacute;part des New York Knicks et souligne l&rsquo;impact du coach sur sa carri&egrave;re","og_url":"https:\/\/theplayoffs.news\/fr\/actualite-nba\/jalen-brunson-reagit-depart-thibodeau-knicks\/","og_site_name":"The Playoffs FR","article_publisher":"https:\/\/www.facebook.com\/TheFreeAgentFR\/","article_modified_time":"2025-09-24T05:04:37+00:00","og_image":[{"width":1920,"height":1280,"url":"https:\/\/theplayoffs.news\/fr\/wp-content\/uploads\/2025\/09\/Imagn-25076965.jpg","type":"image\/jpeg"}],"author":"Charles Taudin","twitter_card":"summary_large_image","twitter_creator":"@TheFreeAgentFR","twitter_site":"@TheFreeAgentFR","twitter_misc":{"\u00c9crit par":"Charles Taudin","Dur\u00e9e de lecture estim\u00e9e":"2 minutes"},"schema":{"@context":"https:\/\/schema.org","@graph":[{"@type":"WebPage","@id":"https:\/\/theplayoffs.news\/fr\/actualite-nba\/jalen-brunson-reagit-depart-thibodeau-knicks\/","url":"https:\/\/theplayoffs.news\/fr\/actualite-nba\/jalen-brunson-reagit-depart-thibodeau-knicks\/","name":"Jalen Brunson d\u00e9plore le d\u00e9part de Thibodeau aux Knicks : \u00ab Il a beaucoup compt\u00e9 \u00bb - The Playoffs FR","isPartOf":{"@id":"https:\/\/theplayoffs.news\/fr\/#website"},"primaryImageOfPage":{"@id":"https:\/\/theplayoffs.news\/fr\/actualite-nba\/jalen-brunson-reagit-depart-thibodeau-knicks\/#primaryimage"},"image":{"@id":"https:\/\/theplayoffs.news\/fr\/actualite-nba\/jalen-brunson-reagit-depart-thibodeau-knicks\/#primaryimage"},"thumbnailUrl":"https:\/\/theplayoffs.news\/fr\/wp-content\/uploads\/2025\/09\/Imagn-25076965.jpg","datePublished":"2025-09-24T05:04:30+00:00","dateModified":"2025-09-24T05:04:37+00:00","author":{"@id":"https:\/\/theplayoffs.news\/fr\/#\/schema\/person\/eee5b69ad5d3c51cabe881c839dbe133"},"description":"Jalen Brunson a exprim\u00e9 sa gratitude envers Tom Thibodeau apr\u00e8s son d\u00e9part des New York Knicks et souligne l\u2019impact du coach sur sa carri\u00e8re","breadcrumb":{"@id":"https:\/\/theplayoffs.news\/fr\/actualite-nba\/jalen-brunson-reagit-depart-thibodeau-knicks\/#breadcrumb"},"inLanguage":"fr-FR","potentialAction":[{"@type":"ReadAction","target":["https:\/\/theplayoffs.news\/fr\/actualite-nba\/jalen-brunson-reagit-depart-thibodeau-knicks\/"]}]},{"@type":"ImageObject","inLanguage":"fr-FR","@id":"https:\/\/theplayoffs.news\/fr\/actualite-nba\/jalen-brunson-reagit-depart-thibodeau-knicks\/#primaryimage","url":"https:\/\/theplayoffs.news\/fr\/wp-content\/uploads\/2025\/09\/Imagn-25076965.jpg","contentUrl":"https:\/\/theplayoffs.news\/fr\/wp-content\/uploads\/2025\/09\/Imagn-25076965.jpg","width":1920,"height":1280,"caption":"Dec 28, 2024; Washington, District of Columbia, USA; New York Knicks head coach Tom Thibodeau (R) and Knicks guard Jalen Brunson (11) look on during a stoppage in play against the Washington Wizards in the third quarterat Capital One Arena. Mandatory Credit: Geoff Burke-Imagn Images"},{"@type":"BreadcrumbList","@id":"https:\/\/theplayoffs.news\/fr\/actualite-nba\/jalen-brunson-reagit-depart-thibodeau-knicks\/#breadcrumb","itemListElement":[{"@type":"ListItem","position":1,"name":"Accueil","item":"https:\/\/theplayoffs.news\/fr\/"},{"@type":"ListItem","position":2,"name":"Jalen Brunson d\u00e9plore le d\u00e9part de Thibodeau aux Knicks : \u00ab Il a beaucoup compt\u00e9 \u00bb"}]},{"@type":"WebSite","@id":"https:\/\/theplayoffs.news\/fr\/#website","url":"https:\/\/theplayoffs.news\/fr\/","name":"The Playoffs FR","description":"NBA-NFL-NHL-MLB","potentialAction":[{"@type":"SearchAction","target":{"@type":"EntryPoint","urlTemplate":"https:\/\/theplayoffs.news\/fr\/?s={search_term_string}"},"query-input":{"@type":"PropertyValueSpecification","valueRequired":true,"valueName":"search_term_string"}}],"inLanguage":"fr-FR"},{"@type":"Person","@id":"https:\/\/theplayoffs.news\/fr\/#\/schema\/person\/eee5b69ad5d3c51cabe881c839dbe133","name":"Charles Taudin","image":{"@type":"ImageObject","inLanguage":"fr-FR","@id":"https:\/\/theplayoffs.news\/fr\/#\/schema\/person\/image\/","url":"https:\/\/secure.gravatar.com\/avatar\/59a1e772205ce9fd255edfcafc93013736822e20261f294c5753b20c41ede9f2?s=96&d=mm&r=g","contentUrl":"https:\/\/secure.gravatar.com\/avatar\/59a1e772205ce9fd255edfcafc93013736822e20261f294c5753b20c41ede9f2?s=96&d=mm&r=g","caption":"Charles Taudin"},"description":"R\u00e9dacteur en chef global de The Playoffs, j\u2019ai cr\u00e9\u00e9 The Free Agent, devenu The Playoffs FR, en 2020 durant la pand\u00e9mie. Amoureux depuis des ann\u00e9es des 4 sports majeurs am\u00e9ricains, j\u2019organise maintenant la strat\u00e9gie \u00e9ditoriale et les r\u00e9seaux sociaux de l\u2019ensemble des versions de The Playoffs. Il m\u2019arrive encore d\u2019\u00e9crire sur certains sports que j\u2019affectionne particuli\u00e8rement comme la NFL ou la MLB. Si vous devez retenir qu\u2019une chose : Eli Manning est le vrai GOAT pour avoir battu deux fois Tom Brady.","sameAs":["https:\/\/www.instagram.com\/ctaudin_\/"],"url":"https:\/\/theplayoffs.news\/fr\/author\/charles-taudin\/"}]}},"_links":{"self":[{"href":"https:\/\/theplayoffs.news\/fr\/wp-json\/wp\/v2\/posts\/1502416","targetHints":{"allow":["GET"]}}],"collection":[{"href":"https:\/\/theplayoffs.news\/fr\/wp-json\/wp\/v2\/posts"}],"about":[{"href":"https:\/\/theplayoffs.news\/fr\/wp-json\/wp\/v2\/types\/post"}],"author":[{"embeddable":true,"href":"https:\/\/theplayoffs.news\/fr\/wp-json\/wp\/v2\/users\/13"}],"replies":[{"embeddable":true,"href":"https:\/\/theplayoffs.news\/fr\/wp-json\/wp\/v2\/comments?post=1502416"}],"version-history":[{"count":1,"href":"https:\/\/theplayoffs.news\/fr\/wp-json\/wp\/v2\/posts\/1502416\/revisions"}],"predecessor-version":[{"id":1502420,"href":"https:\/\/theplayoffs.news\/fr\/wp-json\/wp\/v2\/posts\/1502416\/revisions\/1502420"}],"wp:featuredmedia":[{"embeddable":true,"href":"https:\/\/theplayoffs.news\/fr\/wp-json\/wp\/v2\/media\/1502417"}],"wp:attachment":[{"href":"https:\/\/theplayoffs.news\/fr\/wp-json\/wp\/v2\/media?parent=1502416"}],"wp:term":[{"taxonomy":"category","embeddable":true,"href":"https:\/\/theplayoffs.news\/fr\/wp-json\/wp\/v2\/categories?post=1502416"},{"taxonomy":"post_tag","embeddable":true,"href":"https:\/\/theplayoffs.news\/fr\/wp-json\/wp\/v2\/tags?post=1502416"},{"taxonomy":"sport","embeddable":true,"href":"https:\/\/theplayoffs.news\/fr\/wp-json\/wp\/v2\/sport?post=1502416"},{"taxonomy":"saison","embeddable":true,"href":"https:\/\/theplayoffs.news\/fr\/wp-json\/wp\/v2\/saison?post=1502416"}],"curies":[{"name":"wp","href":"https:\/\/api.w.org\/{rel}","templated":true}]}}