{"id":1502191,"date":"2025-09-22T10:16:43","date_gmt":"2025-09-22T08:16:43","guid":{"rendered":"https:\/\/theplayoffs.news\/fr\/uncategorized\/\/"},"modified":"2025-09-22T10:16:50","modified_gmt":"2025-09-22T08:16:50","slug":"cowboys-plus-de-peur-que-de-mal-pour-ceedee-lamb","status":"publish","type":"post","link":"https:\/\/theplayoffs.news\/fr\/actualite-nfl\/cowboys-plus-de-peur-que-de-mal-pour-ceedee-lamb\/","title":{"rendered":"Cowboys: Plus de peur que de mal pour CeeDee Lamb?"},"content":{"rendered":"<p>Dimanche, <a href=\"https:\/\/theplayoffs.news\/fr\/actualite-nfl\/nfl-semaine-3-resultats\/\" class=\"trk-cta-link\" data-cta-trk='{\"ctaType\":\"Link\",\"ctaSubType\":\"main\"}'>les Dallas Cowboys ont perdu leur match face aux Chicago Bears<\/a>, mais ils ont failli perdre bien plus que cela. En effet, l&rsquo;inqui&eacute;tude est surtout venue de la blessure de CeeDee Lamb. Le receveur vedette s&rsquo;est tordu la cheville gauche dans le premier quart-temps, sur une action annul&eacute;e par p&eacute;nalit&eacute;. Apr&egrave;s avoir tent&eacute; un retour au jeu en d&eacute;but de deuxi&egrave;me quart, il a d&ucirc; quitter d&eacute;finitivement, boitant visiblement.<\/p><h2 class=\"wp-block-heading\">Un diagnostic final attendu ce lundi<\/h2><p>Jerry Jones s&rsquo;est voulu rassurant apr&egrave;s la rencontre. Le propri&eacute;taire des Cowboys a indiqu&eacute; que les m&eacute;decins n&rsquo;avaient pas d&eacute;cel&eacute; de l&eacute;sion majeure et qu&rsquo;il s&rsquo;agissait d&rsquo;une entorse, mais une IRM doit encore confirmer le diagnostic ce lundi. <\/p><blockquote class=\"wp-block-quote is-layout-flow wp-block-quote-is-layout-flow\">\n<p>&laquo; Gardons les doigts crois&eacute;s &raquo;<a href=\"https:\/\/www.thescore.com\/nfl\/news\/3350770\/cowboys-optimistic-lamb-avoided-major-ankle-injury\" class=\"trk-cta-link\" data-cta-trk='{\"ctaType\":\"Link\",\"ctaSubType\":\"main\"}'> a-t-il d&eacute;clar&eacute;<\/a>.<\/p>\n<\/blockquote><p>CeeDee Lamb, muet dimanche, a termin&eacute; sans r&eacute;ception pour la deuxi&egrave;me fois seulement de sa carri&egrave;re. Un coup dur pour une attaque d&eacute;j&agrave; en difficult&eacute;, d&rsquo;autant que le joueur restait sur deux rencontres avec 222 yards cumul&eacute;s malgr&eacute; quelques ballon rel&acirc;ch&eacute;s co&ucirc;teux lors de la premi&egrave;re semaine de comp&eacute;tition face aux Eagles. Sans lui, Jake Ferguson a pris le relais avec 13 r&eacute;ceptions pour 82 yards, tandis que George Pickens a inscrit un touchdown.<\/p><h2 class=\"wp-block-heading\">CeeDee Lamb sur le terrain la semaine prochaine?<\/h2><p>Le receveur, optimiste, a assur&eacute; vouloir &ecirc;tre pr&ecirc;t pour le prochain match face aux Green Bay Packers. Un match tr&egrave;s attendu qui marquera le retour de Micah Parsons face &agrave; son ancienne &eacute;quipe. Du c&ocirc;t&eacute; de CeeDee Lamb, ses difficult&eacute;s &agrave; courir lors de sa br&egrave;ve r&eacute;apparition laissent planer le doute. La d&eacute;cision appartiendra au staff, qui devra choisir entre le pr&eacute;server ou le relancer rapidement dans une rencontre d&eacute;j&agrave; cruciale.<\/p><p>Avec un bilan de une victoire pour deux d&eacute;faites lors des trois premiers matchs, Dallas n&rsquo;a plus beaucoup de marge. La sant&eacute; de CeeDee Lamb, figure offensive majeure, sera d&eacute;terminante pour la suite imm&eacute;diate de la saison des Cowboys.<\/p><p>Cr&eacute;dit photo: &copy; Kevin Jairaj-Imagn Images<\/p>\n","protected":false},"excerpt":{"rendered":"<p>NFL &#8211; CeeDee Lamb a du quitter pr\u00e9matur\u00e9ment la rencontre face aux Bears ce dimanche<\/p>\n","protected":false},"author":180309964,"featured_media":1502192,"comment_status":"closed","ping_status":"closed","sticky":false,"template":"","format":"standard","meta":{"inline_featured_image":false,"kia_subtitle":"NFL - CeeDee Lamb a du quitter pr\u00e9matur\u00e9ment la rencontre face aux Bears ce dimanche","_mux_skip_reasons":[],"proofreadBy":0,"footnotes":""},"categories":[118,8410,40,8408],"tags":[1183,619],"sport":[2785],"saison":[7475],"class_list":["post-1502191","post","type-post","status-publish","format-standard","has-post-thumbnail","hentry","category-actualite-nfl","category-football-americain","category-nfl","category-sports","tag-ceedee-lamb","tag-dallas-cowboys","sport-nfl","saison-7475"],"acf":[],"yoast_head":"<!-- This site is optimized with the Yoast SEO plugin v24.2 - https:\/\/yoast.com\/wordpress\/plugins\/seo\/ -->\n<title>Cowboys: Plus de peur que de mal pour CeeDee Lamb? - The Playoffs FR<\/title>\n<meta name=\"description\" content=\"Le receveur des Dallas Cowboys, CeeDee Lamb, s&#039;est bless&eacute; &agrave; la cheville ce dimanche. Une alerte sans gravit&eacute;?\" \/>\n<meta name=\"robots\" content=\"index, follow, max-snippet:-1, max-image-preview:large, max-video-preview:-1\" \/>\n<link rel=\"canonical\" href=\"https:\/\/theplayoffs.news\/fr\/actualite-nfl\/cowboys-plus-de-peur-que-de-mal-pour-ceedee-lamb\/\" \/>\n<meta property=\"og:locale\" content=\"fr_FR\" \/>\n<meta property=\"og:type\" content=\"article\" \/>\n<meta property=\"og:title\" content=\"Cowboys: Plus de peur que de mal pour CeeDee Lamb? - The Playoffs FR\" \/>\n<meta property=\"og:description\" content=\"Le receveur des Dallas Cowboys, CeeDee Lamb, s&#039;est bless&eacute; &agrave; la cheville ce dimanche. Une alerte sans gravit&eacute;?\" \/>\n<meta property=\"og:url\" content=\"https:\/\/theplayoffs.news\/fr\/actualite-nfl\/cowboys-plus-de-peur-que-de-mal-pour-ceedee-lamb\/\" \/>\n<meta property=\"og:site_name\" content=\"The Playoffs FR\" \/>\n<meta property=\"article:publisher\" content=\"https:\/\/www.facebook.com\/TheFreeAgentFR\/\" \/>\n<meta property=\"article:modified_time\" content=\"2025-09-22T10:16:50+02:00\" \/>\n<meta property=\"og:image\" content=\"https:\/\/theplayoffs.news\/fr\/wp-content\/uploads\/2025\/09\/USATSI_27082577.jpg\" \/>\n\t<meta property=\"og:image:width\" content=\"1920\" \/>\n\t<meta property=\"og:image:height\" content=\"1318\" \/>\n\t<meta property=\"og:image:type\" content=\"image\/jpeg\" \/>\n<meta name=\"author\" content=\"Flavien Jumeau\" \/>\n<meta name=\"twitter:card\" content=\"summary_large_image\" \/>\n<meta name=\"twitter:creator\" content=\"@TheFreeAgentFR\" \/>\n<meta name=\"twitter:site\" content=\"@TheFreeAgentFR\" \/>\n<meta name=\"twitter:label1\" content=\"\u00c9crit par\" \/>\n\t<meta name=\"twitter:data1\" content=\"Flavien Jumeau\" \/>\n\t<meta name=\"twitter:label2\" content=\"Dur\u00e9e de lecture estim\u00e9e\" \/>\n\t<meta name=\"twitter:data2\" content=\"2 minutes\" \/>\n<script type=\"application\/ld+json\" class=\"yoast-schema-graph\">{\"@context\":\"https:\/\/schema.org\",\"@graph\":[{\"@type\":\"WebPage\",\"@id\":\"https:\/\/theplayoffs.news\/fr\/actualite-nfl\/cowboys-plus-de-peur-que-de-mal-pour-ceedee-lamb\/\",\"url\":\"https:\/\/theplayoffs.news\/fr\/actualite-nfl\/cowboys-plus-de-peur-que-de-mal-pour-ceedee-lamb\/\",\"name\":\"Cowboys: Plus de peur que de mal pour CeeDee Lamb? - The Playoffs FR\",\"isPartOf\":{\"@id\":\"https:\/\/theplayoffs.news\/fr\/#website\"},\"primaryImageOfPage\":{\"@id\":\"https:\/\/theplayoffs.news\/fr\/actualite-nfl\/cowboys-plus-de-peur-que-de-mal-pour-ceedee-lamb\/#primaryimage\"},\"image\":{\"@id\":\"https:\/\/theplayoffs.news\/fr\/actualite-nfl\/cowboys-plus-de-peur-que-de-mal-pour-ceedee-lamb\/#primaryimage\"},\"thumbnailUrl\":\"https:\/\/theplayoffs.news\/fr\/wp-content\/uploads\/2025\/09\/USATSI_27082577.jpg\",\"datePublished\":\"2025-09-22T08:16:43+00:00\",\"dateModified\":\"2025-09-22T08:16:50+00:00\",\"author\":{\"@id\":\"https:\/\/theplayoffs.news\/fr\/#\/schema\/person\/def63bc6746dc5957469b75feb99e66d\"},\"description\":\"Le receveur des Dallas Cowboys, CeeDee Lamb, s\\\\'est bless\u00e9 \u00e0 la cheville ce dimanche. Une alerte sans gravit\u00e9?\",\"breadcrumb\":{\"@id\":\"https:\/\/theplayoffs.news\/fr\/actualite-nfl\/cowboys-plus-de-peur-que-de-mal-pour-ceedee-lamb\/#breadcrumb\"},\"inLanguage\":\"fr-FR\",\"potentialAction\":[{\"@type\":\"ReadAction\",\"target\":[\"https:\/\/theplayoffs.news\/fr\/actualite-nfl\/cowboys-plus-de-peur-que-de-mal-pour-ceedee-lamb\/\"]}]},{\"@type\":\"ImageObject\",\"inLanguage\":\"fr-FR\",\"@id\":\"https:\/\/theplayoffs.news\/fr\/actualite-nfl\/cowboys-plus-de-peur-que-de-mal-pour-ceedee-lamb\/#primaryimage\",\"url\":\"https:\/\/theplayoffs.news\/fr\/wp-content\/uploads\/2025\/09\/USATSI_27082577.jpg\",\"contentUrl\":\"https:\/\/theplayoffs.news\/fr\/wp-content\/uploads\/2025\/09\/USATSI_27082577.jpg\",\"width\":1920,\"height\":1318,\"caption\":\"Sep 14, 2025; Arlington, Texas, USA; Dallas Cowboys wide receiver CeeDee Lamb (88) reacts after a play against the New York Giants during the second quarter at AT&amp;T Stadium. Mandatory Credit: Kevin Jairaj-Imagn Images\"},{\"@type\":\"BreadcrumbList\",\"@id\":\"https:\/\/theplayoffs.news\/fr\/actualite-nfl\/cowboys-plus-de-peur-que-de-mal-pour-ceedee-lamb\/#breadcrumb\",\"itemListElement\":[{\"@type\":\"ListItem\",\"position\":1,\"name\":\"Accueil\",\"item\":\"https:\/\/theplayoffs.news\/fr\/\"},{\"@type\":\"ListItem\",\"position\":2,\"name\":\"Cowboys: Plus de peur que de mal pour CeeDee Lamb?\"}]},{\"@type\":\"WebSite\",\"@id\":\"https:\/\/theplayoffs.news\/fr\/#website\",\"url\":\"https:\/\/theplayoffs.news\/fr\/\",\"name\":\"The Playoffs FR\",\"description\":\"NBA-NFL-NHL-MLB\",\"potentialAction\":[{\"@type\":\"SearchAction\",\"target\":{\"@type\":\"EntryPoint\",\"urlTemplate\":\"https:\/\/theplayoffs.news\/fr\/?s={search_term_string}\"},\"query-input\":{\"@type\":\"PropertyValueSpecification\",\"valueRequired\":true,\"valueName\":\"search_term_string\"}}],\"inLanguage\":\"fr-FR\"},{\"@type\":\"Person\",\"@id\":\"https:\/\/theplayoffs.news\/fr\/#\/schema\/person\/def63bc6746dc5957469b75feb99e66d\",\"name\":\"Flavien Jumeau\",\"image\":{\"@type\":\"ImageObject\",\"inLanguage\":\"fr-FR\",\"@id\":\"https:\/\/theplayoffs.news\/fr\/#\/schema\/person\/image\/\",\"url\":\"https:\/\/secure.gravatar.com\/avatar\/e7fa8ba5a4b7e4ce35fe152f083f352db28ad0acce692004ed88a7a7d78893f7?s=96&d=mm&r=g\",\"contentUrl\":\"https:\/\/secure.gravatar.com\/avatar\/e7fa8ba5a4b7e4ce35fe152f083f352db28ad0acce692004ed88a7a7d78893f7?s=96&d=mm&r=g\",\"caption\":\"Flavien Jumeau\"},\"description\":\"Amoureux du sport (et de vraiment tous les sports) depuis mon plus jeune \u00e2ge, j\u2019ai longtemps h\u00e9site entre le snooker et le curling. Finalement c\u2019est le foot US que j\u2019ai d\u00e9cid\u00e9 de choisir! Responsable foot US sur TPO et animateur du podcast Tailgate j\u2019ai pour mission de vous faire d\u00e9couvrir ce sport passionnant si ce n\u2019est pas encore fait et de vous donner les derni\u00e8res actus. Le tout dans la bonne humeur et avec toujours un jeu de mots ou deux savamment distill\u00e9s! Fan des Saints, pour moi Drew Brees est le vrai GOAT!\",\"url\":\"https:\/\/theplayoffs.news\/fr\/author\/flavien-jumeaugmail-com\/\"}]}<\/script>\n<!-- \/ Yoast SEO plugin. -->","yoast_head_json":{"title":"Cowboys: Plus de peur que de mal pour CeeDee Lamb? - The Playoffs FR","description":"Le receveur des Dallas Cowboys, CeeDee Lamb, s&#039;est bless&eacute; &agrave; la cheville ce dimanche. Une alerte sans gravit&eacute;?","robots":{"index":"index","follow":"follow","max-snippet":"max-snippet:-1","max-image-preview":"max-image-preview:large","max-video-preview":"max-video-preview:-1"},"canonical":"https:\/\/theplayoffs.news\/fr\/actualite-nfl\/cowboys-plus-de-peur-que-de-mal-pour-ceedee-lamb\/","og_locale":"fr_FR","og_type":"article","og_title":"Cowboys: Plus de peur que de mal pour CeeDee Lamb? - The Playoffs FR","og_description":"Le receveur des Dallas Cowboys, CeeDee Lamb, s&#039;est bless&eacute; &agrave; la cheville ce dimanche. Une alerte sans gravit&eacute;?","og_url":"https:\/\/theplayoffs.news\/fr\/actualite-nfl\/cowboys-plus-de-peur-que-de-mal-pour-ceedee-lamb\/","og_site_name":"The Playoffs FR","article_publisher":"https:\/\/www.facebook.com\/TheFreeAgentFR\/","article_modified_time":"2025-09-22T08:16:50+00:00","og_image":[{"width":1920,"height":1318,"url":"https:\/\/theplayoffs.news\/fr\/wp-content\/uploads\/2025\/09\/USATSI_27082577.jpg","type":"image\/jpeg"}],"author":"Flavien Jumeau","twitter_card":"summary_large_image","twitter_creator":"@TheFreeAgentFR","twitter_site":"@TheFreeAgentFR","twitter_misc":{"\u00c9crit par":"Flavien Jumeau","Dur\u00e9e de lecture estim\u00e9e":"2 minutes"},"schema":{"@context":"https:\/\/schema.org","@graph":[{"@type":"WebPage","@id":"https:\/\/theplayoffs.news\/fr\/actualite-nfl\/cowboys-plus-de-peur-que-de-mal-pour-ceedee-lamb\/","url":"https:\/\/theplayoffs.news\/fr\/actualite-nfl\/cowboys-plus-de-peur-que-de-mal-pour-ceedee-lamb\/","name":"Cowboys: Plus de peur que de mal pour CeeDee Lamb? - The Playoffs FR","isPartOf":{"@id":"https:\/\/theplayoffs.news\/fr\/#website"},"primaryImageOfPage":{"@id":"https:\/\/theplayoffs.news\/fr\/actualite-nfl\/cowboys-plus-de-peur-que-de-mal-pour-ceedee-lamb\/#primaryimage"},"image":{"@id":"https:\/\/theplayoffs.news\/fr\/actualite-nfl\/cowboys-plus-de-peur-que-de-mal-pour-ceedee-lamb\/#primaryimage"},"thumbnailUrl":"https:\/\/theplayoffs.news\/fr\/wp-content\/uploads\/2025\/09\/USATSI_27082577.jpg","datePublished":"2025-09-22T08:16:43+00:00","dateModified":"2025-09-22T08:16:50+00:00","author":{"@id":"https:\/\/theplayoffs.news\/fr\/#\/schema\/person\/def63bc6746dc5957469b75feb99e66d"},"description":"Le receveur des Dallas Cowboys, CeeDee Lamb, s\\'est bless\u00e9 \u00e0 la cheville ce dimanche. Une alerte sans gravit\u00e9?","breadcrumb":{"@id":"https:\/\/theplayoffs.news\/fr\/actualite-nfl\/cowboys-plus-de-peur-que-de-mal-pour-ceedee-lamb\/#breadcrumb"},"inLanguage":"fr-FR","potentialAction":[{"@type":"ReadAction","target":["https:\/\/theplayoffs.news\/fr\/actualite-nfl\/cowboys-plus-de-peur-que-de-mal-pour-ceedee-lamb\/"]}]},{"@type":"ImageObject","inLanguage":"fr-FR","@id":"https:\/\/theplayoffs.news\/fr\/actualite-nfl\/cowboys-plus-de-peur-que-de-mal-pour-ceedee-lamb\/#primaryimage","url":"https:\/\/theplayoffs.news\/fr\/wp-content\/uploads\/2025\/09\/USATSI_27082577.jpg","contentUrl":"https:\/\/theplayoffs.news\/fr\/wp-content\/uploads\/2025\/09\/USATSI_27082577.jpg","width":1920,"height":1318,"caption":"Sep 14, 2025; Arlington, Texas, USA; Dallas Cowboys wide receiver CeeDee Lamb (88) reacts after a play against the New York Giants during the second quarter at AT&amp;T Stadium. Mandatory Credit: Kevin Jairaj-Imagn Images"},{"@type":"BreadcrumbList","@id":"https:\/\/theplayoffs.news\/fr\/actualite-nfl\/cowboys-plus-de-peur-que-de-mal-pour-ceedee-lamb\/#breadcrumb","itemListElement":[{"@type":"ListItem","position":1,"name":"Accueil","item":"https:\/\/theplayoffs.news\/fr\/"},{"@type":"ListItem","position":2,"name":"Cowboys: Plus de peur que de mal pour CeeDee Lamb?"}]},{"@type":"WebSite","@id":"https:\/\/theplayoffs.news\/fr\/#website","url":"https:\/\/theplayoffs.news\/fr\/","name":"The Playoffs FR","description":"NBA-NFL-NHL-MLB","potentialAction":[{"@type":"SearchAction","target":{"@type":"EntryPoint","urlTemplate":"https:\/\/theplayoffs.news\/fr\/?s={search_term_string}"},"query-input":{"@type":"PropertyValueSpecification","valueRequired":true,"valueName":"search_term_string"}}],"inLanguage":"fr-FR"},{"@type":"Person","@id":"https:\/\/theplayoffs.news\/fr\/#\/schema\/person\/def63bc6746dc5957469b75feb99e66d","name":"Flavien Jumeau","image":{"@type":"ImageObject","inLanguage":"fr-FR","@id":"https:\/\/theplayoffs.news\/fr\/#\/schema\/person\/image\/","url":"https:\/\/secure.gravatar.com\/avatar\/e7fa8ba5a4b7e4ce35fe152f083f352db28ad0acce692004ed88a7a7d78893f7?s=96&d=mm&r=g","contentUrl":"https:\/\/secure.gravatar.com\/avatar\/e7fa8ba5a4b7e4ce35fe152f083f352db28ad0acce692004ed88a7a7d78893f7?s=96&d=mm&r=g","caption":"Flavien Jumeau"},"description":"Amoureux du sport (et de vraiment tous les sports) depuis mon plus jeune \u00e2ge, j\u2019ai longtemps h\u00e9site entre le snooker et le curling. Finalement c\u2019est le foot US que j\u2019ai d\u00e9cid\u00e9 de choisir! Responsable foot US sur TPO et animateur du podcast Tailgate j\u2019ai pour mission de vous faire d\u00e9couvrir ce sport passionnant si ce n\u2019est pas encore fait et de vous donner les derni\u00e8res actus. Le tout dans la bonne humeur et avec toujours un jeu de mots ou deux savamment distill\u00e9s! Fan des Saints, pour moi Drew Brees est le vrai GOAT!","url":"https:\/\/theplayoffs.news\/fr\/author\/flavien-jumeaugmail-com\/"}]}},"_links":{"self":[{"href":"https:\/\/theplayoffs.news\/fr\/wp-json\/wp\/v2\/posts\/1502191","targetHints":{"allow":["GET"]}}],"collection":[{"href":"https:\/\/theplayoffs.news\/fr\/wp-json\/wp\/v2\/posts"}],"about":[{"href":"https:\/\/theplayoffs.news\/fr\/wp-json\/wp\/v2\/types\/post"}],"author":[{"embeddable":true,"href":"https:\/\/theplayoffs.news\/fr\/wp-json\/wp\/v2\/users\/180309964"}],"replies":[{"embeddable":true,"href":"https:\/\/theplayoffs.news\/fr\/wp-json\/wp\/v2\/comments?post=1502191"}],"version-history":[{"count":1,"href":"https:\/\/theplayoffs.news\/fr\/wp-json\/wp\/v2\/posts\/1502191\/revisions"}],"predecessor-version":[{"id":1502193,"href":"https:\/\/theplayoffs.news\/fr\/wp-json\/wp\/v2\/posts\/1502191\/revisions\/1502193"}],"wp:featuredmedia":[{"embeddable":true,"href":"https:\/\/theplayoffs.news\/fr\/wp-json\/wp\/v2\/media\/1502192"}],"wp:attachment":[{"href":"https:\/\/theplayoffs.news\/fr\/wp-json\/wp\/v2\/media?parent=1502191"}],"wp:term":[{"taxonomy":"category","embeddable":true,"href":"https:\/\/theplayoffs.news\/fr\/wp-json\/wp\/v2\/categories?post=1502191"},{"taxonomy":"post_tag","embeddable":true,"href":"https:\/\/theplayoffs.news\/fr\/wp-json\/wp\/v2\/tags?post=1502191"},{"taxonomy":"sport","embeddable":true,"href":"https:\/\/theplayoffs.news\/fr\/wp-json\/wp\/v2\/sport?post=1502191"},{"taxonomy":"saison","embeddable":true,"href":"https:\/\/theplayoffs.news\/fr\/wp-json\/wp\/v2\/saison?post=1502191"}],"curies":[{"name":"wp","href":"https:\/\/api.w.org\/{rel}","templated":true}]}}