{"id":1501988,"date":"2025-09-19T15:51:22","date_gmt":"2025-09-19T13:51:22","guid":{"rendered":"https:\/\/theplayoffs.news\/fr\/uncategorized\/\/"},"modified":"2025-09-19T15:53:06","modified_gmt":"2025-09-19T13:53:06","slug":"dans-le-flou-sur-son-avenir-jaden-ivey-interesse-les-lakers","status":"publish","type":"post","link":"https:\/\/theplayoffs.news\/fr\/actualite-nba\/dans-le-flou-sur-son-avenir-jaden-ivey-interesse-les-lakers\/","title":{"rendered":"Dans le flou sur son avenir, Jaden Ivey int\u00e9resse les Lakers"},"content":{"rendered":"<p>L&rsquo;avenir de Jaden Ivey aux <strong>Detroit Pistons<\/strong> commence &agrave; susciter des interrogations aussi bien au sein de la <strong>NBA <\/strong>qu&rsquo;en dehors. Le meneur de 23 ans, s&eacute;lectionn&eacute; en cinqui&egrave;me position de la Draft 2022, entre dans la derni&egrave;re ann&eacute;e de son contrat rookie. Et selon les informations de <strong>Brett Siegel<\/strong> (ClutchPoints), il ne serait pas surprenant de le voir quitter le <strong>Michigan <\/strong>prochainement.<\/p><p>Si la direction de la franchise continue d&rsquo;affirmer sa confiance dans le joueur et d&eacute;ment toute volont&eacute; de transfert, plusieurs sources proches de la ligue estiment que la situation est loin d&rsquo;&ecirc;tre fig&eacute;e. De quoi entretenir la possibilit&eacute; d&rsquo;un d&eacute;part du jeune talent d&egrave;s cette saison.<\/p><figure class=\"wp-block-embed is-type-rich is-provider-twitter wp-block-embed-twitter\"><div class=\"wp-block-embed__wrapper\">\n<blockquote class=\"twitter-tweet\" data-width=\"500\" data-dnt=\"true\"><p lang=\"en\" dir=\"ltr\">REPORT: People outside the Pistons organization describe Jaden Ivey&rsquo;s trade status as &ldquo;open for interpretation&rdquo;, per <a href=\"https:\/\/twitter.com\/BrettSiegelNBA?ref_src=twsrc%5Etfw\" class=\"trk-cta-link\" data-cta-trk='{\"ctaType\":\"Link\",\"ctaSubType\":\"main\"}'>@BrettSiegelNBA<\/a> <a href=\"https:\/\/t.co\/4ldCGV1e8A\" class=\"trk-cta-link\" data-cta-trk='{\"ctaType\":\"Link\",\"ctaSubType\":\"main\"}'>pic.twitter.com\/4ldCGV1e8A<\/a><\/p>&mdash; Legion Hoops (@LegionHoops) <a href=\"https:\/\/twitter.com\/LegionHoops\/status\/1968714122909925747?ref_src=twsrc%5Etfw\" class=\"trk-cta-link\" data-cta-trk='{\"ctaType\":\"Link\",\"ctaSubType\":\"main\"}'>September 18, 2025<\/a><\/blockquote><script async src=\"https:\/\/platform.twitter.com\/widgets.js\" charset=\"utf-8\"><\/script>\n<\/div><\/figure><h3 class=\"wp-block-heading\">Une blessure qui tombe mal<\/h3><p>Avant son coup d&rsquo;arr&ecirc;t, <a href=\"https:\/\/www.basketball-reference.com\/players\/i\/iveyja01.html\" target=\"_blank\" rel=\"noreferrer noopener\" class=\"trk-cta-link\" data-cta-trk='{\"ctaType\":\"Link\",\"ctaSubType\":\"main\"}'>Jaden Ivey<\/a> semblait enfin s&rsquo;imposer comme une pi&egrave;ce essentielle du collectif de <strong>Motor City<\/strong>. En seulement 30 matchs disput&eacute;s la saison derni&egrave;re, tous en tant que titulaire, il affichait des moyennes solides de 17,6 points, 4,1 rebonds et 4,0 passes d&eacute;cisives. Une preuve tangible de sa capacit&eacute; &agrave; contribuer &agrave; haut niveau apr&egrave;s un exercice 2023-2024 globalement d&eacute;cevant au sein de la grande ligue.<\/p><p>Mais une fracture du p&eacute;ron&eacute; gauche subie le 2 janvier a brutalement mis un terme &agrave; sa campagne. Priv&eacute;s de leur arri&egrave;re, les <strong>Pistons <\/strong>ont d&ucirc; se r&eacute;organiser pour continuer leur ascension, port&eacute;s par l&rsquo;&eacute;closion de jeunes joueurs comme <strong>Ausar Thompson<\/strong> et Jalen Duren, et les gros progr&egrave;s de Cade Cunningham &agrave; la t&ecirc;te de l&rsquo;&eacute;quipe. Un sc&eacute;nario qui a nourri les doutes quant &agrave; la n&eacute;cessit&eacute; de maintenir Jaden Ivey au centre du projet &agrave; moyen terme.<\/p><h3 class=\"wp-block-heading\">L&rsquo;int&eacute;r&ecirc;t des Lakers<\/h3><p>Parmi les sc&eacute;narios &eacute;voqu&eacute;s figure celui d&rsquo;un transfert vers les <strong>Los Angeles Lakers<\/strong>, qui pourraient chercher &agrave; diversifier leur rotation ext&eacute;rieure avec un profil plus explosif selon <strong>Ryan Stano<\/strong> du L.A. Sports Report.<\/p><div class=\"related-slider related-slider--loading\">\n    <div class=\"related-slider__header\">\n        <div class=\"related-slider__header__title\">Ce que vous devriez lire ensuite &#128071;&#127995;<\/div>\n        <div class=\"related-slider__header__buttons\">\n            <div class=\"swiper-button-prev\"><\/div>\n            <div class=\"swiper-button-next\"><\/div>\n        <\/div>\n    <\/div>\n    <div class=\"swiper-container\">\n        <div class=\"swiper-wrapper\">\n                            <div class=\"swiper-slide\">\n                    <a class=\"related-slider-card  trk-cta-img\" href=\"https:\/\/theplayoffs.news\/fr\/sports\/pronostic-nba-les-cavaliers-de-nouveau-parmi-les-favoris\/\" title=\"Pronostic NBA : les Cavaliers de nouveau parmi les favoris ?\" data-cta-trk='{\"ctaType\":\"Image\",\"ctaSubType\":\"main\"}'>\n    <div class=\"related-slider-card__image\">\n        <img loading=\"lazy\" decoding=\"async\" width=\"600\" height=\"400\" src=\"https:\/\/theplayoffs.news\/fr\/wp-content\/uploads\/2026\/02\/USATSI_25807878_168419921_lowres-600x400.jpg\" class=\"attachment-medium size-medium wp-post-image\" alt=\"Cavaliers\" srcset=\"https:\/\/theplayoffs.news\/fr\/wp-content\/uploads\/2026\/02\/USATSI_25807878_168419921_lowres-600x400.jpg 600w, https:\/\/theplayoffs.news\/fr\/wp-content\/uploads\/2026\/02\/USATSI_25807878_168419921_lowres-1200x800.jpg 1200w, https:\/\/theplayoffs.news\/fr\/wp-content\/uploads\/2026\/02\/USATSI_25807878_168419921_lowres-768x512.jpg 768w, https:\/\/theplayoffs.news\/fr\/wp-content\/uploads\/2026\/02\/USATSI_25807878_168419921_lowres-1536x1024.jpg 1536w, https:\/\/theplayoffs.news\/fr\/wp-content\/uploads\/2026\/02\/USATSI_25807878_168419921_lowres-1320x880.jpg 1320w, https:\/\/theplayoffs.news\/fr\/wp-content\/uploads\/2026\/02\/USATSI_25807878_168419921_lowres.jpg 1920w\" sizes=\"auto, (max-width: 600px) 100vw, 600px\">\n                            <\/div>\n    <div class=\"related-slider-card__content\">\n        <div class=\"related-slider-card__content__tags\">\n                            <div class=\"related-slider-card__content__tags__category\">\n                    NBA\n                <\/div>\n                        <div class=\"related-slider-card__content__tags__date\" data-dynamic-date=\"2026-02-11T10:05:28+01:00\">\n                11 f&eacute;vrier 2026\n            <\/div>\n        <\/div>\n        <div class=\"related-slider-card__content__title\">\n            Pronostic NBA : les Cavaliers de nouveau parmi les favoris ?\n        <\/div>\n                    <div class=\"related-slider-card__content__read-more\">\n                Voir plus\n                <i>\n                    <svg width=\"17\" height=\"15\" viewbox=\"0 0 17 15\" fill=\"none\" xmlns=\"http:\/\/www.w3.org\/2000\/svg\">\n<path d=\"M1 6.5C0.447715 6.5 0 6.94772 0 7.5C0 8.05228 0.447715 8.5 1 8.5V6.5ZM16.7071 8.20711C17.0976 7.81658 17.0976 7.18342 16.7071 6.79289L10.3431 0.428932C9.95262 0.0384078 9.31946 0.0384078 8.92893 0.428932C8.53841 0.819457 8.53841 1.45262 8.92893 1.84315L14.5858 7.5L8.92893 13.1569C8.53841 13.5474 8.53841 14.1805 8.92893 14.5711C9.31946 14.9616 9.95262 14.9616 10.3431 14.5711L16.7071 8.20711ZM1 7.5V8.5H8.5V7.5V6.5H1V7.5ZM8.5 7.5V8.5H16V7.5V6.5H8.5V7.5Z\" fill=\"white\"><\/path>\n<\/svg>\n\n                <\/i>\n            <\/div>\n            <\/div>\n<\/a>\n\n                <\/div>\n                            <div class=\"swiper-slide\">\n                    <a class=\"related-slider-card  trk-cta-img\" href=\"https:\/\/theplayoffs.news\/fr\/actualite-nba\/resultats-nba-18-12-les-mavs-douchent-les-pistons-maxime-raynaud-superstar\/\" title=\"R&eacute;sultats NBA (18\/12): les Mavs douchent les Pistons, Maxime Raynaud superstar !\" data-cta-trk='{\"ctaType\":\"Image\",\"ctaSubType\":\"main\"}'>\n    <div class=\"related-slider-card__image\">\n        <img loading=\"lazy\" decoding=\"async\" width=\"600\" height=\"400\" src=\"https:\/\/theplayoffs.news\/fr\/wp-content\/uploads\/2025\/12\/USATSI_27848729_168402440_lowres-600x400.jpg\" class=\"attachment-medium size-medium wp-post-image\" alt=\"NBA Cooper Flagg Nikola Jokic Maxime Raynaud Cade Cunningham\" srcset=\"https:\/\/theplayoffs.news\/fr\/wp-content\/uploads\/2025\/12\/USATSI_27848729_168402440_lowres-600x400.jpg 600w, https:\/\/theplayoffs.news\/fr\/wp-content\/uploads\/2025\/12\/USATSI_27848729_168402440_lowres-1200x800.jpg 1200w, https:\/\/theplayoffs.news\/fr\/wp-content\/uploads\/2025\/12\/USATSI_27848729_168402440_lowres-768x512.jpg 768w, https:\/\/theplayoffs.news\/fr\/wp-content\/uploads\/2025\/12\/USATSI_27848729_168402440_lowres-1536x1024.jpg 1536w, https:\/\/theplayoffs.news\/fr\/wp-content\/uploads\/2025\/12\/USATSI_27848729_168402440_lowres-1320x880.jpg 1320w, https:\/\/theplayoffs.news\/fr\/wp-content\/uploads\/2025\/12\/USATSI_27848729_168402440_lowres.jpg 1920w\" sizes=\"auto, (max-width: 600px) 100vw, 600px\">\n                            <\/div>\n    <div class=\"related-slider-card__content\">\n        <div class=\"related-slider-card__content__tags\">\n                            <div class=\"related-slider-card__content__tags__category\">\n                    Actualit&eacute; NBA\n                <\/div>\n                        <div class=\"related-slider-card__content__tags__date\" data-dynamic-date=\"2025-12-19T09:45:57+01:00\">\n                19 d&eacute;cembre 2025\n            <\/div>\n        <\/div>\n        <div class=\"related-slider-card__content__title\">\n            R&eacute;sultats NBA (18\/12): les Mavs douchent les Pistons, Maxime Raynaud superstar !\n        <\/div>\n                    <div class=\"related-slider-card__content__read-more\">\n                Voir plus\n                <i>\n                    <svg width=\"17\" height=\"15\" viewbox=\"0 0 17 15\" fill=\"none\" xmlns=\"http:\/\/www.w3.org\/2000\/svg\">\n<path d=\"M1 6.5C0.447715 6.5 0 6.94772 0 7.5C0 8.05228 0.447715 8.5 1 8.5V6.5ZM16.7071 8.20711C17.0976 7.81658 17.0976 7.18342 16.7071 6.79289L10.3431 0.428932C9.95262 0.0384078 9.31946 0.0384078 8.92893 0.428932C8.53841 0.819457 8.53841 1.45262 8.92893 1.84315L14.5858 7.5L8.92893 13.1569C8.53841 13.5474 8.53841 14.1805 8.92893 14.5711C9.31946 14.9616 9.95262 14.9616 10.3431 14.5711L16.7071 8.20711ZM1 7.5V8.5H8.5V7.5V6.5H1V7.5ZM8.5 7.5V8.5H16V7.5V6.5H8.5V7.5Z\" fill=\"white\"><\/path>\n<\/svg>\n\n                <\/i>\n            <\/div>\n            <\/div>\n<\/a>\n\n                <\/div>\n                            <div class=\"swiper-slide\">\n                    <a class=\"related-slider-card  trk-cta-img\" href=\"https:\/\/theplayoffs.news\/fr\/actualite-nba\/resultats-nba-17-12-chicago-enfonce-les-cavs-memphis-en-patron-dans-le-minnesota\/\" title=\"R&eacute;sultats NBA (17\/12): Chicago enfonce les Cavs, Memphis en patron dans le Minnesota !\" data-cta-trk='{\"ctaType\":\"Image\",\"ctaSubType\":\"main\"}'>\n    <div class=\"related-slider-card__image\">\n        <img loading=\"lazy\" decoding=\"async\" width=\"600\" height=\"400\" src=\"https:\/\/theplayoffs.news\/fr\/wp-content\/uploads\/2025\/12\/USATSI_27840419_168402440_lowres-600x400.jpg\" class=\"attachment-medium size-medium wp-post-image\" alt=\"NBA Minnesota Timberwolves Ja Morant Anthony Edwards Rudy Gobert Julius Randle Josh Giddey\" srcset=\"https:\/\/theplayoffs.news\/fr\/wp-content\/uploads\/2025\/12\/USATSI_27840419_168402440_lowres-600x400.jpg 600w, https:\/\/theplayoffs.news\/fr\/wp-content\/uploads\/2025\/12\/USATSI_27840419_168402440_lowres-1200x799.jpg 1200w, https:\/\/theplayoffs.news\/fr\/wp-content\/uploads\/2025\/12\/USATSI_27840419_168402440_lowres-768x512.jpg 768w, https:\/\/theplayoffs.news\/fr\/wp-content\/uploads\/2025\/12\/USATSI_27840419_168402440_lowres-1536x1023.jpg 1536w, https:\/\/theplayoffs.news\/fr\/wp-content\/uploads\/2025\/12\/USATSI_27840419_168402440_lowres-1320x879.jpg 1320w, https:\/\/theplayoffs.news\/fr\/wp-content\/uploads\/2025\/12\/USATSI_27840419_168402440_lowres.jpg 1920w\" sizes=\"auto, (max-width: 600px) 100vw, 600px\">\n                            <\/div>\n    <div class=\"related-slider-card__content\">\n        <div class=\"related-slider-card__content__tags\">\n                            <div class=\"related-slider-card__content__tags__category\">\n                    Actualit&eacute; NBA\n                <\/div>\n                        <div class=\"related-slider-card__content__tags__date\" data-dynamic-date=\"2025-12-18T14:27:38+01:00\">\n                18 d&eacute;cembre 2025\n            <\/div>\n        <\/div>\n        <div class=\"related-slider-card__content__title\">\n            R&eacute;sultats NBA (17\/12): Chicago enfonce les Cavs, Memphis en patron dans le Minnesota !\n        <\/div>\n                    <div class=\"related-slider-card__content__read-more\">\n                Voir plus\n                <i>\n                    <svg width=\"17\" height=\"15\" viewbox=\"0 0 17 15\" fill=\"none\" xmlns=\"http:\/\/www.w3.org\/2000\/svg\">\n<path d=\"M1 6.5C0.447715 6.5 0 6.94772 0 7.5C0 8.05228 0.447715 8.5 1 8.5V6.5ZM16.7071 8.20711C17.0976 7.81658 17.0976 7.18342 16.7071 6.79289L10.3431 0.428932C9.95262 0.0384078 9.31946 0.0384078 8.92893 0.428932C8.53841 0.819457 8.53841 1.45262 8.92893 1.84315L14.5858 7.5L8.92893 13.1569C8.53841 13.5474 8.53841 14.1805 8.92893 14.5711C9.31946 14.9616 9.95262 14.9616 10.3431 14.5711L16.7071 8.20711ZM1 7.5V8.5H8.5V7.5V6.5H1V7.5ZM8.5 7.5V8.5H16V7.5V6.5H8.5V7.5Z\" fill=\"white\"><\/path>\n<\/svg>\n\n                <\/i>\n            <\/div>\n            <\/div>\n<\/a>\n\n                <\/div>\n                            <div class=\"swiper-slide\">\n                    <a class=\"related-slider-card  trk-cta-img\" href=\"https:\/\/theplayoffs.news\/fr\/actualite-nba\/resultats-nba-cup-16-12-jalen-brunson-mvp-les-knicks-soffrent-un-premier-trophee-depuis-1973\/\" title=\"R&eacute;sultats NBA Cup (16\/12): Jalen Brunson MVP, les Knicks s&rsquo;offrent un premier troph&eacute;e depuis 1973 !\" data-cta-trk='{\"ctaType\":\"Image\",\"ctaSubType\":\"main\"}'>\n    <div class=\"related-slider-card__image\">\n        <img loading=\"lazy\" decoding=\"async\" width=\"600\" height=\"450\" src=\"https:\/\/theplayoffs.news\/fr\/wp-content\/uploads\/2025\/12\/USATSI_27835319_168402440_lowres-600x450.jpg\" class=\"attachment-medium size-medium wp-post-image\" alt=\"Jalen Brunson Victor Wembanyama Knicks Spurs NBA Cup\" srcset=\"https:\/\/theplayoffs.news\/fr\/wp-content\/uploads\/2025\/12\/USATSI_27835319_168402440_lowres-600x450.jpg 600w, https:\/\/theplayoffs.news\/fr\/wp-content\/uploads\/2025\/12\/USATSI_27835319_168402440_lowres-1200x900.jpg 1200w, https:\/\/theplayoffs.news\/fr\/wp-content\/uploads\/2025\/12\/USATSI_27835319_168402440_lowres-768x576.jpg 768w, https:\/\/theplayoffs.news\/fr\/wp-content\/uploads\/2025\/12\/USATSI_27835319_168402440_lowres-1536x1152.jpg 1536w, https:\/\/theplayoffs.news\/fr\/wp-content\/uploads\/2025\/12\/USATSI_27835319_168402440_lowres-1320x990.jpg 1320w, https:\/\/theplayoffs.news\/fr\/wp-content\/uploads\/2025\/12\/USATSI_27835319_168402440_lowres.jpg 1920w\" sizes=\"auto, (max-width: 600px) 100vw, 600px\">\n                            <\/div>\n    <div class=\"related-slider-card__content\">\n        <div class=\"related-slider-card__content__tags\">\n                            <div class=\"related-slider-card__content__tags__category\">\n                    Actualit&eacute; NBA\n                <\/div>\n                        <div class=\"related-slider-card__content__tags__date\" data-dynamic-date=\"2025-12-17T09:44:05+01:00\">\n                17 d&eacute;cembre 2025\n            <\/div>\n        <\/div>\n        <div class=\"related-slider-card__content__title\">\n            R&eacute;sultats NBA Cup (16\/12): Jalen Brunson MVP, les Knicks s&rsquo;offrent un premier troph&eacute;e depuis 1973 !\n        <\/div>\n                    <div class=\"related-slider-card__content__read-more\">\n                Voir plus\n                <i>\n                    <svg width=\"17\" height=\"15\" viewbox=\"0 0 17 15\" fill=\"none\" xmlns=\"http:\/\/www.w3.org\/2000\/svg\">\n<path d=\"M1 6.5C0.447715 6.5 0 6.94772 0 7.5C0 8.05228 0.447715 8.5 1 8.5V6.5ZM16.7071 8.20711C17.0976 7.81658 17.0976 7.18342 16.7071 6.79289L10.3431 0.428932C9.95262 0.0384078 9.31946 0.0384078 8.92893 0.428932C8.53841 0.819457 8.53841 1.45262 8.92893 1.84315L14.5858 7.5L8.92893 13.1569C8.53841 13.5474 8.53841 14.1805 8.92893 14.5711C9.31946 14.9616 9.95262 14.9616 10.3431 14.5711L16.7071 8.20711ZM1 7.5V8.5H8.5V7.5V6.5H1V7.5ZM8.5 7.5V8.5H16V7.5V6.5H8.5V7.5Z\" fill=\"white\"><\/path>\n<\/svg>\n\n                <\/i>\n            <\/div>\n            <\/div>\n<\/a>\n\n                <\/div>\n                    <\/div>\n    <\/div>\n<\/div><p>Toutefois, l&rsquo;option d&rsquo;une continuit&eacute; &agrave; Detroit reste plausible. Aux c&ocirc;t&eacute;s de <strong>Cade Cunningham<\/strong>, d&eacute;sormais install&eacute; comme v&eacute;ritable franchise player, le natif de l&rsquo;Indiana a bri&egrave;vement montr&eacute; en 2024-2025 que la paire d&rsquo;arri&egrave;res pouvait fonctionner. A condition toutefois de rester en bonne sant&eacute;.<\/p><p>Les <strong>champions NBA 2004 <\/strong>se retrouvent donc face &agrave; un choix strat&eacute;gique : miser sur l&rsquo;ancien de Purdue ou l&rsquo;utiliser comme monnaie d&rsquo;&eacute;change pour r&eacute;cup&eacute;rer un joueur qui r&eacute;ponde davantage encore aux besoins de l&rsquo;&eacute;quipe. Quoi qu&rsquo;il en soit, <strong>Jaden Ivey<\/strong> demeure un joueur &agrave; fort potentiel en <a href=\"https:\/\/theplayoffs.news\/fr\/category\/sports\/basketball-sports\/nba\/\" target=\"_blank\" rel=\"noreferrer noopener\" class=\"trk-cta-link\" data-cta-trk='{\"ctaType\":\"Link\",\"ctaSubType\":\"main\"}'>NBA<\/a>. Mais son aventure dans le Michigan pourrait bien &ecirc;tre &agrave; l&rsquo;aube d&rsquo;un tournant d&eacute;cisif.<\/p><p>Credit : &copy; David Reginek-Imagn Images<\/p>\n","protected":false},"excerpt":{"rendered":"","protected":false},"author":180309799,"featured_media":1501997,"comment_status":"closed","ping_status":"closed","sticky":false,"template":"","format":"standard","meta":{"inline_featured_image":false,"kia_subtitle":"","_mux_skip_reasons":[],"proofreadBy":0,"footnotes":""},"categories":[110],"tags":[7427,4249,116,117,545,23],"sport":[2783],"saison":[],"class_list":["post-1501988","post","type-post","status-publish","format-standard","has-post-thumbnail","hentry","category-actualite-nba","tag-detroit-piston","tag-jaden-ivey","tag-lebron-james","tag-los-angeles-lakers","tag-luka-doncic","tag-nba-tag","sport-nba"],"acf":[],"yoast_head":"<!-- This site is optimized with the Yoast SEO plugin v24.2 - https:\/\/yoast.com\/wordpress\/plugins\/seo\/ -->\n<title>Dans le flou sur son avenir, Jaden Ivey int&eacute;resse les Lakers<\/title>\n<meta name=\"description\" content=\"Fauch&eacute; en plein vol par une terrible blessure en janvier dernier, Jaden Ivey n&#039;est pas certain de poursuivre l&#039;aventure &agrave; Detroit.\" \/>\n<meta name=\"robots\" content=\"index, follow, max-snippet:-1, max-image-preview:large, max-video-preview:-1\" \/>\n<link rel=\"canonical\" href=\"https:\/\/theplayoffs.news\/fr\/actualite-nba\/dans-le-flou-sur-son-avenir-jaden-ivey-interesse-les-lakers\/\" \/>\n<meta property=\"og:locale\" content=\"fr_FR\" \/>\n<meta property=\"og:type\" content=\"article\" \/>\n<meta property=\"og:title\" content=\"Dans le flou sur son avenir, Jaden Ivey int&eacute;resse les Lakers\" \/>\n<meta property=\"og:description\" content=\"Fauch&eacute; en plein vol par une terrible blessure en janvier dernier, Jaden Ivey n&#039;est pas certain de poursuivre l&#039;aventure &agrave; Detroit.\" \/>\n<meta property=\"og:url\" content=\"https:\/\/theplayoffs.news\/fr\/actualite-nba\/dans-le-flou-sur-son-avenir-jaden-ivey-interesse-les-lakers\/\" \/>\n<meta property=\"og:site_name\" content=\"The Playoffs FR\" \/>\n<meta property=\"article:publisher\" content=\"https:\/\/www.facebook.com\/TheFreeAgentFR\/\" \/>\n<meta property=\"article:modified_time\" content=\"2025-09-19T15:53:06+02:00\" \/>\n<meta property=\"og:image\" content=\"https:\/\/theplayoffs.news\/fr\/wp-content\/uploads\/2025\/09\/USATSI_19609935_168402440_lowres.jpg\" \/>\n\t<meta property=\"og:image:width\" content=\"1798\" \/>\n\t<meta property=\"og:image:height\" content=\"1199\" \/>\n\t<meta property=\"og:image:type\" content=\"image\/jpeg\" \/>\n<meta name=\"author\" content=\"La r\u00e9daction\" \/>\n<meta name=\"twitter:card\" content=\"summary_large_image\" \/>\n<meta name=\"twitter:creator\" content=\"@TheFreeAgentFR\" \/>\n<meta name=\"twitter:site\" content=\"@TheFreeAgentFR\" \/>\n<meta name=\"twitter:label1\" content=\"\u00c9crit par\" \/>\n\t<meta name=\"twitter:data1\" content=\"La r\u00e9daction\" \/>\n\t<meta name=\"twitter:label2\" content=\"Dur\u00e9e de lecture estim\u00e9e\" \/>\n\t<meta name=\"twitter:data2\" content=\"3 minutes\" \/>\n<script type=\"application\/ld+json\" class=\"yoast-schema-graph\">{\"@context\":\"https:\/\/schema.org\",\"@graph\":[{\"@type\":\"WebPage\",\"@id\":\"https:\/\/theplayoffs.news\/fr\/actualite-nba\/dans-le-flou-sur-son-avenir-jaden-ivey-interesse-les-lakers\/\",\"url\":\"https:\/\/theplayoffs.news\/fr\/actualite-nba\/dans-le-flou-sur-son-avenir-jaden-ivey-interesse-les-lakers\/\",\"name\":\"Dans le flou sur son avenir, Jaden Ivey int\u00e9resse les Lakers\",\"isPartOf\":{\"@id\":\"https:\/\/theplayoffs.news\/fr\/#website\"},\"primaryImageOfPage\":{\"@id\":\"https:\/\/theplayoffs.news\/fr\/actualite-nba\/dans-le-flou-sur-son-avenir-jaden-ivey-interesse-les-lakers\/#primaryimage\"},\"image\":{\"@id\":\"https:\/\/theplayoffs.news\/fr\/actualite-nba\/dans-le-flou-sur-son-avenir-jaden-ivey-interesse-les-lakers\/#primaryimage\"},\"thumbnailUrl\":\"https:\/\/theplayoffs.news\/fr\/wp-content\/uploads\/2025\/09\/USATSI_19609935_168402440_lowres.jpg\",\"datePublished\":\"2025-09-19T13:51:22+00:00\",\"dateModified\":\"2025-09-19T13:53:06+00:00\",\"author\":{\"@id\":\"https:\/\/theplayoffs.news\/fr\/#\/schema\/person\/bb40426f4e478f9bd8cdbfeb4f2f9784\"},\"description\":\"Fauch\u00e9 en plein vol par une terrible blessure en janvier dernier, Jaden Ivey n\\\\'est pas certain de poursuivre l\\\\'aventure \u00e0 Detroit.\",\"breadcrumb\":{\"@id\":\"https:\/\/theplayoffs.news\/fr\/actualite-nba\/dans-le-flou-sur-son-avenir-jaden-ivey-interesse-les-lakers\/#breadcrumb\"},\"inLanguage\":\"fr-FR\",\"potentialAction\":[{\"@type\":\"ReadAction\",\"target\":[\"https:\/\/theplayoffs.news\/fr\/actualite-nba\/dans-le-flou-sur-son-avenir-jaden-ivey-interesse-les-lakers\/\"]}]},{\"@type\":\"ImageObject\",\"inLanguage\":\"fr-FR\",\"@id\":\"https:\/\/theplayoffs.news\/fr\/actualite-nba\/dans-le-flou-sur-son-avenir-jaden-ivey-interesse-les-lakers\/#primaryimage\",\"url\":\"https:\/\/theplayoffs.news\/fr\/wp-content\/uploads\/2025\/09\/USATSI_19609935_168402440_lowres.jpg\",\"contentUrl\":\"https:\/\/theplayoffs.news\/fr\/wp-content\/uploads\/2025\/09\/USATSI_19609935_168402440_lowres.jpg\",\"width\":1798,\"height\":1199,\"caption\":\"Los Angeles Lakers Detroit Pistons Jaden Ivey\"},{\"@type\":\"BreadcrumbList\",\"@id\":\"https:\/\/theplayoffs.news\/fr\/actualite-nba\/dans-le-flou-sur-son-avenir-jaden-ivey-interesse-les-lakers\/#breadcrumb\",\"itemListElement\":[{\"@type\":\"ListItem\",\"position\":1,\"name\":\"Accueil\",\"item\":\"https:\/\/theplayoffs.news\/fr\/\"},{\"@type\":\"ListItem\",\"position\":2,\"name\":\"Dans le flou sur son avenir, Jaden Ivey int\u00e9resse les Lakers\"}]},{\"@type\":\"WebSite\",\"@id\":\"https:\/\/theplayoffs.news\/fr\/#website\",\"url\":\"https:\/\/theplayoffs.news\/fr\/\",\"name\":\"The Playoffs FR\",\"description\":\"NBA-NFL-NHL-MLB\",\"potentialAction\":[{\"@type\":\"SearchAction\",\"target\":{\"@type\":\"EntryPoint\",\"urlTemplate\":\"https:\/\/theplayoffs.news\/fr\/?s={search_term_string}\"},\"query-input\":{\"@type\":\"PropertyValueSpecification\",\"valueRequired\":true,\"valueName\":\"search_term_string\"}}],\"inLanguage\":\"fr-FR\"},{\"@type\":\"Person\",\"@id\":\"https:\/\/theplayoffs.news\/fr\/#\/schema\/person\/bb40426f4e478f9bd8cdbfeb4f2f9784\",\"name\":\"La r\u00e9daction\",\"image\":{\"@type\":\"ImageObject\",\"inLanguage\":\"fr-FR\",\"@id\":\"https:\/\/theplayoffs.news\/fr\/#\/schema\/person\/image\/\",\"url\":\"https:\/\/secure.gravatar.com\/avatar\/7e69b41460ab2c17d61c8c364b6a0ee006f957a70191383ef42be1f4733d6515?s=96&d=mm&r=g\",\"contentUrl\":\"https:\/\/secure.gravatar.com\/avatar\/7e69b41460ab2c17d61c8c364b6a0ee006f957a70191383ef42be1f4733d6515?s=96&d=mm&r=g\",\"caption\":\"La r\u00e9daction\"},\"description\":\"On dit qu\\\\'il faut un village pour s\\\\'occuper d\\\\'un enfant. Et bien c\\\\'est exactement ce dont il s\\\\'agit ici pour The Playoffs. La r\u00e9daction, ce sont vos r\u00e9dacteurs pr\u00e9f\u00e9r\u00e9s qui collaborent sur ces articles que vous lisez au quotidien.\u00a0\",\"url\":\"https:\/\/theplayoffs.news\/fr\/author\/freeagentfr\/\"}]}<\/script>\n<!-- \/ Yoast SEO plugin. -->","yoast_head_json":{"title":"Dans le flou sur son avenir, Jaden Ivey int&eacute;resse les Lakers","description":"Fauch&eacute; en plein vol par une terrible blessure en janvier dernier, Jaden Ivey n&#039;est pas certain de poursuivre l&#039;aventure &agrave; Detroit.","robots":{"index":"index","follow":"follow","max-snippet":"max-snippet:-1","max-image-preview":"max-image-preview:large","max-video-preview":"max-video-preview:-1"},"canonical":"https:\/\/theplayoffs.news\/fr\/actualite-nba\/dans-le-flou-sur-son-avenir-jaden-ivey-interesse-les-lakers\/","og_locale":"fr_FR","og_type":"article","og_title":"Dans le flou sur son avenir, Jaden Ivey int&eacute;resse les Lakers","og_description":"Fauch&eacute; en plein vol par une terrible blessure en janvier dernier, Jaden Ivey n&#039;est pas certain de poursuivre l&#039;aventure &agrave; Detroit.","og_url":"https:\/\/theplayoffs.news\/fr\/actualite-nba\/dans-le-flou-sur-son-avenir-jaden-ivey-interesse-les-lakers\/","og_site_name":"The Playoffs FR","article_publisher":"https:\/\/www.facebook.com\/TheFreeAgentFR\/","article_modified_time":"2025-09-19T13:53:06+00:00","og_image":[{"width":1798,"height":1199,"url":"https:\/\/theplayoffs.news\/fr\/wp-content\/uploads\/2025\/09\/USATSI_19609935_168402440_lowres.jpg","type":"image\/jpeg"}],"author":"La r\u00e9daction","twitter_card":"summary_large_image","twitter_creator":"@TheFreeAgentFR","twitter_site":"@TheFreeAgentFR","twitter_misc":{"\u00c9crit par":"La r\u00e9daction","Dur\u00e9e de lecture estim\u00e9e":"3 minutes"},"schema":{"@context":"https:\/\/schema.org","@graph":[{"@type":"WebPage","@id":"https:\/\/theplayoffs.news\/fr\/actualite-nba\/dans-le-flou-sur-son-avenir-jaden-ivey-interesse-les-lakers\/","url":"https:\/\/theplayoffs.news\/fr\/actualite-nba\/dans-le-flou-sur-son-avenir-jaden-ivey-interesse-les-lakers\/","name":"Dans le flou sur son avenir, Jaden Ivey int\u00e9resse les Lakers","isPartOf":{"@id":"https:\/\/theplayoffs.news\/fr\/#website"},"primaryImageOfPage":{"@id":"https:\/\/theplayoffs.news\/fr\/actualite-nba\/dans-le-flou-sur-son-avenir-jaden-ivey-interesse-les-lakers\/#primaryimage"},"image":{"@id":"https:\/\/theplayoffs.news\/fr\/actualite-nba\/dans-le-flou-sur-son-avenir-jaden-ivey-interesse-les-lakers\/#primaryimage"},"thumbnailUrl":"https:\/\/theplayoffs.news\/fr\/wp-content\/uploads\/2025\/09\/USATSI_19609935_168402440_lowres.jpg","datePublished":"2025-09-19T13:51:22+00:00","dateModified":"2025-09-19T13:53:06+00:00","author":{"@id":"https:\/\/theplayoffs.news\/fr\/#\/schema\/person\/bb40426f4e478f9bd8cdbfeb4f2f9784"},"description":"Fauch\u00e9 en plein vol par une terrible blessure en janvier dernier, Jaden Ivey n\\'est pas certain de poursuivre l\\'aventure \u00e0 Detroit.","breadcrumb":{"@id":"https:\/\/theplayoffs.news\/fr\/actualite-nba\/dans-le-flou-sur-son-avenir-jaden-ivey-interesse-les-lakers\/#breadcrumb"},"inLanguage":"fr-FR","potentialAction":[{"@type":"ReadAction","target":["https:\/\/theplayoffs.news\/fr\/actualite-nba\/dans-le-flou-sur-son-avenir-jaden-ivey-interesse-les-lakers\/"]}]},{"@type":"ImageObject","inLanguage":"fr-FR","@id":"https:\/\/theplayoffs.news\/fr\/actualite-nba\/dans-le-flou-sur-son-avenir-jaden-ivey-interesse-les-lakers\/#primaryimage","url":"https:\/\/theplayoffs.news\/fr\/wp-content\/uploads\/2025\/09\/USATSI_19609935_168402440_lowres.jpg","contentUrl":"https:\/\/theplayoffs.news\/fr\/wp-content\/uploads\/2025\/09\/USATSI_19609935_168402440_lowres.jpg","width":1798,"height":1199,"caption":"Los Angeles Lakers Detroit Pistons Jaden Ivey"},{"@type":"BreadcrumbList","@id":"https:\/\/theplayoffs.news\/fr\/actualite-nba\/dans-le-flou-sur-son-avenir-jaden-ivey-interesse-les-lakers\/#breadcrumb","itemListElement":[{"@type":"ListItem","position":1,"name":"Accueil","item":"https:\/\/theplayoffs.news\/fr\/"},{"@type":"ListItem","position":2,"name":"Dans le flou sur son avenir, Jaden Ivey int\u00e9resse les Lakers"}]},{"@type":"WebSite","@id":"https:\/\/theplayoffs.news\/fr\/#website","url":"https:\/\/theplayoffs.news\/fr\/","name":"The Playoffs FR","description":"NBA-NFL-NHL-MLB","potentialAction":[{"@type":"SearchAction","target":{"@type":"EntryPoint","urlTemplate":"https:\/\/theplayoffs.news\/fr\/?s={search_term_string}"},"query-input":{"@type":"PropertyValueSpecification","valueRequired":true,"valueName":"search_term_string"}}],"inLanguage":"fr-FR"},{"@type":"Person","@id":"https:\/\/theplayoffs.news\/fr\/#\/schema\/person\/bb40426f4e478f9bd8cdbfeb4f2f9784","name":"La r\u00e9daction","image":{"@type":"ImageObject","inLanguage":"fr-FR","@id":"https:\/\/theplayoffs.news\/fr\/#\/schema\/person\/image\/","url":"https:\/\/secure.gravatar.com\/avatar\/7e69b41460ab2c17d61c8c364b6a0ee006f957a70191383ef42be1f4733d6515?s=96&d=mm&r=g","contentUrl":"https:\/\/secure.gravatar.com\/avatar\/7e69b41460ab2c17d61c8c364b6a0ee006f957a70191383ef42be1f4733d6515?s=96&d=mm&r=g","caption":"La r\u00e9daction"},"description":"On dit qu\\'il faut un village pour s\\'occuper d\\'un enfant. Et bien c\\'est exactement ce dont il s\\'agit ici pour The Playoffs. La r\u00e9daction, ce sont vos r\u00e9dacteurs pr\u00e9f\u00e9r\u00e9s qui collaborent sur ces articles que vous lisez au quotidien.\u00a0","url":"https:\/\/theplayoffs.news\/fr\/author\/freeagentfr\/"}]}},"_links":{"self":[{"href":"https:\/\/theplayoffs.news\/fr\/wp-json\/wp\/v2\/posts\/1501988","targetHints":{"allow":["GET"]}}],"collection":[{"href":"https:\/\/theplayoffs.news\/fr\/wp-json\/wp\/v2\/posts"}],"about":[{"href":"https:\/\/theplayoffs.news\/fr\/wp-json\/wp\/v2\/types\/post"}],"author":[{"embeddable":true,"href":"https:\/\/theplayoffs.news\/fr\/wp-json\/wp\/v2\/users\/180309799"}],"replies":[{"embeddable":true,"href":"https:\/\/theplayoffs.news\/fr\/wp-json\/wp\/v2\/comments?post=1501988"}],"version-history":[{"count":4,"href":"https:\/\/theplayoffs.news\/fr\/wp-json\/wp\/v2\/posts\/1501988\/revisions"}],"predecessor-version":[{"id":1502000,"href":"https:\/\/theplayoffs.news\/fr\/wp-json\/wp\/v2\/posts\/1501988\/revisions\/1502000"}],"wp:featuredmedia":[{"embeddable":true,"href":"https:\/\/theplayoffs.news\/fr\/wp-json\/wp\/v2\/media\/1501997"}],"wp:attachment":[{"href":"https:\/\/theplayoffs.news\/fr\/wp-json\/wp\/v2\/media?parent=1501988"}],"wp:term":[{"taxonomy":"category","embeddable":true,"href":"https:\/\/theplayoffs.news\/fr\/wp-json\/wp\/v2\/categories?post=1501988"},{"taxonomy":"post_tag","embeddable":true,"href":"https:\/\/theplayoffs.news\/fr\/wp-json\/wp\/v2\/tags?post=1501988"},{"taxonomy":"sport","embeddable":true,"href":"https:\/\/theplayoffs.news\/fr\/wp-json\/wp\/v2\/sport?post=1501988"},{"taxonomy":"saison","embeddable":true,"href":"https:\/\/theplayoffs.news\/fr\/wp-json\/wp\/v2\/saison?post=1501988"}],"curies":[{"name":"wp","href":"https:\/\/api.w.org\/{rel}","templated":true}]}}