{"id":1501584,"date":"2025-09-16T10:24:58","date_gmt":"2025-09-16T08:24:58","guid":{"rendered":"https:\/\/theplayoffs.news\/fr\/uncategorized\/\/"},"modified":"2025-09-16T10:25:04","modified_gmt":"2025-09-16T08:25:04","slug":"chargers-khalil-mack-blesse-a-lepaule","status":"publish","type":"post","link":"https:\/\/theplayoffs.news\/fr\/actualite-nfl\/chargers-khalil-mack-blesse-a-lepaule\/","title":{"rendered":"Chargers: Khalil Mack bless\u00e9 \u00e0 l&rsquo;\u00e9paule"},"content":{"rendered":"<p>Lundi soir, <a href=\"https:\/\/theplayoffs.news\/fr\/actualite-nfl\/chargers-raiders-20-9-resume-semaine-2-nfl-2025\/\" class=\"trk-cta-link\" data-cta-trk='{\"ctaType\":\"Link\",\"ctaSubType\":\"main\"}'>lors de la victoire des Los Angeles Chargers face aux Las Vegas Raiders (20-9)<\/a>, la franchise californienne a vu l&rsquo;un de ses piliers d&eacute;fensifs quitter pr&eacute;matur&eacute;ment le terrain. Khalil Mack, v&eacute;t&eacute;ran de 34 ans et figure incontournable du pass rush, a d&ucirc; abandonner ses co&eacute;quipiers apr&egrave;s une blessure inqui&eacute;tante &agrave; l&rsquo;&eacute;paule gauche survenue &agrave; la fin du premier quart-temps.<\/p><p>Le joueur s&rsquo;est bless&eacute; en tentant de plaquer le receveur Tre Tucker. Dans l&rsquo;action, son bras s&rsquo;est retrouv&eacute; coinc&eacute; entre son co&eacute;quipier Tarheeb Still et l&rsquo;adversaire. Mack a imm&eacute;diatement montr&eacute; des signes de douleur avant de rejoindre la tente m&eacute;dicale, puis le vestiaire. Quelques minutes plus tard, il est r&eacute;apparu sur la touche, hors de son &eacute;quipement, le bras en &eacute;charpe et band&eacute;.<\/p><blockquote class=\"twitter-tweet\"><p lang=\"en\" dir=\"ltr\">Khalil Mack got his left wrist caught in a tackle and runs straight off the field into the tent <a href=\"https:\/\/twitter.com\/hashtag\/NFL?src=hash&amp;ref_src=twsrc%5Etfw\" class=\"trk-cta-link\" data-cta-trk='{\"ctaType\":\"Link\",\"ctaSubType\":\"main\"}'>#NFL<\/a> <a href=\"https:\/\/t.co\/3FO0OzBPte\" class=\"trk-cta-link\" data-cta-trk='{\"ctaType\":\"Link\",\"ctaSubType\":\"main\"}'>pic.twitter.com\/3FO0OzBPte<\/a><\/p>&mdash; Tanner Phifer (@TannerPhifer) <a href=\"https:\/\/twitter.com\/TannerPhifer\/status\/1967782573897289812?ref_src=twsrc%5Etfw\" class=\"trk-cta-link\" data-cta-trk='{\"ctaType\":\"Link\",\"ctaSubType\":\"main\"}'>September 16, 2025<\/a><\/blockquote><script async src=\"https:\/\/platform.twitter.com\/widgets.js\" charset=\"utf-8\"><\/script><h2 class=\"wp-block-heading\">Des examens compl&eacute;mentaires &agrave; venir pour Khalil Mack<\/h2><p>Avant de sortir, l&rsquo;ancien Raider, qui retrouvait donc son ancienne franchise, avait d&eacute;j&agrave; marqu&eacute; son empreinte sur la rencontre avec un sack et un plaquage. Mais son absence s&rsquo;est rapidement fait sentir, m&ecirc;me si les Chargers ont su ma&icirc;triser leur adversaire gr&acirc;ce &agrave; une d&eacute;fense solide, interceptant notamment &agrave; trois reprises le quarterback de Las Vegas.<\/p><p>Le coach Jim Harbaugh a confirm&eacute; que Mack allait passer des examens compl&eacute;mentaires afin d&rsquo;&eacute;valuer la gravit&eacute; de la blessure. Les premiers indices laissent craindre une indisponibilit&eacute; prolong&eacute;e, ce qui repr&eacute;senterait un coup dur pour une d&eacute;fense d&eacute;j&agrave; sous pression.<\/p><p>Arriv&eacute; &agrave; Los Angeles en 2022 et prolong&eacute; pour une saison suppl&eacute;mentaire en mars dernier, Khalil Mack sortait d&rsquo;un exercice 2023 r&eacute;gulier avec 16 titularisations et six sacks. Son exp&eacute;rience et son leadership seront difficiles &agrave; remplacer si son absence devait s&rsquo;inscrire dans la dur&eacute;e.<\/p><p>Cr&eacute;dit photo: &copy; Kyle Terada-Imagn Images<\/p>\n","protected":false},"excerpt":{"rendered":"<p>NFL &#8211; Khalil Mack pourrait manquer plusieurs semaines de comp\u00e9tition<\/p>\n","protected":false},"author":180309964,"featured_media":1501590,"comment_status":"closed","ping_status":"closed","sticky":false,"template":"","format":"standard","meta":{"inline_featured_image":false,"kia_subtitle":"NFL - Khalil Mack pourrait manquer plusieurs semaines de comp\u00e9tition","_mux_skip_reasons":[],"proofreadBy":0,"footnotes":""},"categories":[118,8410,40,8408],"tags":[888,759],"sport":[2785],"saison":[7475],"class_list":["post-1501584","post","type-post","status-publish","format-standard","has-post-thumbnail","hentry","category-actualite-nfl","category-football-americain","category-nfl","category-sports","tag-khalil-mack","tag-los-angeles-chargers","sport-nfl","saison-7475"],"acf":[],"yoast_head":"<!-- This site is optimized with the Yoast SEO plugin v24.2 - https:\/\/yoast.com\/wordpress\/plugins\/seo\/ -->\n<title>Chargers: Khalil Mack bless&eacute; &agrave; l&#039;&eacute;paule - The Playoffs FR<\/title>\n<meta name=\"description\" content=\"Le d&eacute;fenseur des Los Angeles Chargers, Khalil Mack, est sorti de la rencontre de lundi avec le bras en &eacute;charpe apr&egrave;s une blessure.\" \/>\n<meta name=\"robots\" content=\"index, follow, max-snippet:-1, max-image-preview:large, max-video-preview:-1\" \/>\n<link rel=\"canonical\" href=\"https:\/\/theplayoffs.news\/fr\/actualite-nfl\/chargers-khalil-mack-blesse-a-lepaule\/\" \/>\n<meta property=\"og:locale\" content=\"fr_FR\" \/>\n<meta property=\"og:type\" content=\"article\" \/>\n<meta property=\"og:title\" content=\"Chargers: Khalil Mack bless&eacute; &agrave; l&#039;&eacute;paule - The Playoffs FR\" \/>\n<meta property=\"og:description\" content=\"Le d&eacute;fenseur des Los Angeles Chargers, Khalil Mack, est sorti de la rencontre de lundi avec le bras en &eacute;charpe apr&egrave;s une blessure.\" \/>\n<meta property=\"og:url\" content=\"https:\/\/theplayoffs.news\/fr\/actualite-nfl\/chargers-khalil-mack-blesse-a-lepaule\/\" \/>\n<meta property=\"og:site_name\" content=\"The Playoffs FR\" \/>\n<meta property=\"article:publisher\" content=\"https:\/\/www.facebook.com\/TheFreeAgentFR\/\" \/>\n<meta property=\"article:modified_time\" content=\"2025-09-16T10:25:04+02:00\" \/>\n<meta property=\"og:image\" content=\"https:\/\/theplayoffs.news\/fr\/wp-content\/uploads\/2025\/09\/USATSI_26987878.jpg\" \/>\n\t<meta property=\"og:image:width\" content=\"1920\" \/>\n\t<meta property=\"og:image:height\" content=\"1280\" \/>\n\t<meta property=\"og:image:type\" content=\"image\/jpeg\" \/>\n<meta name=\"author\" content=\"Flavien Jumeau\" \/>\n<meta name=\"twitter:card\" content=\"summary_large_image\" \/>\n<meta name=\"twitter:creator\" content=\"@TheFreeAgentFR\" \/>\n<meta name=\"twitter:site\" content=\"@TheFreeAgentFR\" \/>\n<meta name=\"twitter:label1\" content=\"\u00c9crit par\" \/>\n\t<meta name=\"twitter:data1\" content=\"Flavien Jumeau\" \/>\n\t<meta name=\"twitter:label2\" content=\"Dur\u00e9e de lecture estim\u00e9e\" \/>\n\t<meta name=\"twitter:data2\" content=\"2 minutes\" \/>\n<script type=\"application\/ld+json\" class=\"yoast-schema-graph\">{\"@context\":\"https:\/\/schema.org\",\"@graph\":[{\"@type\":\"WebPage\",\"@id\":\"https:\/\/theplayoffs.news\/fr\/actualite-nfl\/chargers-khalil-mack-blesse-a-lepaule\/\",\"url\":\"https:\/\/theplayoffs.news\/fr\/actualite-nfl\/chargers-khalil-mack-blesse-a-lepaule\/\",\"name\":\"Chargers: Khalil Mack bless\u00e9 \u00e0 l\\\\'\u00e9paule - The Playoffs FR\",\"isPartOf\":{\"@id\":\"https:\/\/theplayoffs.news\/fr\/#website\"},\"primaryImageOfPage\":{\"@id\":\"https:\/\/theplayoffs.news\/fr\/actualite-nfl\/chargers-khalil-mack-blesse-a-lepaule\/#primaryimage\"},\"image\":{\"@id\":\"https:\/\/theplayoffs.news\/fr\/actualite-nfl\/chargers-khalil-mack-blesse-a-lepaule\/#primaryimage\"},\"thumbnailUrl\":\"https:\/\/theplayoffs.news\/fr\/wp-content\/uploads\/2025\/09\/USATSI_26987878.jpg\",\"datePublished\":\"2025-09-16T08:24:58+00:00\",\"dateModified\":\"2025-09-16T08:25:04+00:00\",\"author\":{\"@id\":\"https:\/\/theplayoffs.news\/fr\/#\/schema\/person\/def63bc6746dc5957469b75feb99e66d\"},\"description\":\"Le d\u00e9fenseur des Los Angeles Chargers, Khalil Mack, est sorti de la rencontre de lundi avec le bras en \u00e9charpe apr\u00e8s une blessure.\",\"breadcrumb\":{\"@id\":\"https:\/\/theplayoffs.news\/fr\/actualite-nfl\/chargers-khalil-mack-blesse-a-lepaule\/#breadcrumb\"},\"inLanguage\":\"fr-FR\",\"potentialAction\":[{\"@type\":\"ReadAction\",\"target\":[\"https:\/\/theplayoffs.news\/fr\/actualite-nfl\/chargers-khalil-mack-blesse-a-lepaule\/\"]}]},{\"@type\":\"ImageObject\",\"inLanguage\":\"fr-FR\",\"@id\":\"https:\/\/theplayoffs.news\/fr\/actualite-nfl\/chargers-khalil-mack-blesse-a-lepaule\/#primaryimage\",\"url\":\"https:\/\/theplayoffs.news\/fr\/wp-content\/uploads\/2025\/09\/USATSI_26987878.jpg\",\"contentUrl\":\"https:\/\/theplayoffs.news\/fr\/wp-content\/uploads\/2025\/09\/USATSI_26987878.jpg\",\"width\":1920,\"height\":1280,\"caption\":\"August 23, 2025; Santa Clara, California, USA; Los Angeles Chargers linebacker Khalil Mack (52) after the game against the San Francisco 49ers at Levi\\\\'s Stadium. Mandatory Credit: Kyle Terada-Imagn Images\"},{\"@type\":\"BreadcrumbList\",\"@id\":\"https:\/\/theplayoffs.news\/fr\/actualite-nfl\/chargers-khalil-mack-blesse-a-lepaule\/#breadcrumb\",\"itemListElement\":[{\"@type\":\"ListItem\",\"position\":1,\"name\":\"Accueil\",\"item\":\"https:\/\/theplayoffs.news\/fr\/\"},{\"@type\":\"ListItem\",\"position\":2,\"name\":\"Chargers: Khalil Mack bless\u00e9 \u00e0 l&#8217;\u00e9paule\"}]},{\"@type\":\"WebSite\",\"@id\":\"https:\/\/theplayoffs.news\/fr\/#website\",\"url\":\"https:\/\/theplayoffs.news\/fr\/\",\"name\":\"The Playoffs FR\",\"description\":\"NBA-NFL-NHL-MLB\",\"potentialAction\":[{\"@type\":\"SearchAction\",\"target\":{\"@type\":\"EntryPoint\",\"urlTemplate\":\"https:\/\/theplayoffs.news\/fr\/?s={search_term_string}\"},\"query-input\":{\"@type\":\"PropertyValueSpecification\",\"valueRequired\":true,\"valueName\":\"search_term_string\"}}],\"inLanguage\":\"fr-FR\"},{\"@type\":\"Person\",\"@id\":\"https:\/\/theplayoffs.news\/fr\/#\/schema\/person\/def63bc6746dc5957469b75feb99e66d\",\"name\":\"Flavien Jumeau\",\"image\":{\"@type\":\"ImageObject\",\"inLanguage\":\"fr-FR\",\"@id\":\"https:\/\/theplayoffs.news\/fr\/#\/schema\/person\/image\/\",\"url\":\"https:\/\/secure.gravatar.com\/avatar\/e7fa8ba5a4b7e4ce35fe152f083f352db28ad0acce692004ed88a7a7d78893f7?s=96&d=mm&r=g\",\"contentUrl\":\"https:\/\/secure.gravatar.com\/avatar\/e7fa8ba5a4b7e4ce35fe152f083f352db28ad0acce692004ed88a7a7d78893f7?s=96&d=mm&r=g\",\"caption\":\"Flavien Jumeau\"},\"description\":\"Amoureux du sport (et de vraiment tous les sports) depuis mon plus jeune \u00e2ge, j\u2019ai longtemps h\u00e9site entre le snooker et le curling. Finalement c\u2019est le foot US que j\u2019ai d\u00e9cid\u00e9 de choisir! Responsable foot US sur TPO et animateur du podcast Tailgate j\u2019ai pour mission de vous faire d\u00e9couvrir ce sport passionnant si ce n\u2019est pas encore fait et de vous donner les derni\u00e8res actus. Le tout dans la bonne humeur et avec toujours un jeu de mots ou deux savamment distill\u00e9s! Fan des Saints, pour moi Drew Brees est le vrai GOAT!\",\"url\":\"https:\/\/theplayoffs.news\/fr\/author\/flavien-jumeaugmail-com\/\"}]}<\/script>\n<!-- \/ Yoast SEO plugin. -->","yoast_head_json":{"title":"Chargers: Khalil Mack bless&eacute; &agrave; l&#039;&eacute;paule - The Playoffs FR","description":"Le d&eacute;fenseur des Los Angeles Chargers, Khalil Mack, est sorti de la rencontre de lundi avec le bras en &eacute;charpe apr&egrave;s une blessure.","robots":{"index":"index","follow":"follow","max-snippet":"max-snippet:-1","max-image-preview":"max-image-preview:large","max-video-preview":"max-video-preview:-1"},"canonical":"https:\/\/theplayoffs.news\/fr\/actualite-nfl\/chargers-khalil-mack-blesse-a-lepaule\/","og_locale":"fr_FR","og_type":"article","og_title":"Chargers: Khalil Mack bless&eacute; &agrave; l&#039;&eacute;paule - The Playoffs FR","og_description":"Le d&eacute;fenseur des Los Angeles Chargers, Khalil Mack, est sorti de la rencontre de lundi avec le bras en &eacute;charpe apr&egrave;s une blessure.","og_url":"https:\/\/theplayoffs.news\/fr\/actualite-nfl\/chargers-khalil-mack-blesse-a-lepaule\/","og_site_name":"The Playoffs FR","article_publisher":"https:\/\/www.facebook.com\/TheFreeAgentFR\/","article_modified_time":"2025-09-16T08:25:04+00:00","og_image":[{"width":1920,"height":1280,"url":"https:\/\/theplayoffs.news\/fr\/wp-content\/uploads\/2025\/09\/USATSI_26987878.jpg","type":"image\/jpeg"}],"author":"Flavien Jumeau","twitter_card":"summary_large_image","twitter_creator":"@TheFreeAgentFR","twitter_site":"@TheFreeAgentFR","twitter_misc":{"\u00c9crit par":"Flavien Jumeau","Dur\u00e9e de lecture estim\u00e9e":"2 minutes"},"schema":{"@context":"https:\/\/schema.org","@graph":[{"@type":"WebPage","@id":"https:\/\/theplayoffs.news\/fr\/actualite-nfl\/chargers-khalil-mack-blesse-a-lepaule\/","url":"https:\/\/theplayoffs.news\/fr\/actualite-nfl\/chargers-khalil-mack-blesse-a-lepaule\/","name":"Chargers: Khalil Mack bless\u00e9 \u00e0 l\\'\u00e9paule - The Playoffs FR","isPartOf":{"@id":"https:\/\/theplayoffs.news\/fr\/#website"},"primaryImageOfPage":{"@id":"https:\/\/theplayoffs.news\/fr\/actualite-nfl\/chargers-khalil-mack-blesse-a-lepaule\/#primaryimage"},"image":{"@id":"https:\/\/theplayoffs.news\/fr\/actualite-nfl\/chargers-khalil-mack-blesse-a-lepaule\/#primaryimage"},"thumbnailUrl":"https:\/\/theplayoffs.news\/fr\/wp-content\/uploads\/2025\/09\/USATSI_26987878.jpg","datePublished":"2025-09-16T08:24:58+00:00","dateModified":"2025-09-16T08:25:04+00:00","author":{"@id":"https:\/\/theplayoffs.news\/fr\/#\/schema\/person\/def63bc6746dc5957469b75feb99e66d"},"description":"Le d\u00e9fenseur des Los Angeles Chargers, Khalil Mack, est sorti de la rencontre de lundi avec le bras en \u00e9charpe apr\u00e8s une blessure.","breadcrumb":{"@id":"https:\/\/theplayoffs.news\/fr\/actualite-nfl\/chargers-khalil-mack-blesse-a-lepaule\/#breadcrumb"},"inLanguage":"fr-FR","potentialAction":[{"@type":"ReadAction","target":["https:\/\/theplayoffs.news\/fr\/actualite-nfl\/chargers-khalil-mack-blesse-a-lepaule\/"]}]},{"@type":"ImageObject","inLanguage":"fr-FR","@id":"https:\/\/theplayoffs.news\/fr\/actualite-nfl\/chargers-khalil-mack-blesse-a-lepaule\/#primaryimage","url":"https:\/\/theplayoffs.news\/fr\/wp-content\/uploads\/2025\/09\/USATSI_26987878.jpg","contentUrl":"https:\/\/theplayoffs.news\/fr\/wp-content\/uploads\/2025\/09\/USATSI_26987878.jpg","width":1920,"height":1280,"caption":"August 23, 2025; Santa Clara, California, USA; Los Angeles Chargers linebacker Khalil Mack (52) after the game against the San Francisco 49ers at Levi\\'s Stadium. Mandatory Credit: Kyle Terada-Imagn Images"},{"@type":"BreadcrumbList","@id":"https:\/\/theplayoffs.news\/fr\/actualite-nfl\/chargers-khalil-mack-blesse-a-lepaule\/#breadcrumb","itemListElement":[{"@type":"ListItem","position":1,"name":"Accueil","item":"https:\/\/theplayoffs.news\/fr\/"},{"@type":"ListItem","position":2,"name":"Chargers: Khalil Mack bless\u00e9 \u00e0 l&#8217;\u00e9paule"}]},{"@type":"WebSite","@id":"https:\/\/theplayoffs.news\/fr\/#website","url":"https:\/\/theplayoffs.news\/fr\/","name":"The Playoffs FR","description":"NBA-NFL-NHL-MLB","potentialAction":[{"@type":"SearchAction","target":{"@type":"EntryPoint","urlTemplate":"https:\/\/theplayoffs.news\/fr\/?s={search_term_string}"},"query-input":{"@type":"PropertyValueSpecification","valueRequired":true,"valueName":"search_term_string"}}],"inLanguage":"fr-FR"},{"@type":"Person","@id":"https:\/\/theplayoffs.news\/fr\/#\/schema\/person\/def63bc6746dc5957469b75feb99e66d","name":"Flavien Jumeau","image":{"@type":"ImageObject","inLanguage":"fr-FR","@id":"https:\/\/theplayoffs.news\/fr\/#\/schema\/person\/image\/","url":"https:\/\/secure.gravatar.com\/avatar\/e7fa8ba5a4b7e4ce35fe152f083f352db28ad0acce692004ed88a7a7d78893f7?s=96&d=mm&r=g","contentUrl":"https:\/\/secure.gravatar.com\/avatar\/e7fa8ba5a4b7e4ce35fe152f083f352db28ad0acce692004ed88a7a7d78893f7?s=96&d=mm&r=g","caption":"Flavien Jumeau"},"description":"Amoureux du sport (et de vraiment tous les sports) depuis mon plus jeune \u00e2ge, j\u2019ai longtemps h\u00e9site entre le snooker et le curling. Finalement c\u2019est le foot US que j\u2019ai d\u00e9cid\u00e9 de choisir! Responsable foot US sur TPO et animateur du podcast Tailgate j\u2019ai pour mission de vous faire d\u00e9couvrir ce sport passionnant si ce n\u2019est pas encore fait et de vous donner les derni\u00e8res actus. Le tout dans la bonne humeur et avec toujours un jeu de mots ou deux savamment distill\u00e9s! Fan des Saints, pour moi Drew Brees est le vrai GOAT!","url":"https:\/\/theplayoffs.news\/fr\/author\/flavien-jumeaugmail-com\/"}]}},"_links":{"self":[{"href":"https:\/\/theplayoffs.news\/fr\/wp-json\/wp\/v2\/posts\/1501584","targetHints":{"allow":["GET"]}}],"collection":[{"href":"https:\/\/theplayoffs.news\/fr\/wp-json\/wp\/v2\/posts"}],"about":[{"href":"https:\/\/theplayoffs.news\/fr\/wp-json\/wp\/v2\/types\/post"}],"author":[{"embeddable":true,"href":"https:\/\/theplayoffs.news\/fr\/wp-json\/wp\/v2\/users\/180309964"}],"replies":[{"embeddable":true,"href":"https:\/\/theplayoffs.news\/fr\/wp-json\/wp\/v2\/comments?post=1501584"}],"version-history":[{"count":1,"href":"https:\/\/theplayoffs.news\/fr\/wp-json\/wp\/v2\/posts\/1501584\/revisions"}],"predecessor-version":[{"id":1501593,"href":"https:\/\/theplayoffs.news\/fr\/wp-json\/wp\/v2\/posts\/1501584\/revisions\/1501593"}],"wp:featuredmedia":[{"embeddable":true,"href":"https:\/\/theplayoffs.news\/fr\/wp-json\/wp\/v2\/media\/1501590"}],"wp:attachment":[{"href":"https:\/\/theplayoffs.news\/fr\/wp-json\/wp\/v2\/media?parent=1501584"}],"wp:term":[{"taxonomy":"category","embeddable":true,"href":"https:\/\/theplayoffs.news\/fr\/wp-json\/wp\/v2\/categories?post=1501584"},{"taxonomy":"post_tag","embeddable":true,"href":"https:\/\/theplayoffs.news\/fr\/wp-json\/wp\/v2\/tags?post=1501584"},{"taxonomy":"sport","embeddable":true,"href":"https:\/\/theplayoffs.news\/fr\/wp-json\/wp\/v2\/sport?post=1501584"},{"taxonomy":"saison","embeddable":true,"href":"https:\/\/theplayoffs.news\/fr\/wp-json\/wp\/v2\/saison?post=1501584"}],"curies":[{"name":"wp","href":"https:\/\/api.w.org\/{rel}","templated":true}]}}