{"id":1501548,"date":"2025-09-15T22:37:27","date_gmt":"2025-09-15T20:37:27","guid":{"rendered":"https:\/\/theplayoffs.news\/fr\/uncategorized\/\/"},"modified":"2025-09-15T22:47:36","modified_gmt":"2025-09-15T20:47:36","slug":"vikings-jj-mccarthy-absent-en-week-3","status":"publish","type":"post","link":"https:\/\/theplayoffs.news\/fr\/actualite-nfl\/vikings-jj-mccarthy-absent-en-week-3\/","title":{"rendered":"Vikings : JJ McCarthy absent en Week 3 !"},"content":{"rendered":"<p><a href=\"https:\/\/theplayoffs.news\/fr\/actualite-nfl\/nfl-semaine-2-highlights-records-performances-2025\/\" class=\"trk-cta-link\" data-cta-trk='{\"ctaType\":\"Link\",\"ctaSubType\":\"main\"}'>La liste des Quarterbacks bless&eacute;s continuent de s&rsquo;agrandir au sortir de cette Week 2 de matchs en NFL avec JJ McCarthy absent en Week 3.<\/a><\/p><p>La grande messe du SNF (Sunday Night Football) devait accoucher d&rsquo;une belle victoire sur la sc&egrave;ne nationale en Prime Time pour les Atlanta Falcons ou les Minnesota Vikings.<\/p><p>Au sortir du match Minnesota Vikings vs Atlanta Vikings au U.S Bank Stadium, les Falcons se sont impos&eacute;s 22 &agrave; 6 dans un match assez convenu et terne. Des &eacute;changes de Field Goals et bien peu de jeux pour s&rsquo;enthousiasmer. Seul le touchdown de <a href=\"https:\/\/www.nfl.com\/players\/tyler-allgeier\/\" class=\"trk-cta-link\" data-cta-trk='{\"ctaType\":\"Link\",\"ctaSubType\":\"main\"}'>Tyler Allgeier<\/a> &eacute;vitera l&rsquo;accumulation de coups de pied des Kickers.<\/p><p>Il en ressortira une d&eacute;faite pour Minnesota et une perte peut-&ecirc;tre bien plus lourde. JJ McCarthy finira le match dans son enti&egrave;ret&eacute; mais sa prestation peu reluisante a, peut-&ecirc;tre, &eacute;t&eacute; influenc&eacute;e par une mobilit&eacute; restreinte d&rsquo;une des ses chevilles.<\/p><p>C&rsquo;est Adam Schefter d&rsquo;ESPN qui r&eacute;v&egrave;le que le joueur aurait fragilis&eacute; sa cheville plus t&ocirc;t dans la pr&eacute; saison. Pire, n&rsquo;aurait il pas aggrav&eacute; les choses ?<\/p><blockquote class=\"twitter-tweet\"><p lang=\"en\" dir=\"ltr\">ESPN sources: Vikings QB J.J. McCarthy is expected to be sidelined two-to-four weeks with a high ankle sprain.<br><br>With McCarthy out, Vikings QB Carson Wentz is now in line to start. <a href=\"https:\/\/t.co\/iZ1qvackMV\" class=\"trk-cta-link\" data-cta-trk='{\"ctaType\":\"Link\",\"ctaSubType\":\"main\"}'>pic.twitter.com\/iZ1qvackMV<\/a><\/p>&mdash; Adam Schefter (@AdamSchefter) <a href=\"https:\/\/twitter.com\/AdamSchefter\/status\/1967668706722615516?ref_src=twsrc%5Etfw\" class=\"trk-cta-link\" data-cta-trk='{\"ctaType\":\"Link\",\"ctaSubType\":\"main\"}'>September 15, 2025<\/a><\/blockquote><p>Durant cette rencontre, il se serait, cette fois-ci, fait une entorse de la cheville.<\/p><p>JJ McCarthy totalisera 11 passes compl&eacute;t&eacute;es sur 21, pour 158 yards &agrave; la passe et 2 interceptions. C&rsquo;est surtout les 6 sacks de la d&eacute;fense des Falcons qui interrogent. La ligne offensive semble fautive mais JJ McCarthy aurait manqu&eacute; de mobilit&eacute; dans cette rencontre.<\/p><blockquote class=\"twitter-tweet\" data-media-max-width=\"560\"><p lang=\"en\" dir=\"ltr\">JJ McCathy with another turnover after Zach Harrison forced a fumble &#128557;<br><br>JJ has to figure out these turnovers, and the Vikings O-Line needs to play better.<br><br>Falcons take over with Penix! <a href=\"https:\/\/t.co\/aTQqM6jmeU\" class=\"trk-cta-link\" data-cta-trk='{\"ctaType\":\"Link\",\"ctaSubType\":\"main\"}'>pic.twitter.com\/aTQqM6jmeU<\/a><\/p>&mdash; SM Highlights (@SMHighlights1) <a href=\"https:\/\/twitter.com\/SMHighlights1\/status\/1967416661688127949?ref_src=twsrc%5Etfw\" class=\"trk-cta-link\" data-cta-trk='{\"ctaType\":\"Link\",\"ctaSubType\":\"main\"}'>September 15, 2025<\/a><\/blockquote><p>Le joueur, d&eacute;j&agrave; absent toute une ann&eacute;e lors de sa saison rookie, devrait manquer 2 &agrave; 4 semaines de comp&eacute;tition. Une absence qui mettrait &agrave; mal les plans de jeux et de d&eacute;veloppement de Kevin O&rsquo;Connell, Head Coach, avec son poulain.<\/p><h2 class=\"wp-block-heading\">Retour de Carson Wentz aux affaires<\/h2><p>Cette blessure de quelques semaines permettra le retour d&rsquo;une figure bien connue de la ligue, Carson Wentz.<\/p><p>L&rsquo;ancien pensionnaire de North Dakota State, choisi en 2&egrave;me choix du 1er tour de la Draft 2016 par les Philadelphia Eagles, aura eu son moment de stabilit&eacute; durant 5 saisons en Pennsylvanie mais joue au Globe Trotter depuis 2021 passant de titulaire chez les Colts &agrave; doublure chez les Commanders, Rams et derni&egrave;rement les Chiefs.<\/p><p>Il aura jou&eacute; 3 bouts de match chez les Chiefs pour 12 passes compl&eacute;t&eacute;es sur 19 tent&eacute;es, 118 yards pour aucun touchdown et 4 sacks.<\/p><p>Ayant bouscul&eacute; leur hi&eacute;rarchie de Quarterbacks avec l&rsquo;arriv&eacute;e de Wentz fin Ao&ucirc;t, Mr Doublure, depuis 3 ans, devra vite s&rsquo;adapter &agrave; ses nouveaux co&eacute;quipiers rapidement vu qu&rsquo;il n&rsquo;a pas eu la pr&eacute;paration compl&egrave;te durant toute l&rsquo;intersaison.<\/p><p>La confrontation face aux Bengals en Week 3 arrivera vite. Voil&agrave; un nouveau grand d&eacute;fi pour Carson Wentz dans sa carri&egrave;re.<\/p><p><\/p>\n","protected":false},"excerpt":{"rendered":"<p>JJ McCarthy sera absent en Week 3 pour le prochain match des Vikings.<\/p>\n","protected":false},"author":180309986,"featured_media":1501549,"comment_status":"closed","ping_status":"closed","sticky":false,"template":"","format":"standard","meta":{"inline_featured_image":false,"kia_subtitle":"JJ McCarthy sera absent en Week 3 pour le prochain match des Vikings.","_mux_skip_reasons":[],"proofreadBy":0,"footnotes":""},"categories":[118,8410,40,8408],"tags":[6841,744],"sport":[2785],"saison":[7475],"class_list":["post-1501548","post","type-post","status-publish","format-standard","has-post-thumbnail","hentry","category-actualite-nfl","category-football-americain","category-nfl","category-sports","tag-jj-mccarthy","tag-minnesota-vikings","sport-nfl","saison-7475"],"acf":[],"yoast_head":"<!-- This site is optimized with the Yoast SEO plugin v24.2 - https:\/\/yoast.com\/wordpress\/plugins\/seo\/ -->\n<title>Vikings : JJ McCarthy absent en Week 3 ! - The Playoffs FR<\/title>\n<meta name=\"description\" content=\"JJ McCarthy sera absent pour le prochain match des Vikings en Week 3.\" \/>\n<meta name=\"robots\" content=\"index, follow, max-snippet:-1, max-image-preview:large, max-video-preview:-1\" \/>\n<link rel=\"canonical\" href=\"https:\/\/theplayoffs.news\/fr\/actualite-nfl\/vikings-jj-mccarthy-absent-en-week-3\/\" \/>\n<meta property=\"og:locale\" content=\"fr_FR\" \/>\n<meta property=\"og:type\" content=\"article\" \/>\n<meta property=\"og:title\" content=\"Vikings : JJ McCarthy absent en Week 3 ! - The Playoffs FR\" \/>\n<meta property=\"og:description\" content=\"JJ McCarthy sera absent pour le prochain match des Vikings en Week 3.\" \/>\n<meta property=\"og:url\" content=\"https:\/\/theplayoffs.news\/fr\/actualite-nfl\/vikings-jj-mccarthy-absent-en-week-3\/\" \/>\n<meta property=\"og:site_name\" content=\"The Playoffs FR\" \/>\n<meta property=\"article:publisher\" content=\"https:\/\/www.facebook.com\/TheFreeAgentFR\/\" \/>\n<meta property=\"article:modified_time\" content=\"2025-09-15T22:47:36+02:00\" \/>\n<meta property=\"og:image\" content=\"https:\/\/theplayoffs.news\/fr\/wp-content\/uploads\/2025\/09\/USATSI_27086090.jpg\" \/>\n\t<meta property=\"og:image:width\" content=\"1920\" \/>\n\t<meta property=\"og:image:height\" content=\"1280\" \/>\n\t<meta property=\"og:image:type\" content=\"image\/jpeg\" \/>\n<meta name=\"author\" content=\"Bertrand Richelieu\" \/>\n<meta name=\"twitter:card\" content=\"summary_large_image\" \/>\n<meta name=\"twitter:creator\" content=\"@bertibigblue\" \/>\n<meta name=\"twitter:site\" content=\"@TheFreeAgentFR\" \/>\n<meta name=\"twitter:label1\" content=\"\u00c9crit par\" \/>\n\t<meta name=\"twitter:data1\" content=\"Bertrand Richelieu\" \/>\n\t<meta name=\"twitter:label2\" content=\"Dur\u00e9e de lecture estim\u00e9e\" \/>\n\t<meta name=\"twitter:data2\" content=\"3 minutes\" \/>\n<script type=\"application\/ld+json\" class=\"yoast-schema-graph\">{\"@context\":\"https:\/\/schema.org\",\"@graph\":[{\"@type\":\"WebPage\",\"@id\":\"https:\/\/theplayoffs.news\/fr\/actualite-nfl\/vikings-jj-mccarthy-absent-en-week-3\/\",\"url\":\"https:\/\/theplayoffs.news\/fr\/actualite-nfl\/vikings-jj-mccarthy-absent-en-week-3\/\",\"name\":\"Vikings : JJ McCarthy absent en Week 3 ! - The Playoffs FR\",\"isPartOf\":{\"@id\":\"https:\/\/theplayoffs.news\/fr\/#website\"},\"primaryImageOfPage\":{\"@id\":\"https:\/\/theplayoffs.news\/fr\/actualite-nfl\/vikings-jj-mccarthy-absent-en-week-3\/#primaryimage\"},\"image\":{\"@id\":\"https:\/\/theplayoffs.news\/fr\/actualite-nfl\/vikings-jj-mccarthy-absent-en-week-3\/#primaryimage\"},\"thumbnailUrl\":\"https:\/\/theplayoffs.news\/fr\/wp-content\/uploads\/2025\/09\/USATSI_27086090.jpg\",\"datePublished\":\"2025-09-15T20:37:27+00:00\",\"dateModified\":\"2025-09-15T20:47:36+00:00\",\"author\":{\"@id\":\"https:\/\/theplayoffs.news\/fr\/#\/schema\/person\/1e8352b55fd3b7f75e6094dc6bcd96ef\"},\"description\":\"JJ McCarthy sera absent pour le prochain match des Vikings en Week 3.\",\"breadcrumb\":{\"@id\":\"https:\/\/theplayoffs.news\/fr\/actualite-nfl\/vikings-jj-mccarthy-absent-en-week-3\/#breadcrumb\"},\"inLanguage\":\"fr-FR\",\"potentialAction\":[{\"@type\":\"ReadAction\",\"target\":[\"https:\/\/theplayoffs.news\/fr\/actualite-nfl\/vikings-jj-mccarthy-absent-en-week-3\/\"]}]},{\"@type\":\"ImageObject\",\"inLanguage\":\"fr-FR\",\"@id\":\"https:\/\/theplayoffs.news\/fr\/actualite-nfl\/vikings-jj-mccarthy-absent-en-week-3\/#primaryimage\",\"url\":\"https:\/\/theplayoffs.news\/fr\/wp-content\/uploads\/2025\/09\/USATSI_27086090.jpg\",\"contentUrl\":\"https:\/\/theplayoffs.news\/fr\/wp-content\/uploads\/2025\/09\/USATSI_27086090.jpg\",\"width\":1920,\"height\":1280,\"caption\":\"Sep 14, 2025; Minneapolis, Minnesota, USA; Minnesota Vikings quarterback J.J. McCarthy (9) takes the field before the game against Atlanta Falcons at U.S. Bank Stadium. Mandatory Credit: Matt Krohn-Imagn Images\"},{\"@type\":\"BreadcrumbList\",\"@id\":\"https:\/\/theplayoffs.news\/fr\/actualite-nfl\/vikings-jj-mccarthy-absent-en-week-3\/#breadcrumb\",\"itemListElement\":[{\"@type\":\"ListItem\",\"position\":1,\"name\":\"Accueil\",\"item\":\"https:\/\/theplayoffs.news\/fr\/\"},{\"@type\":\"ListItem\",\"position\":2,\"name\":\"Vikings : JJ McCarthy absent en Week 3 !\"}]},{\"@type\":\"WebSite\",\"@id\":\"https:\/\/theplayoffs.news\/fr\/#website\",\"url\":\"https:\/\/theplayoffs.news\/fr\/\",\"name\":\"The Playoffs FR\",\"description\":\"NBA-NFL-NHL-MLB\",\"potentialAction\":[{\"@type\":\"SearchAction\",\"target\":{\"@type\":\"EntryPoint\",\"urlTemplate\":\"https:\/\/theplayoffs.news\/fr\/?s={search_term_string}\"},\"query-input\":{\"@type\":\"PropertyValueSpecification\",\"valueRequired\":true,\"valueName\":\"search_term_string\"}}],\"inLanguage\":\"fr-FR\"},{\"@type\":\"Person\",\"@id\":\"https:\/\/theplayoffs.news\/fr\/#\/schema\/person\/1e8352b55fd3b7f75e6094dc6bcd96ef\",\"name\":\"Bertrand Richelieu\",\"image\":{\"@type\":\"ImageObject\",\"inLanguage\":\"fr-FR\",\"@id\":\"https:\/\/theplayoffs.news\/fr\/#\/schema\/person\/image\/\",\"url\":\"https:\/\/secure.gravatar.com\/avatar\/3302837e2cd5b227120e88a09cbb6f8b7151c7bf7add7b5469fb229bed5fe92f?s=96&d=mm&r=g\",\"contentUrl\":\"https:\/\/secure.gravatar.com\/avatar\/3302837e2cd5b227120e88a09cbb6f8b7151c7bf7add7b5469fb229bed5fe92f?s=96&d=mm&r=g\",\"caption\":\"Bertrand Richelieu\"},\"description\":\"Originaire des Hauts de France. Choisi au 1er tour de recrutement en Octobre 2021. Journaliste par passion. R\u00e9dacteur, Chroniqueur et Podcasteur. Sp\u00e9cialis\u00e9 dans le Football Am\u00e9ricain NFL et la NFL Fantasy. Fascin\u00e9 par la ville de New York depuis toujours et Fan des New York Giants depuis 1998. Le plus bel adage sur cette plan\u00e8te reste et restera : \\\\\\\"Once a Giant, Always a Giant.\\\\\\\" Grand amoureux des Etats-Unis et de sa culture.Passionn\u00e9 de Sports Am\u00e9ricains. Les Giants, les Knicks, les Rangers et les Yankees restent l\\\\'\u00e2me et le c\u0153ur du sport New Yorkais.\",\"sameAs\":[\"https:\/\/x.com\/bertibigblue\"],\"url\":\"https:\/\/theplayoffs.news\/fr\/author\/bebertwhitegmail-com\/\"}]}<\/script>\n<!-- \/ Yoast SEO plugin. -->","yoast_head_json":{"title":"Vikings : JJ McCarthy absent en Week 3 ! - The Playoffs FR","description":"JJ McCarthy sera absent pour le prochain match des Vikings en Week 3.","robots":{"index":"index","follow":"follow","max-snippet":"max-snippet:-1","max-image-preview":"max-image-preview:large","max-video-preview":"max-video-preview:-1"},"canonical":"https:\/\/theplayoffs.news\/fr\/actualite-nfl\/vikings-jj-mccarthy-absent-en-week-3\/","og_locale":"fr_FR","og_type":"article","og_title":"Vikings : JJ McCarthy absent en Week 3 ! - The Playoffs FR","og_description":"JJ McCarthy sera absent pour le prochain match des Vikings en Week 3.","og_url":"https:\/\/theplayoffs.news\/fr\/actualite-nfl\/vikings-jj-mccarthy-absent-en-week-3\/","og_site_name":"The Playoffs FR","article_publisher":"https:\/\/www.facebook.com\/TheFreeAgentFR\/","article_modified_time":"2025-09-15T20:47:36+00:00","og_image":[{"width":1920,"height":1280,"url":"https:\/\/theplayoffs.news\/fr\/wp-content\/uploads\/2025\/09\/USATSI_27086090.jpg","type":"image\/jpeg"}],"author":"Bertrand Richelieu","twitter_card":"summary_large_image","twitter_creator":"@bertibigblue","twitter_site":"@TheFreeAgentFR","twitter_misc":{"\u00c9crit par":"Bertrand Richelieu","Dur\u00e9e de lecture estim\u00e9e":"3 minutes"},"schema":{"@context":"https:\/\/schema.org","@graph":[{"@type":"WebPage","@id":"https:\/\/theplayoffs.news\/fr\/actualite-nfl\/vikings-jj-mccarthy-absent-en-week-3\/","url":"https:\/\/theplayoffs.news\/fr\/actualite-nfl\/vikings-jj-mccarthy-absent-en-week-3\/","name":"Vikings : JJ McCarthy absent en Week 3 ! - The Playoffs FR","isPartOf":{"@id":"https:\/\/theplayoffs.news\/fr\/#website"},"primaryImageOfPage":{"@id":"https:\/\/theplayoffs.news\/fr\/actualite-nfl\/vikings-jj-mccarthy-absent-en-week-3\/#primaryimage"},"image":{"@id":"https:\/\/theplayoffs.news\/fr\/actualite-nfl\/vikings-jj-mccarthy-absent-en-week-3\/#primaryimage"},"thumbnailUrl":"https:\/\/theplayoffs.news\/fr\/wp-content\/uploads\/2025\/09\/USATSI_27086090.jpg","datePublished":"2025-09-15T20:37:27+00:00","dateModified":"2025-09-15T20:47:36+00:00","author":{"@id":"https:\/\/theplayoffs.news\/fr\/#\/schema\/person\/1e8352b55fd3b7f75e6094dc6bcd96ef"},"description":"JJ McCarthy sera absent pour le prochain match des Vikings en Week 3.","breadcrumb":{"@id":"https:\/\/theplayoffs.news\/fr\/actualite-nfl\/vikings-jj-mccarthy-absent-en-week-3\/#breadcrumb"},"inLanguage":"fr-FR","potentialAction":[{"@type":"ReadAction","target":["https:\/\/theplayoffs.news\/fr\/actualite-nfl\/vikings-jj-mccarthy-absent-en-week-3\/"]}]},{"@type":"ImageObject","inLanguage":"fr-FR","@id":"https:\/\/theplayoffs.news\/fr\/actualite-nfl\/vikings-jj-mccarthy-absent-en-week-3\/#primaryimage","url":"https:\/\/theplayoffs.news\/fr\/wp-content\/uploads\/2025\/09\/USATSI_27086090.jpg","contentUrl":"https:\/\/theplayoffs.news\/fr\/wp-content\/uploads\/2025\/09\/USATSI_27086090.jpg","width":1920,"height":1280,"caption":"Sep 14, 2025; Minneapolis, Minnesota, USA; Minnesota Vikings quarterback J.J. McCarthy (9) takes the field before the game against Atlanta Falcons at U.S. Bank Stadium. Mandatory Credit: Matt Krohn-Imagn Images"},{"@type":"BreadcrumbList","@id":"https:\/\/theplayoffs.news\/fr\/actualite-nfl\/vikings-jj-mccarthy-absent-en-week-3\/#breadcrumb","itemListElement":[{"@type":"ListItem","position":1,"name":"Accueil","item":"https:\/\/theplayoffs.news\/fr\/"},{"@type":"ListItem","position":2,"name":"Vikings : JJ McCarthy absent en Week 3 !"}]},{"@type":"WebSite","@id":"https:\/\/theplayoffs.news\/fr\/#website","url":"https:\/\/theplayoffs.news\/fr\/","name":"The Playoffs FR","description":"NBA-NFL-NHL-MLB","potentialAction":[{"@type":"SearchAction","target":{"@type":"EntryPoint","urlTemplate":"https:\/\/theplayoffs.news\/fr\/?s={search_term_string}"},"query-input":{"@type":"PropertyValueSpecification","valueRequired":true,"valueName":"search_term_string"}}],"inLanguage":"fr-FR"},{"@type":"Person","@id":"https:\/\/theplayoffs.news\/fr\/#\/schema\/person\/1e8352b55fd3b7f75e6094dc6bcd96ef","name":"Bertrand Richelieu","image":{"@type":"ImageObject","inLanguage":"fr-FR","@id":"https:\/\/theplayoffs.news\/fr\/#\/schema\/person\/image\/","url":"https:\/\/secure.gravatar.com\/avatar\/3302837e2cd5b227120e88a09cbb6f8b7151c7bf7add7b5469fb229bed5fe92f?s=96&d=mm&r=g","contentUrl":"https:\/\/secure.gravatar.com\/avatar\/3302837e2cd5b227120e88a09cbb6f8b7151c7bf7add7b5469fb229bed5fe92f?s=96&d=mm&r=g","caption":"Bertrand Richelieu"},"description":"Originaire des Hauts de France. Choisi au 1er tour de recrutement en Octobre 2021. Journaliste par passion. R\u00e9dacteur, Chroniqueur et Podcasteur. Sp\u00e9cialis\u00e9 dans le Football Am\u00e9ricain NFL et la NFL Fantasy. Fascin\u00e9 par la ville de New York depuis toujours et Fan des New York Giants depuis 1998. Le plus bel adage sur cette plan\u00e8te reste et restera : \\\"Once a Giant, Always a Giant.\\\" Grand amoureux des Etats-Unis et de sa culture.Passionn\u00e9 de Sports Am\u00e9ricains. Les Giants, les Knicks, les Rangers et les Yankees restent l\\'\u00e2me et le c\u0153ur du sport New Yorkais.","sameAs":["https:\/\/x.com\/bertibigblue"],"url":"https:\/\/theplayoffs.news\/fr\/author\/bebertwhitegmail-com\/"}]}},"_links":{"self":[{"href":"https:\/\/theplayoffs.news\/fr\/wp-json\/wp\/v2\/posts\/1501548","targetHints":{"allow":["GET"]}}],"collection":[{"href":"https:\/\/theplayoffs.news\/fr\/wp-json\/wp\/v2\/posts"}],"about":[{"href":"https:\/\/theplayoffs.news\/fr\/wp-json\/wp\/v2\/types\/post"}],"author":[{"embeddable":true,"href":"https:\/\/theplayoffs.news\/fr\/wp-json\/wp\/v2\/users\/180309986"}],"replies":[{"embeddable":true,"href":"https:\/\/theplayoffs.news\/fr\/wp-json\/wp\/v2\/comments?post=1501548"}],"version-history":[{"count":3,"href":"https:\/\/theplayoffs.news\/fr\/wp-json\/wp\/v2\/posts\/1501548\/revisions"}],"predecessor-version":[{"id":1501559,"href":"https:\/\/theplayoffs.news\/fr\/wp-json\/wp\/v2\/posts\/1501548\/revisions\/1501559"}],"wp:featuredmedia":[{"embeddable":true,"href":"https:\/\/theplayoffs.news\/fr\/wp-json\/wp\/v2\/media\/1501549"}],"wp:attachment":[{"href":"https:\/\/theplayoffs.news\/fr\/wp-json\/wp\/v2\/media?parent=1501548"}],"wp:term":[{"taxonomy":"category","embeddable":true,"href":"https:\/\/theplayoffs.news\/fr\/wp-json\/wp\/v2\/categories?post=1501548"},{"taxonomy":"post_tag","embeddable":true,"href":"https:\/\/theplayoffs.news\/fr\/wp-json\/wp\/v2\/tags?post=1501548"},{"taxonomy":"sport","embeddable":true,"href":"https:\/\/theplayoffs.news\/fr\/wp-json\/wp\/v2\/sport?post=1501548"},{"taxonomy":"saison","embeddable":true,"href":"https:\/\/theplayoffs.news\/fr\/wp-json\/wp\/v2\/saison?post=1501548"}],"curies":[{"name":"wp","href":"https:\/\/api.w.org\/{rel}","templated":true}]}}