{"id":1501545,"date":"2025-09-15T20:50:01","date_gmt":"2025-09-15T18:50:01","guid":{"rendered":"https:\/\/theplayoffs.news\/fr\/uncategorized\/\/"},"modified":"2025-09-15T20:50:09","modified_gmt":"2025-09-15T18:50:09","slug":"commanders-jayden-daniels-absent-pour-la-week-3","status":"publish","type":"post","link":"https:\/\/theplayoffs.news\/fr\/actualite-nfl\/commanders-jayden-daniels-absent-pour-la-week-3\/","title":{"rendered":"Commanders: Jayden Daniels absent pour la week 3?"},"content":{"rendered":"<p>es inqui&eacute;tudes grandissent &agrave; Washington autour de Jayden Daniels. <a href=\"https:\/\/theplayoffs.news\/fr\/actualite-nfl\/jayden-daniels-commanders-a-passe-une-irm-pour-son-genou\/\" class=\"trk-cta-link\" data-cta-trk='{\"ctaType\":\"Link\",\"ctaSubType\":\"main\"}'>Sorti lors de la d&eacute;faite face aux Packers jeudi soir<\/a>, le jeune quarterback a pass&eacute; des examens m&eacute;dicaux qui ont r&eacute;v&eacute;l&eacute; une entorse du genou. Si cette blessure n&rsquo;est pas consid&eacute;r&eacute;e comme s&eacute;rieuse sur le long terme, sa disponibilit&eacute; pour le d&eacute;placement de la Week 3 contre les Raiders est d&eacute;sormais compromise. Daniels a pass&eacute; une IRM vendredi, suivie de nouveaux tests lundi, afin de pr&eacute;ciser la dur&eacute;e de son indisponibilit&eacute;.<\/p><blockquote class=\"twitter-tweet\"><p lang=\"en\" dir=\"ltr\"><a href=\"https:\/\/twitter.com\/hashtag\/Commanders?src=hash&amp;ref_src=twsrc%5Etfw\" class=\"trk-cta-link\" data-cta-trk='{\"ctaType\":\"Link\",\"ctaSubType\":\"main\"}'>#Commanders<\/a> QB Jayden Daniels, who underwent an MRI following the loss to the <a href=\"https:\/\/twitter.com\/hashtag\/Packers?src=hash&amp;ref_src=twsrc%5Etfw\" class=\"trk-cta-link\" data-cta-trk='{\"ctaType\":\"Link\",\"ctaSubType\":\"main\"}'>#Packers<\/a>, was diagnosed with a sprained knee, per me and <a href=\"https:\/\/twitter.com\/MikeGarafolo?ref_src=twsrc%5Etfw\" class=\"trk-cta-link\" data-cta-trk='{\"ctaType\":\"Link\",\"ctaSubType\":\"main\"}'>@MikeGarafolo<\/a>.<br><br>Not a long-term injury, but Daniels&rsquo; status this week vs the <a href=\"https:\/\/twitter.com\/hashtag\/Raiders?src=hash&amp;ref_src=twsrc%5Etfw\" class=\"trk-cta-link\" data-cta-trk='{\"ctaType\":\"Link\",\"ctaSubType\":\"main\"}'>#Raiders<\/a> is in doubt. <a href=\"https:\/\/t.co\/ovhEHkNnkl\" class=\"trk-cta-link\" data-cta-trk='{\"ctaType\":\"Link\",\"ctaSubType\":\"main\"}'>pic.twitter.com\/ovhEHkNnkl<\/a><\/p>&mdash; Ian Rapoport (@RapSheet) <a href=\"https:\/\/twitter.com\/RapSheet\/status\/1967655802568905157?ref_src=twsrc%5Etfw\" class=\"trk-cta-link\" data-cta-trk='{\"ctaType\":\"Link\",\"ctaSubType\":\"main\"}'>September 15, 2025<\/a><\/blockquote><script async src=\"https:\/\/platform.twitter.com\/widgets.js\" charset=\"utf-8\"><\/script><p>Auteur d&rsquo;un d&eacute;but de saison encourageant avec 60 % de passes compl&eacute;t&eacute;es pour 433 yards, trois touchdowns et aucune interception, le rookie s&rsquo;est &eacute;galement distingu&eacute; au sol avec 85 yards en 18 courses. Son &eacute;ventuelle absence repr&eacute;senterait donc un coup dur pour l&rsquo;attaque des Commanders, qui voyait en lui un &eacute;l&eacute;ment cl&eacute; de sa reconstruction.<\/p><h2 class=\"wp-block-heading\">Marcus Mariota pour remplacer Jayden Daniels?<\/h2><p>En cas de forfait, c&rsquo;est Marcus Mariota qui prendrait les r&ecirc;nes de l&rsquo;attaque. L&rsquo;ancien num&eacute;ro deux de la draft 2015 n&rsquo;a plus d&eacute;but&eacute; de rencontre depuis 2022, lorsqu&rsquo;il &eacute;voluait avec les Falcons. En 13 titularisations cette ann&eacute;e-l&agrave;, il avait lanc&eacute; pour 2 219 yards, 15 touchdowns et 9 interceptions. Plus r&eacute;cemment, Mariota a montr&eacute; de bonnes dispositions dans un r&ocirc;le de doublure &agrave; Washington, avec quatre touchdowns et aucune perte de balle en trois apparitions en 2024.<\/p><p>Le contexte ne manque pas de sel puisque Mariota retrouverait Las Vegas, o&ugrave; il a &eacute;volu&eacute; entre 2020 et 2021 derri&egrave;re Derek Carr. L&rsquo;entra&icirc;neur-chef Dan Quinn doit s&rsquo;exprimer prochainement devant la presse et devrait apporter davantage de pr&eacute;cisions sur l&rsquo;&eacute;tat de sant&eacute; de Daniels. En attendant, les Commanders se pr&eacute;parent d&eacute;j&agrave; &agrave; devoir s&rsquo;adapter pour rester comp&eacute;titifs dans une NFC Est o&ugrave; chaque victoire compte.<\/p><p>Cr&eacute;dit photo: &copy; Jeff Hanisch-Imagn Images<\/p>\n","protected":false},"excerpt":{"rendered":"<p>NFL &#8211; Jayden Daniels pourrait manquer le rendez-vous face aux Raiders<\/p>\n","protected":false},"author":180309964,"featured_media":1501546,"comment_status":"closed","ping_status":"closed","sticky":false,"template":"","format":"standard","meta":{"inline_featured_image":false,"kia_subtitle":"NFL - Jayden Daniels pourrait manquer le rendez-vous face aux Raiders","_mux_skip_reasons":[],"proofreadBy":0,"footnotes":""},"categories":[118,8410,40,8408],"tags":[6732,3285],"sport":[2785],"saison":[7475],"class_list":["post-1501545","post","type-post","status-publish","format-standard","has-post-thumbnail","hentry","category-actualite-nfl","category-football-americain","category-nfl","category-sports","tag-jayden-daniels","tag-washington-commanders","sport-nfl","saison-7475"],"acf":[],"yoast_head":"<!-- This site is optimized with the Yoast SEO plugin v24.2 - https:\/\/yoast.com\/wordpress\/plugins\/seo\/ -->\n<title>Commanders: Jayden Daniels absent pour la week 3? - The Playoffs FR<\/title>\n<meta name=\"description\" content=\"Le quarterback des Washington Commanders, Jayden Daniels pourrait manquer la rencontre de week 3 face aux Las Vegas Raiders.\" \/>\n<meta name=\"robots\" content=\"index, follow, max-snippet:-1, max-image-preview:large, max-video-preview:-1\" \/>\n<link rel=\"canonical\" href=\"https:\/\/theplayoffs.news\/fr\/actualite-nfl\/commanders-jayden-daniels-absent-pour-la-week-3\/\" \/>\n<meta property=\"og:locale\" content=\"fr_FR\" \/>\n<meta property=\"og:type\" content=\"article\" \/>\n<meta property=\"og:title\" content=\"Commanders: Jayden Daniels absent pour la week 3? - The Playoffs FR\" \/>\n<meta property=\"og:description\" content=\"Le quarterback des Washington Commanders, Jayden Daniels pourrait manquer la rencontre de week 3 face aux Las Vegas Raiders.\" \/>\n<meta property=\"og:url\" content=\"https:\/\/theplayoffs.news\/fr\/actualite-nfl\/commanders-jayden-daniels-absent-pour-la-week-3\/\" \/>\n<meta property=\"og:site_name\" content=\"The Playoffs FR\" \/>\n<meta property=\"article:publisher\" content=\"https:\/\/www.facebook.com\/TheFreeAgentFR\/\" \/>\n<meta property=\"article:modified_time\" content=\"2025-09-15T20:50:09+02:00\" \/>\n<meta property=\"og:image\" content=\"https:\/\/theplayoffs.news\/fr\/wp-content\/uploads\/2025\/09\/USATSI_27059169-1.jpg\" \/>\n\t<meta property=\"og:image:width\" content=\"1920\" \/>\n\t<meta property=\"og:image:height\" content=\"1280\" \/>\n\t<meta property=\"og:image:type\" content=\"image\/jpeg\" \/>\n<meta name=\"author\" content=\"Flavien Jumeau\" \/>\n<meta name=\"twitter:card\" content=\"summary_large_image\" \/>\n<meta name=\"twitter:creator\" content=\"@TheFreeAgentFR\" \/>\n<meta name=\"twitter:site\" content=\"@TheFreeAgentFR\" \/>\n<meta name=\"twitter:label1\" content=\"\u00c9crit par\" \/>\n\t<meta name=\"twitter:data1\" content=\"Flavien Jumeau\" \/>\n\t<meta name=\"twitter:label2\" content=\"Dur\u00e9e de lecture estim\u00e9e\" \/>\n\t<meta name=\"twitter:data2\" content=\"2 minutes\" \/>\n<script type=\"application\/ld+json\" class=\"yoast-schema-graph\">{\"@context\":\"https:\/\/schema.org\",\"@graph\":[{\"@type\":\"WebPage\",\"@id\":\"https:\/\/theplayoffs.news\/fr\/actualite-nfl\/commanders-jayden-daniels-absent-pour-la-week-3\/\",\"url\":\"https:\/\/theplayoffs.news\/fr\/actualite-nfl\/commanders-jayden-daniels-absent-pour-la-week-3\/\",\"name\":\"Commanders: Jayden Daniels absent pour la week 3? - The Playoffs FR\",\"isPartOf\":{\"@id\":\"https:\/\/theplayoffs.news\/fr\/#website\"},\"primaryImageOfPage\":{\"@id\":\"https:\/\/theplayoffs.news\/fr\/actualite-nfl\/commanders-jayden-daniels-absent-pour-la-week-3\/#primaryimage\"},\"image\":{\"@id\":\"https:\/\/theplayoffs.news\/fr\/actualite-nfl\/commanders-jayden-daniels-absent-pour-la-week-3\/#primaryimage\"},\"thumbnailUrl\":\"https:\/\/theplayoffs.news\/fr\/wp-content\/uploads\/2025\/09\/USATSI_27059169-1.jpg\",\"datePublished\":\"2025-09-15T18:50:01+00:00\",\"dateModified\":\"2025-09-15T18:50:09+00:00\",\"author\":{\"@id\":\"https:\/\/theplayoffs.news\/fr\/#\/schema\/person\/def63bc6746dc5957469b75feb99e66d\"},\"description\":\"Le quarterback des Washington Commanders, Jayden Daniels pourrait manquer la rencontre de week 3 face aux Las Vegas Raiders.\",\"breadcrumb\":{\"@id\":\"https:\/\/theplayoffs.news\/fr\/actualite-nfl\/commanders-jayden-daniels-absent-pour-la-week-3\/#breadcrumb\"},\"inLanguage\":\"fr-FR\",\"potentialAction\":[{\"@type\":\"ReadAction\",\"target\":[\"https:\/\/theplayoffs.news\/fr\/actualite-nfl\/commanders-jayden-daniels-absent-pour-la-week-3\/\"]}]},{\"@type\":\"ImageObject\",\"inLanguage\":\"fr-FR\",\"@id\":\"https:\/\/theplayoffs.news\/fr\/actualite-nfl\/commanders-jayden-daniels-absent-pour-la-week-3\/#primaryimage\",\"url\":\"https:\/\/theplayoffs.news\/fr\/wp-content\/uploads\/2025\/09\/USATSI_27059169-1.jpg\",\"contentUrl\":\"https:\/\/theplayoffs.news\/fr\/wp-content\/uploads\/2025\/09\/USATSI_27059169-1.jpg\",\"width\":1920,\"height\":1280,\"caption\":\"Sep 11, 2025; Green Bay, Wisconsin, USA; Washington Commanders quarterback Jayden Daniels (5) passes in the fourth quarter against the Green Bay Packers at Lambeau Field. Mandatory Credit: Jeff Hanisch-Imagn Images\"},{\"@type\":\"BreadcrumbList\",\"@id\":\"https:\/\/theplayoffs.news\/fr\/actualite-nfl\/commanders-jayden-daniels-absent-pour-la-week-3\/#breadcrumb\",\"itemListElement\":[{\"@type\":\"ListItem\",\"position\":1,\"name\":\"Accueil\",\"item\":\"https:\/\/theplayoffs.news\/fr\/\"},{\"@type\":\"ListItem\",\"position\":2,\"name\":\"Commanders: Jayden Daniels absent pour la week 3?\"}]},{\"@type\":\"WebSite\",\"@id\":\"https:\/\/theplayoffs.news\/fr\/#website\",\"url\":\"https:\/\/theplayoffs.news\/fr\/\",\"name\":\"The Playoffs FR\",\"description\":\"NBA-NFL-NHL-MLB\",\"potentialAction\":[{\"@type\":\"SearchAction\",\"target\":{\"@type\":\"EntryPoint\",\"urlTemplate\":\"https:\/\/theplayoffs.news\/fr\/?s={search_term_string}\"},\"query-input\":{\"@type\":\"PropertyValueSpecification\",\"valueRequired\":true,\"valueName\":\"search_term_string\"}}],\"inLanguage\":\"fr-FR\"},{\"@type\":\"Person\",\"@id\":\"https:\/\/theplayoffs.news\/fr\/#\/schema\/person\/def63bc6746dc5957469b75feb99e66d\",\"name\":\"Flavien Jumeau\",\"image\":{\"@type\":\"ImageObject\",\"inLanguage\":\"fr-FR\",\"@id\":\"https:\/\/theplayoffs.news\/fr\/#\/schema\/person\/image\/\",\"url\":\"https:\/\/secure.gravatar.com\/avatar\/e7fa8ba5a4b7e4ce35fe152f083f352db28ad0acce692004ed88a7a7d78893f7?s=96&d=mm&r=g\",\"contentUrl\":\"https:\/\/secure.gravatar.com\/avatar\/e7fa8ba5a4b7e4ce35fe152f083f352db28ad0acce692004ed88a7a7d78893f7?s=96&d=mm&r=g\",\"caption\":\"Flavien Jumeau\"},\"description\":\"Amoureux du sport (et de vraiment tous les sports) depuis mon plus jeune \u00e2ge, j\u2019ai longtemps h\u00e9site entre le snooker et le curling. Finalement c\u2019est le foot US que j\u2019ai d\u00e9cid\u00e9 de choisir! Responsable foot US sur TPO et animateur du podcast Tailgate j\u2019ai pour mission de vous faire d\u00e9couvrir ce sport passionnant si ce n\u2019est pas encore fait et de vous donner les derni\u00e8res actus. Le tout dans la bonne humeur et avec toujours un jeu de mots ou deux savamment distill\u00e9s! Fan des Saints, pour moi Drew Brees est le vrai GOAT!\",\"url\":\"https:\/\/theplayoffs.news\/fr\/author\/flavien-jumeaugmail-com\/\"}]}<\/script>\n<!-- \/ Yoast SEO plugin. -->","yoast_head_json":{"title":"Commanders: Jayden Daniels absent pour la week 3? - The Playoffs FR","description":"Le quarterback des Washington Commanders, Jayden Daniels pourrait manquer la rencontre de week 3 face aux Las Vegas Raiders.","robots":{"index":"index","follow":"follow","max-snippet":"max-snippet:-1","max-image-preview":"max-image-preview:large","max-video-preview":"max-video-preview:-1"},"canonical":"https:\/\/theplayoffs.news\/fr\/actualite-nfl\/commanders-jayden-daniels-absent-pour-la-week-3\/","og_locale":"fr_FR","og_type":"article","og_title":"Commanders: Jayden Daniels absent pour la week 3? - The Playoffs FR","og_description":"Le quarterback des Washington Commanders, Jayden Daniels pourrait manquer la rencontre de week 3 face aux Las Vegas Raiders.","og_url":"https:\/\/theplayoffs.news\/fr\/actualite-nfl\/commanders-jayden-daniels-absent-pour-la-week-3\/","og_site_name":"The Playoffs FR","article_publisher":"https:\/\/www.facebook.com\/TheFreeAgentFR\/","article_modified_time":"2025-09-15T18:50:09+00:00","og_image":[{"width":1920,"height":1280,"url":"https:\/\/theplayoffs.news\/fr\/wp-content\/uploads\/2025\/09\/USATSI_27059169-1.jpg","type":"image\/jpeg"}],"author":"Flavien Jumeau","twitter_card":"summary_large_image","twitter_creator":"@TheFreeAgentFR","twitter_site":"@TheFreeAgentFR","twitter_misc":{"\u00c9crit par":"Flavien Jumeau","Dur\u00e9e de lecture estim\u00e9e":"2 minutes"},"schema":{"@context":"https:\/\/schema.org","@graph":[{"@type":"WebPage","@id":"https:\/\/theplayoffs.news\/fr\/actualite-nfl\/commanders-jayden-daniels-absent-pour-la-week-3\/","url":"https:\/\/theplayoffs.news\/fr\/actualite-nfl\/commanders-jayden-daniels-absent-pour-la-week-3\/","name":"Commanders: Jayden Daniels absent pour la week 3? - The Playoffs FR","isPartOf":{"@id":"https:\/\/theplayoffs.news\/fr\/#website"},"primaryImageOfPage":{"@id":"https:\/\/theplayoffs.news\/fr\/actualite-nfl\/commanders-jayden-daniels-absent-pour-la-week-3\/#primaryimage"},"image":{"@id":"https:\/\/theplayoffs.news\/fr\/actualite-nfl\/commanders-jayden-daniels-absent-pour-la-week-3\/#primaryimage"},"thumbnailUrl":"https:\/\/theplayoffs.news\/fr\/wp-content\/uploads\/2025\/09\/USATSI_27059169-1.jpg","datePublished":"2025-09-15T18:50:01+00:00","dateModified":"2025-09-15T18:50:09+00:00","author":{"@id":"https:\/\/theplayoffs.news\/fr\/#\/schema\/person\/def63bc6746dc5957469b75feb99e66d"},"description":"Le quarterback des Washington Commanders, Jayden Daniels pourrait manquer la rencontre de week 3 face aux Las Vegas Raiders.","breadcrumb":{"@id":"https:\/\/theplayoffs.news\/fr\/actualite-nfl\/commanders-jayden-daniels-absent-pour-la-week-3\/#breadcrumb"},"inLanguage":"fr-FR","potentialAction":[{"@type":"ReadAction","target":["https:\/\/theplayoffs.news\/fr\/actualite-nfl\/commanders-jayden-daniels-absent-pour-la-week-3\/"]}]},{"@type":"ImageObject","inLanguage":"fr-FR","@id":"https:\/\/theplayoffs.news\/fr\/actualite-nfl\/commanders-jayden-daniels-absent-pour-la-week-3\/#primaryimage","url":"https:\/\/theplayoffs.news\/fr\/wp-content\/uploads\/2025\/09\/USATSI_27059169-1.jpg","contentUrl":"https:\/\/theplayoffs.news\/fr\/wp-content\/uploads\/2025\/09\/USATSI_27059169-1.jpg","width":1920,"height":1280,"caption":"Sep 11, 2025; Green Bay, Wisconsin, USA; Washington Commanders quarterback Jayden Daniels (5) passes in the fourth quarter against the Green Bay Packers at Lambeau Field. Mandatory Credit: Jeff Hanisch-Imagn Images"},{"@type":"BreadcrumbList","@id":"https:\/\/theplayoffs.news\/fr\/actualite-nfl\/commanders-jayden-daniels-absent-pour-la-week-3\/#breadcrumb","itemListElement":[{"@type":"ListItem","position":1,"name":"Accueil","item":"https:\/\/theplayoffs.news\/fr\/"},{"@type":"ListItem","position":2,"name":"Commanders: Jayden Daniels absent pour la week 3?"}]},{"@type":"WebSite","@id":"https:\/\/theplayoffs.news\/fr\/#website","url":"https:\/\/theplayoffs.news\/fr\/","name":"The Playoffs FR","description":"NBA-NFL-NHL-MLB","potentialAction":[{"@type":"SearchAction","target":{"@type":"EntryPoint","urlTemplate":"https:\/\/theplayoffs.news\/fr\/?s={search_term_string}"},"query-input":{"@type":"PropertyValueSpecification","valueRequired":true,"valueName":"search_term_string"}}],"inLanguage":"fr-FR"},{"@type":"Person","@id":"https:\/\/theplayoffs.news\/fr\/#\/schema\/person\/def63bc6746dc5957469b75feb99e66d","name":"Flavien Jumeau","image":{"@type":"ImageObject","inLanguage":"fr-FR","@id":"https:\/\/theplayoffs.news\/fr\/#\/schema\/person\/image\/","url":"https:\/\/secure.gravatar.com\/avatar\/e7fa8ba5a4b7e4ce35fe152f083f352db28ad0acce692004ed88a7a7d78893f7?s=96&d=mm&r=g","contentUrl":"https:\/\/secure.gravatar.com\/avatar\/e7fa8ba5a4b7e4ce35fe152f083f352db28ad0acce692004ed88a7a7d78893f7?s=96&d=mm&r=g","caption":"Flavien Jumeau"},"description":"Amoureux du sport (et de vraiment tous les sports) depuis mon plus jeune \u00e2ge, j\u2019ai longtemps h\u00e9site entre le snooker et le curling. Finalement c\u2019est le foot US que j\u2019ai d\u00e9cid\u00e9 de choisir! Responsable foot US sur TPO et animateur du podcast Tailgate j\u2019ai pour mission de vous faire d\u00e9couvrir ce sport passionnant si ce n\u2019est pas encore fait et de vous donner les derni\u00e8res actus. Le tout dans la bonne humeur et avec toujours un jeu de mots ou deux savamment distill\u00e9s! Fan des Saints, pour moi Drew Brees est le vrai GOAT!","url":"https:\/\/theplayoffs.news\/fr\/author\/flavien-jumeaugmail-com\/"}]}},"_links":{"self":[{"href":"https:\/\/theplayoffs.news\/fr\/wp-json\/wp\/v2\/posts\/1501545","targetHints":{"allow":["GET"]}}],"collection":[{"href":"https:\/\/theplayoffs.news\/fr\/wp-json\/wp\/v2\/posts"}],"about":[{"href":"https:\/\/theplayoffs.news\/fr\/wp-json\/wp\/v2\/types\/post"}],"author":[{"embeddable":true,"href":"https:\/\/theplayoffs.news\/fr\/wp-json\/wp\/v2\/users\/180309964"}],"replies":[{"embeddable":true,"href":"https:\/\/theplayoffs.news\/fr\/wp-json\/wp\/v2\/comments?post=1501545"}],"version-history":[{"count":1,"href":"https:\/\/theplayoffs.news\/fr\/wp-json\/wp\/v2\/posts\/1501545\/revisions"}],"predecessor-version":[{"id":1501547,"href":"https:\/\/theplayoffs.news\/fr\/wp-json\/wp\/v2\/posts\/1501545\/revisions\/1501547"}],"wp:featuredmedia":[{"embeddable":true,"href":"https:\/\/theplayoffs.news\/fr\/wp-json\/wp\/v2\/media\/1501546"}],"wp:attachment":[{"href":"https:\/\/theplayoffs.news\/fr\/wp-json\/wp\/v2\/media?parent=1501545"}],"wp:term":[{"taxonomy":"category","embeddable":true,"href":"https:\/\/theplayoffs.news\/fr\/wp-json\/wp\/v2\/categories?post=1501545"},{"taxonomy":"post_tag","embeddable":true,"href":"https:\/\/theplayoffs.news\/fr\/wp-json\/wp\/v2\/tags?post=1501545"},{"taxonomy":"sport","embeddable":true,"href":"https:\/\/theplayoffs.news\/fr\/wp-json\/wp\/v2\/sport?post=1501545"},{"taxonomy":"saison","embeddable":true,"href":"https:\/\/theplayoffs.news\/fr\/wp-json\/wp\/v2\/saison?post=1501545"}],"curies":[{"name":"wp","href":"https:\/\/api.w.org\/{rel}","templated":true}]}}