{"id":1501364,"date":"2025-09-13T18:22:02","date_gmt":"2025-09-13T16:22:02","guid":{"rendered":"https:\/\/theplayoffs.news\/fr\/uncategorized\/\/"},"modified":"2025-09-13T18:22:09","modified_gmt":"2025-09-13T16:22:09","slug":"eagles-chiefs-xavier-worthy-absent","status":"publish","type":"post","link":"https:\/\/theplayoffs.news\/fr\/uncategorized\/eagles-chiefs-xavier-worthy-absent\/","title":{"rendered":"Eagles-Chiefs : Xavier Worthy sera absent"},"content":{"rendered":"<p>Eagles-Chiefs : Kansas City a officiellement plac&eacute; le receveur Xavier Worthy sur la liste des absent pour le remake du Super Bowl LIX. <\/p><figure class=\"wp-block-embed is-type-rich is-provider-twitter wp-block-embed-twitter\"><div class=\"wp-block-embed__wrapper\">\n<blockquote class=\"twitter-tweet\" data-width=\"500\" data-dnt=\"true\"><p lang=\"fr\" dir=\"ltr\">Eagles-Chiefs : pas de Xavier Worthy pour Ka dans City pour le remake du Super Bowl LIX <a href=\"https:\/\/t.co\/BBpKxKY6jN\" class=\"trk-cta-link\" data-cta-trk='{\"ctaType\":\"Link\",\"ctaSubType\":\"main\"}'>https:\/\/t.co\/BBpKxKY6jN<\/a><\/p>&mdash; The Playoffs FR (@ThePlayoffsFR) <a href=\"https:\/\/twitter.com\/ThePlayoffsFR\/status\/1966896557107654721?ref_src=twsrc%5Etfw\" class=\"trk-cta-link\" data-cta-trk='{\"ctaType\":\"Link\",\"ctaSubType\":\"main\"}'>September 13, 2025<\/a><\/blockquote><script async src=\"https:\/\/platform.twitter.com\/widgets.js\" charset=\"utf-8\"><\/script>\n<\/div><\/figure><p>Sur la 3&egrave; action du match d&rsquo;ouverture des Chiefs &agrave; S&atilde;o Paulo face aux Chargers (d&eacute;faite 27 &agrave; 20), <a href=\"https:\/\/theplayoffs.news\/fr\/actualite-nfl\/chiefs-xavier-worthy-blesse-a-lepaule-face-aux-chargers\/\" class=\"trk-cta-link\" data-cta-trk='{\"ctaType\":\"Link\",\"ctaSubType\":\"main\"}'>Xavier Worthy est entr&eacute; en collision<\/a> avec son co&eacute;quipier, Travis Kelce. Il s&rsquo;est alors lux&eacute; l&rsquo;&eacute;paule droite et &eacute;tait incertains pour cette rencontre jusqu&rsquo;&agrave; aujourd&rsquo;hui. <\/p><p>En effet, vendredi, Andy Reid avait d&eacute;clar&eacute; qu&rsquo;il y avait une encore une mince chance de le voir d&eacute;buter la rencontre. <\/p><h2 class=\"wp-block-heading\">Une escouade de receveur d&eacute;cim&eacute;e<\/h2><p>En plus de l&rsquo;absence de Xavier Worthy, les Chiefs devront faire sans le rookie Jalen Royals et sans leur receveur num&eacute;ro 1, <strong><a href=\"https:\/\/theplayoffs.news\/fr\/actualite-nfl\/chiefs-rashee-rice-suspendu-pour-les-6-premiers-matchs-de-la-saison\/\" class=\"trk-cta-link\" data-cta-trk='{\"ctaType\":\"Link\",\"ctaSubType\":\"main\"}'>Rashee Rice<\/a><\/strong> qui continue de purger sa suspension.<\/p><p>Ce seront donc Hollywood Brown et JuJu Smith-Schuster qui endosseront le r&ocirc;le de cible privil&eacute;gi&eacute;e pour Patrick Mahomes dans ce match qui est d&eacute;j&agrave; important pour Kansas City. <\/p><p>Pour ce match, les Eagles, qui se sont impos&eacute;s lors du match d&rsquo;ouverture de la saison NFL 2025 face &agrave; Dallas, sont les favoris avec <strong><a href=\"https:\/\/theplayoffs.news\/fr\/go-parions-sport-prono-fr-fr\" target=\"_blank\" rel=\"noreferrer noopener nofollow\" class=\"trk-cta-link\" data-cta-trk='{\"ctaType\":\"Link\",\"ctaSubType\":\"main\"}'>une cote de 1.75<\/a><\/strong> chez <a href=\"https:\/\/theplayoffs.news\/fr\/paris-sportifs\/code-promo-parions-sport\/\" target=\"_blank\" rel=\"noreferrer noopener nofollow\" class=\"trk-cta-link\" data-cta-trk='{\"ctaType\":\"Link\",\"ctaSubType\":\"main\"}'>Parions Sport<\/a>. <\/p><p>&Agrave; l&rsquo;inverse, et au moment d&rsquo;&eacute;crire ses lignes, <strong><a href=\"https:\/\/theplayoffs.news\/fr\/go-parions-sport-prono-fr-fr\" target=\"_blank\" rel=\"noreferrer noopener nofollow\" class=\"trk-cta-link\" data-cta-trk='{\"ctaType\":\"Link\",\"ctaSubType\":\"main\"}'>Kansas City poss&egrave;de une cote de 1.95<\/a><\/strong> pour s&nbsp;&raquo;imposer &agrave; la maison dimanche soir &agrave; 22H25 (match &agrave; suivre sur beIN SPORTS 3)<\/p><p>\n\n\n            <div class=\"MvpBookmakerTable\" >\n                                                            <div class=\"MvpBookmakerTableTopBlock MvpBookmakerTableTopBlock--light\">\n                    <div class=\"MvpBookmakerTableTopBlock-item MvpBookmakerTableTopBlock-item--lightLogo\">\n                                    <div class=\"MvpBookmakerTableLogo MvpBookmakerTableLogo--light\" style=\"background-color: #0048c2\">\n                <img decoding=\"async\" src=\"https:\/\/theplayoffs.news\/fr\/wp-content\/uploads\/mm-business-data\/images\/brands\/e9621333d7af-500-Parions-sport.jpg\" alt=\"Parions sport\">\n            <\/div>\n                            <\/div>\n                    <div class=\"MvpBookmakerTableTopBlock-item\">\n                                    <div class=\"MvpBookmakerTableBonusCatchline\">\n                                    1er pari doubl\u00e9 Jusqu'\u00e0 110\u20ac qu'il soit gagnant ou perdant                            <\/div>\n                            <\/div>\n                    <div class=\"MvpBookmakerTableTopBlock-item MvpBookmakerTableTopBlock-item--lightCta\">\n                                    <div class=\"MvpBookmakerTableCtaAndCode\">\n                <div class=\"MvpBookmakerTableCtaAndCode-top\">\n                                        <a rel=\"nofollow\"\n                        target=\"_blank\"\n                        href=\"\"\n                        class=\"MvpBookmakerTableCtaAndCode-top-cta\"\n                        data-cta-trk='{\"ctaBrand\":\"Parions-sport\",\"ctaType\":\"Simple brand block\",\"ctaActivity\":\"sports\",\"ctaSubType\":\"main\"}'>\n                        <span>Plus<\/span>\n                        <img decoding=\"async\" src=\"https:\/\/theplayoffs.news\/fr\/wp-content\/plugins\/mvp\/assets\/img\/bookmaker_table\/right-arrow-white.svg\" alt=\"arrow\" class=\"--ltr\" \/>\n                    <\/a>\n                <\/div>\n                            <\/div>\n                            <\/div>\n                <\/div>\n                                                                <\/div>\n            \n\n\n\n<\/p><p><strong><a href=\"https:\/\/theplayoffs.news\/fr\/paris-sportifs\/pariez-eagles-chiefs-remake-super-bowl\/\" class=\"trk-cta-link\" data-cta-trk='{\"ctaType\":\"Link\",\"ctaSubType\":\"main\"}'>Retrouvez notre analyse et nos pronostics pour cet Eagles-Chiefs, remake du Super Bowl LIX<\/a><\/strong>. <\/p><p><\/p><p><em>Credit Photo: Kirby Lee-Imagn Images<\/em><\/p><p><\/p>\n","protected":false},"excerpt":{"rendered":"","protected":false},"author":13,"featured_media":1501365,"comment_status":"closed","ping_status":"closed","sticky":false,"template":"","format":"standard","meta":{"inline_featured_image":false,"kia_subtitle":"","_mux_skip_reasons":[],"proofreadBy":0,"footnotes":""},"categories":[],"tags":[],"sport":[],"saison":[],"class_list":["post-1501364","post","type-post","status-publish","format-standard","has-post-thumbnail","hentry"],"acf":[],"yoast_head":"<!-- This site is optimized with the Yoast SEO plugin v24.2 - https:\/\/yoast.com\/wordpress\/plugins\/seo\/ -->\n<title>Eagles-Chiefs : Xavier Worthy sera absent - The Playoffs FR<\/title>\n<meta name=\"description\" content=\"Eagles-Chiefs : Patrick Mahomes devra faire sans son receveur Xavier Worthy bless&eacute; &agrave; l&#039;&eacute;paule lors du match de la premi&egrave;re semaine.\" \/>\n<meta name=\"robots\" content=\"index, follow, max-snippet:-1, max-image-preview:large, max-video-preview:-1\" \/>\n<link rel=\"canonical\" href=\"https:\/\/theplayoffs.news\/fr\/uncategorized\/eagles-chiefs-xavier-worthy-absent\/\" \/>\n<meta property=\"og:locale\" content=\"fr_FR\" \/>\n<meta property=\"og:type\" content=\"article\" \/>\n<meta property=\"og:title\" content=\"Eagles-Chiefs : Xavier Worthy sera absent - The Playoffs FR\" \/>\n<meta property=\"og:description\" content=\"Eagles-Chiefs : Patrick Mahomes devra faire sans son receveur Xavier Worthy bless&eacute; &agrave; l&#039;&eacute;paule lors du match de la premi&egrave;re semaine.\" \/>\n<meta property=\"og:url\" content=\"https:\/\/theplayoffs.news\/fr\/uncategorized\/eagles-chiefs-xavier-worthy-absent\/\" \/>\n<meta property=\"og:site_name\" content=\"The Playoffs FR\" \/>\n<meta property=\"article:publisher\" content=\"https:\/\/www.facebook.com\/TheFreeAgentFR\/\" \/>\n<meta property=\"article:modified_time\" content=\"2025-09-13T18:22:09+02:00\" \/>\n<meta property=\"og:image\" content=\"https:\/\/theplayoffs.news\/fr\/wp-content\/uploads\/2025\/09\/Imagn-42.jpg\" \/>\n\t<meta property=\"og:image:width\" content=\"1920\" \/>\n\t<meta property=\"og:image:height\" content=\"1292\" \/>\n\t<meta property=\"og:image:type\" content=\"image\/jpeg\" \/>\n<meta name=\"author\" content=\"Charles Taudin\" \/>\n<meta name=\"twitter:card\" content=\"summary_large_image\" \/>\n<meta name=\"twitter:creator\" content=\"@TheFreeAgentFR\" \/>\n<meta name=\"twitter:site\" content=\"@TheFreeAgentFR\" \/>\n<meta name=\"twitter:label1\" content=\"\u00c9crit par\" \/>\n\t<meta name=\"twitter:data1\" content=\"Charles Taudin\" \/>\n\t<meta name=\"twitter:label2\" content=\"Dur\u00e9e de lecture estim\u00e9e\" \/>\n\t<meta name=\"twitter:data2\" content=\"2 minutes\" \/>\n<script type=\"application\/ld+json\" class=\"yoast-schema-graph\">{\"@context\":\"https:\/\/schema.org\",\"@graph\":[{\"@type\":\"WebPage\",\"@id\":\"https:\/\/theplayoffs.news\/fr\/uncategorized\/eagles-chiefs-xavier-worthy-absent\/\",\"url\":\"https:\/\/theplayoffs.news\/fr\/uncategorized\/eagles-chiefs-xavier-worthy-absent\/\",\"name\":\"Eagles-Chiefs : Xavier Worthy sera absent - The Playoffs FR\",\"isPartOf\":{\"@id\":\"https:\/\/theplayoffs.news\/fr\/#website\"},\"primaryImageOfPage\":{\"@id\":\"https:\/\/theplayoffs.news\/fr\/uncategorized\/eagles-chiefs-xavier-worthy-absent\/#primaryimage\"},\"image\":{\"@id\":\"https:\/\/theplayoffs.news\/fr\/uncategorized\/eagles-chiefs-xavier-worthy-absent\/#primaryimage\"},\"thumbnailUrl\":\"https:\/\/theplayoffs.news\/fr\/wp-content\/uploads\/2025\/09\/Imagn-42.jpg\",\"datePublished\":\"2025-09-13T16:22:02+00:00\",\"dateModified\":\"2025-09-13T16:22:09+00:00\",\"author\":{\"@id\":\"https:\/\/theplayoffs.news\/fr\/#\/schema\/person\/eee5b69ad5d3c51cabe881c839dbe133\"},\"description\":\"Eagles-Chiefs : Patrick Mahomes devra faire sans son receveur Xavier Worthy bless\u00e9 \u00e0 l\\\\'\u00e9paule lors du match de la premi\u00e8re semaine.\",\"breadcrumb\":{\"@id\":\"https:\/\/theplayoffs.news\/fr\/uncategorized\/eagles-chiefs-xavier-worthy-absent\/#breadcrumb\"},\"inLanguage\":\"fr-FR\",\"potentialAction\":[{\"@type\":\"ReadAction\",\"target\":[\"https:\/\/theplayoffs.news\/fr\/uncategorized\/eagles-chiefs-xavier-worthy-absent\/\"]}]},{\"@type\":\"ImageObject\",\"inLanguage\":\"fr-FR\",\"@id\":\"https:\/\/theplayoffs.news\/fr\/uncategorized\/eagles-chiefs-xavier-worthy-absent\/#primaryimage\",\"url\":\"https:\/\/theplayoffs.news\/fr\/wp-content\/uploads\/2025\/09\/Imagn-42.jpg\",\"contentUrl\":\"https:\/\/theplayoffs.news\/fr\/wp-content\/uploads\/2025\/09\/Imagn-42.jpg\",\"width\":1920,\"height\":1292,\"caption\":\"Feb 5, 2025; New Orleans, LA, USA; Kansas City Chiefs wide receiver Xavier Worthy (1) in a press conference ahead of Super Bowl LIX at New Orleans Marriott. Mandatory Credit: Kirby Lee-Imagn Images\"},{\"@type\":\"BreadcrumbList\",\"@id\":\"https:\/\/theplayoffs.news\/fr\/uncategorized\/eagles-chiefs-xavier-worthy-absent\/#breadcrumb\",\"itemListElement\":[{\"@type\":\"ListItem\",\"position\":1,\"name\":\"Accueil\",\"item\":\"https:\/\/theplayoffs.news\/fr\/\"},{\"@type\":\"ListItem\",\"position\":2,\"name\":\"Eagles-Chiefs : Xavier Worthy sera absent\"}]},{\"@type\":\"WebSite\",\"@id\":\"https:\/\/theplayoffs.news\/fr\/#website\",\"url\":\"https:\/\/theplayoffs.news\/fr\/\",\"name\":\"The Playoffs FR\",\"description\":\"NBA-NFL-NHL-MLB\",\"potentialAction\":[{\"@type\":\"SearchAction\",\"target\":{\"@type\":\"EntryPoint\",\"urlTemplate\":\"https:\/\/theplayoffs.news\/fr\/?s={search_term_string}\"},\"query-input\":{\"@type\":\"PropertyValueSpecification\",\"valueRequired\":true,\"valueName\":\"search_term_string\"}}],\"inLanguage\":\"fr-FR\"},{\"@type\":\"Person\",\"@id\":\"https:\/\/theplayoffs.news\/fr\/#\/schema\/person\/eee5b69ad5d3c51cabe881c839dbe133\",\"name\":\"Charles Taudin\",\"image\":{\"@type\":\"ImageObject\",\"inLanguage\":\"fr-FR\",\"@id\":\"https:\/\/theplayoffs.news\/fr\/#\/schema\/person\/image\/\",\"url\":\"https:\/\/secure.gravatar.com\/avatar\/59a1e772205ce9fd255edfcafc93013736822e20261f294c5753b20c41ede9f2?s=96&d=mm&r=g\",\"contentUrl\":\"https:\/\/secure.gravatar.com\/avatar\/59a1e772205ce9fd255edfcafc93013736822e20261f294c5753b20c41ede9f2?s=96&d=mm&r=g\",\"caption\":\"Charles Taudin\"},\"description\":\"R\u00e9dacteur en chef global de The Playoffs, j\u2019ai cr\u00e9\u00e9 The Free Agent, devenu The Playoffs FR, en 2020 durant la pand\u00e9mie. Amoureux depuis des ann\u00e9es des 4 sports majeurs am\u00e9ricains, j\u2019organise maintenant la strat\u00e9gie \u00e9ditoriale et les r\u00e9seaux sociaux de l\u2019ensemble des versions de The Playoffs. Il m\u2019arrive encore d\u2019\u00e9crire sur certains sports que j\u2019affectionne particuli\u00e8rement comme la NFL ou la MLB. Si vous devez retenir qu\u2019une chose : Eli Manning est le vrai GOAT pour avoir battu deux fois Tom Brady.\",\"sameAs\":[\"https:\/\/www.instagram.com\/ctaudin_\/\"],\"url\":\"https:\/\/theplayoffs.news\/fr\/author\/charles-taudin\/\"}]}<\/script>\n<!-- \/ Yoast SEO plugin. -->","yoast_head_json":{"title":"Eagles-Chiefs : Xavier Worthy sera absent - The Playoffs FR","description":"Eagles-Chiefs : Patrick Mahomes devra faire sans son receveur Xavier Worthy bless&eacute; &agrave; l&#039;&eacute;paule lors du match de la premi&egrave;re semaine.","robots":{"index":"index","follow":"follow","max-snippet":"max-snippet:-1","max-image-preview":"max-image-preview:large","max-video-preview":"max-video-preview:-1"},"canonical":"https:\/\/theplayoffs.news\/fr\/uncategorized\/eagles-chiefs-xavier-worthy-absent\/","og_locale":"fr_FR","og_type":"article","og_title":"Eagles-Chiefs : Xavier Worthy sera absent - The Playoffs FR","og_description":"Eagles-Chiefs : Patrick Mahomes devra faire sans son receveur Xavier Worthy bless&eacute; &agrave; l&#039;&eacute;paule lors du match de la premi&egrave;re semaine.","og_url":"https:\/\/theplayoffs.news\/fr\/uncategorized\/eagles-chiefs-xavier-worthy-absent\/","og_site_name":"The Playoffs FR","article_publisher":"https:\/\/www.facebook.com\/TheFreeAgentFR\/","article_modified_time":"2025-09-13T16:22:09+00:00","og_image":[{"width":1920,"height":1292,"url":"https:\/\/theplayoffs.news\/fr\/wp-content\/uploads\/2025\/09\/Imagn-42.jpg","type":"image\/jpeg"}],"author":"Charles Taudin","twitter_card":"summary_large_image","twitter_creator":"@TheFreeAgentFR","twitter_site":"@TheFreeAgentFR","twitter_misc":{"\u00c9crit par":"Charles Taudin","Dur\u00e9e de lecture estim\u00e9e":"2 minutes"},"schema":{"@context":"https:\/\/schema.org","@graph":[{"@type":"WebPage","@id":"https:\/\/theplayoffs.news\/fr\/uncategorized\/eagles-chiefs-xavier-worthy-absent\/","url":"https:\/\/theplayoffs.news\/fr\/uncategorized\/eagles-chiefs-xavier-worthy-absent\/","name":"Eagles-Chiefs : Xavier Worthy sera absent - The Playoffs FR","isPartOf":{"@id":"https:\/\/theplayoffs.news\/fr\/#website"},"primaryImageOfPage":{"@id":"https:\/\/theplayoffs.news\/fr\/uncategorized\/eagles-chiefs-xavier-worthy-absent\/#primaryimage"},"image":{"@id":"https:\/\/theplayoffs.news\/fr\/uncategorized\/eagles-chiefs-xavier-worthy-absent\/#primaryimage"},"thumbnailUrl":"https:\/\/theplayoffs.news\/fr\/wp-content\/uploads\/2025\/09\/Imagn-42.jpg","datePublished":"2025-09-13T16:22:02+00:00","dateModified":"2025-09-13T16:22:09+00:00","author":{"@id":"https:\/\/theplayoffs.news\/fr\/#\/schema\/person\/eee5b69ad5d3c51cabe881c839dbe133"},"description":"Eagles-Chiefs : Patrick Mahomes devra faire sans son receveur Xavier Worthy bless\u00e9 \u00e0 l\\'\u00e9paule lors du match de la premi\u00e8re semaine.","breadcrumb":{"@id":"https:\/\/theplayoffs.news\/fr\/uncategorized\/eagles-chiefs-xavier-worthy-absent\/#breadcrumb"},"inLanguage":"fr-FR","potentialAction":[{"@type":"ReadAction","target":["https:\/\/theplayoffs.news\/fr\/uncategorized\/eagles-chiefs-xavier-worthy-absent\/"]}]},{"@type":"ImageObject","inLanguage":"fr-FR","@id":"https:\/\/theplayoffs.news\/fr\/uncategorized\/eagles-chiefs-xavier-worthy-absent\/#primaryimage","url":"https:\/\/theplayoffs.news\/fr\/wp-content\/uploads\/2025\/09\/Imagn-42.jpg","contentUrl":"https:\/\/theplayoffs.news\/fr\/wp-content\/uploads\/2025\/09\/Imagn-42.jpg","width":1920,"height":1292,"caption":"Feb 5, 2025; New Orleans, LA, USA; Kansas City Chiefs wide receiver Xavier Worthy (1) in a press conference ahead of Super Bowl LIX at New Orleans Marriott. Mandatory Credit: Kirby Lee-Imagn Images"},{"@type":"BreadcrumbList","@id":"https:\/\/theplayoffs.news\/fr\/uncategorized\/eagles-chiefs-xavier-worthy-absent\/#breadcrumb","itemListElement":[{"@type":"ListItem","position":1,"name":"Accueil","item":"https:\/\/theplayoffs.news\/fr\/"},{"@type":"ListItem","position":2,"name":"Eagles-Chiefs : Xavier Worthy sera absent"}]},{"@type":"WebSite","@id":"https:\/\/theplayoffs.news\/fr\/#website","url":"https:\/\/theplayoffs.news\/fr\/","name":"The Playoffs FR","description":"NBA-NFL-NHL-MLB","potentialAction":[{"@type":"SearchAction","target":{"@type":"EntryPoint","urlTemplate":"https:\/\/theplayoffs.news\/fr\/?s={search_term_string}"},"query-input":{"@type":"PropertyValueSpecification","valueRequired":true,"valueName":"search_term_string"}}],"inLanguage":"fr-FR"},{"@type":"Person","@id":"https:\/\/theplayoffs.news\/fr\/#\/schema\/person\/eee5b69ad5d3c51cabe881c839dbe133","name":"Charles Taudin","image":{"@type":"ImageObject","inLanguage":"fr-FR","@id":"https:\/\/theplayoffs.news\/fr\/#\/schema\/person\/image\/","url":"https:\/\/secure.gravatar.com\/avatar\/59a1e772205ce9fd255edfcafc93013736822e20261f294c5753b20c41ede9f2?s=96&d=mm&r=g","contentUrl":"https:\/\/secure.gravatar.com\/avatar\/59a1e772205ce9fd255edfcafc93013736822e20261f294c5753b20c41ede9f2?s=96&d=mm&r=g","caption":"Charles Taudin"},"description":"R\u00e9dacteur en chef global de The Playoffs, j\u2019ai cr\u00e9\u00e9 The Free Agent, devenu The Playoffs FR, en 2020 durant la pand\u00e9mie. Amoureux depuis des ann\u00e9es des 4 sports majeurs am\u00e9ricains, j\u2019organise maintenant la strat\u00e9gie \u00e9ditoriale et les r\u00e9seaux sociaux de l\u2019ensemble des versions de The Playoffs. Il m\u2019arrive encore d\u2019\u00e9crire sur certains sports que j\u2019affectionne particuli\u00e8rement comme la NFL ou la MLB. Si vous devez retenir qu\u2019une chose : Eli Manning est le vrai GOAT pour avoir battu deux fois Tom Brady.","sameAs":["https:\/\/www.instagram.com\/ctaudin_\/"],"url":"https:\/\/theplayoffs.news\/fr\/author\/charles-taudin\/"}]}},"_links":{"self":[{"href":"https:\/\/theplayoffs.news\/fr\/wp-json\/wp\/v2\/posts\/1501364","targetHints":{"allow":["GET"]}}],"collection":[{"href":"https:\/\/theplayoffs.news\/fr\/wp-json\/wp\/v2\/posts"}],"about":[{"href":"https:\/\/theplayoffs.news\/fr\/wp-json\/wp\/v2\/types\/post"}],"author":[{"embeddable":true,"href":"https:\/\/theplayoffs.news\/fr\/wp-json\/wp\/v2\/users\/13"}],"replies":[{"embeddable":true,"href":"https:\/\/theplayoffs.news\/fr\/wp-json\/wp\/v2\/comments?post=1501364"}],"version-history":[{"count":1,"href":"https:\/\/theplayoffs.news\/fr\/wp-json\/wp\/v2\/posts\/1501364\/revisions"}],"predecessor-version":[{"id":1501366,"href":"https:\/\/theplayoffs.news\/fr\/wp-json\/wp\/v2\/posts\/1501364\/revisions\/1501366"}],"wp:featuredmedia":[{"embeddable":true,"href":"https:\/\/theplayoffs.news\/fr\/wp-json\/wp\/v2\/media\/1501365"}],"wp:attachment":[{"href":"https:\/\/theplayoffs.news\/fr\/wp-json\/wp\/v2\/media?parent=1501364"}],"wp:term":[{"taxonomy":"category","embeddable":true,"href":"https:\/\/theplayoffs.news\/fr\/wp-json\/wp\/v2\/categories?post=1501364"},{"taxonomy":"post_tag","embeddable":true,"href":"https:\/\/theplayoffs.news\/fr\/wp-json\/wp\/v2\/tags?post=1501364"},{"taxonomy":"sport","embeddable":true,"href":"https:\/\/theplayoffs.news\/fr\/wp-json\/wp\/v2\/sport?post=1501364"},{"taxonomy":"saison","embeddable":true,"href":"https:\/\/theplayoffs.news\/fr\/wp-json\/wp\/v2\/saison?post=1501364"}],"curies":[{"name":"wp","href":"https:\/\/api.w.org\/{rel}","templated":true}]}}