{"id":1501216,"date":"2025-09-12T12:51:11","date_gmt":"2025-09-12T10:51:11","guid":{"rendered":"https:\/\/theplayoffs.news\/fr\/uncategorized\/\/"},"modified":"2025-09-12T12:51:17","modified_gmt":"2025-09-12T10:51:17","slug":"giannis-sengun-eurobasket","status":"publish","type":"post","link":"https:\/\/theplayoffs.news\/fr\/eurobasket\/giannis-sengun-eurobasket\/","title":{"rendered":"EuroBasket : Sengun vs Giannis, deux monstres pour une place en finale"},"content":{"rendered":"<p>Choc de titans au programme de ces demi-finales de <strong>l&rsquo;EuroBasket 2025<\/strong> ! La <strong>Turquie d&rsquo;<a href=\"https:\/\/www.fiba.basketball\/en\/events\/fiba-eurobasket-2025\/teams\/turkiye\/253997-alperen-sengun\" class=\"trk-cta-link\" data-cta-trk='{\"ctaType\":\"Link\",\"ctaSubType\":\"main\"}'>Alperen Sengun<\/a><\/strong> affronte la <strong>Gr&egrave;ce <\/strong>de <strong><a href=\"https:\/\/www.fiba.basketball\/en\/events\/fiba-eurobasket-2025\/teams\/greece\/195895-giannis-antetokounmpo\" class=\"trk-cta-link\" data-cta-trk='{\"ctaType\":\"Link\",\"ctaSubType\":\"main\"}'>Giannis Antetokounmpo<\/a><\/strong> ce vendredi soir &agrave; <strong>Riga<\/strong> pour une m&eacute;daille.<\/p><p>Les deux hommes sont en mission depuis le d&eacute;but du tournoi, et n&rsquo;ont rien d&rsquo;autre que l&rsquo;or continental en ligne de mire. Respectivement deuxi&egrave;me et troisi&egrave;me joueurs les plus efficients de la comp&eacute;tition (32 d&rsquo;&eacute;valuation tout les deux), les All-Stars ne laissent que des miettes &agrave; leurs adversaires.<\/p><figure class=\"wp-block-embed is-type-rich is-provider-twitter wp-block-embed-twitter\"><div class=\"wp-block-embed__wrapper\">\n<blockquote class=\"twitter-tweet\" data-width=\"500\" data-dnt=\"true\"><p lang=\"en\" dir=\"ltr\">A blockbuster showdown for the ages. Fasten your seatbelts. &#127871;<br><br>Who&rsquo;s your pick, &#127468;&#127479; or &#127481;&#127479;?<br><br>&#128250; <a href=\"https:\/\/t.co\/O8gpIsQSSp\" class=\"trk-cta-link\" data-cta-trk='{\"ctaType\":\"Link\",\"ctaSubType\":\"main\"}'>https:\/\/t.co\/O8gpIsQSSp<\/a><br>&#128214; <a href=\"https:\/\/t.co\/zENU3pZUAH\" class=\"trk-cta-link\" data-cta-trk='{\"ctaType\":\"Link\",\"ctaSubType\":\"main\"}'>https:\/\/t.co\/zENU3pZUAH<\/a><a href=\"https:\/\/twitter.com\/hashtag\/EuroBasket?src=hash&amp;ref_src=twsrc%5Etfw\" class=\"trk-cta-link\" data-cta-trk='{\"ctaType\":\"Link\",\"ctaSubType\":\"main\"}'>#EuroBasket<\/a> | <a href=\"https:\/\/twitter.com\/hashtag\/MakeYourMark?src=hash&amp;ref_src=twsrc%5Etfw\" class=\"trk-cta-link\" data-cta-trk='{\"ctaType\":\"Link\",\"ctaSubType\":\"main\"}'>#MakeYourMark<\/a> <a href=\"https:\/\/t.co\/yrseANf2dg\" class=\"trk-cta-link\" data-cta-trk='{\"ctaType\":\"Link\",\"ctaSubType\":\"main\"}'>pic.twitter.com\/yrseANf2dg<\/a><\/p>&mdash; FIBA EuroBasket (@EuroBasket) <a href=\"https:\/\/twitter.com\/EuroBasket\/status\/1966397338781675571?ref_src=twsrc%5Etfw\" class=\"trk-cta-link\" data-cta-trk='{\"ctaType\":\"Link\",\"ctaSubType\":\"main\"}'>September 12, 2025<\/a><\/blockquote><script async src=\"https:\/\/platform.twitter.com\/widgets.js\" charset=\"utf-8\"><\/script>\n<\/div><\/figure><p>Moins exp&eacute;riment&eacute;e sur le papier, la <strong>Turquie <\/strong>s&rsquo;avance cependant avec un bilan jusque-l&agrave; immacul&eacute; : 7 victoires en 7 matchs, dont un chef d&rsquo;&oelig;uvre face &agrave; <strong>l&rsquo;armada serbe<\/strong> (95-90) dans un duel pour la premi&egrave;re place du groupe A. En danger face &agrave; la <strong>Su&egrave;de <\/strong>(85-79) puis en gestion contre la <strong>Pologne <\/strong>(91-77), les <strong>Turcs <\/strong>n&rsquo;ont pas laiss&eacute; une impression de domination &eacute;crasante sur cette phase &agrave; &eacute;limination directe, malgr&eacute; le niveau affich&eacute; par leur<a href=\"https:\/\/theplayoffs.news\/fr\/eurobasket\/eurobasket-alperen-sengun-encense-par-son-meneur\/\" class=\"trk-cta-link\" data-cta-trk='{\"ctaType\":\"Link\",\"ctaSubType\":\"main\"}'> pivot au num&eacute;ro 23<\/a>, auteur d&rsquo;un triple double lors du 1\/4 de finale.<\/p><p>De son c&ocirc;t&eacute;, la <strong>Gr&egrave;ce <\/strong>n&rsquo;a pas &agrave; rougir. Malgr&eacute; un couac face &agrave; la <strong>Bosnie-Herz&eacute;govine<\/strong> en poules (77-80), lors d&rsquo;un match o&ugrave; <strong>Giannis Antetokounmpo<\/strong> &eacute;tait laiss&eacute; au repos, l&rsquo;&eacute;quipe hell&eacute;nique a termin&eacute; en t&ecirc;te du &laquo;&nbsp;groupe de la mort&nbsp;&raquo; en battant notamment <strong>l&rsquo;Italie <\/strong>et <strong>l&rsquo;Espagne<\/strong>. Apr&egrave;s un huiti&egrave;me de finale accroch&eacute; face &agrave; <strong>Isra&euml;l <\/strong>(84-79), o&ugrave; le <strong>Greek Freek<\/strong>, <a href=\"https:\/\/theplayoffs.news\/fr\/eurobasket\/eurobasket-2025-pas-limite-temps-jeu-giannis-antetokounmpo\/\" class=\"trk-cta-link\" data-cta-trk='{\"ctaType\":\"Link\",\"ctaSubType\":\"main\"}'>d&eacute;sormais lib&eacute;r&eacute; de ses restrictions de minutes<\/a>, a sorti sa cape de Super-h&eacute;ros (37 pts\/10 rbds), le quart contre la <strong>Lituanie <\/strong>fut plus tranquille (76-87).<\/p><p>Sur cette demi-finale, il sera tr&egrave;s compliqu&eacute; de limiter les deux aliens. <strong>Alperen Sengun<\/strong> et <strong>Giannis Antetokounmpo<\/strong> semblent au sommet de leur art. Le spectacle devrait &ecirc;tre au rendez-vous et ce match pourrait peut-&ecirc;tre se jouer sur les autres individualit&eacute;s. A ce petit jeu, la <strong>Turquie <\/strong>semble avoir une longueur d&rsquo;avance sur une <strong>Gr&egrave;ce <\/strong>toujours tr&egrave;s d&eacute;pendante des performances de son double MVP.<\/p><div class=\"related-slider related-slider--loading\">\n    <div class=\"related-slider__header\">\n        <div class=\"related-slider__header__title\">Vous aimerez aussi<\/div>\n        <div class=\"related-slider__header__buttons\">\n            <div class=\"swiper-button-prev\"><\/div>\n            <div class=\"swiper-button-next\"><\/div>\n        <\/div>\n    <\/div>\n    <div class=\"swiper-container\">\n        <div class=\"swiper-wrapper\">\n                            <div class=\"swiper-slide\">\n                    <a class=\"related-slider-card  trk-cta-img\" href=\"https:\/\/theplayoffs.news\/fr\/eurobasket\/eurobasket-dennis-schroder-et-isaac-bonga-heros-dune-allemagne-au-sommet\/\" title=\"EuroBasket : Dennis Schr&ouml;der et Isaac Bonga, h&eacute;ros d&rsquo;une Allemagne au sommet !\" data-cta-trk='{\"ctaType\":\"Image\",\"ctaSubType\":\"main\"}'>\n    <div class=\"related-slider-card__image\">\n        <img loading=\"lazy\" decoding=\"async\" width=\"600\" height=\"400\" src=\"https:\/\/theplayoffs.news\/fr\/wp-content\/uploads\/2025\/09\/USATSI_23895404_168402440_lowres-600x400.jpg\" class=\"attachment-medium size-medium wp-post-image\" alt=\"Dennis Schroder, Allemagne\" srcset=\"https:\/\/theplayoffs.news\/fr\/wp-content\/uploads\/2025\/09\/USATSI_23895404_168402440_lowres-600x400.jpg 600w, https:\/\/theplayoffs.news\/fr\/wp-content\/uploads\/2025\/09\/USATSI_23895404_168402440_lowres-1200x800.jpg 1200w, https:\/\/theplayoffs.news\/fr\/wp-content\/uploads\/2025\/09\/USATSI_23895404_168402440_lowres-768x512.jpg 768w, https:\/\/theplayoffs.news\/fr\/wp-content\/uploads\/2025\/09\/USATSI_23895404_168402440_lowres-1536x1024.jpg 1536w, https:\/\/theplayoffs.news\/fr\/wp-content\/uploads\/2025\/09\/USATSI_23895404_168402440_lowres-1320x880.jpg 1320w, https:\/\/theplayoffs.news\/fr\/wp-content\/uploads\/2025\/09\/USATSI_23895404_168402440_lowres.jpg 1920w\" sizes=\"auto, (max-width: 600px) 100vw, 600px\">\n                            <\/div>\n    <div class=\"related-slider-card__content\">\n        <div class=\"related-slider-card__content__tags\">\n                            <div class=\"related-slider-card__content__tags__category\">\n                    EuroBasket\n                <\/div>\n                        <div class=\"related-slider-card__content__tags__date\" data-dynamic-date=\"2025-09-15T11:03:12+02:00\">\n                15 septembre 2025\n            <\/div>\n        <\/div>\n        <div class=\"related-slider-card__content__title\">\n            EuroBasket : Dennis Schr&ouml;der et Isaac Bonga, h&eacute;ros d&rsquo;une Allemagne au sommet !\n        <\/div>\n                    <div class=\"related-slider-card__content__read-more\">\n                Voir plus\n                <i>\n                    <svg width=\"17\" height=\"15\" viewbox=\"0 0 17 15\" fill=\"none\" xmlns=\"http:\/\/www.w3.org\/2000\/svg\">\n<path d=\"M1 6.5C0.447715 6.5 0 6.94772 0 7.5C0 8.05228 0.447715 8.5 1 8.5V6.5ZM16.7071 8.20711C17.0976 7.81658 17.0976 7.18342 16.7071 6.79289L10.3431 0.428932C9.95262 0.0384078 9.31946 0.0384078 8.92893 0.428932C8.53841 0.819457 8.53841 1.45262 8.92893 1.84315L14.5858 7.5L8.92893 13.1569C8.53841 13.5474 8.53841 14.1805 8.92893 14.5711C9.31946 14.9616 9.95262 14.9616 10.3431 14.5711L16.7071 8.20711ZM1 7.5V8.5H8.5V7.5V6.5H1V7.5ZM8.5 7.5V8.5H16V7.5V6.5H8.5V7.5Z\" fill=\"white\"><\/path>\n<\/svg>\n\n                <\/i>\n            <\/div>\n            <\/div>\n<\/a>\n\n                <\/div>\n                            <div class=\"swiper-slide\">\n                    <a class=\"related-slider-card  trk-cta-img\" href=\"https:\/\/theplayoffs.news\/fr\/eurobasket\/ime-udoka-savoure-les-performances-dalperen-sengun-a-leurobasket\/\" title=\"Ime Udoka savoure les performances d&rsquo;Alperen Sengun &agrave; l&rsquo;EuroBasket\" data-cta-trk='{\"ctaType\":\"Image\",\"ctaSubType\":\"main\"}'>\n    <div class=\"related-slider-card__image\">\n        <img loading=\"lazy\" decoding=\"async\" width=\"600\" height=\"417\" src=\"https:\/\/theplayoffs.news\/fr\/wp-content\/uploads\/2025\/09\/Sengun-FIBA-2-600x417.jpg\" class=\"attachment-medium size-medium wp-post-image\" alt=\"Alperen Sengun EuroBasket Ime Udoka\" srcset=\"https:\/\/theplayoffs.news\/fr\/wp-content\/uploads\/2025\/09\/Sengun-FIBA-2-600x417.jpg 600w, https:\/\/theplayoffs.news\/fr\/wp-content\/uploads\/2025\/09\/Sengun-FIBA-2-1200x833.jpg 1200w, https:\/\/theplayoffs.news\/fr\/wp-content\/uploads\/2025\/09\/Sengun-FIBA-2-768x533.jpg 768w, https:\/\/theplayoffs.news\/fr\/wp-content\/uploads\/2025\/09\/Sengun-FIBA-2-1536x1066.jpg 1536w, https:\/\/theplayoffs.news\/fr\/wp-content\/uploads\/2025\/09\/Sengun-FIBA-2-1320x916.jpg 1320w, https:\/\/theplayoffs.news\/fr\/wp-content\/uploads\/2025\/09\/Sengun-FIBA-2.jpg 1920w\" sizes=\"auto, (max-width: 600px) 100vw, 600px\">\n                            <\/div>\n    <div class=\"related-slider-card__content\">\n        <div class=\"related-slider-card__content__tags\">\n                            <div class=\"related-slider-card__content__tags__category\">\n                    EuroBasket\n                <\/div>\n                        <div class=\"related-slider-card__content__tags__date\" data-dynamic-date=\"2025-09-12T17:57:16+02:00\">\n                12 septembre 2025\n            <\/div>\n        <\/div>\n        <div class=\"related-slider-card__content__title\">\n            Ime Udoka savoure les performances d&rsquo;Alperen Sengun &agrave; l&rsquo;EuroBasket\n        <\/div>\n                    <div class=\"related-slider-card__content__read-more\">\n                Voir plus\n                <i>\n                    <svg width=\"17\" height=\"15\" viewbox=\"0 0 17 15\" fill=\"none\" xmlns=\"http:\/\/www.w3.org\/2000\/svg\">\n<path d=\"M1 6.5C0.447715 6.5 0 6.94772 0 7.5C0 8.05228 0.447715 8.5 1 8.5V6.5ZM16.7071 8.20711C17.0976 7.81658 17.0976 7.18342 16.7071 6.79289L10.3431 0.428932C9.95262 0.0384078 9.31946 0.0384078 8.92893 0.428932C8.53841 0.819457 8.53841 1.45262 8.92893 1.84315L14.5858 7.5L8.92893 13.1569C8.53841 13.5474 8.53841 14.1805 8.92893 14.5711C9.31946 14.9616 9.95262 14.9616 10.3431 14.5711L16.7071 8.20711ZM1 7.5V8.5H8.5V7.5V6.5H1V7.5ZM8.5 7.5V8.5H16V7.5V6.5H8.5V7.5Z\" fill=\"white\"><\/path>\n<\/svg>\n\n                <\/i>\n            <\/div>\n            <\/div>\n<\/a>\n\n                <\/div>\n                            <div class=\"swiper-slide\">\n                    <a class=\"related-slider-card  trk-cta-img\" href=\"https:\/\/theplayoffs.news\/fr\/eurobasket\/eurobasket-alperen-sengun-encense-par-son-meneur\/\" title=\"EuroBasket : Alperen Sengun encens&eacute; par son meneur !\" data-cta-trk='{\"ctaType\":\"Image\",\"ctaSubType\":\"main\"}'>\n    <div class=\"related-slider-card__image\">\n        <img loading=\"lazy\" decoding=\"async\" width=\"600\" height=\"400\" src=\"https:\/\/theplayoffs.news\/fr\/wp-content\/uploads\/2025\/09\/Sengun-Larkin-600x400.jpg\" class=\"attachment-medium size-medium wp-post-image\" alt=\"Alperen Sengun, Shane Larkin, EuroBasket\" srcset=\"https:\/\/theplayoffs.news\/fr\/wp-content\/uploads\/2025\/09\/Sengun-Larkin-600x400.jpg 600w, https:\/\/theplayoffs.news\/fr\/wp-content\/uploads\/2025\/09\/Sengun-Larkin-768x512.jpg 768w, https:\/\/theplayoffs.news\/fr\/wp-content\/uploads\/2025\/09\/Sengun-Larkin.jpg 1200w\" sizes=\"auto, (max-width: 600px) 100vw, 600px\">\n                            <\/div>\n    <div class=\"related-slider-card__content\">\n        <div class=\"related-slider-card__content__tags\">\n                            <div class=\"related-slider-card__content__tags__category\">\n                    EuroBasket\n                <\/div>\n                        <div class=\"related-slider-card__content__tags__date\" data-dynamic-date=\"2025-09-10T19:44:09+02:00\">\n                10 septembre 2025\n            <\/div>\n        <\/div>\n        <div class=\"related-slider-card__content__title\">\n            EuroBasket : Alperen Sengun encens&eacute; par son meneur !\n        <\/div>\n                    <div class=\"related-slider-card__content__read-more\">\n                Voir plus\n                <i>\n                    <svg width=\"17\" height=\"15\" viewbox=\"0 0 17 15\" fill=\"none\" xmlns=\"http:\/\/www.w3.org\/2000\/svg\">\n<path d=\"M1 6.5C0.447715 6.5 0 6.94772 0 7.5C0 8.05228 0.447715 8.5 1 8.5V6.5ZM16.7071 8.20711C17.0976 7.81658 17.0976 7.18342 16.7071 6.79289L10.3431 0.428932C9.95262 0.0384078 9.31946 0.0384078 8.92893 0.428932C8.53841 0.819457 8.53841 1.45262 8.92893 1.84315L14.5858 7.5L8.92893 13.1569C8.53841 13.5474 8.53841 14.1805 8.92893 14.5711C9.31946 14.9616 9.95262 14.9616 10.3431 14.5711L16.7071 8.20711ZM1 7.5V8.5H8.5V7.5V6.5H1V7.5ZM8.5 7.5V8.5H16V7.5V6.5H8.5V7.5Z\" fill=\"white\"><\/path>\n<\/svg>\n\n                <\/i>\n            <\/div>\n            <\/div>\n<\/a>\n\n                <\/div>\n                            <div class=\"swiper-slide\">\n                    <a class=\"related-slider-card  trk-cta-img\" href=\"https:\/\/theplayoffs.news\/fr\/eurobasket\/eurobasket-les-cles-du-match-pour-l-equipe-de-france-face-a-la-pologne\/\" title=\"EuroBasket : les cl&eacute;s du match pour l&rsquo;Equipe de France face &agrave; la Pologne\" data-cta-trk='{\"ctaType\":\"Image\",\"ctaSubType\":\"main\"}'>\n    <div class=\"related-slider-card__image\">\n        <img loading=\"lazy\" decoding=\"async\" width=\"600\" height=\"400\" src=\"https:\/\/theplayoffs.news\/fr\/wp-content\/uploads\/2025\/09\/EDF-FIBA-600x400.jpg\" class=\"attachment-medium size-medium wp-post-image\" alt=\"Equipe de France EuroBasket Guerschon yabusele\" srcset=\"https:\/\/theplayoffs.news\/fr\/wp-content\/uploads\/2025\/09\/EDF-FIBA-600x400.jpg 600w, https:\/\/theplayoffs.news\/fr\/wp-content\/uploads\/2025\/09\/EDF-FIBA-1200x800.jpg 1200w, https:\/\/theplayoffs.news\/fr\/wp-content\/uploads\/2025\/09\/EDF-FIBA-768x512.jpg 768w, https:\/\/theplayoffs.news\/fr\/wp-content\/uploads\/2025\/09\/EDF-FIBA-1536x1024.jpg 1536w, https:\/\/theplayoffs.news\/fr\/wp-content\/uploads\/2025\/09\/EDF-FIBA-1320x880.jpg 1320w, https:\/\/theplayoffs.news\/fr\/wp-content\/uploads\/2025\/09\/EDF-FIBA.jpg 1920w\" sizes=\"auto, (max-width: 600px) 100vw, 600px\">\n                            <\/div>\n    <div class=\"related-slider-card__content\">\n        <div class=\"related-slider-card__content__tags\">\n                            <div class=\"related-slider-card__content__tags__category\">\n                    EuroBasket\n                <\/div>\n                        <div class=\"related-slider-card__content__tags__date\" data-dynamic-date=\"2025-09-02T17:35:43+02:00\">\n                2 septembre 2025\n            <\/div>\n        <\/div>\n        <div class=\"related-slider-card__content__title\">\n            EuroBasket : les cl&eacute;s du match pour l&rsquo;Equipe de France face &agrave; la Pologne\n        <\/div>\n                    <div class=\"related-slider-card__content__read-more\">\n                Voir plus\n                <i>\n                    <svg width=\"17\" height=\"15\" viewbox=\"0 0 17 15\" fill=\"none\" xmlns=\"http:\/\/www.w3.org\/2000\/svg\">\n<path d=\"M1 6.5C0.447715 6.5 0 6.94772 0 7.5C0 8.05228 0.447715 8.5 1 8.5V6.5ZM16.7071 8.20711C17.0976 7.81658 17.0976 7.18342 16.7071 6.79289L10.3431 0.428932C9.95262 0.0384078 9.31946 0.0384078 8.92893 0.428932C8.53841 0.819457 8.53841 1.45262 8.92893 1.84315L14.5858 7.5L8.92893 13.1569C8.53841 13.5474 8.53841 14.1805 8.92893 14.5711C9.31946 14.9616 9.95262 14.9616 10.3431 14.5711L16.7071 8.20711ZM1 7.5V8.5H8.5V7.5V6.5H1V7.5ZM8.5 7.5V8.5H16V7.5V6.5H8.5V7.5Z\" fill=\"white\"><\/path>\n<\/svg>\n\n                <\/i>\n            <\/div>\n            <\/div>\n<\/a>\n\n                <\/div>\n                    <\/div>\n    <\/div>\n<\/div><p>Si la rencontre promet sur le plan strictement sportif, elle s&rsquo;annonce &eacute;galement explosive au regard du contexte historique entre les deux nations, qui n&rsquo;ont plus crois&eacute; le fer depuis 2013 &agrave; <strong>l&rsquo;EuroBasket<\/strong>. Pour l&rsquo;heure, les Hell&egrave;nes dominent assez largement leur rival (5 victoires de suite, pour un bilan total de 6-2).<\/p><p>D&rsquo;un point de vue comptable, <strong>Gr&egrave;ce <\/strong>et <strong>Turquie <\/strong>courent apr&egrave;s leur premi&egrave;re m&eacute;daille internationale depuis un petit moment ! 2006 pour l&rsquo;une et 2001 pour l&rsquo;autre. Au del&agrave; de l&rsquo;enjeu sportif et historique, ces deux grandes nations de basket auront &agrave; c&oelig;ur de mettre fin &agrave; cette disette !<\/p><p>En outre, notons &eacute;galement que ce match sera l&rsquo;occasion de voir une nouvelle confrontation entre meneurs naturalis&eacute;s avec d&rsquo;un c&ocirc;t&eacute; le grec <strong>Tyler Dorsey<\/strong> et de l&rsquo;autre, le turc <strong>Shane Larkin<\/strong>. Une chose est s&ucirc;re, la plan&egrave;te basket aura les yeux riv&eacute;s sur <strong>Riga <\/strong>d&egrave;s 20H ce vendredi !<\/p><p>Les statistiques <strong>d&rsquo;Alperen Sengun<\/strong> sur cet EuroBasket : 21.6 points\/ 10.9 rebonds\/ 7.1 passes d&eacute;cisives<\/p><p>Les statistiques de <strong>Giannis Antetokounmpo<\/strong> sur cet EuroBasket : 29.8 points\/ 9 rebonds\/ 3.6 passes d&eacute;cisives<\/p><p>Cr&eacute;dit : &copy; Troy Taormina-Imagn Images<\/p>\n","protected":false},"excerpt":{"rendered":"","protected":false},"author":180310274,"featured_media":1501237,"comment_status":"closed","ping_status":"closed","sticky":false,"template":"","format":"standard","meta":{"inline_featured_image":false,"kia_subtitle":"","_mux_skip_reasons":[],"proofreadBy":0,"footnotes":""},"categories":[8232],"tags":[5262,8227,2109,7480,8961],"sport":[],"saison":[],"class_list":["post-1501216","post","type-post","status-publish","format-standard","has-post-thumbnail","hentry","category-eurobasket","tag-alperen-sengun","tag-eurobasket-2025","tag-giannis-antetokounmpo","tag-grece","tag-turquie"],"acf":[],"yoast_head":"<!-- This site is optimized with the Yoast SEO plugin v24.2 - https:\/\/yoast.com\/wordpress\/plugins\/seo\/ -->\n<title>Alperen Sengun vs Giannis Antetokounmpo, deux monstres pour une place en finale de l&#039;Euro !<\/title>\n<meta name=\"description\" content=\"Choc de titans en demi-finale de l&#039;EuroBasket ! La Turquie d&#039;Alperen Sengun affronte la Gr&egrave;ce de Giannis Antetokounmpo ce vendredi &agrave; Riga.\" \/>\n<meta name=\"robots\" content=\"index, follow, max-snippet:-1, max-image-preview:large, max-video-preview:-1\" \/>\n<link rel=\"canonical\" href=\"https:\/\/theplayoffs.news\/fr\/eurobasket\/giannis-sengun-eurobasket\/\" \/>\n<meta property=\"og:locale\" content=\"fr_FR\" \/>\n<meta property=\"og:type\" content=\"article\" \/>\n<meta property=\"og:title\" content=\"Alperen Sengun vs Giannis Antetokounmpo, deux monstres pour une place en finale de l&#039;Euro !\" \/>\n<meta property=\"og:description\" content=\"Choc de titans en demi-finale de l&#039;EuroBasket ! La Turquie d&#039;Alperen Sengun affronte la Gr&egrave;ce de Giannis Antetokounmpo ce vendredi &agrave; Riga.\" \/>\n<meta property=\"og:url\" content=\"https:\/\/theplayoffs.news\/fr\/eurobasket\/giannis-sengun-eurobasket\/\" \/>\n<meta property=\"og:site_name\" content=\"The Playoffs FR\" \/>\n<meta property=\"article:publisher\" content=\"https:\/\/www.facebook.com\/TheFreeAgentFR\/\" \/>\n<meta property=\"article:modified_time\" content=\"2025-09-12T12:51:17+02:00\" \/>\n<meta property=\"og:image\" content=\"https:\/\/theplayoffs.news\/fr\/wp-content\/uploads\/2025\/09\/USATSI_25515109_168402440_lowres.jpg\" \/>\n\t<meta property=\"og:image:width\" content=\"1920\" \/>\n\t<meta property=\"og:image:height\" content=\"1264\" \/>\n\t<meta property=\"og:image:type\" content=\"image\/jpeg\" \/>\n<meta name=\"author\" content=\"Alvin Tourdes\" \/>\n<meta name=\"twitter:card\" content=\"summary_large_image\" \/>\n<meta name=\"twitter:creator\" content=\"@TheFreeAgentFR\" \/>\n<meta name=\"twitter:site\" content=\"@TheFreeAgentFR\" \/>\n<meta name=\"twitter:label1\" content=\"\u00c9crit par\" \/>\n\t<meta name=\"twitter:data1\" content=\"Alvin Tourdes\" \/>\n\t<meta name=\"twitter:label2\" content=\"Dur\u00e9e de lecture estim\u00e9e\" \/>\n\t<meta name=\"twitter:data2\" content=\"3 minutes\" \/>\n<script type=\"application\/ld+json\" class=\"yoast-schema-graph\">{\"@context\":\"https:\/\/schema.org\",\"@graph\":[{\"@type\":\"WebPage\",\"@id\":\"https:\/\/theplayoffs.news\/fr\/eurobasket\/giannis-sengun-eurobasket\/\",\"url\":\"https:\/\/theplayoffs.news\/fr\/eurobasket\/giannis-sengun-eurobasket\/\",\"name\":\"Alperen Sengun vs Giannis Antetokounmpo, deux monstres pour une place en finale de l\\\\'Euro !\",\"isPartOf\":{\"@id\":\"https:\/\/theplayoffs.news\/fr\/#website\"},\"primaryImageOfPage\":{\"@id\":\"https:\/\/theplayoffs.news\/fr\/eurobasket\/giannis-sengun-eurobasket\/#primaryimage\"},\"image\":{\"@id\":\"https:\/\/theplayoffs.news\/fr\/eurobasket\/giannis-sengun-eurobasket\/#primaryimage\"},\"thumbnailUrl\":\"https:\/\/theplayoffs.news\/fr\/wp-content\/uploads\/2025\/09\/USATSI_25515109_168402440_lowres.jpg\",\"datePublished\":\"2025-09-12T10:51:11+00:00\",\"dateModified\":\"2025-09-12T10:51:17+00:00\",\"author\":{\"@id\":\"https:\/\/theplayoffs.news\/fr\/#\/schema\/person\/60ebe784567388a1a222e0c302c1c514\"},\"description\":\"Choc de titans en demi-finale de l\\\\'EuroBasket ! La Turquie d\\\\'Alperen Sengun affronte la Gr\u00e8ce de Giannis Antetokounmpo ce vendredi \u00e0 Riga.\",\"breadcrumb\":{\"@id\":\"https:\/\/theplayoffs.news\/fr\/eurobasket\/giannis-sengun-eurobasket\/#breadcrumb\"},\"inLanguage\":\"fr-FR\",\"potentialAction\":[{\"@type\":\"ReadAction\",\"target\":[\"https:\/\/theplayoffs.news\/fr\/eurobasket\/giannis-sengun-eurobasket\/\"]}]},{\"@type\":\"ImageObject\",\"inLanguage\":\"fr-FR\",\"@id\":\"https:\/\/theplayoffs.news\/fr\/eurobasket\/giannis-sengun-eurobasket\/#primaryimage\",\"url\":\"https:\/\/theplayoffs.news\/fr\/wp-content\/uploads\/2025\/09\/USATSI_25515109_168402440_lowres.jpg\",\"contentUrl\":\"https:\/\/theplayoffs.news\/fr\/wp-content\/uploads\/2025\/09\/USATSI_25515109_168402440_lowres.jpg\",\"width\":1920,\"height\":1264,\"caption\":\"Giannis Antetokounmpo, Alperen Sengun, Turquie, Gr\u00e8ce, EuroBasket\"},{\"@type\":\"BreadcrumbList\",\"@id\":\"https:\/\/theplayoffs.news\/fr\/eurobasket\/giannis-sengun-eurobasket\/#breadcrumb\",\"itemListElement\":[{\"@type\":\"ListItem\",\"position\":1,\"name\":\"Accueil\",\"item\":\"https:\/\/theplayoffs.news\/fr\/\"},{\"@type\":\"ListItem\",\"position\":2,\"name\":\"EuroBasket : Sengun vs Giannis, deux monstres pour une place en finale\"}]},{\"@type\":\"WebSite\",\"@id\":\"https:\/\/theplayoffs.news\/fr\/#website\",\"url\":\"https:\/\/theplayoffs.news\/fr\/\",\"name\":\"The Playoffs FR\",\"description\":\"NBA-NFL-NHL-MLB\",\"potentialAction\":[{\"@type\":\"SearchAction\",\"target\":{\"@type\":\"EntryPoint\",\"urlTemplate\":\"https:\/\/theplayoffs.news\/fr\/?s={search_term_string}\"},\"query-input\":{\"@type\":\"PropertyValueSpecification\",\"valueRequired\":true,\"valueName\":\"search_term_string\"}}],\"inLanguage\":\"fr-FR\"},{\"@type\":\"Person\",\"@id\":\"https:\/\/theplayoffs.news\/fr\/#\/schema\/person\/60ebe784567388a1a222e0c302c1c514\",\"name\":\"Alvin Tourdes\",\"image\":{\"@type\":\"ImageObject\",\"inLanguage\":\"fr-FR\",\"@id\":\"https:\/\/theplayoffs.news\/fr\/#\/schema\/person\/image\/\",\"url\":\"https:\/\/secure.gravatar.com\/avatar\/5e85bdfb29cd7e652130a9539636b182dff1b3578a259497a7a37e3944f4fe0a?s=96&d=mm&r=g\",\"contentUrl\":\"https:\/\/secure.gravatar.com\/avatar\/5e85bdfb29cd7e652130a9539636b182dff1b3578a259497a7a37e3944f4fe0a?s=96&d=mm&r=g\",\"caption\":\"Alvin Tourdes\"},\"url\":\"https:\/\/theplayoffs.news\/fr\/author\/alvin\/\"}]}<\/script>\n<!-- \/ Yoast SEO plugin. -->","yoast_head_json":{"title":"Alperen Sengun vs Giannis Antetokounmpo, deux monstres pour une place en finale de l&#039;Euro !","description":"Choc de titans en demi-finale de l&#039;EuroBasket ! La Turquie d&#039;Alperen Sengun affronte la Gr&egrave;ce de Giannis Antetokounmpo ce vendredi &agrave; Riga.","robots":{"index":"index","follow":"follow","max-snippet":"max-snippet:-1","max-image-preview":"max-image-preview:large","max-video-preview":"max-video-preview:-1"},"canonical":"https:\/\/theplayoffs.news\/fr\/eurobasket\/giannis-sengun-eurobasket\/","og_locale":"fr_FR","og_type":"article","og_title":"Alperen Sengun vs Giannis Antetokounmpo, deux monstres pour une place en finale de l&#039;Euro !","og_description":"Choc de titans en demi-finale de l&#039;EuroBasket ! La Turquie d&#039;Alperen Sengun affronte la Gr&egrave;ce de Giannis Antetokounmpo ce vendredi &agrave; Riga.","og_url":"https:\/\/theplayoffs.news\/fr\/eurobasket\/giannis-sengun-eurobasket\/","og_site_name":"The Playoffs FR","article_publisher":"https:\/\/www.facebook.com\/TheFreeAgentFR\/","article_modified_time":"2025-09-12T10:51:17+00:00","og_image":[{"width":1920,"height":1264,"url":"https:\/\/theplayoffs.news\/fr\/wp-content\/uploads\/2025\/09\/USATSI_25515109_168402440_lowres.jpg","type":"image\/jpeg"}],"author":"Alvin Tourdes","twitter_card":"summary_large_image","twitter_creator":"@TheFreeAgentFR","twitter_site":"@TheFreeAgentFR","twitter_misc":{"\u00c9crit par":"Alvin Tourdes","Dur\u00e9e de lecture estim\u00e9e":"3 minutes"},"schema":{"@context":"https:\/\/schema.org","@graph":[{"@type":"WebPage","@id":"https:\/\/theplayoffs.news\/fr\/eurobasket\/giannis-sengun-eurobasket\/","url":"https:\/\/theplayoffs.news\/fr\/eurobasket\/giannis-sengun-eurobasket\/","name":"Alperen Sengun vs Giannis Antetokounmpo, deux monstres pour une place en finale de l\\'Euro !","isPartOf":{"@id":"https:\/\/theplayoffs.news\/fr\/#website"},"primaryImageOfPage":{"@id":"https:\/\/theplayoffs.news\/fr\/eurobasket\/giannis-sengun-eurobasket\/#primaryimage"},"image":{"@id":"https:\/\/theplayoffs.news\/fr\/eurobasket\/giannis-sengun-eurobasket\/#primaryimage"},"thumbnailUrl":"https:\/\/theplayoffs.news\/fr\/wp-content\/uploads\/2025\/09\/USATSI_25515109_168402440_lowres.jpg","datePublished":"2025-09-12T10:51:11+00:00","dateModified":"2025-09-12T10:51:17+00:00","author":{"@id":"https:\/\/theplayoffs.news\/fr\/#\/schema\/person\/60ebe784567388a1a222e0c302c1c514"},"description":"Choc de titans en demi-finale de l\\'EuroBasket ! La Turquie d\\'Alperen Sengun affronte la Gr\u00e8ce de Giannis Antetokounmpo ce vendredi \u00e0 Riga.","breadcrumb":{"@id":"https:\/\/theplayoffs.news\/fr\/eurobasket\/giannis-sengun-eurobasket\/#breadcrumb"},"inLanguage":"fr-FR","potentialAction":[{"@type":"ReadAction","target":["https:\/\/theplayoffs.news\/fr\/eurobasket\/giannis-sengun-eurobasket\/"]}]},{"@type":"ImageObject","inLanguage":"fr-FR","@id":"https:\/\/theplayoffs.news\/fr\/eurobasket\/giannis-sengun-eurobasket\/#primaryimage","url":"https:\/\/theplayoffs.news\/fr\/wp-content\/uploads\/2025\/09\/USATSI_25515109_168402440_lowres.jpg","contentUrl":"https:\/\/theplayoffs.news\/fr\/wp-content\/uploads\/2025\/09\/USATSI_25515109_168402440_lowres.jpg","width":1920,"height":1264,"caption":"Giannis Antetokounmpo, Alperen Sengun, Turquie, Gr\u00e8ce, EuroBasket"},{"@type":"BreadcrumbList","@id":"https:\/\/theplayoffs.news\/fr\/eurobasket\/giannis-sengun-eurobasket\/#breadcrumb","itemListElement":[{"@type":"ListItem","position":1,"name":"Accueil","item":"https:\/\/theplayoffs.news\/fr\/"},{"@type":"ListItem","position":2,"name":"EuroBasket : Sengun vs Giannis, deux monstres pour une place en finale"}]},{"@type":"WebSite","@id":"https:\/\/theplayoffs.news\/fr\/#website","url":"https:\/\/theplayoffs.news\/fr\/","name":"The Playoffs FR","description":"NBA-NFL-NHL-MLB","potentialAction":[{"@type":"SearchAction","target":{"@type":"EntryPoint","urlTemplate":"https:\/\/theplayoffs.news\/fr\/?s={search_term_string}"},"query-input":{"@type":"PropertyValueSpecification","valueRequired":true,"valueName":"search_term_string"}}],"inLanguage":"fr-FR"},{"@type":"Person","@id":"https:\/\/theplayoffs.news\/fr\/#\/schema\/person\/60ebe784567388a1a222e0c302c1c514","name":"Alvin Tourdes","image":{"@type":"ImageObject","inLanguage":"fr-FR","@id":"https:\/\/theplayoffs.news\/fr\/#\/schema\/person\/image\/","url":"https:\/\/secure.gravatar.com\/avatar\/5e85bdfb29cd7e652130a9539636b182dff1b3578a259497a7a37e3944f4fe0a?s=96&d=mm&r=g","contentUrl":"https:\/\/secure.gravatar.com\/avatar\/5e85bdfb29cd7e652130a9539636b182dff1b3578a259497a7a37e3944f4fe0a?s=96&d=mm&r=g","caption":"Alvin Tourdes"},"url":"https:\/\/theplayoffs.news\/fr\/author\/alvin\/"}]}},"_links":{"self":[{"href":"https:\/\/theplayoffs.news\/fr\/wp-json\/wp\/v2\/posts\/1501216","targetHints":{"allow":["GET"]}}],"collection":[{"href":"https:\/\/theplayoffs.news\/fr\/wp-json\/wp\/v2\/posts"}],"about":[{"href":"https:\/\/theplayoffs.news\/fr\/wp-json\/wp\/v2\/types\/post"}],"author":[{"embeddable":true,"href":"https:\/\/theplayoffs.news\/fr\/wp-json\/wp\/v2\/users\/180310274"}],"replies":[{"embeddable":true,"href":"https:\/\/theplayoffs.news\/fr\/wp-json\/wp\/v2\/comments?post=1501216"}],"version-history":[{"count":7,"href":"https:\/\/theplayoffs.news\/fr\/wp-json\/wp\/v2\/posts\/1501216\/revisions"}],"predecessor-version":[{"id":1501258,"href":"https:\/\/theplayoffs.news\/fr\/wp-json\/wp\/v2\/posts\/1501216\/revisions\/1501258"}],"wp:featuredmedia":[{"embeddable":true,"href":"https:\/\/theplayoffs.news\/fr\/wp-json\/wp\/v2\/media\/1501237"}],"wp:attachment":[{"href":"https:\/\/theplayoffs.news\/fr\/wp-json\/wp\/v2\/media?parent=1501216"}],"wp:term":[{"taxonomy":"category","embeddable":true,"href":"https:\/\/theplayoffs.news\/fr\/wp-json\/wp\/v2\/categories?post=1501216"},{"taxonomy":"post_tag","embeddable":true,"href":"https:\/\/theplayoffs.news\/fr\/wp-json\/wp\/v2\/tags?post=1501216"},{"taxonomy":"sport","embeddable":true,"href":"https:\/\/theplayoffs.news\/fr\/wp-json\/wp\/v2\/sport?post=1501216"},{"taxonomy":"saison","embeddable":true,"href":"https:\/\/theplayoffs.news\/fr\/wp-json\/wp\/v2\/saison?post=1501216"}],"curies":[{"name":"wp","href":"https:\/\/api.w.org\/{rel}","templated":true}]}}