{"id":1501068,"date":"2025-09-10T13:19:15","date_gmt":"2025-09-10T11:19:15","guid":{"rendered":"https:\/\/theplayoffs.news\/fr\/uncategorized\/\/"},"modified":"2025-09-10T19:44:09","modified_gmt":"2025-09-10T17:44:09","slug":"eurobasket-alperen-sengun-encense-par-son-meneur","status":"publish","type":"post","link":"https:\/\/theplayoffs.news\/fr\/eurobasket\/eurobasket-alperen-sengun-encense-par-son-meneur\/","title":{"rendered":"EuroBasket : Alperen Sengun encens\u00e9 par son meneur !"},"content":{"rendered":"<p>Vainqueur de la <strong>Pologne <\/strong>hier apr&egrave;s-midi, la <strong>Turquie <\/strong>retrouve le dernier carr&eacute; de <strong>l&rsquo;EuroBasket <\/strong>pour la premi&egrave;re fois depuis 2001. Une performance rendue possible par le niveau stratosph&eacute;rique affich&eacute; par <a href=\"https:\/\/www.fiba.basketball\/en\/events\/fiba-eurobasket-2025\/teams\/turkiye\/253997-alperen-sengun\" class=\"trk-cta-link\" data-cta-trk='{\"ctaType\":\"Link\",\"ctaSubType\":\"main\"}'><strong>Alperen Sengun<\/strong><\/a>. Son co&eacute;quipier, <strong>Shane Larkin<\/strong>, ne tarit pas d&rsquo;&eacute;loges &agrave; son sujet.<\/p><blockquote class=\"wp-block-quote is-layout-flow wp-block-quote-is-layout-flow\">\n<p>J&rsquo;ai l&rsquo;impression qu&rsquo;Alpi est en train de franchir un nouveau cap. Je pense qu&rsquo;il a assum&eacute; les attentes et les responsabilit&eacute;s qui lui incombent, et qu&rsquo;il s&rsquo;est solidement impos&eacute; comme l&rsquo;un des meilleurs joueurs au monde : dans le top 15, le top 20, peu importe, disons le top 10. <\/p>\n<\/blockquote><p>Le pivot des <strong>Rockets <\/strong>est devenu hier le sixi&egrave;me joueur de l&rsquo;histoire &agrave; r&eacute;aliser un triple double dans cette comp&eacute;tition, et le plus jeune en prime ! Une prestation magnifi&eacute;e par quelques inspirations g&eacute;niales, comme cette passe aveugle sortie de nulle part. <\/p><figure class=\"wp-block-embed is-type-rich is-provider-twitter wp-block-embed-twitter\"><div class=\"wp-block-embed__wrapper\">\n<blockquote class=\"twitter-tweet\" data-width=\"500\" data-dnt=\"true\"><p lang=\"en\" dir=\"ltr\">ALPEREN SENGUN ARE YOU JOKING &#129327;&#129327;&#129327;<br><br>AN UNBELIEVABLE NO-LOOK BEHIND-THE-BACK PASS &#8252;&#65039;<br><br>Watch all the <a href=\"https:\/\/twitter.com\/EuroBasket?ref_src=twsrc%5Etfw\" class=\"trk-cta-link\" data-cta-trk='{\"ctaType\":\"Link\",\"ctaSubType\":\"main\"}'>@EuroBasket<\/a> action live on <a href=\"https:\/\/twitter.com\/courtside1891?ref_src=twsrc%5Etfw\" class=\"trk-cta-link\" data-cta-trk='{\"ctaType\":\"Link\",\"ctaSubType\":\"main\"}'>@courtside1891<\/a>: <a href=\"https:\/\/t.co\/fPC0xWqtRn\" class=\"trk-cta-link\" data-cta-trk='{\"ctaType\":\"Link\",\"ctaSubType\":\"main\"}'>https:\/\/t.co\/fPC0xWqtRn<\/a><a href=\"https:\/\/t.co\/E1cNpBdaK0\" class=\"trk-cta-link\" data-cta-trk='{\"ctaType\":\"Link\",\"ctaSubType\":\"main\"}'>pic.twitter.com\/E1cNpBdaK0<\/a><\/p>&mdash; NBA (@NBA) <a href=\"https:\/\/twitter.com\/NBA\/status\/1965435252123599213?ref_src=twsrc%5Etfw\" class=\"trk-cta-link\" data-cta-trk='{\"ctaType\":\"Link\",\"ctaSubType\":\"main\"}'>September 9, 2025<\/a><\/blockquote><script async src=\"https:\/\/platform.twitter.com\/widgets.js\" charset=\"utf-8\"><\/script>\n<\/div><\/figure><p>D&eacute;j&agrave; tombeuse de la Serbie en poule, la s&eacute;lection Turque s&rsquo;est impos&eacute;e au fil du tournoi comme un pr&eacute;tendant cr&eacute;dible &agrave; la victoire finale. Pour Larkin, pas de doute, s&rsquo;ils en sont l&agrave;, c&rsquo;est gr&acirc;ce &agrave; leur num&eacute;ro 23, un vrai leader par l&rsquo;exemple.<\/p><blockquote class=\"wp-block-quote is-layout-flow wp-block-quote-is-layout-flow\">\n<p>Maintenant, il faut simplement &ecirc;tre pr&eacute;sent chaque soir et &ecirc;tre constant. C&rsquo;est notre septi&egrave;me match, et il a &eacute;t&eacute; l&agrave; &agrave; chaque fois, aux points, aux rebonds, &agrave; la passe et en d&eacute;fense, o&ugrave; il a r&eacute;alis&eacute; de gros stops. [&hellip;] Je pense qu&rsquo;il s&rsquo;est hiss&eacute; au niveau des meilleurs joueurs, a poursuivi Larkin. Nous allons continuer &agrave; le soutenir et &agrave; lui donner confiance. J&rsquo;esp&egrave;re qu&rsquo;il pourra continuer &agrave; nous porter et que nous pourrons accomplir de grandes choses.<\/p>\n<\/blockquote><div class=\"related-slider related-slider--loading\">\n    <div class=\"related-slider__header\">\n        <div class=\"related-slider__header__title\">Vous aimerez aussi<\/div>\n        <div class=\"related-slider__header__buttons\">\n            <div class=\"swiper-button-prev\"><\/div>\n            <div class=\"swiper-button-next\"><\/div>\n        <\/div>\n    <\/div>\n    <div class=\"swiper-container\">\n        <div class=\"swiper-wrapper\">\n                            <div class=\"swiper-slide\">\n                    <a class=\"related-slider-card  trk-cta-img\" href=\"https:\/\/theplayoffs.news\/fr\/eurobasket\/eurobasket-dennis-schroder-et-isaac-bonga-heros-dune-allemagne-au-sommet\/\" title=\"EuroBasket : Dennis Schr&ouml;der et Isaac Bonga, h&eacute;ros d&rsquo;une Allemagne au sommet !\" data-cta-trk='{\"ctaType\":\"Image\",\"ctaSubType\":\"main\"}'>\n    <div class=\"related-slider-card__image\">\n        <img loading=\"lazy\" decoding=\"async\" width=\"600\" height=\"400\" src=\"https:\/\/theplayoffs.news\/fr\/wp-content\/uploads\/2025\/09\/USATSI_23895404_168402440_lowres-600x400.jpg\" class=\"attachment-medium size-medium wp-post-image\" alt=\"Dennis Schroder, Allemagne\" srcset=\"https:\/\/theplayoffs.news\/fr\/wp-content\/uploads\/2025\/09\/USATSI_23895404_168402440_lowres-600x400.jpg 600w, https:\/\/theplayoffs.news\/fr\/wp-content\/uploads\/2025\/09\/USATSI_23895404_168402440_lowres-1200x800.jpg 1200w, https:\/\/theplayoffs.news\/fr\/wp-content\/uploads\/2025\/09\/USATSI_23895404_168402440_lowres-768x512.jpg 768w, https:\/\/theplayoffs.news\/fr\/wp-content\/uploads\/2025\/09\/USATSI_23895404_168402440_lowres-1536x1024.jpg 1536w, https:\/\/theplayoffs.news\/fr\/wp-content\/uploads\/2025\/09\/USATSI_23895404_168402440_lowres-1320x880.jpg 1320w, https:\/\/theplayoffs.news\/fr\/wp-content\/uploads\/2025\/09\/USATSI_23895404_168402440_lowres.jpg 1920w\" sizes=\"auto, (max-width: 600px) 100vw, 600px\">\n                            <\/div>\n    <div class=\"related-slider-card__content\">\n        <div class=\"related-slider-card__content__tags\">\n                            <div class=\"related-slider-card__content__tags__category\">\n                    EuroBasket\n                <\/div>\n                        <div class=\"related-slider-card__content__tags__date\" data-dynamic-date=\"2025-09-15T11:03:12+02:00\">\n                15 septembre 2025\n            <\/div>\n        <\/div>\n        <div class=\"related-slider-card__content__title\">\n            EuroBasket : Dennis Schr&ouml;der et Isaac Bonga, h&eacute;ros d&rsquo;une Allemagne au sommet !\n        <\/div>\n                    <div class=\"related-slider-card__content__read-more\">\n                Voir plus\n                <i>\n                    <svg width=\"17\" height=\"15\" viewbox=\"0 0 17 15\" fill=\"none\" xmlns=\"http:\/\/www.w3.org\/2000\/svg\">\n<path d=\"M1 6.5C0.447715 6.5 0 6.94772 0 7.5C0 8.05228 0.447715 8.5 1 8.5V6.5ZM16.7071 8.20711C17.0976 7.81658 17.0976 7.18342 16.7071 6.79289L10.3431 0.428932C9.95262 0.0384078 9.31946 0.0384078 8.92893 0.428932C8.53841 0.819457 8.53841 1.45262 8.92893 1.84315L14.5858 7.5L8.92893 13.1569C8.53841 13.5474 8.53841 14.1805 8.92893 14.5711C9.31946 14.9616 9.95262 14.9616 10.3431 14.5711L16.7071 8.20711ZM1 7.5V8.5H8.5V7.5V6.5H1V7.5ZM8.5 7.5V8.5H16V7.5V6.5H8.5V7.5Z\" fill=\"white\"><\/path>\n<\/svg>\n\n                <\/i>\n            <\/div>\n            <\/div>\n<\/a>\n\n                <\/div>\n                            <div class=\"swiper-slide\">\n                    <a class=\"related-slider-card  trk-cta-img\" href=\"https:\/\/theplayoffs.news\/fr\/eurobasket\/ime-udoka-savoure-les-performances-dalperen-sengun-a-leurobasket\/\" title=\"Ime Udoka savoure les performances d&rsquo;Alperen Sengun &agrave; l&rsquo;EuroBasket\" data-cta-trk='{\"ctaType\":\"Image\",\"ctaSubType\":\"main\"}'>\n    <div class=\"related-slider-card__image\">\n        <img loading=\"lazy\" decoding=\"async\" width=\"600\" height=\"417\" src=\"https:\/\/theplayoffs.news\/fr\/wp-content\/uploads\/2025\/09\/Sengun-FIBA-2-600x417.jpg\" class=\"attachment-medium size-medium wp-post-image\" alt=\"Alperen Sengun EuroBasket Ime Udoka\" srcset=\"https:\/\/theplayoffs.news\/fr\/wp-content\/uploads\/2025\/09\/Sengun-FIBA-2-600x417.jpg 600w, https:\/\/theplayoffs.news\/fr\/wp-content\/uploads\/2025\/09\/Sengun-FIBA-2-1200x833.jpg 1200w, https:\/\/theplayoffs.news\/fr\/wp-content\/uploads\/2025\/09\/Sengun-FIBA-2-768x533.jpg 768w, https:\/\/theplayoffs.news\/fr\/wp-content\/uploads\/2025\/09\/Sengun-FIBA-2-1536x1066.jpg 1536w, https:\/\/theplayoffs.news\/fr\/wp-content\/uploads\/2025\/09\/Sengun-FIBA-2-1320x916.jpg 1320w, https:\/\/theplayoffs.news\/fr\/wp-content\/uploads\/2025\/09\/Sengun-FIBA-2.jpg 1920w\" sizes=\"auto, (max-width: 600px) 100vw, 600px\">\n                            <\/div>\n    <div class=\"related-slider-card__content\">\n        <div class=\"related-slider-card__content__tags\">\n                            <div class=\"related-slider-card__content__tags__category\">\n                    EuroBasket\n                <\/div>\n                        <div class=\"related-slider-card__content__tags__date\" data-dynamic-date=\"2025-09-12T17:57:16+02:00\">\n                12 septembre 2025\n            <\/div>\n        <\/div>\n        <div class=\"related-slider-card__content__title\">\n            Ime Udoka savoure les performances d&rsquo;Alperen Sengun &agrave; l&rsquo;EuroBasket\n        <\/div>\n                    <div class=\"related-slider-card__content__read-more\">\n                Voir plus\n                <i>\n                    <svg width=\"17\" height=\"15\" viewbox=\"0 0 17 15\" fill=\"none\" xmlns=\"http:\/\/www.w3.org\/2000\/svg\">\n<path d=\"M1 6.5C0.447715 6.5 0 6.94772 0 7.5C0 8.05228 0.447715 8.5 1 8.5V6.5ZM16.7071 8.20711C17.0976 7.81658 17.0976 7.18342 16.7071 6.79289L10.3431 0.428932C9.95262 0.0384078 9.31946 0.0384078 8.92893 0.428932C8.53841 0.819457 8.53841 1.45262 8.92893 1.84315L14.5858 7.5L8.92893 13.1569C8.53841 13.5474 8.53841 14.1805 8.92893 14.5711C9.31946 14.9616 9.95262 14.9616 10.3431 14.5711L16.7071 8.20711ZM1 7.5V8.5H8.5V7.5V6.5H1V7.5ZM8.5 7.5V8.5H16V7.5V6.5H8.5V7.5Z\" fill=\"white\"><\/path>\n<\/svg>\n\n                <\/i>\n            <\/div>\n            <\/div>\n<\/a>\n\n                <\/div>\n                            <div class=\"swiper-slide\">\n                    <a class=\"related-slider-card  trk-cta-img\" href=\"https:\/\/theplayoffs.news\/fr\/eurobasket\/giannis-sengun-eurobasket\/\" title=\"EuroBasket : Sengun vs Giannis, deux monstres pour une place en finale\" data-cta-trk='{\"ctaType\":\"Image\",\"ctaSubType\":\"main\"}'>\n    <div class=\"related-slider-card__image\">\n        <img loading=\"lazy\" decoding=\"async\" width=\"600\" height=\"395\" src=\"https:\/\/theplayoffs.news\/fr\/wp-content\/uploads\/2025\/09\/USATSI_25515109_168402440_lowres-600x395.jpg\" class=\"attachment-medium size-medium wp-post-image\" alt=\"Giannis Antetokounmpo, Alperen Sengun, Turquie, Gr&egrave;ce, EuroBasket\" srcset=\"https:\/\/theplayoffs.news\/fr\/wp-content\/uploads\/2025\/09\/USATSI_25515109_168402440_lowres-600x395.jpg 600w, https:\/\/theplayoffs.news\/fr\/wp-content\/uploads\/2025\/09\/USATSI_25515109_168402440_lowres-1200x790.jpg 1200w, https:\/\/theplayoffs.news\/fr\/wp-content\/uploads\/2025\/09\/USATSI_25515109_168402440_lowres-768x506.jpg 768w, https:\/\/theplayoffs.news\/fr\/wp-content\/uploads\/2025\/09\/USATSI_25515109_168402440_lowres-1536x1011.jpg 1536w, https:\/\/theplayoffs.news\/fr\/wp-content\/uploads\/2025\/09\/USATSI_25515109_168402440_lowres-1320x869.jpg 1320w, https:\/\/theplayoffs.news\/fr\/wp-content\/uploads\/2025\/09\/USATSI_25515109_168402440_lowres.jpg 1920w\" sizes=\"auto, (max-width: 600px) 100vw, 600px\">\n                            <\/div>\n    <div class=\"related-slider-card__content\">\n        <div class=\"related-slider-card__content__tags\">\n                            <div class=\"related-slider-card__content__tags__category\">\n                    EuroBasket\n                <\/div>\n                        <div class=\"related-slider-card__content__tags__date\" data-dynamic-date=\"2025-09-12T12:51:17+02:00\">\n                12 septembre 2025\n            <\/div>\n        <\/div>\n        <div class=\"related-slider-card__content__title\">\n            EuroBasket : Sengun vs Giannis, deux monstres pour une place en finale\n        <\/div>\n                    <div class=\"related-slider-card__content__read-more\">\n                Voir plus\n                <i>\n                    <svg width=\"17\" height=\"15\" viewbox=\"0 0 17 15\" fill=\"none\" xmlns=\"http:\/\/www.w3.org\/2000\/svg\">\n<path d=\"M1 6.5C0.447715 6.5 0 6.94772 0 7.5C0 8.05228 0.447715 8.5 1 8.5V6.5ZM16.7071 8.20711C17.0976 7.81658 17.0976 7.18342 16.7071 6.79289L10.3431 0.428932C9.95262 0.0384078 9.31946 0.0384078 8.92893 0.428932C8.53841 0.819457 8.53841 1.45262 8.92893 1.84315L14.5858 7.5L8.92893 13.1569C8.53841 13.5474 8.53841 14.1805 8.92893 14.5711C9.31946 14.9616 9.95262 14.9616 10.3431 14.5711L16.7071 8.20711ZM1 7.5V8.5H8.5V7.5V6.5H1V7.5ZM8.5 7.5V8.5H16V7.5V6.5H8.5V7.5Z\" fill=\"white\"><\/path>\n<\/svg>\n\n                <\/i>\n            <\/div>\n            <\/div>\n<\/a>\n\n                <\/div>\n                            <div class=\"swiper-slide\">\n                    <a class=\"related-slider-card  trk-cta-img\" href=\"https:\/\/theplayoffs.news\/fr\/eurobasket\/eurobasket-les-cles-du-match-pour-l-equipe-de-france-face-a-la-pologne\/\" title=\"EuroBasket : les cl&eacute;s du match pour l&rsquo;Equipe de France face &agrave; la Pologne\" data-cta-trk='{\"ctaType\":\"Image\",\"ctaSubType\":\"main\"}'>\n    <div class=\"related-slider-card__image\">\n        <img loading=\"lazy\" decoding=\"async\" width=\"600\" height=\"400\" src=\"https:\/\/theplayoffs.news\/fr\/wp-content\/uploads\/2025\/09\/EDF-FIBA-600x400.jpg\" class=\"attachment-medium size-medium wp-post-image\" alt=\"Equipe de France EuroBasket Guerschon yabusele\" srcset=\"https:\/\/theplayoffs.news\/fr\/wp-content\/uploads\/2025\/09\/EDF-FIBA-600x400.jpg 600w, https:\/\/theplayoffs.news\/fr\/wp-content\/uploads\/2025\/09\/EDF-FIBA-1200x800.jpg 1200w, https:\/\/theplayoffs.news\/fr\/wp-content\/uploads\/2025\/09\/EDF-FIBA-768x512.jpg 768w, https:\/\/theplayoffs.news\/fr\/wp-content\/uploads\/2025\/09\/EDF-FIBA-1536x1024.jpg 1536w, https:\/\/theplayoffs.news\/fr\/wp-content\/uploads\/2025\/09\/EDF-FIBA-1320x880.jpg 1320w, https:\/\/theplayoffs.news\/fr\/wp-content\/uploads\/2025\/09\/EDF-FIBA.jpg 1920w\" sizes=\"auto, (max-width: 600px) 100vw, 600px\">\n                            <\/div>\n    <div class=\"related-slider-card__content\">\n        <div class=\"related-slider-card__content__tags\">\n                            <div class=\"related-slider-card__content__tags__category\">\n                    EuroBasket\n                <\/div>\n                        <div class=\"related-slider-card__content__tags__date\" data-dynamic-date=\"2025-09-02T17:35:43+02:00\">\n                2 septembre 2025\n            <\/div>\n        <\/div>\n        <div class=\"related-slider-card__content__title\">\n            EuroBasket : les cl&eacute;s du match pour l&rsquo;Equipe de France face &agrave; la Pologne\n        <\/div>\n                    <div class=\"related-slider-card__content__read-more\">\n                Voir plus\n                <i>\n                    <svg width=\"17\" height=\"15\" viewbox=\"0 0 17 15\" fill=\"none\" xmlns=\"http:\/\/www.w3.org\/2000\/svg\">\n<path d=\"M1 6.5C0.447715 6.5 0 6.94772 0 7.5C0 8.05228 0.447715 8.5 1 8.5V6.5ZM16.7071 8.20711C17.0976 7.81658 17.0976 7.18342 16.7071 6.79289L10.3431 0.428932C9.95262 0.0384078 9.31946 0.0384078 8.92893 0.428932C8.53841 0.819457 8.53841 1.45262 8.92893 1.84315L14.5858 7.5L8.92893 13.1569C8.53841 13.5474 8.53841 14.1805 8.92893 14.5711C9.31946 14.9616 9.95262 14.9616 10.3431 14.5711L16.7071 8.20711ZM1 7.5V8.5H8.5V7.5V6.5H1V7.5ZM8.5 7.5V8.5H16V7.5V6.5H8.5V7.5Z\" fill=\"white\"><\/path>\n<\/svg>\n\n                <\/i>\n            <\/div>\n            <\/div>\n<\/a>\n\n                <\/div>\n                    <\/div>\n    <\/div>\n<\/div><p>Un premier sacre continental en ligne de mire ? Pour cela il faudra d&rsquo;abord venir &agrave; bout de la <strong>Gr&egrave;ce<\/strong>, emmen&eacute;e par un <strong>Giannis Antetokounmpo<\/strong> <a href=\"https:\/\/theplayoffs.news\/fr\/eurobasket\/eurobasket-2025-pas-limite-temps-jeu-giannis-antetokounmpo\/\" class=\"trk-cta-link\" data-cta-trk='{\"ctaType\":\"Link\",\"ctaSubType\":\"main\"}'>sans restriction de minutes<\/a>, et lui aussi intenable dans ce tournoi. Le rendez-vous est pris ce jeudi 11 septembre, pour un duel XXL !<\/p><p>Les statistiques d&rsquo;Alperen Sengun dans cet EuroBasket : 21.6 points, 10.9 rebonds, 7.1 passes d&eacute;cisives <\/p><p>Cr&eacute;dit : FIBA<\/p>\n","protected":false},"excerpt":{"rendered":"","protected":false},"author":180310274,"featured_media":1501075,"comment_status":"closed","ping_status":"closed","sticky":false,"template":"","format":"standard","meta":{"inline_featured_image":false,"kia_subtitle":"","_mux_skip_reasons":[],"proofreadBy":0,"footnotes":""},"categories":[8232],"tags":[5262,8227,7522],"sport":[],"saison":[],"class_list":["post-1501068","post","type-post","status-publish","format-standard","has-post-thumbnail","hentry","category-eurobasket","tag-alperen-sengun","tag-eurobasket-2025","tag-sengun"],"acf":[],"yoast_head":"<!-- This site is optimized with the Yoast SEO plugin v24.2 - https:\/\/yoast.com\/wordpress\/plugins\/seo\/ -->\n<title>Eurobasket : Alperen Sengun encens&eacute; par son meneur !<\/title>\n<meta name=\"description\" content=\"A 24 heures de sa demi-finale face &agrave; la Gr&egrave;ce, Alperen Sengun a re&ccedil;u les &eacute;loges de son meneur Shane Larkin.\" \/>\n<meta name=\"robots\" content=\"index, follow, max-snippet:-1, max-image-preview:large, max-video-preview:-1\" \/>\n<link rel=\"canonical\" href=\"https:\/\/theplayoffs.news\/fr\/eurobasket\/eurobasket-alperen-sengun-encense-par-son-meneur\/\" \/>\n<meta property=\"og:locale\" content=\"fr_FR\" \/>\n<meta property=\"og:type\" content=\"article\" \/>\n<meta property=\"og:title\" content=\"Eurobasket : Alperen Sengun encens&eacute; par son meneur !\" \/>\n<meta property=\"og:description\" content=\"A 24 heures de sa demi-finale face &agrave; la Gr&egrave;ce, Alperen Sengun a re&ccedil;u les &eacute;loges de son meneur Shane Larkin.\" \/>\n<meta property=\"og:url\" content=\"https:\/\/theplayoffs.news\/fr\/eurobasket\/eurobasket-alperen-sengun-encense-par-son-meneur\/\" \/>\n<meta property=\"og:site_name\" content=\"The Playoffs FR\" \/>\n<meta property=\"article:publisher\" content=\"https:\/\/www.facebook.com\/TheFreeAgentFR\/\" \/>\n<meta property=\"article:modified_time\" content=\"2025-09-10T19:44:09+02:00\" \/>\n<meta property=\"og:image\" content=\"https:\/\/theplayoffs.news\/fr\/wp-content\/uploads\/2025\/09\/Sengun-Larkin.jpg\" \/>\n\t<meta property=\"og:image:width\" content=\"1200\" \/>\n\t<meta property=\"og:image:height\" content=\"800\" \/>\n\t<meta property=\"og:image:type\" content=\"image\/jpeg\" \/>\n<meta name=\"author\" content=\"Alvin Tourdes\" \/>\n<meta name=\"twitter:card\" content=\"summary_large_image\" \/>\n<meta name=\"twitter:creator\" content=\"@TheFreeAgentFR\" \/>\n<meta name=\"twitter:site\" content=\"@TheFreeAgentFR\" \/>\n<meta name=\"twitter:label1\" content=\"\u00c9crit par\" \/>\n\t<meta name=\"twitter:data1\" content=\"Alvin Tourdes\" \/>\n\t<meta name=\"twitter:label2\" content=\"Dur\u00e9e de lecture estim\u00e9e\" \/>\n\t<meta name=\"twitter:data2\" content=\"2 minutes\" \/>\n<script type=\"application\/ld+json\" class=\"yoast-schema-graph\">{\"@context\":\"https:\/\/schema.org\",\"@graph\":[{\"@type\":\"WebPage\",\"@id\":\"https:\/\/theplayoffs.news\/fr\/eurobasket\/eurobasket-alperen-sengun-encense-par-son-meneur\/\",\"url\":\"https:\/\/theplayoffs.news\/fr\/eurobasket\/eurobasket-alperen-sengun-encense-par-son-meneur\/\",\"name\":\"Eurobasket : Alperen Sengun encens\u00e9 par son meneur !\",\"isPartOf\":{\"@id\":\"https:\/\/theplayoffs.news\/fr\/#website\"},\"primaryImageOfPage\":{\"@id\":\"https:\/\/theplayoffs.news\/fr\/eurobasket\/eurobasket-alperen-sengun-encense-par-son-meneur\/#primaryimage\"},\"image\":{\"@id\":\"https:\/\/theplayoffs.news\/fr\/eurobasket\/eurobasket-alperen-sengun-encense-par-son-meneur\/#primaryimage\"},\"thumbnailUrl\":\"https:\/\/theplayoffs.news\/fr\/wp-content\/uploads\/2025\/09\/Sengun-Larkin.jpg\",\"datePublished\":\"2025-09-10T11:19:15+00:00\",\"dateModified\":\"2025-09-10T17:44:09+00:00\",\"author\":{\"@id\":\"https:\/\/theplayoffs.news\/fr\/#\/schema\/person\/60ebe784567388a1a222e0c302c1c514\"},\"description\":\"A 24 heures de sa demi-finale face \u00e0 la Gr\u00e8ce, Alperen Sengun a re\u00e7u les \u00e9loges de son meneur Shane Larkin.\",\"breadcrumb\":{\"@id\":\"https:\/\/theplayoffs.news\/fr\/eurobasket\/eurobasket-alperen-sengun-encense-par-son-meneur\/#breadcrumb\"},\"inLanguage\":\"fr-FR\",\"potentialAction\":[{\"@type\":\"ReadAction\",\"target\":[\"https:\/\/theplayoffs.news\/fr\/eurobasket\/eurobasket-alperen-sengun-encense-par-son-meneur\/\"]}]},{\"@type\":\"ImageObject\",\"inLanguage\":\"fr-FR\",\"@id\":\"https:\/\/theplayoffs.news\/fr\/eurobasket\/eurobasket-alperen-sengun-encense-par-son-meneur\/#primaryimage\",\"url\":\"https:\/\/theplayoffs.news\/fr\/wp-content\/uploads\/2025\/09\/Sengun-Larkin.jpg\",\"contentUrl\":\"https:\/\/theplayoffs.news\/fr\/wp-content\/uploads\/2025\/09\/Sengun-Larkin.jpg\",\"width\":1200,\"height\":800,\"caption\":\"Alperen Sengun, Shane Larkin, EuroBasket\"},{\"@type\":\"BreadcrumbList\",\"@id\":\"https:\/\/theplayoffs.news\/fr\/eurobasket\/eurobasket-alperen-sengun-encense-par-son-meneur\/#breadcrumb\",\"itemListElement\":[{\"@type\":\"ListItem\",\"position\":1,\"name\":\"Accueil\",\"item\":\"https:\/\/theplayoffs.news\/fr\/\"},{\"@type\":\"ListItem\",\"position\":2,\"name\":\"EuroBasket : Alperen Sengun encens\u00e9 par son meneur !\"}]},{\"@type\":\"WebSite\",\"@id\":\"https:\/\/theplayoffs.news\/fr\/#website\",\"url\":\"https:\/\/theplayoffs.news\/fr\/\",\"name\":\"The Playoffs FR\",\"description\":\"NBA-NFL-NHL-MLB\",\"potentialAction\":[{\"@type\":\"SearchAction\",\"target\":{\"@type\":\"EntryPoint\",\"urlTemplate\":\"https:\/\/theplayoffs.news\/fr\/?s={search_term_string}\"},\"query-input\":{\"@type\":\"PropertyValueSpecification\",\"valueRequired\":true,\"valueName\":\"search_term_string\"}}],\"inLanguage\":\"fr-FR\"},{\"@type\":\"Person\",\"@id\":\"https:\/\/theplayoffs.news\/fr\/#\/schema\/person\/60ebe784567388a1a222e0c302c1c514\",\"name\":\"Alvin Tourdes\",\"image\":{\"@type\":\"ImageObject\",\"inLanguage\":\"fr-FR\",\"@id\":\"https:\/\/theplayoffs.news\/fr\/#\/schema\/person\/image\/\",\"url\":\"https:\/\/secure.gravatar.com\/avatar\/5e85bdfb29cd7e652130a9539636b182dff1b3578a259497a7a37e3944f4fe0a?s=96&d=mm&r=g\",\"contentUrl\":\"https:\/\/secure.gravatar.com\/avatar\/5e85bdfb29cd7e652130a9539636b182dff1b3578a259497a7a37e3944f4fe0a?s=96&d=mm&r=g\",\"caption\":\"Alvin Tourdes\"},\"url\":\"https:\/\/theplayoffs.news\/fr\/author\/alvin\/\"}]}<\/script>\n<!-- \/ Yoast SEO plugin. -->","yoast_head_json":{"title":"Eurobasket : Alperen Sengun encens&eacute; par son meneur !","description":"A 24 heures de sa demi-finale face &agrave; la Gr&egrave;ce, Alperen Sengun a re&ccedil;u les &eacute;loges de son meneur Shane Larkin.","robots":{"index":"index","follow":"follow","max-snippet":"max-snippet:-1","max-image-preview":"max-image-preview:large","max-video-preview":"max-video-preview:-1"},"canonical":"https:\/\/theplayoffs.news\/fr\/eurobasket\/eurobasket-alperen-sengun-encense-par-son-meneur\/","og_locale":"fr_FR","og_type":"article","og_title":"Eurobasket : Alperen Sengun encens&eacute; par son meneur !","og_description":"A 24 heures de sa demi-finale face &agrave; la Gr&egrave;ce, Alperen Sengun a re&ccedil;u les &eacute;loges de son meneur Shane Larkin.","og_url":"https:\/\/theplayoffs.news\/fr\/eurobasket\/eurobasket-alperen-sengun-encense-par-son-meneur\/","og_site_name":"The Playoffs FR","article_publisher":"https:\/\/www.facebook.com\/TheFreeAgentFR\/","article_modified_time":"2025-09-10T17:44:09+00:00","og_image":[{"width":1200,"height":800,"url":"https:\/\/theplayoffs.news\/fr\/wp-content\/uploads\/2025\/09\/Sengun-Larkin.jpg","type":"image\/jpeg"}],"author":"Alvin Tourdes","twitter_card":"summary_large_image","twitter_creator":"@TheFreeAgentFR","twitter_site":"@TheFreeAgentFR","twitter_misc":{"\u00c9crit par":"Alvin Tourdes","Dur\u00e9e de lecture estim\u00e9e":"2 minutes"},"schema":{"@context":"https:\/\/schema.org","@graph":[{"@type":"WebPage","@id":"https:\/\/theplayoffs.news\/fr\/eurobasket\/eurobasket-alperen-sengun-encense-par-son-meneur\/","url":"https:\/\/theplayoffs.news\/fr\/eurobasket\/eurobasket-alperen-sengun-encense-par-son-meneur\/","name":"Eurobasket : Alperen Sengun encens\u00e9 par son meneur !","isPartOf":{"@id":"https:\/\/theplayoffs.news\/fr\/#website"},"primaryImageOfPage":{"@id":"https:\/\/theplayoffs.news\/fr\/eurobasket\/eurobasket-alperen-sengun-encense-par-son-meneur\/#primaryimage"},"image":{"@id":"https:\/\/theplayoffs.news\/fr\/eurobasket\/eurobasket-alperen-sengun-encense-par-son-meneur\/#primaryimage"},"thumbnailUrl":"https:\/\/theplayoffs.news\/fr\/wp-content\/uploads\/2025\/09\/Sengun-Larkin.jpg","datePublished":"2025-09-10T11:19:15+00:00","dateModified":"2025-09-10T17:44:09+00:00","author":{"@id":"https:\/\/theplayoffs.news\/fr\/#\/schema\/person\/60ebe784567388a1a222e0c302c1c514"},"description":"A 24 heures de sa demi-finale face \u00e0 la Gr\u00e8ce, Alperen Sengun a re\u00e7u les \u00e9loges de son meneur Shane Larkin.","breadcrumb":{"@id":"https:\/\/theplayoffs.news\/fr\/eurobasket\/eurobasket-alperen-sengun-encense-par-son-meneur\/#breadcrumb"},"inLanguage":"fr-FR","potentialAction":[{"@type":"ReadAction","target":["https:\/\/theplayoffs.news\/fr\/eurobasket\/eurobasket-alperen-sengun-encense-par-son-meneur\/"]}]},{"@type":"ImageObject","inLanguage":"fr-FR","@id":"https:\/\/theplayoffs.news\/fr\/eurobasket\/eurobasket-alperen-sengun-encense-par-son-meneur\/#primaryimage","url":"https:\/\/theplayoffs.news\/fr\/wp-content\/uploads\/2025\/09\/Sengun-Larkin.jpg","contentUrl":"https:\/\/theplayoffs.news\/fr\/wp-content\/uploads\/2025\/09\/Sengun-Larkin.jpg","width":1200,"height":800,"caption":"Alperen Sengun, Shane Larkin, EuroBasket"},{"@type":"BreadcrumbList","@id":"https:\/\/theplayoffs.news\/fr\/eurobasket\/eurobasket-alperen-sengun-encense-par-son-meneur\/#breadcrumb","itemListElement":[{"@type":"ListItem","position":1,"name":"Accueil","item":"https:\/\/theplayoffs.news\/fr\/"},{"@type":"ListItem","position":2,"name":"EuroBasket : Alperen Sengun encens\u00e9 par son meneur !"}]},{"@type":"WebSite","@id":"https:\/\/theplayoffs.news\/fr\/#website","url":"https:\/\/theplayoffs.news\/fr\/","name":"The Playoffs FR","description":"NBA-NFL-NHL-MLB","potentialAction":[{"@type":"SearchAction","target":{"@type":"EntryPoint","urlTemplate":"https:\/\/theplayoffs.news\/fr\/?s={search_term_string}"},"query-input":{"@type":"PropertyValueSpecification","valueRequired":true,"valueName":"search_term_string"}}],"inLanguage":"fr-FR"},{"@type":"Person","@id":"https:\/\/theplayoffs.news\/fr\/#\/schema\/person\/60ebe784567388a1a222e0c302c1c514","name":"Alvin Tourdes","image":{"@type":"ImageObject","inLanguage":"fr-FR","@id":"https:\/\/theplayoffs.news\/fr\/#\/schema\/person\/image\/","url":"https:\/\/secure.gravatar.com\/avatar\/5e85bdfb29cd7e652130a9539636b182dff1b3578a259497a7a37e3944f4fe0a?s=96&d=mm&r=g","contentUrl":"https:\/\/secure.gravatar.com\/avatar\/5e85bdfb29cd7e652130a9539636b182dff1b3578a259497a7a37e3944f4fe0a?s=96&d=mm&r=g","caption":"Alvin Tourdes"},"url":"https:\/\/theplayoffs.news\/fr\/author\/alvin\/"}]}},"_links":{"self":[{"href":"https:\/\/theplayoffs.news\/fr\/wp-json\/wp\/v2\/posts\/1501068","targetHints":{"allow":["GET"]}}],"collection":[{"href":"https:\/\/theplayoffs.news\/fr\/wp-json\/wp\/v2\/posts"}],"about":[{"href":"https:\/\/theplayoffs.news\/fr\/wp-json\/wp\/v2\/types\/post"}],"author":[{"embeddable":true,"href":"https:\/\/theplayoffs.news\/fr\/wp-json\/wp\/v2\/users\/180310274"}],"replies":[{"embeddable":true,"href":"https:\/\/theplayoffs.news\/fr\/wp-json\/wp\/v2\/comments?post=1501068"}],"version-history":[{"count":8,"href":"https:\/\/theplayoffs.news\/fr\/wp-json\/wp\/v2\/posts\/1501068\/revisions"}],"predecessor-version":[{"id":1501098,"href":"https:\/\/theplayoffs.news\/fr\/wp-json\/wp\/v2\/posts\/1501068\/revisions\/1501098"}],"wp:featuredmedia":[{"embeddable":true,"href":"https:\/\/theplayoffs.news\/fr\/wp-json\/wp\/v2\/media\/1501075"}],"wp:attachment":[{"href":"https:\/\/theplayoffs.news\/fr\/wp-json\/wp\/v2\/media?parent=1501068"}],"wp:term":[{"taxonomy":"category","embeddable":true,"href":"https:\/\/theplayoffs.news\/fr\/wp-json\/wp\/v2\/categories?post=1501068"},{"taxonomy":"post_tag","embeddable":true,"href":"https:\/\/theplayoffs.news\/fr\/wp-json\/wp\/v2\/tags?post=1501068"},{"taxonomy":"sport","embeddable":true,"href":"https:\/\/theplayoffs.news\/fr\/wp-json\/wp\/v2\/sport?post=1501068"},{"taxonomy":"saison","embeddable":true,"href":"https:\/\/theplayoffs.news\/fr\/wp-json\/wp\/v2\/saison?post=1501068"}],"curies":[{"name":"wp","href":"https:\/\/api.w.org\/{rel}","templated":true}]}}