{"id":1500872,"date":"2025-09-08T10:08:00","date_gmt":"2025-09-08T08:08:00","guid":{"rendered":"https:\/\/theplayoffs.news\/fr\/uncategorized\/\/"},"modified":"2025-09-08T10:08:26","modified_gmt":"2025-09-08T08:08:26","slug":"micah-parsons-packers-ces-6-derniers-mois-ont-ete-tres-toxiques","status":"publish","type":"post","link":"https:\/\/theplayoffs.news\/fr\/actualite-nfl\/micah-parsons-packers-ces-6-derniers-mois-ont-ete-tres-toxiques\/","title":{"rendered":"Micah Parsons (Packers): \u00ab\u00a0Ces 6 derniers mois ont \u00e9t\u00e9 tr\u00e8s toxiques\u00a0\u00bb"},"content":{"rendered":"<p>Arriv&eacute; &agrave; Green Bay au <a href=\"https:\/\/theplayoffs.news\/fr\/actualite-nfl\/trade-nfl-micah-parsons-part-chez-les-packers\/\" class=\"trk-cta-link\" data-cta-trk='{\"ctaType\":\"Link\",\"ctaSubType\":\"main\"}'>terme d&rsquo;un feuilleton interminable cet &eacute;t&eacute;<\/a>, Micah Parsons n&rsquo;a pas tard&eacute; &agrave; marquer les esprits sous son nouveau maillot. Dimanche, pour ses d&eacute;buts au Lambeau Field, l&rsquo;ancien d&eacute;fenseur vedette des Cowboys a contribu&eacute; &agrave; la <a href=\"https:\/\/theplayoffs.news\/fr\/actualite-nfl\/packers-lions-27-13-green-bay-etouffe-detroit\/\" class=\"trk-cta-link\" data-cta-trk='{\"ctaType\":\"Link\",\"ctaSubType\":\"main\"}'>victoire des Packers face aux Detroit Lions (27-13)<\/a>, signant notamment un sack et provoquant une interception. Pourtant, derri&egrave;re ce premier succ&egrave;s se cache un contexte pesant que le joueur de 26 ans n&rsquo;a pas h&eacute;sit&eacute; &agrave; d&eacute;noncer.<\/p><h2 class=\"wp-block-heading\">Micah Parsons d&eacute;nonce une ambiance &laquo;&nbsp;toxique&nbsp;&raquo; cet &eacute;t&eacute;<\/h2><blockquote class=\"wp-block-quote is-layout-flow wp-block-quote-is-layout-flow\">\n<p>&laquo; Ces six derniers mois ont &eacute;t&eacute; &eacute;puisants et tr&egrave;s toxiques pour tout le monde &raquo;, a confi&eacute; le quadruple Pro Bowler apr&egrave;s la rencontre. <\/p>\n<\/blockquote><p>Bloqu&eacute; &agrave; Dallas par un conflit contractuel qui s&rsquo;&eacute;ternisait, Micah Parsons avait r&eacute;clam&eacute; son d&eacute;part d&egrave;s le mois d&rsquo;ao&ucirc;t. Mais il a fallu attendre la toute fin de la pr&eacute;paration pour que les Cowboys acceptent de le c&eacute;der aux Packers, contre deux choix de premier tour et le lineman d&eacute;fensif Kenny Clark.<\/p><blockquote class=\"twitter-tweet\"><p lang=\"en\" dir=\"ltr\">Micah Parsons: &ldquo;These last six months was super draining, super toxic for everyone. It's something that I don't think no player should have to go through &hellip; The fact that I was traded a week before the season was really outrageous and rough. It's something where I could've been&hellip; <a href=\"https:\/\/t.co\/TQn0dEg33o\" class=\"trk-cta-link\" data-cta-trk='{\"ctaType\":\"Link\",\"ctaSubType\":\"main\"}'>pic.twitter.com\/TQn0dEg33o<\/a><\/p>&mdash; Matt Schneidman (@mattschneidman) <a href=\"https:\/\/twitter.com\/mattschneidman\/status\/1964843247651471659?ref_src=twsrc%5Etfw\" class=\"trk-cta-link\" data-cta-trk='{\"ctaType\":\"Link\",\"ctaSubType\":\"main\"}'>September 8, 2025<\/a><\/blockquote><script async src=\"https:\/\/platform.twitter.com\/widgets.js\" charset=\"utf-8\"><\/script><p>Un timing que le principal int&eacute;ress&eacute; juge absurde. <\/p><blockquote class=\"wp-block-quote is-layout-flow wp-block-quote-is-layout-flow\">\n<p>&laquo; &Ecirc;tre &eacute;chang&eacute; une semaine avant le d&eacute;but de la saison, c&rsquo;&eacute;tait vraiment rude. J&rsquo;aurais pu passer l&rsquo;&eacute;t&eacute; &agrave; m&rsquo;int&eacute;grer ici, &agrave; construire des automatismes. On aurait probablement commenc&eacute; encore plus fort &raquo;, a-t-il regrett&eacute;.<\/p>\n<\/blockquote><p>Green Bay, de son c&ocirc;t&eacute;, n&rsquo;a pas tard&eacute; &agrave; s&eacute;curiser sa nouvelle recrue, lui offrant un contrat massif de quatre ans pour 188 millions de dollars. Malgr&eacute; des soucis de dos limitant son temps de jeu (45 % des snaps d&eacute;fensifs), Parsons a d&eacute;j&agrave; prouv&eacute; pourquoi les Packers &eacute;taient pr&ecirc;ts &agrave; payer si cher pour l&rsquo;attirer.<\/p><p>&laquo; Ici, on croit en moi, on me fait confiance. Je veux tout donner pour cette &eacute;quipe &raquo; a conclu le d&eacute;fenseur.<\/p><p>Visiblement Micah Parsons est aujourd&rsquo;hui soulag&eacute; d&rsquo;avoir tourn&eacute; la page Dallas. Pour le plus grand bonheur sans doute des fans des Green Bay Packers.<\/p><p>Cr&eacute;dit photo: &copy; Wm. Glasheen\/USA TODAY NETWORK-Wisconsin \/ USA TODAY NETWORK via Imagn Images<\/p><p><\/p>\n","protected":false},"excerpt":{"rendered":"<p>NFL &#8211; Micah Parsons s&rsquo;est montr\u00e9 critique sur la gestion de son dossier par les Dallas Cowboys<\/p>\n","protected":false},"author":180309964,"featured_media":1500876,"comment_status":"closed","ping_status":"closed","sticky":false,"template":"","format":"standard","meta":{"inline_featured_image":false,"kia_subtitle":"NFL - Micah Parsons s'est montr\u00e9 critique sur la gestion de son dossier par les Dallas Cowboys","_mux_skip_reasons":[],"proofreadBy":0,"footnotes":""},"categories":[118,8410,40,8408],"tags":[908,2353],"sport":[2785],"saison":[7475],"class_list":["post-1500872","post","type-post","status-publish","format-standard","has-post-thumbnail","hentry","category-actualite-nfl","category-football-americain","category-nfl","category-sports","tag-green-bay-packers","tag-micah-parsons","sport-nfl","saison-7475"],"acf":[],"yoast_head":"<!-- This site is optimized with the Yoast SEO plugin v24.2 - https:\/\/yoast.com\/wordpress\/plugins\/seo\/ -->\n<title>Micah Parsons (Packers): &quot;Ces 6 derniers mois ont &eacute;t&eacute; tr&egrave;s toxiques&quot; - The Playoffs FR<\/title>\n<meta name=\"robots\" content=\"index, follow, max-snippet:-1, max-image-preview:large, max-video-preview:-1\" \/>\n<link rel=\"canonical\" href=\"https:\/\/theplayoffs.news\/fr\/actualite-nfl\/micah-parsons-packers-ces-6-derniers-mois-ont-ete-tres-toxiques\/\" \/>\n<meta property=\"og:locale\" content=\"fr_FR\" \/>\n<meta property=\"og:type\" content=\"article\" \/>\n<meta property=\"og:title\" content=\"Micah Parsons (Packers): &quot;Ces 6 derniers mois ont &eacute;t&eacute; tr&egrave;s toxiques&quot; - The Playoffs FR\" \/>\n<meta property=\"og:description\" content=\"NFL - Micah Parsons s&#039;est montr&eacute; critique sur la gestion de son dossier par les Dallas Cowboys\" \/>\n<meta property=\"og:url\" content=\"https:\/\/theplayoffs.news\/fr\/actualite-nfl\/micah-parsons-packers-ces-6-derniers-mois-ont-ete-tres-toxiques\/\" \/>\n<meta property=\"og:site_name\" content=\"The Playoffs FR\" \/>\n<meta property=\"article:publisher\" content=\"https:\/\/www.facebook.com\/TheFreeAgentFR\/\" \/>\n<meta property=\"article:modified_time\" content=\"2025-09-08T10:08:26+02:00\" \/>\n<meta property=\"og:image\" content=\"https:\/\/theplayoffs.news\/fr\/wp-content\/uploads\/2025\/09\/USATSI_27031206.jpg\" \/>\n\t<meta property=\"og:image:width\" content=\"1920\" \/>\n\t<meta property=\"og:image:height\" content=\"1440\" \/>\n\t<meta property=\"og:image:type\" content=\"image\/jpeg\" \/>\n<meta name=\"author\" content=\"Flavien Jumeau\" \/>\n<meta name=\"twitter:card\" content=\"summary_large_image\" \/>\n<meta name=\"twitter:creator\" content=\"@TheFreeAgentFR\" \/>\n<meta name=\"twitter:site\" content=\"@TheFreeAgentFR\" \/>\n<meta name=\"twitter:label1\" content=\"\u00c9crit par\" \/>\n\t<meta name=\"twitter:data1\" content=\"Flavien Jumeau\" \/>\n\t<meta name=\"twitter:label2\" content=\"Dur\u00e9e de lecture estim\u00e9e\" \/>\n\t<meta name=\"twitter:data2\" content=\"2 minutes\" \/>\n<script type=\"application\/ld+json\" class=\"yoast-schema-graph\">{\"@context\":\"https:\/\/schema.org\",\"@graph\":[{\"@type\":\"WebPage\",\"@id\":\"https:\/\/theplayoffs.news\/fr\/actualite-nfl\/micah-parsons-packers-ces-6-derniers-mois-ont-ete-tres-toxiques\/\",\"url\":\"https:\/\/theplayoffs.news\/fr\/actualite-nfl\/micah-parsons-packers-ces-6-derniers-mois-ont-ete-tres-toxiques\/\",\"name\":\"Micah Parsons (Packers): \\\\\\\"Ces 6 derniers mois ont \u00e9t\u00e9 tr\u00e8s toxiques\\\\\\\" - The Playoffs FR\",\"isPartOf\":{\"@id\":\"https:\/\/theplayoffs.news\/fr\/#website\"},\"primaryImageOfPage\":{\"@id\":\"https:\/\/theplayoffs.news\/fr\/actualite-nfl\/micah-parsons-packers-ces-6-derniers-mois-ont-ete-tres-toxiques\/#primaryimage\"},\"image\":{\"@id\":\"https:\/\/theplayoffs.news\/fr\/actualite-nfl\/micah-parsons-packers-ces-6-derniers-mois-ont-ete-tres-toxiques\/#primaryimage\"},\"thumbnailUrl\":\"https:\/\/theplayoffs.news\/fr\/wp-content\/uploads\/2025\/09\/USATSI_27031206.jpg\",\"datePublished\":\"2025-09-08T08:08:00+00:00\",\"dateModified\":\"2025-09-08T08:08:26+00:00\",\"author\":{\"@id\":\"https:\/\/theplayoffs.news\/fr\/#\/schema\/person\/def63bc6746dc5957469b75feb99e66d\"},\"breadcrumb\":{\"@id\":\"https:\/\/theplayoffs.news\/fr\/actualite-nfl\/micah-parsons-packers-ces-6-derniers-mois-ont-ete-tres-toxiques\/#breadcrumb\"},\"inLanguage\":\"fr-FR\",\"potentialAction\":[{\"@type\":\"ReadAction\",\"target\":[\"https:\/\/theplayoffs.news\/fr\/actualite-nfl\/micah-parsons-packers-ces-6-derniers-mois-ont-ete-tres-toxiques\/\"]}]},{\"@type\":\"ImageObject\",\"inLanguage\":\"fr-FR\",\"@id\":\"https:\/\/theplayoffs.news\/fr\/actualite-nfl\/micah-parsons-packers-ces-6-derniers-mois-ont-ete-tres-toxiques\/#primaryimage\",\"url\":\"https:\/\/theplayoffs.news\/fr\/wp-content\/uploads\/2025\/09\/USATSI_27031206.jpg\",\"contentUrl\":\"https:\/\/theplayoffs.news\/fr\/wp-content\/uploads\/2025\/09\/USATSI_27031206.jpg\",\"width\":1920,\"height\":1440,\"caption\":\"Green Bay Packers defensive end Micah Parsons (1) against the Detroit Lions on Sunday, September 7, 2025, at Lambeau Field in Green Bay, Wis. The Packers defeated the Lions 27-13. Wm. Glasheen USA TODAY NETWORK-Wisconsin\"},{\"@type\":\"BreadcrumbList\",\"@id\":\"https:\/\/theplayoffs.news\/fr\/actualite-nfl\/micah-parsons-packers-ces-6-derniers-mois-ont-ete-tres-toxiques\/#breadcrumb\",\"itemListElement\":[{\"@type\":\"ListItem\",\"position\":1,\"name\":\"Accueil\",\"item\":\"https:\/\/theplayoffs.news\/fr\/\"},{\"@type\":\"ListItem\",\"position\":2,\"name\":\"Micah Parsons (Packers): &#8220;Ces 6 derniers mois ont \u00e9t\u00e9 tr\u00e8s toxiques&#8221;\"}]},{\"@type\":\"WebSite\",\"@id\":\"https:\/\/theplayoffs.news\/fr\/#website\",\"url\":\"https:\/\/theplayoffs.news\/fr\/\",\"name\":\"The Playoffs FR\",\"description\":\"NBA-NFL-NHL-MLB\",\"potentialAction\":[{\"@type\":\"SearchAction\",\"target\":{\"@type\":\"EntryPoint\",\"urlTemplate\":\"https:\/\/theplayoffs.news\/fr\/?s={search_term_string}\"},\"query-input\":{\"@type\":\"PropertyValueSpecification\",\"valueRequired\":true,\"valueName\":\"search_term_string\"}}],\"inLanguage\":\"fr-FR\"},{\"@type\":\"Person\",\"@id\":\"https:\/\/theplayoffs.news\/fr\/#\/schema\/person\/def63bc6746dc5957469b75feb99e66d\",\"name\":\"Flavien Jumeau\",\"image\":{\"@type\":\"ImageObject\",\"inLanguage\":\"fr-FR\",\"@id\":\"https:\/\/theplayoffs.news\/fr\/#\/schema\/person\/image\/\",\"url\":\"https:\/\/secure.gravatar.com\/avatar\/e7fa8ba5a4b7e4ce35fe152f083f352db28ad0acce692004ed88a7a7d78893f7?s=96&d=mm&r=g\",\"contentUrl\":\"https:\/\/secure.gravatar.com\/avatar\/e7fa8ba5a4b7e4ce35fe152f083f352db28ad0acce692004ed88a7a7d78893f7?s=96&d=mm&r=g\",\"caption\":\"Flavien Jumeau\"},\"description\":\"Amoureux du sport (et de vraiment tous les sports) depuis mon plus jeune \u00e2ge, j\u2019ai longtemps h\u00e9site entre le snooker et le curling. Finalement c\u2019est le foot US que j\u2019ai d\u00e9cid\u00e9 de choisir! Responsable foot US sur TPO et animateur du podcast Tailgate j\u2019ai pour mission de vous faire d\u00e9couvrir ce sport passionnant si ce n\u2019est pas encore fait et de vous donner les derni\u00e8res actus. Le tout dans la bonne humeur et avec toujours un jeu de mots ou deux savamment distill\u00e9s! Fan des Saints, pour moi Drew Brees est le vrai GOAT!\",\"url\":\"https:\/\/theplayoffs.news\/fr\/author\/flavien-jumeaugmail-com\/\"}]}<\/script>\n<!-- \/ Yoast SEO plugin. -->","yoast_head_json":{"title":"Micah Parsons (Packers): &quot;Ces 6 derniers mois ont &eacute;t&eacute; tr&egrave;s toxiques&quot; - The Playoffs FR","robots":{"index":"index","follow":"follow","max-snippet":"max-snippet:-1","max-image-preview":"max-image-preview:large","max-video-preview":"max-video-preview:-1"},"canonical":"https:\/\/theplayoffs.news\/fr\/actualite-nfl\/micah-parsons-packers-ces-6-derniers-mois-ont-ete-tres-toxiques\/","og_locale":"fr_FR","og_type":"article","og_title":"Micah Parsons (Packers): &quot;Ces 6 derniers mois ont &eacute;t&eacute; tr&egrave;s toxiques&quot; - The Playoffs FR","og_description":"NFL - Micah Parsons s&#039;est montr&eacute; critique sur la gestion de son dossier par les Dallas Cowboys","og_url":"https:\/\/theplayoffs.news\/fr\/actualite-nfl\/micah-parsons-packers-ces-6-derniers-mois-ont-ete-tres-toxiques\/","og_site_name":"The Playoffs FR","article_publisher":"https:\/\/www.facebook.com\/TheFreeAgentFR\/","article_modified_time":"2025-09-08T08:08:26+00:00","og_image":[{"width":1920,"height":1440,"url":"https:\/\/theplayoffs.news\/fr\/wp-content\/uploads\/2025\/09\/USATSI_27031206.jpg","type":"image\/jpeg"}],"author":"Flavien Jumeau","twitter_card":"summary_large_image","twitter_creator":"@TheFreeAgentFR","twitter_site":"@TheFreeAgentFR","twitter_misc":{"\u00c9crit par":"Flavien Jumeau","Dur\u00e9e de lecture estim\u00e9e":"2 minutes"},"schema":{"@context":"https:\/\/schema.org","@graph":[{"@type":"WebPage","@id":"https:\/\/theplayoffs.news\/fr\/actualite-nfl\/micah-parsons-packers-ces-6-derniers-mois-ont-ete-tres-toxiques\/","url":"https:\/\/theplayoffs.news\/fr\/actualite-nfl\/micah-parsons-packers-ces-6-derniers-mois-ont-ete-tres-toxiques\/","name":"Micah Parsons (Packers): \\\"Ces 6 derniers mois ont \u00e9t\u00e9 tr\u00e8s toxiques\\\" - The Playoffs FR","isPartOf":{"@id":"https:\/\/theplayoffs.news\/fr\/#website"},"primaryImageOfPage":{"@id":"https:\/\/theplayoffs.news\/fr\/actualite-nfl\/micah-parsons-packers-ces-6-derniers-mois-ont-ete-tres-toxiques\/#primaryimage"},"image":{"@id":"https:\/\/theplayoffs.news\/fr\/actualite-nfl\/micah-parsons-packers-ces-6-derniers-mois-ont-ete-tres-toxiques\/#primaryimage"},"thumbnailUrl":"https:\/\/theplayoffs.news\/fr\/wp-content\/uploads\/2025\/09\/USATSI_27031206.jpg","datePublished":"2025-09-08T08:08:00+00:00","dateModified":"2025-09-08T08:08:26+00:00","author":{"@id":"https:\/\/theplayoffs.news\/fr\/#\/schema\/person\/def63bc6746dc5957469b75feb99e66d"},"breadcrumb":{"@id":"https:\/\/theplayoffs.news\/fr\/actualite-nfl\/micah-parsons-packers-ces-6-derniers-mois-ont-ete-tres-toxiques\/#breadcrumb"},"inLanguage":"fr-FR","potentialAction":[{"@type":"ReadAction","target":["https:\/\/theplayoffs.news\/fr\/actualite-nfl\/micah-parsons-packers-ces-6-derniers-mois-ont-ete-tres-toxiques\/"]}]},{"@type":"ImageObject","inLanguage":"fr-FR","@id":"https:\/\/theplayoffs.news\/fr\/actualite-nfl\/micah-parsons-packers-ces-6-derniers-mois-ont-ete-tres-toxiques\/#primaryimage","url":"https:\/\/theplayoffs.news\/fr\/wp-content\/uploads\/2025\/09\/USATSI_27031206.jpg","contentUrl":"https:\/\/theplayoffs.news\/fr\/wp-content\/uploads\/2025\/09\/USATSI_27031206.jpg","width":1920,"height":1440,"caption":"Green Bay Packers defensive end Micah Parsons (1) against the Detroit Lions on Sunday, September 7, 2025, at Lambeau Field in Green Bay, Wis. The Packers defeated the Lions 27-13. Wm. Glasheen USA TODAY NETWORK-Wisconsin"},{"@type":"BreadcrumbList","@id":"https:\/\/theplayoffs.news\/fr\/actualite-nfl\/micah-parsons-packers-ces-6-derniers-mois-ont-ete-tres-toxiques\/#breadcrumb","itemListElement":[{"@type":"ListItem","position":1,"name":"Accueil","item":"https:\/\/theplayoffs.news\/fr\/"},{"@type":"ListItem","position":2,"name":"Micah Parsons (Packers): &#8220;Ces 6 derniers mois ont \u00e9t\u00e9 tr\u00e8s toxiques&#8221;"}]},{"@type":"WebSite","@id":"https:\/\/theplayoffs.news\/fr\/#website","url":"https:\/\/theplayoffs.news\/fr\/","name":"The Playoffs FR","description":"NBA-NFL-NHL-MLB","potentialAction":[{"@type":"SearchAction","target":{"@type":"EntryPoint","urlTemplate":"https:\/\/theplayoffs.news\/fr\/?s={search_term_string}"},"query-input":{"@type":"PropertyValueSpecification","valueRequired":true,"valueName":"search_term_string"}}],"inLanguage":"fr-FR"},{"@type":"Person","@id":"https:\/\/theplayoffs.news\/fr\/#\/schema\/person\/def63bc6746dc5957469b75feb99e66d","name":"Flavien Jumeau","image":{"@type":"ImageObject","inLanguage":"fr-FR","@id":"https:\/\/theplayoffs.news\/fr\/#\/schema\/person\/image\/","url":"https:\/\/secure.gravatar.com\/avatar\/e7fa8ba5a4b7e4ce35fe152f083f352db28ad0acce692004ed88a7a7d78893f7?s=96&d=mm&r=g","contentUrl":"https:\/\/secure.gravatar.com\/avatar\/e7fa8ba5a4b7e4ce35fe152f083f352db28ad0acce692004ed88a7a7d78893f7?s=96&d=mm&r=g","caption":"Flavien Jumeau"},"description":"Amoureux du sport (et de vraiment tous les sports) depuis mon plus jeune \u00e2ge, j\u2019ai longtemps h\u00e9site entre le snooker et le curling. Finalement c\u2019est le foot US que j\u2019ai d\u00e9cid\u00e9 de choisir! Responsable foot US sur TPO et animateur du podcast Tailgate j\u2019ai pour mission de vous faire d\u00e9couvrir ce sport passionnant si ce n\u2019est pas encore fait et de vous donner les derni\u00e8res actus. Le tout dans la bonne humeur et avec toujours un jeu de mots ou deux savamment distill\u00e9s! Fan des Saints, pour moi Drew Brees est le vrai GOAT!","url":"https:\/\/theplayoffs.news\/fr\/author\/flavien-jumeaugmail-com\/"}]}},"_links":{"self":[{"href":"https:\/\/theplayoffs.news\/fr\/wp-json\/wp\/v2\/posts\/1500872","targetHints":{"allow":["GET"]}}],"collection":[{"href":"https:\/\/theplayoffs.news\/fr\/wp-json\/wp\/v2\/posts"}],"about":[{"href":"https:\/\/theplayoffs.news\/fr\/wp-json\/wp\/v2\/types\/post"}],"author":[{"embeddable":true,"href":"https:\/\/theplayoffs.news\/fr\/wp-json\/wp\/v2\/users\/180309964"}],"replies":[{"embeddable":true,"href":"https:\/\/theplayoffs.news\/fr\/wp-json\/wp\/v2\/comments?post=1500872"}],"version-history":[{"count":1,"href":"https:\/\/theplayoffs.news\/fr\/wp-json\/wp\/v2\/posts\/1500872\/revisions"}],"predecessor-version":[{"id":1500877,"href":"https:\/\/theplayoffs.news\/fr\/wp-json\/wp\/v2\/posts\/1500872\/revisions\/1500877"}],"wp:featuredmedia":[{"embeddable":true,"href":"https:\/\/theplayoffs.news\/fr\/wp-json\/wp\/v2\/media\/1500876"}],"wp:attachment":[{"href":"https:\/\/theplayoffs.news\/fr\/wp-json\/wp\/v2\/media?parent=1500872"}],"wp:term":[{"taxonomy":"category","embeddable":true,"href":"https:\/\/theplayoffs.news\/fr\/wp-json\/wp\/v2\/categories?post=1500872"},{"taxonomy":"post_tag","embeddable":true,"href":"https:\/\/theplayoffs.news\/fr\/wp-json\/wp\/v2\/tags?post=1500872"},{"taxonomy":"sport","embeddable":true,"href":"https:\/\/theplayoffs.news\/fr\/wp-json\/wp\/v2\/sport?post=1500872"},{"taxonomy":"saison","embeddable":true,"href":"https:\/\/theplayoffs.news\/fr\/wp-json\/wp\/v2\/saison?post=1500872"}],"curies":[{"name":"wp","href":"https:\/\/api.w.org\/{rel}","templated":true}]}}