{"id":1500811,"date":"2025-09-07T23:40:49","date_gmt":"2025-09-07T21:40:49","guid":{"rendered":"https:\/\/theplayoffs.news\/fr\/uncategorized\/\/"},"modified":"2025-09-07T23:41:24","modified_gmt":"2025-09-07T21:41:24","slug":"rams-texans-grosse-frayeur-pour-puka-nacua","status":"publish","type":"post","link":"https:\/\/theplayoffs.news\/fr\/actualite-nfl\/rams-texans-grosse-frayeur-pour-puka-nacua\/","title":{"rendered":"Rams &#8211; Texans : Grosse frayeur pour Puka Nacua"},"content":{"rendered":"<p>C&rsquo;est certainement une des images de ce d&eacute;but de saison. Puka Nacua a &eacute;t&eacute; film&eacute; saignant autour d&rsquo;un oeil, durant la rencontre entre les Rams de Los Angeles et les Texans de Houston. La raison? Un choc impressionnant, par To&rsquo;oTo&rsquo;o, le rugueux d&eacute;fenseur de l&rsquo;&eacute;quipe visiteuse, lors du 2nd quart-temps. <\/p><h2 class=\"wp-block-heading\">Une premi&egrave;re sortie pour protocole commotion<\/h2><p>Ce choc, casque contre casque, &agrave; tout d&rsquo;abord valu un flag pour jeux dangereux &agrave; Houston. Il a surtout vu Nacua sortir sous la tente m&eacute;dicale, pour une &eacute;valuation pour commotion c&eacute;r&eacute;brale. Lors du retrait de son casque, une plaie ouverte &eacute;tait visible au niveau de son arcade sourcili&egrave;re. Les premi&egrave;res images, qui montraient du sang autour de son oeil, n&rsquo;&eacute;taient pas tr&egrave;s encourageantes.<\/p><blockquote class=\"twitter-tweet\"><p lang=\"en\" dir=\"ltr\">Puka Nacua <a href=\"https:\/\/twitter.com\/hashtag\/rams?src=hash&amp;ref_src=twsrc%5Etfw\" class=\"trk-cta-link\" data-cta-trk='{\"ctaType\":\"Link\",\"ctaSubType\":\"main\"}'>#rams<\/a><br><br>Heading to the locker room to get a cut on his head tended too. As long as the helmet to helmet collision didn&rsquo;t also lead to a concussion he should return <a href=\"https:\/\/t.co\/7gfKz3ERII\" class=\"trk-cta-link\" data-cta-trk='{\"ctaType\":\"Link\",\"ctaSubType\":\"main\"}'>pic.twitter.com\/7gfKz3ERII<\/a><\/p>&mdash; Tom Christ, PT, DPT, OCS, FAAOMPT (@FantasyInjuryT) <a href=\"https:\/\/twitter.com\/FantasyInjuryT\/status\/1964796466062643467?ref_src=twsrc%5Etfw\" class=\"trk-cta-link\" data-cta-trk='{\"ctaType\":\"Link\",\"ctaSubType\":\"main\"}'>September 7, 2025<\/a><\/blockquote><script async src=\"https:\/\/platform.twitter.com\/widgets.js\" charset=\"utf-8\"><\/script><p>Les Rams, qui sortent d&rsquo;une tr&egrave;s belle saison, entament leur exercice 2025 contre un demi-finaliste de conf&eacute;rence de l&rsquo;ann&eacute;e derni&egrave;re. Au moment du contact, les Texans &eacute;taient en t&ecirc;te avec 3 petits points, contre 0 pour leur adversaire. <\/p><p>Le receveur a pu finalement revenir sur le terrain pour attraper une nouvelle passe de son quarterback avant la mi-temps. Il en a m&ecirc;me profit&eacute; pour inscrire un touchdown juste avant la mi-temps (7-6 pour les Rams, 53 secondes &agrave; jouer dans le 2nd quart-temps). Plus de peur de de mal !<\/p><p>Cr&eacute;dit photo: &copy; Lon Horwedel-Imagn Images<\/p><p><\/p>\n","protected":false},"excerpt":{"rendered":"<p>NFL &#8211; Le receveur vedette des Los Angeles Rams, Puka Nacua, est sorti sur blessure<\/p>\n","protected":false},"author":180310198,"featured_media":1500823,"comment_status":"closed","ping_status":"closed","sticky":false,"template":"","format":"standard","meta":{"inline_featured_image":false,"kia_subtitle":"NFL - Le receveur vedette des Los Angeles Rams, Puka Nacua, est sorti sur blessure","_mux_skip_reasons":[],"proofreadBy":0,"footnotes":""},"categories":[118,8410,40,8408],"tags":[695,6443],"sport":[2785],"saison":[7475],"class_list":["post-1500811","post","type-post","status-publish","format-standard","has-post-thumbnail","hentry","category-actualite-nfl","category-football-americain","category-nfl","category-sports","tag-los-angeles-rams","tag-puka-nacua","sport-nfl","saison-7475"],"acf":[],"yoast_head":"<!-- This site is optimized with the Yoast SEO plugin v24.2 - https:\/\/yoast.com\/wordpress\/plugins\/seo\/ -->\n<title>Rams - Texans : Grosse frayeur pour Puka Nacua - The Playoffs FR<\/title>\n<meta name=\"robots\" content=\"index, follow, max-snippet:-1, max-image-preview:large, max-video-preview:-1\" \/>\n<link rel=\"canonical\" href=\"https:\/\/theplayoffs.news\/fr\/actualite-nfl\/rams-texans-grosse-frayeur-pour-puka-nacua\/\" \/>\n<meta property=\"og:locale\" content=\"fr_FR\" \/>\n<meta property=\"og:type\" content=\"article\" \/>\n<meta property=\"og:title\" content=\"Rams - Texans : Grosse frayeur pour Puka Nacua - The Playoffs FR\" \/>\n<meta property=\"og:description\" content=\"NFL - Le receveur vedette des Los Angeles Rams, Puka Nacua, est sorti sur blessure\" \/>\n<meta property=\"og:url\" content=\"https:\/\/theplayoffs.news\/fr\/actualite-nfl\/rams-texans-grosse-frayeur-pour-puka-nacua\/\" \/>\n<meta property=\"og:site_name\" content=\"The Playoffs FR\" \/>\n<meta property=\"article:publisher\" content=\"https:\/\/www.facebook.com\/TheFreeAgentFR\/\" \/>\n<meta property=\"article:modified_time\" content=\"2025-09-07T23:41:24+02:00\" \/>\n<meta property=\"og:image\" content=\"https:\/\/theplayoffs.news\/fr\/wp-content\/uploads\/2025\/09\/USATSI_24191046-2.jpg\" \/>\n\t<meta property=\"og:image:width\" content=\"1920\" \/>\n\t<meta property=\"og:image:height\" content=\"1280\" \/>\n\t<meta property=\"og:image:type\" content=\"image\/jpeg\" \/>\n<meta name=\"author\" content=\"Vincent Marchetti\" \/>\n<meta name=\"twitter:card\" content=\"summary_large_image\" \/>\n<meta name=\"twitter:creator\" content=\"@TheFreeAgentFR\" \/>\n<meta name=\"twitter:site\" content=\"@TheFreeAgentFR\" \/>\n<meta name=\"twitter:label1\" content=\"\u00c9crit par\" \/>\n\t<meta name=\"twitter:data1\" content=\"Vincent Marchetti\" \/>\n\t<meta name=\"twitter:label2\" content=\"Dur\u00e9e de lecture estim\u00e9e\" \/>\n\t<meta name=\"twitter:data2\" content=\"2 minutes\" \/>\n<script type=\"application\/ld+json\" class=\"yoast-schema-graph\">{\"@context\":\"https:\/\/schema.org\",\"@graph\":[{\"@type\":\"WebPage\",\"@id\":\"https:\/\/theplayoffs.news\/fr\/actualite-nfl\/rams-texans-grosse-frayeur-pour-puka-nacua\/\",\"url\":\"https:\/\/theplayoffs.news\/fr\/actualite-nfl\/rams-texans-grosse-frayeur-pour-puka-nacua\/\",\"name\":\"Rams - Texans : Grosse frayeur pour Puka Nacua - The Playoffs FR\",\"isPartOf\":{\"@id\":\"https:\/\/theplayoffs.news\/fr\/#website\"},\"primaryImageOfPage\":{\"@id\":\"https:\/\/theplayoffs.news\/fr\/actualite-nfl\/rams-texans-grosse-frayeur-pour-puka-nacua\/#primaryimage\"},\"image\":{\"@id\":\"https:\/\/theplayoffs.news\/fr\/actualite-nfl\/rams-texans-grosse-frayeur-pour-puka-nacua\/#primaryimage\"},\"thumbnailUrl\":\"https:\/\/theplayoffs.news\/fr\/wp-content\/uploads\/2025\/09\/USATSI_24191046-2.jpg\",\"datePublished\":\"2025-09-07T21:40:49+00:00\",\"dateModified\":\"2025-09-07T21:41:24+00:00\",\"author\":{\"@id\":\"https:\/\/theplayoffs.news\/fr\/#\/schema\/person\/53b7f0b5f7334fe0bbcf2930eb83b6de\"},\"breadcrumb\":{\"@id\":\"https:\/\/theplayoffs.news\/fr\/actualite-nfl\/rams-texans-grosse-frayeur-pour-puka-nacua\/#breadcrumb\"},\"inLanguage\":\"fr-FR\",\"potentialAction\":[{\"@type\":\"ReadAction\",\"target\":[\"https:\/\/theplayoffs.news\/fr\/actualite-nfl\/rams-texans-grosse-frayeur-pour-puka-nacua\/\"]}]},{\"@type\":\"ImageObject\",\"inLanguage\":\"fr-FR\",\"@id\":\"https:\/\/theplayoffs.news\/fr\/actualite-nfl\/rams-texans-grosse-frayeur-pour-puka-nacua\/#primaryimage\",\"url\":\"https:\/\/theplayoffs.news\/fr\/wp-content\/uploads\/2025\/09\/USATSI_24191046-2.jpg\",\"contentUrl\":\"https:\/\/theplayoffs.news\/fr\/wp-content\/uploads\/2025\/09\/USATSI_24191046-2.jpg\",\"width\":1920,\"height\":1280,\"caption\":\"Sep 8, 2024; Detroit, Michigan, USA; Los Angeles Rams wide receiver Puka Nacua (17) is carted off the field after being injured against the Detroit Lions in the first half at Ford Field. Mandatory Credit: Lon Horwedel-Imagn Images\"},{\"@type\":\"BreadcrumbList\",\"@id\":\"https:\/\/theplayoffs.news\/fr\/actualite-nfl\/rams-texans-grosse-frayeur-pour-puka-nacua\/#breadcrumb\",\"itemListElement\":[{\"@type\":\"ListItem\",\"position\":1,\"name\":\"Accueil\",\"item\":\"https:\/\/theplayoffs.news\/fr\/\"},{\"@type\":\"ListItem\",\"position\":2,\"name\":\"Rams &#8211; Texans : Grosse frayeur pour Puka Nacua\"}]},{\"@type\":\"WebSite\",\"@id\":\"https:\/\/theplayoffs.news\/fr\/#website\",\"url\":\"https:\/\/theplayoffs.news\/fr\/\",\"name\":\"The Playoffs FR\",\"description\":\"NBA-NFL-NHL-MLB\",\"potentialAction\":[{\"@type\":\"SearchAction\",\"target\":{\"@type\":\"EntryPoint\",\"urlTemplate\":\"https:\/\/theplayoffs.news\/fr\/?s={search_term_string}\"},\"query-input\":{\"@type\":\"PropertyValueSpecification\",\"valueRequired\":true,\"valueName\":\"search_term_string\"}}],\"inLanguage\":\"fr-FR\"},{\"@type\":\"Person\",\"@id\":\"https:\/\/theplayoffs.news\/fr\/#\/schema\/person\/53b7f0b5f7334fe0bbcf2930eb83b6de\",\"name\":\"Vincent Marchetti\",\"image\":{\"@type\":\"ImageObject\",\"inLanguage\":\"fr-FR\",\"@id\":\"https:\/\/theplayoffs.news\/fr\/#\/schema\/person\/image\/\",\"url\":\"https:\/\/secure.gravatar.com\/avatar\/a56c1d745b010d4eaa69ee1530f51550cc181de00371515f7120116b26bda415?s=96&d=mm&r=g\",\"contentUrl\":\"https:\/\/secure.gravatar.com\/avatar\/a56c1d745b010d4eaa69ee1530f51550cc181de00371515f7120116b26bda415?s=96&d=mm&r=g\",\"caption\":\"Vincent Marchetti\"},\"url\":\"https:\/\/theplayoffs.news\/fr\/author\/marchetti-vincent85gmail-com\/\"}]}<\/script>\n<!-- \/ Yoast SEO plugin. -->","yoast_head_json":{"title":"Rams - Texans : Grosse frayeur pour Puka Nacua - The Playoffs FR","robots":{"index":"index","follow":"follow","max-snippet":"max-snippet:-1","max-image-preview":"max-image-preview:large","max-video-preview":"max-video-preview:-1"},"canonical":"https:\/\/theplayoffs.news\/fr\/actualite-nfl\/rams-texans-grosse-frayeur-pour-puka-nacua\/","og_locale":"fr_FR","og_type":"article","og_title":"Rams - Texans : Grosse frayeur pour Puka Nacua - The Playoffs FR","og_description":"NFL - Le receveur vedette des Los Angeles Rams, Puka Nacua, est sorti sur blessure","og_url":"https:\/\/theplayoffs.news\/fr\/actualite-nfl\/rams-texans-grosse-frayeur-pour-puka-nacua\/","og_site_name":"The Playoffs FR","article_publisher":"https:\/\/www.facebook.com\/TheFreeAgentFR\/","article_modified_time":"2025-09-07T21:41:24+00:00","og_image":[{"width":1920,"height":1280,"url":"https:\/\/theplayoffs.news\/fr\/wp-content\/uploads\/2025\/09\/USATSI_24191046-2.jpg","type":"image\/jpeg"}],"author":"Vincent Marchetti","twitter_card":"summary_large_image","twitter_creator":"@TheFreeAgentFR","twitter_site":"@TheFreeAgentFR","twitter_misc":{"\u00c9crit par":"Vincent Marchetti","Dur\u00e9e de lecture estim\u00e9e":"2 minutes"},"schema":{"@context":"https:\/\/schema.org","@graph":[{"@type":"WebPage","@id":"https:\/\/theplayoffs.news\/fr\/actualite-nfl\/rams-texans-grosse-frayeur-pour-puka-nacua\/","url":"https:\/\/theplayoffs.news\/fr\/actualite-nfl\/rams-texans-grosse-frayeur-pour-puka-nacua\/","name":"Rams - Texans : Grosse frayeur pour Puka Nacua - The Playoffs FR","isPartOf":{"@id":"https:\/\/theplayoffs.news\/fr\/#website"},"primaryImageOfPage":{"@id":"https:\/\/theplayoffs.news\/fr\/actualite-nfl\/rams-texans-grosse-frayeur-pour-puka-nacua\/#primaryimage"},"image":{"@id":"https:\/\/theplayoffs.news\/fr\/actualite-nfl\/rams-texans-grosse-frayeur-pour-puka-nacua\/#primaryimage"},"thumbnailUrl":"https:\/\/theplayoffs.news\/fr\/wp-content\/uploads\/2025\/09\/USATSI_24191046-2.jpg","datePublished":"2025-09-07T21:40:49+00:00","dateModified":"2025-09-07T21:41:24+00:00","author":{"@id":"https:\/\/theplayoffs.news\/fr\/#\/schema\/person\/53b7f0b5f7334fe0bbcf2930eb83b6de"},"breadcrumb":{"@id":"https:\/\/theplayoffs.news\/fr\/actualite-nfl\/rams-texans-grosse-frayeur-pour-puka-nacua\/#breadcrumb"},"inLanguage":"fr-FR","potentialAction":[{"@type":"ReadAction","target":["https:\/\/theplayoffs.news\/fr\/actualite-nfl\/rams-texans-grosse-frayeur-pour-puka-nacua\/"]}]},{"@type":"ImageObject","inLanguage":"fr-FR","@id":"https:\/\/theplayoffs.news\/fr\/actualite-nfl\/rams-texans-grosse-frayeur-pour-puka-nacua\/#primaryimage","url":"https:\/\/theplayoffs.news\/fr\/wp-content\/uploads\/2025\/09\/USATSI_24191046-2.jpg","contentUrl":"https:\/\/theplayoffs.news\/fr\/wp-content\/uploads\/2025\/09\/USATSI_24191046-2.jpg","width":1920,"height":1280,"caption":"Sep 8, 2024; Detroit, Michigan, USA; Los Angeles Rams wide receiver Puka Nacua (17) is carted off the field after being injured against the Detroit Lions in the first half at Ford Field. Mandatory Credit: Lon Horwedel-Imagn Images"},{"@type":"BreadcrumbList","@id":"https:\/\/theplayoffs.news\/fr\/actualite-nfl\/rams-texans-grosse-frayeur-pour-puka-nacua\/#breadcrumb","itemListElement":[{"@type":"ListItem","position":1,"name":"Accueil","item":"https:\/\/theplayoffs.news\/fr\/"},{"@type":"ListItem","position":2,"name":"Rams &#8211; Texans : Grosse frayeur pour Puka Nacua"}]},{"@type":"WebSite","@id":"https:\/\/theplayoffs.news\/fr\/#website","url":"https:\/\/theplayoffs.news\/fr\/","name":"The Playoffs FR","description":"NBA-NFL-NHL-MLB","potentialAction":[{"@type":"SearchAction","target":{"@type":"EntryPoint","urlTemplate":"https:\/\/theplayoffs.news\/fr\/?s={search_term_string}"},"query-input":{"@type":"PropertyValueSpecification","valueRequired":true,"valueName":"search_term_string"}}],"inLanguage":"fr-FR"},{"@type":"Person","@id":"https:\/\/theplayoffs.news\/fr\/#\/schema\/person\/53b7f0b5f7334fe0bbcf2930eb83b6de","name":"Vincent Marchetti","image":{"@type":"ImageObject","inLanguage":"fr-FR","@id":"https:\/\/theplayoffs.news\/fr\/#\/schema\/person\/image\/","url":"https:\/\/secure.gravatar.com\/avatar\/a56c1d745b010d4eaa69ee1530f51550cc181de00371515f7120116b26bda415?s=96&d=mm&r=g","contentUrl":"https:\/\/secure.gravatar.com\/avatar\/a56c1d745b010d4eaa69ee1530f51550cc181de00371515f7120116b26bda415?s=96&d=mm&r=g","caption":"Vincent Marchetti"},"url":"https:\/\/theplayoffs.news\/fr\/author\/marchetti-vincent85gmail-com\/"}]}},"_links":{"self":[{"href":"https:\/\/theplayoffs.news\/fr\/wp-json\/wp\/v2\/posts\/1500811","targetHints":{"allow":["GET"]}}],"collection":[{"href":"https:\/\/theplayoffs.news\/fr\/wp-json\/wp\/v2\/posts"}],"about":[{"href":"https:\/\/theplayoffs.news\/fr\/wp-json\/wp\/v2\/types\/post"}],"author":[{"embeddable":true,"href":"https:\/\/theplayoffs.news\/fr\/wp-json\/wp\/v2\/users\/180310198"}],"replies":[{"embeddable":true,"href":"https:\/\/theplayoffs.news\/fr\/wp-json\/wp\/v2\/comments?post=1500811"}],"version-history":[{"count":4,"href":"https:\/\/theplayoffs.news\/fr\/wp-json\/wp\/v2\/posts\/1500811\/revisions"}],"predecessor-version":[{"id":1500836,"href":"https:\/\/theplayoffs.news\/fr\/wp-json\/wp\/v2\/posts\/1500811\/revisions\/1500836"}],"wp:featuredmedia":[{"embeddable":true,"href":"https:\/\/theplayoffs.news\/fr\/wp-json\/wp\/v2\/media\/1500823"}],"wp:attachment":[{"href":"https:\/\/theplayoffs.news\/fr\/wp-json\/wp\/v2\/media?parent=1500811"}],"wp:term":[{"taxonomy":"category","embeddable":true,"href":"https:\/\/theplayoffs.news\/fr\/wp-json\/wp\/v2\/categories?post=1500811"},{"taxonomy":"post_tag","embeddable":true,"href":"https:\/\/theplayoffs.news\/fr\/wp-json\/wp\/v2\/tags?post=1500811"},{"taxonomy":"sport","embeddable":true,"href":"https:\/\/theplayoffs.news\/fr\/wp-json\/wp\/v2\/sport?post=1500811"},{"taxonomy":"saison","embeddable":true,"href":"https:\/\/theplayoffs.news\/fr\/wp-json\/wp\/v2\/saison?post=1500811"}],"curies":[{"name":"wp","href":"https:\/\/api.w.org\/{rel}","templated":true}]}}