{"id":1500680,"date":"2025-09-05T19:20:03","date_gmt":"2025-09-05T17:20:03","guid":{"rendered":"https:\/\/theplayoffs.news\/fr\/uncategorized\/\/"},"modified":"2025-09-05T19:20:10","modified_gmt":"2025-09-05T17:20:10","slug":"chargers-mekhi-becton-incertain-pour-le-match-face-aux-chiefs","status":"publish","type":"post","link":"https:\/\/theplayoffs.news\/fr\/actualite-nfl\/chargers-mekhi-becton-incertain-pour-le-match-face-aux-chiefs\/","title":{"rendered":"Chargers: Mekhi Becton incertain pour le match face aux Chiefs"},"content":{"rendered":"<p>&Agrave; quelques heures du coup d&rsquo;envoi de la rencontre tant attendue contre les Kansas City Chiefs, <a href=\"https:\/\/theplayoffs.news\/fr\/nfl-prono\/chiefs-chargers-pronostics-cotes-nfl-2025\/\" class=\"trk-cta-link\" data-cta-trk='{\"ctaType\":\"Link\",\"ctaSubType\":\"main\"}'>disput&eacute;e au Br&eacute;sil<\/a>, les <a href=\"https:\/\/theplayoffs.news\/fr\/actualite-nfl\/podcast-nfl-preview-afc-ouest-2025\/\" class=\"trk-cta-link\" data-cta-trk='{\"ctaType\":\"Link\",\"ctaSubType\":\"main\"}'>Los Angeles Chargers<\/a> ont annonc&eacute; une nouvelle qui pourrait peser lourd. Le joueur de ligne offensive Mekhi Becton a &eacute;t&eacute; ajout&eacute; au rapport des bless&eacute;s et son statut est d&eacute;sormais incertain en raison d&rsquo;une maladie dont la nature n&rsquo;a pas &eacute;t&eacute; pr&eacute;cis&eacute;e.<\/p><blockquote class=\"twitter-tweet\"><p lang=\"en\" dir=\"ltr\">G Mekhi Becton (illness) has been added to the injury report. He is questionable for friday night&rsquo;s game vs. kansas city. <a href=\"https:\/\/t.co\/0Ub64QRj63\" class=\"trk-cta-link\" data-cta-trk='{\"ctaType\":\"Link\",\"ctaSubType\":\"main\"}'>https:\/\/t.co\/0Ub64QRj63<\/a><\/p>&mdash; Los Angeles Chargers (@chargers) <a href=\"https:\/\/twitter.com\/chargers\/status\/1964001975999361190?ref_src=twsrc%5Etfw\" class=\"trk-cta-link\" data-cta-trk='{\"ctaType\":\"Link\",\"ctaSubType\":\"main\"}'>September 5, 2025<\/a><\/blockquote><script async src=\"https:\/\/platform.twitter.com\/widgets.js\" charset=\"utf-8\"><\/script><h2 class=\"wp-block-heading\">Une ligne offensive d&eacute;cim&eacute;e?<\/h2><p>Cette possible absence survient dans un contexte d&eacute;j&agrave; compliqu&eacute; pour la ligne offensive californienne. Le left tackle Rashawn Slater, pilier de la protection, est forfait pour toute la saison &agrave; cause d&rsquo;une grave blessure au genou. Perdre Becton viendrait fragiliser un secteur d&eacute;j&agrave; en difficult&eacute;, face &agrave; un adversaire redoutable comme Kansas City et son pass rush men&eacute; par Chris Jones et bien d&rsquo;autres.<\/p><p>Reconverti guard apr&egrave;s des d&eacute;buts mitig&eacute;s comme tackle, Mekhi Becton a retrouv&eacute; de la stabilit&eacute; la saison derni&egrave;re &agrave; Philadelphie. Ses performances solides lui ont valu un contrat de deux ans et 20 millions de dollars avec les Chargers, qui voyaient en lui un &eacute;l&eacute;ment cl&eacute; pour renforcer la protection de Justin Herbert. Malgr&eacute; un &eacute;t&eacute; perturb&eacute; par une blessure non d&eacute;voil&eacute;e, il avait &eacute;t&eacute; r&eacute;int&eacute;gr&eacute; &agrave; temps fin ao&ucirc;t et confirm&eacute; comme titulaire &agrave; droite de la ligne.<\/p><p>La d&eacute;cision finale concernant sa participation sera prise &agrave; l&rsquo;approche du coup d&rsquo;envoi. Mais si Becton devait manquer &agrave; l&rsquo;appel, les Chargers se pr&eacute;senteraient affaiblis pour un duel d&eacute;j&agrave; capital face aux champions de division AFC Ouest en titre.<\/p><p>Cr&eacute;dit photo: &copy; Kirby Lee-Imagn Images<\/p>\n","protected":false},"excerpt":{"rendered":"<p>NFL &#8211; Mekhi Becton pourrait manquer le premier match de la saison<\/p>\n","protected":false},"author":180309964,"featured_media":1500682,"comment_status":"closed","ping_status":"closed","sticky":false,"template":"","format":"standard","meta":{"inline_featured_image":false,"kia_subtitle":"NFL - Mekhi Becton pourrait manquer le premier match de la saison","_mux_skip_reasons":[],"proofreadBy":0,"footnotes":""},"categories":[118,8410,40,8408],"tags":[759,1110],"sport":[2785],"saison":[7475],"class_list":["post-1500680","post","type-post","status-publish","format-standard","has-post-thumbnail","hentry","category-actualite-nfl","category-football-americain","category-nfl","category-sports","tag-los-angeles-chargers","tag-mekhi-becton","sport-nfl","saison-7475"],"acf":[],"yoast_head":"<!-- This site is optimized with the Yoast SEO plugin v24.2 - https:\/\/yoast.com\/wordpress\/plugins\/seo\/ -->\n<title>Chargers: Mekhi Becton incertain pour le match face aux Chiefs - The Playoffs FR<\/title>\n<meta name=\"robots\" content=\"index, follow, max-snippet:-1, max-image-preview:large, max-video-preview:-1\" \/>\n<link rel=\"canonical\" href=\"https:\/\/theplayoffs.news\/fr\/actualite-nfl\/chargers-mekhi-becton-incertain-pour-le-match-face-aux-chiefs\/\" \/>\n<meta property=\"og:locale\" content=\"fr_FR\" \/>\n<meta property=\"og:type\" content=\"article\" \/>\n<meta property=\"og:title\" content=\"Chargers: Mekhi Becton incertain pour le match face aux Chiefs - The Playoffs FR\" \/>\n<meta property=\"og:description\" content=\"NFL - Mekhi Becton pourrait manquer le premier match de la saison\" \/>\n<meta property=\"og:url\" content=\"https:\/\/theplayoffs.news\/fr\/actualite-nfl\/chargers-mekhi-becton-incertain-pour-le-match-face-aux-chiefs\/\" \/>\n<meta property=\"og:site_name\" content=\"The Playoffs FR\" \/>\n<meta property=\"article:publisher\" content=\"https:\/\/www.facebook.com\/TheFreeAgentFR\/\" \/>\n<meta property=\"article:modified_time\" content=\"2025-09-05T19:20:10+02:00\" \/>\n<meta property=\"og:image\" content=\"https:\/\/theplayoffs.news\/fr\/wp-content\/uploads\/2025\/09\/USATSI_26301186.jpg\" \/>\n\t<meta property=\"og:image:width\" content=\"1920\" \/>\n\t<meta property=\"og:image:height\" content=\"1280\" \/>\n\t<meta property=\"og:image:type\" content=\"image\/jpeg\" \/>\n<meta name=\"author\" content=\"Flavien Jumeau\" \/>\n<meta name=\"twitter:card\" content=\"summary_large_image\" \/>\n<meta name=\"twitter:creator\" content=\"@TheFreeAgentFR\" \/>\n<meta name=\"twitter:site\" content=\"@TheFreeAgentFR\" \/>\n<meta name=\"twitter:label1\" content=\"\u00c9crit par\" \/>\n\t<meta name=\"twitter:data1\" content=\"Flavien Jumeau\" \/>\n\t<meta name=\"twitter:label2\" content=\"Dur\u00e9e de lecture estim\u00e9e\" \/>\n\t<meta name=\"twitter:data2\" content=\"2 minutes\" \/>\n<script type=\"application\/ld+json\" class=\"yoast-schema-graph\">{\"@context\":\"https:\/\/schema.org\",\"@graph\":[{\"@type\":\"WebPage\",\"@id\":\"https:\/\/theplayoffs.news\/fr\/actualite-nfl\/chargers-mekhi-becton-incertain-pour-le-match-face-aux-chiefs\/\",\"url\":\"https:\/\/theplayoffs.news\/fr\/actualite-nfl\/chargers-mekhi-becton-incertain-pour-le-match-face-aux-chiefs\/\",\"name\":\"Chargers: Mekhi Becton incertain pour le match face aux Chiefs - The Playoffs FR\",\"isPartOf\":{\"@id\":\"https:\/\/theplayoffs.news\/fr\/#website\"},\"primaryImageOfPage\":{\"@id\":\"https:\/\/theplayoffs.news\/fr\/actualite-nfl\/chargers-mekhi-becton-incertain-pour-le-match-face-aux-chiefs\/#primaryimage\"},\"image\":{\"@id\":\"https:\/\/theplayoffs.news\/fr\/actualite-nfl\/chargers-mekhi-becton-incertain-pour-le-match-face-aux-chiefs\/#primaryimage\"},\"thumbnailUrl\":\"https:\/\/theplayoffs.news\/fr\/wp-content\/uploads\/2025\/09\/USATSI_26301186.jpg\",\"datePublished\":\"2025-09-05T17:20:03+00:00\",\"dateModified\":\"2025-09-05T17:20:10+00:00\",\"author\":{\"@id\":\"https:\/\/theplayoffs.news\/fr\/#\/schema\/person\/def63bc6746dc5957469b75feb99e66d\"},\"breadcrumb\":{\"@id\":\"https:\/\/theplayoffs.news\/fr\/actualite-nfl\/chargers-mekhi-becton-incertain-pour-le-match-face-aux-chiefs\/#breadcrumb\"},\"inLanguage\":\"fr-FR\",\"potentialAction\":[{\"@type\":\"ReadAction\",\"target\":[\"https:\/\/theplayoffs.news\/fr\/actualite-nfl\/chargers-mekhi-becton-incertain-pour-le-match-face-aux-chiefs\/\"]}]},{\"@type\":\"ImageObject\",\"inLanguage\":\"fr-FR\",\"@id\":\"https:\/\/theplayoffs.news\/fr\/actualite-nfl\/chargers-mekhi-becton-incertain-pour-le-match-face-aux-chiefs\/#primaryimage\",\"url\":\"https:\/\/theplayoffs.news\/fr\/wp-content\/uploads\/2025\/09\/USATSI_26301186.jpg\",\"contentUrl\":\"https:\/\/theplayoffs.news\/fr\/wp-content\/uploads\/2025\/09\/USATSI_26301186.jpg\",\"width\":1920,\"height\":1280,\"caption\":\"May 27, 2025; El Segundo, CA, USA; Los Angeles Chargers guard Mekhi Becton (73) during organized team activities at The Bolt. Mandatory Credit: Kirby Lee-Imagn Images\"},{\"@type\":\"BreadcrumbList\",\"@id\":\"https:\/\/theplayoffs.news\/fr\/actualite-nfl\/chargers-mekhi-becton-incertain-pour-le-match-face-aux-chiefs\/#breadcrumb\",\"itemListElement\":[{\"@type\":\"ListItem\",\"position\":1,\"name\":\"Accueil\",\"item\":\"https:\/\/theplayoffs.news\/fr\/\"},{\"@type\":\"ListItem\",\"position\":2,\"name\":\"Chargers: Mekhi Becton incertain pour le match face aux Chiefs\"}]},{\"@type\":\"WebSite\",\"@id\":\"https:\/\/theplayoffs.news\/fr\/#website\",\"url\":\"https:\/\/theplayoffs.news\/fr\/\",\"name\":\"The Playoffs FR\",\"description\":\"NBA-NFL-NHL-MLB\",\"potentialAction\":[{\"@type\":\"SearchAction\",\"target\":{\"@type\":\"EntryPoint\",\"urlTemplate\":\"https:\/\/theplayoffs.news\/fr\/?s={search_term_string}\"},\"query-input\":{\"@type\":\"PropertyValueSpecification\",\"valueRequired\":true,\"valueName\":\"search_term_string\"}}],\"inLanguage\":\"fr-FR\"},{\"@type\":\"Person\",\"@id\":\"https:\/\/theplayoffs.news\/fr\/#\/schema\/person\/def63bc6746dc5957469b75feb99e66d\",\"name\":\"Flavien Jumeau\",\"image\":{\"@type\":\"ImageObject\",\"inLanguage\":\"fr-FR\",\"@id\":\"https:\/\/theplayoffs.news\/fr\/#\/schema\/person\/image\/\",\"url\":\"https:\/\/secure.gravatar.com\/avatar\/e7fa8ba5a4b7e4ce35fe152f083f352db28ad0acce692004ed88a7a7d78893f7?s=96&d=mm&r=g\",\"contentUrl\":\"https:\/\/secure.gravatar.com\/avatar\/e7fa8ba5a4b7e4ce35fe152f083f352db28ad0acce692004ed88a7a7d78893f7?s=96&d=mm&r=g\",\"caption\":\"Flavien Jumeau\"},\"description\":\"Amoureux du sport (et de vraiment tous les sports) depuis mon plus jeune \u00e2ge, j\u2019ai longtemps h\u00e9site entre le snooker et le curling. Finalement c\u2019est le foot US que j\u2019ai d\u00e9cid\u00e9 de choisir! Responsable foot US sur TPO et animateur du podcast Tailgate j\u2019ai pour mission de vous faire d\u00e9couvrir ce sport passionnant si ce n\u2019est pas encore fait et de vous donner les derni\u00e8res actus. Le tout dans la bonne humeur et avec toujours un jeu de mots ou deux savamment distill\u00e9s! Fan des Saints, pour moi Drew Brees est le vrai GOAT!\",\"url\":\"https:\/\/theplayoffs.news\/fr\/author\/flavien-jumeaugmail-com\/\"}]}<\/script>\n<!-- \/ Yoast SEO plugin. -->","yoast_head_json":{"title":"Chargers: Mekhi Becton incertain pour le match face aux Chiefs - The Playoffs FR","robots":{"index":"index","follow":"follow","max-snippet":"max-snippet:-1","max-image-preview":"max-image-preview:large","max-video-preview":"max-video-preview:-1"},"canonical":"https:\/\/theplayoffs.news\/fr\/actualite-nfl\/chargers-mekhi-becton-incertain-pour-le-match-face-aux-chiefs\/","og_locale":"fr_FR","og_type":"article","og_title":"Chargers: Mekhi Becton incertain pour le match face aux Chiefs - The Playoffs FR","og_description":"NFL - Mekhi Becton pourrait manquer le premier match de la saison","og_url":"https:\/\/theplayoffs.news\/fr\/actualite-nfl\/chargers-mekhi-becton-incertain-pour-le-match-face-aux-chiefs\/","og_site_name":"The Playoffs FR","article_publisher":"https:\/\/www.facebook.com\/TheFreeAgentFR\/","article_modified_time":"2025-09-05T17:20:10+00:00","og_image":[{"width":1920,"height":1280,"url":"https:\/\/theplayoffs.news\/fr\/wp-content\/uploads\/2025\/09\/USATSI_26301186.jpg","type":"image\/jpeg"}],"author":"Flavien Jumeau","twitter_card":"summary_large_image","twitter_creator":"@TheFreeAgentFR","twitter_site":"@TheFreeAgentFR","twitter_misc":{"\u00c9crit par":"Flavien Jumeau","Dur\u00e9e de lecture estim\u00e9e":"2 minutes"},"schema":{"@context":"https:\/\/schema.org","@graph":[{"@type":"WebPage","@id":"https:\/\/theplayoffs.news\/fr\/actualite-nfl\/chargers-mekhi-becton-incertain-pour-le-match-face-aux-chiefs\/","url":"https:\/\/theplayoffs.news\/fr\/actualite-nfl\/chargers-mekhi-becton-incertain-pour-le-match-face-aux-chiefs\/","name":"Chargers: Mekhi Becton incertain pour le match face aux Chiefs - The Playoffs FR","isPartOf":{"@id":"https:\/\/theplayoffs.news\/fr\/#website"},"primaryImageOfPage":{"@id":"https:\/\/theplayoffs.news\/fr\/actualite-nfl\/chargers-mekhi-becton-incertain-pour-le-match-face-aux-chiefs\/#primaryimage"},"image":{"@id":"https:\/\/theplayoffs.news\/fr\/actualite-nfl\/chargers-mekhi-becton-incertain-pour-le-match-face-aux-chiefs\/#primaryimage"},"thumbnailUrl":"https:\/\/theplayoffs.news\/fr\/wp-content\/uploads\/2025\/09\/USATSI_26301186.jpg","datePublished":"2025-09-05T17:20:03+00:00","dateModified":"2025-09-05T17:20:10+00:00","author":{"@id":"https:\/\/theplayoffs.news\/fr\/#\/schema\/person\/def63bc6746dc5957469b75feb99e66d"},"breadcrumb":{"@id":"https:\/\/theplayoffs.news\/fr\/actualite-nfl\/chargers-mekhi-becton-incertain-pour-le-match-face-aux-chiefs\/#breadcrumb"},"inLanguage":"fr-FR","potentialAction":[{"@type":"ReadAction","target":["https:\/\/theplayoffs.news\/fr\/actualite-nfl\/chargers-mekhi-becton-incertain-pour-le-match-face-aux-chiefs\/"]}]},{"@type":"ImageObject","inLanguage":"fr-FR","@id":"https:\/\/theplayoffs.news\/fr\/actualite-nfl\/chargers-mekhi-becton-incertain-pour-le-match-face-aux-chiefs\/#primaryimage","url":"https:\/\/theplayoffs.news\/fr\/wp-content\/uploads\/2025\/09\/USATSI_26301186.jpg","contentUrl":"https:\/\/theplayoffs.news\/fr\/wp-content\/uploads\/2025\/09\/USATSI_26301186.jpg","width":1920,"height":1280,"caption":"May 27, 2025; El Segundo, CA, USA; Los Angeles Chargers guard Mekhi Becton (73) during organized team activities at The Bolt. Mandatory Credit: Kirby Lee-Imagn Images"},{"@type":"BreadcrumbList","@id":"https:\/\/theplayoffs.news\/fr\/actualite-nfl\/chargers-mekhi-becton-incertain-pour-le-match-face-aux-chiefs\/#breadcrumb","itemListElement":[{"@type":"ListItem","position":1,"name":"Accueil","item":"https:\/\/theplayoffs.news\/fr\/"},{"@type":"ListItem","position":2,"name":"Chargers: Mekhi Becton incertain pour le match face aux Chiefs"}]},{"@type":"WebSite","@id":"https:\/\/theplayoffs.news\/fr\/#website","url":"https:\/\/theplayoffs.news\/fr\/","name":"The Playoffs FR","description":"NBA-NFL-NHL-MLB","potentialAction":[{"@type":"SearchAction","target":{"@type":"EntryPoint","urlTemplate":"https:\/\/theplayoffs.news\/fr\/?s={search_term_string}"},"query-input":{"@type":"PropertyValueSpecification","valueRequired":true,"valueName":"search_term_string"}}],"inLanguage":"fr-FR"},{"@type":"Person","@id":"https:\/\/theplayoffs.news\/fr\/#\/schema\/person\/def63bc6746dc5957469b75feb99e66d","name":"Flavien Jumeau","image":{"@type":"ImageObject","inLanguage":"fr-FR","@id":"https:\/\/theplayoffs.news\/fr\/#\/schema\/person\/image\/","url":"https:\/\/secure.gravatar.com\/avatar\/e7fa8ba5a4b7e4ce35fe152f083f352db28ad0acce692004ed88a7a7d78893f7?s=96&d=mm&r=g","contentUrl":"https:\/\/secure.gravatar.com\/avatar\/e7fa8ba5a4b7e4ce35fe152f083f352db28ad0acce692004ed88a7a7d78893f7?s=96&d=mm&r=g","caption":"Flavien Jumeau"},"description":"Amoureux du sport (et de vraiment tous les sports) depuis mon plus jeune \u00e2ge, j\u2019ai longtemps h\u00e9site entre le snooker et le curling. Finalement c\u2019est le foot US que j\u2019ai d\u00e9cid\u00e9 de choisir! Responsable foot US sur TPO et animateur du podcast Tailgate j\u2019ai pour mission de vous faire d\u00e9couvrir ce sport passionnant si ce n\u2019est pas encore fait et de vous donner les derni\u00e8res actus. Le tout dans la bonne humeur et avec toujours un jeu de mots ou deux savamment distill\u00e9s! Fan des Saints, pour moi Drew Brees est le vrai GOAT!","url":"https:\/\/theplayoffs.news\/fr\/author\/flavien-jumeaugmail-com\/"}]}},"_links":{"self":[{"href":"https:\/\/theplayoffs.news\/fr\/wp-json\/wp\/v2\/posts\/1500680","targetHints":{"allow":["GET"]}}],"collection":[{"href":"https:\/\/theplayoffs.news\/fr\/wp-json\/wp\/v2\/posts"}],"about":[{"href":"https:\/\/theplayoffs.news\/fr\/wp-json\/wp\/v2\/types\/post"}],"author":[{"embeddable":true,"href":"https:\/\/theplayoffs.news\/fr\/wp-json\/wp\/v2\/users\/180309964"}],"replies":[{"embeddable":true,"href":"https:\/\/theplayoffs.news\/fr\/wp-json\/wp\/v2\/comments?post=1500680"}],"version-history":[{"count":1,"href":"https:\/\/theplayoffs.news\/fr\/wp-json\/wp\/v2\/posts\/1500680\/revisions"}],"predecessor-version":[{"id":1500684,"href":"https:\/\/theplayoffs.news\/fr\/wp-json\/wp\/v2\/posts\/1500680\/revisions\/1500684"}],"wp:featuredmedia":[{"embeddable":true,"href":"https:\/\/theplayoffs.news\/fr\/wp-json\/wp\/v2\/media\/1500682"}],"wp:attachment":[{"href":"https:\/\/theplayoffs.news\/fr\/wp-json\/wp\/v2\/media?parent=1500680"}],"wp:term":[{"taxonomy":"category","embeddable":true,"href":"https:\/\/theplayoffs.news\/fr\/wp-json\/wp\/v2\/categories?post=1500680"},{"taxonomy":"post_tag","embeddable":true,"href":"https:\/\/theplayoffs.news\/fr\/wp-json\/wp\/v2\/tags?post=1500680"},{"taxonomy":"sport","embeddable":true,"href":"https:\/\/theplayoffs.news\/fr\/wp-json\/wp\/v2\/sport?post=1500680"},{"taxonomy":"saison","embeddable":true,"href":"https:\/\/theplayoffs.news\/fr\/wp-json\/wp\/v2\/saison?post=1500680"}],"curies":[{"name":"wp","href":"https:\/\/api.w.org\/{rel}","templated":true}]}}