{"id":1500606,"date":"2025-09-05T07:14:00","date_gmt":"2025-09-05T05:14:00","guid":{"rendered":"https:\/\/theplayoffs.news\/fr\/uncategorized\/\/"},"modified":"2025-09-05T07:14:22","modified_gmt":"2025-09-05T05:14:22","slug":"nfl-2025-week-1-jalen-carter-expulse-pour-avoir-crache-sur-dak-prescott","status":"publish","type":"post","link":"https:\/\/theplayoffs.news\/fr\/actualite-nfl\/nfl-2025-week-1-jalen-carter-expulse-pour-avoir-crache-sur-dak-prescott\/","title":{"rendered":"NFL 2025 &#8211; Week 1: Jalen Carter expuls\u00e9 pour avoir crach\u00e9 sur Dak Prescott"},"content":{"rendered":"<p>La <a href=\"https:\/\/theplayoffs.news\/fr\/actualite-nfl\/podcast-nfl-nos-predictions-pour-la-saison-nfl-2025\/\" class=\"trk-cta-link\" data-cta-trk='{\"ctaType\":\"Link\",\"ctaSubType\":\"main\"}'>saison NFL 2025<\/a> a d&eacute;marr&eacute; sur une note aussi surprenante que pol&eacute;mique. Lors du coup d&rsquo;envoi tant attendu entre les Philadelphie Eagles et les Dallas Cowboys, la rencontre a rapidement bascul&eacute; dans l&rsquo;inattendu, non pas &agrave; cause d&rsquo;un exploit sportif, mais d&rsquo;un geste d&rsquo;humeur qui de prime abord semblait difficilement explicable.<\/p><h2 class=\"wp-block-heading\">Jalen Carter crache sur Prescott<\/h2><p>Le joueur d&eacute;fensif des Eagles, Jalen Carter, n&rsquo;a m&ecirc;me pas eu le temps de disputer un seul snap avant d&rsquo;&ecirc;tre renvoy&eacute; pr&eacute;matur&eacute;ment aux vestiaires. Alors qu&rsquo;un temps mort m&eacute;dical &eacute;tait accord&eacute; pour soigner le fullback Ben VanSumeren, bless&eacute; d&egrave;s l&rsquo;action initiale et &eacute;vacu&eacute; sur une civi&egrave;re, Carter s&rsquo;est approch&eacute; du huddle texan. Devant t&eacute;moins, il aurait crach&eacute; en direction du quarterback vedette des Cowboys, Dak Prescott.<\/p><blockquote class=\"twitter-tweet\"><p lang=\"en\" dir=\"ltr\">Jalen Carter spitting on Dak Prescott had to be a suspension. That is absolutely disgusting and has no place in football or society as a whole.<br> <a href=\"https:\/\/t.co\/sr948UgyW4\" class=\"trk-cta-link\" data-cta-trk='{\"ctaType\":\"Link\",\"ctaSubType\":\"main\"}'>pic.twitter.com\/sr948UgyW4<\/a><\/p>&mdash; Andy froemel (@FroemelAndy) <a href=\"https:\/\/twitter.com\/FroemelAndy\/status\/1963762495081820636?ref_src=twsrc%5Etfw\" class=\"trk-cta-link\" data-cta-trk='{\"ctaType\":\"Link\",\"ctaSubType\":\"main\"}'>September 5, 2025<\/a><\/blockquote><script async src=\"https:\/\/platform.twitter.com\/widgets.js\" charset=\"utf-8\"><\/script><p>L&rsquo;un des arbitres, parfaitement plac&eacute;, n&rsquo;a pas h&eacute;sit&eacute; une seconde &agrave; sanctionner le joueur. Flag lanc&eacute;, faute personnelle et expulsion imm&eacute;diate: la soir&eacute;e de Carter s&rsquo;est arr&ecirc;t&eacute;e aussi vite qu&rsquo;elle avait commenc&eacute;. Sur le plan sportif, ce geste a eu des cons&eacute;quences directes. Gr&acirc;ce &agrave; la p&eacute;nalit&eacute; de 15 yards, Dallas a entam&eacute; sa premi&egrave;re s&eacute;rie offensive en position favorable et n&rsquo;a eu besoin que de six jeux pour franchir l&rsquo;en-but.<\/p><p>La NFL pourrait se pencher rapidement sur ce dossier, d&rsquo;autant que la s&eacute;quence t&eacute;l&eacute;vis&eacute;e a montr&eacute; Prescott crachant lui aussi quelques secondes auparavant en regardant Carter avant que ce dernier n&rsquo;effectue son geste pol&eacute;mique. Un geste qui n&rsquo;aura cependant pas emp&ecirc;ch&eacute; les Eagles de repartir avec la victoire. Mais qui ne devrait sans doute pas rester impuni. Affaire &agrave; suivre dans les prochains jours.<\/p><p>Cr&eacute;dit photo: &copy; Bill Streicher-Imagn Images<\/p>\n","protected":false},"excerpt":{"rendered":"<p>NFL &#8211; Jalen Carter n&rsquo;aura pas jou\u00e9 un seul snap d\u00e9fensif dans cette premi\u00e8re partie<\/p>\n","protected":false},"author":180309964,"featured_media":1500607,"comment_status":"closed","ping_status":"closed","sticky":false,"template":"","format":"standard","meta":{"inline_featured_image":false,"kia_subtitle":"NFL - Jalen Carter n'aura pas jou\u00e9 un seul snap d\u00e9fensif dans cette premi\u00e8re partie","_mux_skip_reasons":[],"proofreadBy":0,"footnotes":""},"categories":[118,8410,40,8408],"tags":[472,619,5247,4929],"sport":[2785],"saison":[7475],"class_list":["post-1500606","post","type-post","status-publish","format-standard","has-post-thumbnail","hentry","category-actualite-nfl","category-football-americain","category-nfl","category-sports","tag-dak-prescott","tag-dallas-cowboys","tag-jalen-carter","tag-philadelphie-eagles","sport-nfl","saison-7475"],"acf":[],"yoast_head":"<!-- This site is optimized with the Yoast SEO plugin v24.2 - https:\/\/yoast.com\/wordpress\/plugins\/seo\/ -->\n<title>NFL 2025 - Week 1: Jalen Carter expuls&eacute; pour avoir crach&eacute; sur Dak Prescott - The Playoffs FR<\/title>\n<meta name=\"robots\" content=\"index, follow, max-snippet:-1, max-image-preview:large, max-video-preview:-1\" \/>\n<link rel=\"canonical\" href=\"https:\/\/theplayoffs.news\/fr\/actualite-nfl\/nfl-2025-week-1-jalen-carter-expulse-pour-avoir-crache-sur-dak-prescott\/\" \/>\n<meta property=\"og:locale\" content=\"fr_FR\" \/>\n<meta property=\"og:type\" content=\"article\" \/>\n<meta property=\"og:title\" content=\"NFL 2025 - Week 1: Jalen Carter expuls&eacute; pour avoir crach&eacute; sur Dak Prescott - The Playoffs FR\" \/>\n<meta property=\"og:description\" content=\"NFL - Jalen Carter n&#039;aura pas jou&eacute; un seul snap d&eacute;fensif dans cette premi&egrave;re partie\" \/>\n<meta property=\"og:url\" content=\"https:\/\/theplayoffs.news\/fr\/actualite-nfl\/nfl-2025-week-1-jalen-carter-expulse-pour-avoir-crache-sur-dak-prescott\/\" \/>\n<meta property=\"og:site_name\" content=\"The Playoffs FR\" \/>\n<meta property=\"article:publisher\" content=\"https:\/\/www.facebook.com\/TheFreeAgentFR\/\" \/>\n<meta property=\"article:modified_time\" content=\"2025-09-05T07:14:22+02:00\" \/>\n<meta property=\"og:image\" content=\"https:\/\/theplayoffs.news\/fr\/wp-content\/uploads\/2025\/09\/USATSI_27001433.jpg\" \/>\n\t<meta property=\"og:image:width\" content=\"1920\" \/>\n\t<meta property=\"og:image:height\" content=\"1280\" \/>\n\t<meta property=\"og:image:type\" content=\"image\/jpeg\" \/>\n<meta name=\"author\" content=\"Flavien Jumeau\" \/>\n<meta name=\"twitter:card\" content=\"summary_large_image\" \/>\n<meta name=\"twitter:creator\" content=\"@TheFreeAgentFR\" \/>\n<meta name=\"twitter:site\" content=\"@TheFreeAgentFR\" \/>\n<meta name=\"twitter:label1\" content=\"\u00c9crit par\" \/>\n\t<meta name=\"twitter:data1\" content=\"Flavien Jumeau\" \/>\n\t<meta name=\"twitter:label2\" content=\"Dur\u00e9e de lecture estim\u00e9e\" \/>\n\t<meta name=\"twitter:data2\" content=\"2 minutes\" \/>\n<script type=\"application\/ld+json\" class=\"yoast-schema-graph\">{\"@context\":\"https:\/\/schema.org\",\"@graph\":[{\"@type\":\"WebPage\",\"@id\":\"https:\/\/theplayoffs.news\/fr\/actualite-nfl\/nfl-2025-week-1-jalen-carter-expulse-pour-avoir-crache-sur-dak-prescott\/\",\"url\":\"https:\/\/theplayoffs.news\/fr\/actualite-nfl\/nfl-2025-week-1-jalen-carter-expulse-pour-avoir-crache-sur-dak-prescott\/\",\"name\":\"NFL 2025 - Week 1: Jalen Carter expuls\u00e9 pour avoir crach\u00e9 sur Dak Prescott - The Playoffs FR\",\"isPartOf\":{\"@id\":\"https:\/\/theplayoffs.news\/fr\/#website\"},\"primaryImageOfPage\":{\"@id\":\"https:\/\/theplayoffs.news\/fr\/actualite-nfl\/nfl-2025-week-1-jalen-carter-expulse-pour-avoir-crache-sur-dak-prescott\/#primaryimage\"},\"image\":{\"@id\":\"https:\/\/theplayoffs.news\/fr\/actualite-nfl\/nfl-2025-week-1-jalen-carter-expulse-pour-avoir-crache-sur-dak-prescott\/#primaryimage\"},\"thumbnailUrl\":\"https:\/\/theplayoffs.news\/fr\/wp-content\/uploads\/2025\/09\/USATSI_27001433.jpg\",\"datePublished\":\"2025-09-05T05:14:00+00:00\",\"dateModified\":\"2025-09-05T05:14:22+00:00\",\"author\":{\"@id\":\"https:\/\/theplayoffs.news\/fr\/#\/schema\/person\/def63bc6746dc5957469b75feb99e66d\"},\"breadcrumb\":{\"@id\":\"https:\/\/theplayoffs.news\/fr\/actualite-nfl\/nfl-2025-week-1-jalen-carter-expulse-pour-avoir-crache-sur-dak-prescott\/#breadcrumb\"},\"inLanguage\":\"fr-FR\",\"potentialAction\":[{\"@type\":\"ReadAction\",\"target\":[\"https:\/\/theplayoffs.news\/fr\/actualite-nfl\/nfl-2025-week-1-jalen-carter-expulse-pour-avoir-crache-sur-dak-prescott\/\"]}]},{\"@type\":\"ImageObject\",\"inLanguage\":\"fr-FR\",\"@id\":\"https:\/\/theplayoffs.news\/fr\/actualite-nfl\/nfl-2025-week-1-jalen-carter-expulse-pour-avoir-crache-sur-dak-prescott\/#primaryimage\",\"url\":\"https:\/\/theplayoffs.news\/fr\/wp-content\/uploads\/2025\/09\/USATSI_27001433.jpg\",\"contentUrl\":\"https:\/\/theplayoffs.news\/fr\/wp-content\/uploads\/2025\/09\/USATSI_27001433.jpg\",\"width\":1920,\"height\":1280,\"caption\":\"Sep 4, 2025; Philadelphia, Pennsylvania, USA; Philadelphia Eagles defensive tackle Jalen Carter (98) walks off the field after being ejected during the first quarter of the game against the Dallas Cowboys at Lincoln Financial Field. Mandatory Credit: Bill Streicher-Imagn Images\"},{\"@type\":\"BreadcrumbList\",\"@id\":\"https:\/\/theplayoffs.news\/fr\/actualite-nfl\/nfl-2025-week-1-jalen-carter-expulse-pour-avoir-crache-sur-dak-prescott\/#breadcrumb\",\"itemListElement\":[{\"@type\":\"ListItem\",\"position\":1,\"name\":\"Accueil\",\"item\":\"https:\/\/theplayoffs.news\/fr\/\"},{\"@type\":\"ListItem\",\"position\":2,\"name\":\"NFL 2025 &#8211; Week 1: Jalen Carter expuls\u00e9 pour avoir crach\u00e9 sur Dak Prescott\"}]},{\"@type\":\"WebSite\",\"@id\":\"https:\/\/theplayoffs.news\/fr\/#website\",\"url\":\"https:\/\/theplayoffs.news\/fr\/\",\"name\":\"The Playoffs FR\",\"description\":\"NBA-NFL-NHL-MLB\",\"potentialAction\":[{\"@type\":\"SearchAction\",\"target\":{\"@type\":\"EntryPoint\",\"urlTemplate\":\"https:\/\/theplayoffs.news\/fr\/?s={search_term_string}\"},\"query-input\":{\"@type\":\"PropertyValueSpecification\",\"valueRequired\":true,\"valueName\":\"search_term_string\"}}],\"inLanguage\":\"fr-FR\"},{\"@type\":\"Person\",\"@id\":\"https:\/\/theplayoffs.news\/fr\/#\/schema\/person\/def63bc6746dc5957469b75feb99e66d\",\"name\":\"Flavien Jumeau\",\"image\":{\"@type\":\"ImageObject\",\"inLanguage\":\"fr-FR\",\"@id\":\"https:\/\/theplayoffs.news\/fr\/#\/schema\/person\/image\/\",\"url\":\"https:\/\/secure.gravatar.com\/avatar\/e7fa8ba5a4b7e4ce35fe152f083f352db28ad0acce692004ed88a7a7d78893f7?s=96&d=mm&r=g\",\"contentUrl\":\"https:\/\/secure.gravatar.com\/avatar\/e7fa8ba5a4b7e4ce35fe152f083f352db28ad0acce692004ed88a7a7d78893f7?s=96&d=mm&r=g\",\"caption\":\"Flavien Jumeau\"},\"description\":\"Amoureux du sport (et de vraiment tous les sports) depuis mon plus jeune \u00e2ge, j\u2019ai longtemps h\u00e9site entre le snooker et le curling. Finalement c\u2019est le foot US que j\u2019ai d\u00e9cid\u00e9 de choisir! Responsable foot US sur TPO et animateur du podcast Tailgate j\u2019ai pour mission de vous faire d\u00e9couvrir ce sport passionnant si ce n\u2019est pas encore fait et de vous donner les derni\u00e8res actus. Le tout dans la bonne humeur et avec toujours un jeu de mots ou deux savamment distill\u00e9s! Fan des Saints, pour moi Drew Brees est le vrai GOAT!\",\"url\":\"https:\/\/theplayoffs.news\/fr\/author\/flavien-jumeaugmail-com\/\"}]}<\/script>\n<!-- \/ Yoast SEO plugin. -->","yoast_head_json":{"title":"NFL 2025 - Week 1: Jalen Carter expuls&eacute; pour avoir crach&eacute; sur Dak Prescott - The Playoffs FR","robots":{"index":"index","follow":"follow","max-snippet":"max-snippet:-1","max-image-preview":"max-image-preview:large","max-video-preview":"max-video-preview:-1"},"canonical":"https:\/\/theplayoffs.news\/fr\/actualite-nfl\/nfl-2025-week-1-jalen-carter-expulse-pour-avoir-crache-sur-dak-prescott\/","og_locale":"fr_FR","og_type":"article","og_title":"NFL 2025 - Week 1: Jalen Carter expuls&eacute; pour avoir crach&eacute; sur Dak Prescott - The Playoffs FR","og_description":"NFL - Jalen Carter n&#039;aura pas jou&eacute; un seul snap d&eacute;fensif dans cette premi&egrave;re partie","og_url":"https:\/\/theplayoffs.news\/fr\/actualite-nfl\/nfl-2025-week-1-jalen-carter-expulse-pour-avoir-crache-sur-dak-prescott\/","og_site_name":"The Playoffs FR","article_publisher":"https:\/\/www.facebook.com\/TheFreeAgentFR\/","article_modified_time":"2025-09-05T05:14:22+00:00","og_image":[{"width":1920,"height":1280,"url":"https:\/\/theplayoffs.news\/fr\/wp-content\/uploads\/2025\/09\/USATSI_27001433.jpg","type":"image\/jpeg"}],"author":"Flavien Jumeau","twitter_card":"summary_large_image","twitter_creator":"@TheFreeAgentFR","twitter_site":"@TheFreeAgentFR","twitter_misc":{"\u00c9crit par":"Flavien Jumeau","Dur\u00e9e de lecture estim\u00e9e":"2 minutes"},"schema":{"@context":"https:\/\/schema.org","@graph":[{"@type":"WebPage","@id":"https:\/\/theplayoffs.news\/fr\/actualite-nfl\/nfl-2025-week-1-jalen-carter-expulse-pour-avoir-crache-sur-dak-prescott\/","url":"https:\/\/theplayoffs.news\/fr\/actualite-nfl\/nfl-2025-week-1-jalen-carter-expulse-pour-avoir-crache-sur-dak-prescott\/","name":"NFL 2025 - Week 1: Jalen Carter expuls\u00e9 pour avoir crach\u00e9 sur Dak Prescott - The Playoffs FR","isPartOf":{"@id":"https:\/\/theplayoffs.news\/fr\/#website"},"primaryImageOfPage":{"@id":"https:\/\/theplayoffs.news\/fr\/actualite-nfl\/nfl-2025-week-1-jalen-carter-expulse-pour-avoir-crache-sur-dak-prescott\/#primaryimage"},"image":{"@id":"https:\/\/theplayoffs.news\/fr\/actualite-nfl\/nfl-2025-week-1-jalen-carter-expulse-pour-avoir-crache-sur-dak-prescott\/#primaryimage"},"thumbnailUrl":"https:\/\/theplayoffs.news\/fr\/wp-content\/uploads\/2025\/09\/USATSI_27001433.jpg","datePublished":"2025-09-05T05:14:00+00:00","dateModified":"2025-09-05T05:14:22+00:00","author":{"@id":"https:\/\/theplayoffs.news\/fr\/#\/schema\/person\/def63bc6746dc5957469b75feb99e66d"},"breadcrumb":{"@id":"https:\/\/theplayoffs.news\/fr\/actualite-nfl\/nfl-2025-week-1-jalen-carter-expulse-pour-avoir-crache-sur-dak-prescott\/#breadcrumb"},"inLanguage":"fr-FR","potentialAction":[{"@type":"ReadAction","target":["https:\/\/theplayoffs.news\/fr\/actualite-nfl\/nfl-2025-week-1-jalen-carter-expulse-pour-avoir-crache-sur-dak-prescott\/"]}]},{"@type":"ImageObject","inLanguage":"fr-FR","@id":"https:\/\/theplayoffs.news\/fr\/actualite-nfl\/nfl-2025-week-1-jalen-carter-expulse-pour-avoir-crache-sur-dak-prescott\/#primaryimage","url":"https:\/\/theplayoffs.news\/fr\/wp-content\/uploads\/2025\/09\/USATSI_27001433.jpg","contentUrl":"https:\/\/theplayoffs.news\/fr\/wp-content\/uploads\/2025\/09\/USATSI_27001433.jpg","width":1920,"height":1280,"caption":"Sep 4, 2025; Philadelphia, Pennsylvania, USA; Philadelphia Eagles defensive tackle Jalen Carter (98) walks off the field after being ejected during the first quarter of the game against the Dallas Cowboys at Lincoln Financial Field. Mandatory Credit: Bill Streicher-Imagn Images"},{"@type":"BreadcrumbList","@id":"https:\/\/theplayoffs.news\/fr\/actualite-nfl\/nfl-2025-week-1-jalen-carter-expulse-pour-avoir-crache-sur-dak-prescott\/#breadcrumb","itemListElement":[{"@type":"ListItem","position":1,"name":"Accueil","item":"https:\/\/theplayoffs.news\/fr\/"},{"@type":"ListItem","position":2,"name":"NFL 2025 &#8211; Week 1: Jalen Carter expuls\u00e9 pour avoir crach\u00e9 sur Dak Prescott"}]},{"@type":"WebSite","@id":"https:\/\/theplayoffs.news\/fr\/#website","url":"https:\/\/theplayoffs.news\/fr\/","name":"The Playoffs FR","description":"NBA-NFL-NHL-MLB","potentialAction":[{"@type":"SearchAction","target":{"@type":"EntryPoint","urlTemplate":"https:\/\/theplayoffs.news\/fr\/?s={search_term_string}"},"query-input":{"@type":"PropertyValueSpecification","valueRequired":true,"valueName":"search_term_string"}}],"inLanguage":"fr-FR"},{"@type":"Person","@id":"https:\/\/theplayoffs.news\/fr\/#\/schema\/person\/def63bc6746dc5957469b75feb99e66d","name":"Flavien Jumeau","image":{"@type":"ImageObject","inLanguage":"fr-FR","@id":"https:\/\/theplayoffs.news\/fr\/#\/schema\/person\/image\/","url":"https:\/\/secure.gravatar.com\/avatar\/e7fa8ba5a4b7e4ce35fe152f083f352db28ad0acce692004ed88a7a7d78893f7?s=96&d=mm&r=g","contentUrl":"https:\/\/secure.gravatar.com\/avatar\/e7fa8ba5a4b7e4ce35fe152f083f352db28ad0acce692004ed88a7a7d78893f7?s=96&d=mm&r=g","caption":"Flavien Jumeau"},"description":"Amoureux du sport (et de vraiment tous les sports) depuis mon plus jeune \u00e2ge, j\u2019ai longtemps h\u00e9site entre le snooker et le curling. Finalement c\u2019est le foot US que j\u2019ai d\u00e9cid\u00e9 de choisir! Responsable foot US sur TPO et animateur du podcast Tailgate j\u2019ai pour mission de vous faire d\u00e9couvrir ce sport passionnant si ce n\u2019est pas encore fait et de vous donner les derni\u00e8res actus. Le tout dans la bonne humeur et avec toujours un jeu de mots ou deux savamment distill\u00e9s! Fan des Saints, pour moi Drew Brees est le vrai GOAT!","url":"https:\/\/theplayoffs.news\/fr\/author\/flavien-jumeaugmail-com\/"}]}},"_links":{"self":[{"href":"https:\/\/theplayoffs.news\/fr\/wp-json\/wp\/v2\/posts\/1500606","targetHints":{"allow":["GET"]}}],"collection":[{"href":"https:\/\/theplayoffs.news\/fr\/wp-json\/wp\/v2\/posts"}],"about":[{"href":"https:\/\/theplayoffs.news\/fr\/wp-json\/wp\/v2\/types\/post"}],"author":[{"embeddable":true,"href":"https:\/\/theplayoffs.news\/fr\/wp-json\/wp\/v2\/users\/180309964"}],"replies":[{"embeddable":true,"href":"https:\/\/theplayoffs.news\/fr\/wp-json\/wp\/v2\/comments?post=1500606"}],"version-history":[{"count":1,"href":"https:\/\/theplayoffs.news\/fr\/wp-json\/wp\/v2\/posts\/1500606\/revisions"}],"predecessor-version":[{"id":1500608,"href":"https:\/\/theplayoffs.news\/fr\/wp-json\/wp\/v2\/posts\/1500606\/revisions\/1500608"}],"wp:featuredmedia":[{"embeddable":true,"href":"https:\/\/theplayoffs.news\/fr\/wp-json\/wp\/v2\/media\/1500607"}],"wp:attachment":[{"href":"https:\/\/theplayoffs.news\/fr\/wp-json\/wp\/v2\/media?parent=1500606"}],"wp:term":[{"taxonomy":"category","embeddable":true,"href":"https:\/\/theplayoffs.news\/fr\/wp-json\/wp\/v2\/categories?post=1500606"},{"taxonomy":"post_tag","embeddable":true,"href":"https:\/\/theplayoffs.news\/fr\/wp-json\/wp\/v2\/tags?post=1500606"},{"taxonomy":"sport","embeddable":true,"href":"https:\/\/theplayoffs.news\/fr\/wp-json\/wp\/v2\/sport?post=1500606"},{"taxonomy":"saison","embeddable":true,"href":"https:\/\/theplayoffs.news\/fr\/wp-json\/wp\/v2\/saison?post=1500606"}],"curies":[{"name":"wp","href":"https:\/\/api.w.org\/{rel}","templated":true}]}}