{"id":1500538,"date":"2025-09-04T13:06:24","date_gmt":"2025-09-04T11:06:24","guid":{"rendered":"https:\/\/theplayoffs.news\/fr\/uncategorized\/\/"},"modified":"2025-09-04T13:06:33","modified_gmt":"2025-09-04T11:06:33","slug":"lamar-jackson-ravens-le-temps-de-prolonger-viendra","status":"publish","type":"post","link":"https:\/\/theplayoffs.news\/fr\/actualite-nfl\/lamar-jackson-ravens-le-temps-de-prolonger-viendra\/","title":{"rendered":"Lamar Jackson (Ravens): \u00ab\u00a0Le temps de prolonger viendra\u00a0\u00bb"},"content":{"rendered":"<p>&Agrave; quelques heures du <a href=\"https:\/\/theplayoffs.news\/fr\/actualite-nfl\/podcast-nfl-nos-predictions-pour-la-saison-nfl-2025\/\" class=\"trk-cta-link\" data-cta-trk='{\"ctaType\":\"Link\",\"ctaSubType\":\"main\"}'>coup d&rsquo;envoi de la saison NFL<\/a>, Lamar Jackson a choisi de mettre de c&ocirc;t&eacute; les discussions sur son avenir contractuel. Interrog&eacute; sur une &eacute;ventuelle prolongation avec les Baltimore Ravens, le quarterback vedette a &eacute;t&eacute; clair: sa priorit&eacute; est le terrain.<\/p><blockquote class=\"wp-block-quote is-layout-flow wp-block-quote-is-layout-flow\">\n<p>&laquo; La saison est l&agrave;. Je ne pense pas &agrave; &ccedil;a pour l&rsquo;instant. Ce temps viendra &raquo; <a href=\"https:\/\/www.youtube.com\/watch?v=k4K63H-mdKg\" class=\"trk-cta-link\" data-cta-trk='{\"ctaType\":\"Link\",\"ctaSubType\":\"main\"}'>a d&eacute;clar&eacute; mercredi le double MVP<\/a>, rappelant qu&rsquo;il est concentr&eacute; sur l&rsquo;ouverture face aux Buffalo Bills, dimanche en <em>Sunday Night Football<\/em>.<\/p>\n<\/blockquote><h2 class=\"wp-block-heading\">Un contrat bient&ocirc;t ren&eacute;goci&eacute;<\/h2><p>Lamar Jackson, qui a sign&eacute; en 2023 un contrat de cinq ans &agrave; 260 millions de dollars, reste l&rsquo;une des figures majeures de la ligue. S&rsquo;il compte cette saison pour 43,5 millions de dollars dans la masse salariale de Baltimore, son impact grimpera &agrave; plus de 74.5 millions en 2026, un chiffre qui pourrait inciter les Ravens &agrave; ren&eacute;gocier son deal plus t&ocirc;t que pr&eacute;vu.<\/p><p>Le manager g&eacute;n&eacute;ral Eric DeCosta a confirm&eacute; que des &eacute;changes avaient eu lieu avec le joueur, sans entrer dans les d&eacute;tails. <\/p><blockquote class=\"wp-block-quote is-layout-flow wp-block-quote-is-layout-flow\">\n<p>&laquo; Nous pr&eacute;f&eacute;rons garder ces discussions en interne &raquo;, a-t-il soulign&eacute;, insistant sur la confidentialit&eacute; des n&eacute;gociations.<\/p>\n<\/blockquote><p>Pendant l&rsquo;intersaison, Baltimore a s&eacute;curis&eacute; plusieurs cadres, dont Derrick Henry, Rashod Bateman et Ronnie Stanley, tandis que le safety Kyle Hamilton a obtenu un contrat record de plus de 100 millions sur quatre ans. Mais d&rsquo;autres dossiers approchent, avec des joueurs cl&eacute;s comme Mark Andrews ou Tyler Linderbaum bient&ocirc;t &eacute;ligibles &agrave; la free agency.<\/p><p>Pour l&rsquo;heure, Lamar Jackson, trois fois All-Pro et deux fois MVP, pr&eacute;pare sa huiti&egrave;me campagne avec les Ravens. Plus que les chiffres ou les prolongations, il vise un objectif simple: effacer la frustration de l&rsquo;&eacute;limination en playoffs face aux Bills la saison pass&eacute;e et replacer Baltimore dans la course au titre.<\/p><p>Cr&eacute;dit photo: &copy; Peter Casey-Imagn Images<\/p>\n","protected":false},"excerpt":{"rendered":"<p>NFL &#8211; Le quarterback des Ravens, Lamar Jackson, est concentr\u00e9 sur la saison \u00e0 venir<\/p>\n","protected":false},"author":180309964,"featured_media":1500539,"comment_status":"closed","ping_status":"closed","sticky":false,"template":"","format":"standard","meta":{"inline_featured_image":false,"kia_subtitle":"NFL - Le quarterback des Ravens, Lamar Jackson, est concentr\u00e9 sur la saison \u00e0 venir","_mux_skip_reasons":[],"proofreadBy":0,"footnotes":""},"categories":[118,8410,40,8408],"tags":[868,474],"sport":[2785],"saison":[7475],"class_list":["post-1500538","post","type-post","status-publish","format-standard","has-post-thumbnail","hentry","category-actualite-nfl","category-football-americain","category-nfl","category-sports","tag-baltimore-ravens","tag-lamar-jackson","sport-nfl","saison-7475"],"acf":[],"yoast_head":"<!-- This site is optimized with the Yoast SEO plugin v24.2 - https:\/\/yoast.com\/wordpress\/plugins\/seo\/ -->\n<title>Lamar Jackson (Ravens): &quot;Le temps de prolonger viendra&quot; - The Playoffs FR<\/title>\n<meta name=\"robots\" content=\"index, follow, max-snippet:-1, max-image-preview:large, max-video-preview:-1\" \/>\n<link rel=\"canonical\" href=\"https:\/\/theplayoffs.news\/fr\/actualite-nfl\/lamar-jackson-ravens-le-temps-de-prolonger-viendra\/\" \/>\n<meta property=\"og:locale\" content=\"fr_FR\" \/>\n<meta property=\"og:type\" content=\"article\" \/>\n<meta property=\"og:title\" content=\"Lamar Jackson (Ravens): &quot;Le temps de prolonger viendra&quot; - The Playoffs FR\" \/>\n<meta property=\"og:description\" content=\"NFL - Le quarterback des Ravens, Lamar Jackson, est concentr&eacute; sur la saison &agrave; venir\" \/>\n<meta property=\"og:url\" content=\"https:\/\/theplayoffs.news\/fr\/actualite-nfl\/lamar-jackson-ravens-le-temps-de-prolonger-viendra\/\" \/>\n<meta property=\"og:site_name\" content=\"The Playoffs FR\" \/>\n<meta property=\"article:publisher\" content=\"https:\/\/www.facebook.com\/TheFreeAgentFR\/\" \/>\n<meta property=\"article:modified_time\" content=\"2025-09-04T13:06:33+02:00\" \/>\n<meta property=\"og:image\" content=\"https:\/\/theplayoffs.news\/fr\/wp-content\/uploads\/2025\/09\/USATSI_26912080.jpg\" \/>\n\t<meta property=\"og:image:width\" content=\"1920\" \/>\n\t<meta property=\"og:image:height\" content=\"1281\" \/>\n\t<meta property=\"og:image:type\" content=\"image\/jpeg\" \/>\n<meta name=\"author\" content=\"Flavien Jumeau\" \/>\n<meta name=\"twitter:card\" content=\"summary_large_image\" \/>\n<meta name=\"twitter:creator\" content=\"@TheFreeAgentFR\" \/>\n<meta name=\"twitter:site\" content=\"@TheFreeAgentFR\" \/>\n<meta name=\"twitter:label1\" content=\"\u00c9crit par\" \/>\n\t<meta name=\"twitter:data1\" content=\"Flavien Jumeau\" \/>\n\t<meta name=\"twitter:label2\" content=\"Dur\u00e9e de lecture estim\u00e9e\" \/>\n\t<meta name=\"twitter:data2\" content=\"2 minutes\" \/>\n<script type=\"application\/ld+json\" class=\"yoast-schema-graph\">{\"@context\":\"https:\/\/schema.org\",\"@graph\":[{\"@type\":\"WebPage\",\"@id\":\"https:\/\/theplayoffs.news\/fr\/actualite-nfl\/lamar-jackson-ravens-le-temps-de-prolonger-viendra\/\",\"url\":\"https:\/\/theplayoffs.news\/fr\/actualite-nfl\/lamar-jackson-ravens-le-temps-de-prolonger-viendra\/\",\"name\":\"Lamar Jackson (Ravens): \\\\\\\"Le temps de prolonger viendra\\\\\\\" - The Playoffs FR\",\"isPartOf\":{\"@id\":\"https:\/\/theplayoffs.news\/fr\/#website\"},\"primaryImageOfPage\":{\"@id\":\"https:\/\/theplayoffs.news\/fr\/actualite-nfl\/lamar-jackson-ravens-le-temps-de-prolonger-viendra\/#primaryimage\"},\"image\":{\"@id\":\"https:\/\/theplayoffs.news\/fr\/actualite-nfl\/lamar-jackson-ravens-le-temps-de-prolonger-viendra\/#primaryimage\"},\"thumbnailUrl\":\"https:\/\/theplayoffs.news\/fr\/wp-content\/uploads\/2025\/09\/USATSI_26912080.jpg\",\"datePublished\":\"2025-09-04T11:06:24+00:00\",\"dateModified\":\"2025-09-04T11:06:33+00:00\",\"author\":{\"@id\":\"https:\/\/theplayoffs.news\/fr\/#\/schema\/person\/def63bc6746dc5957469b75feb99e66d\"},\"breadcrumb\":{\"@id\":\"https:\/\/theplayoffs.news\/fr\/actualite-nfl\/lamar-jackson-ravens-le-temps-de-prolonger-viendra\/#breadcrumb\"},\"inLanguage\":\"fr-FR\",\"potentialAction\":[{\"@type\":\"ReadAction\",\"target\":[\"https:\/\/theplayoffs.news\/fr\/actualite-nfl\/lamar-jackson-ravens-le-temps-de-prolonger-viendra\/\"]}]},{\"@type\":\"ImageObject\",\"inLanguage\":\"fr-FR\",\"@id\":\"https:\/\/theplayoffs.news\/fr\/actualite-nfl\/lamar-jackson-ravens-le-temps-de-prolonger-viendra\/#primaryimage\",\"url\":\"https:\/\/theplayoffs.news\/fr\/wp-content\/uploads\/2025\/09\/USATSI_26912080.jpg\",\"contentUrl\":\"https:\/\/theplayoffs.news\/fr\/wp-content\/uploads\/2025\/09\/USATSI_26912080.jpg\",\"width\":1920,\"height\":1281,\"caption\":\"Aug 23, 2025; Landover, Maryland, USA; Baltimore Ravens quarterback Lamar Jackson (8) walks on the field before the game against the Washington Commanders at Northwest Stadium. Mandatory Credit: Peter Casey-Imagn Images\"},{\"@type\":\"BreadcrumbList\",\"@id\":\"https:\/\/theplayoffs.news\/fr\/actualite-nfl\/lamar-jackson-ravens-le-temps-de-prolonger-viendra\/#breadcrumb\",\"itemListElement\":[{\"@type\":\"ListItem\",\"position\":1,\"name\":\"Accueil\",\"item\":\"https:\/\/theplayoffs.news\/fr\/\"},{\"@type\":\"ListItem\",\"position\":2,\"name\":\"Lamar Jackson (Ravens): &#8220;Le temps de prolonger viendra&#8221;\"}]},{\"@type\":\"WebSite\",\"@id\":\"https:\/\/theplayoffs.news\/fr\/#website\",\"url\":\"https:\/\/theplayoffs.news\/fr\/\",\"name\":\"The Playoffs FR\",\"description\":\"NBA-NFL-NHL-MLB\",\"potentialAction\":[{\"@type\":\"SearchAction\",\"target\":{\"@type\":\"EntryPoint\",\"urlTemplate\":\"https:\/\/theplayoffs.news\/fr\/?s={search_term_string}\"},\"query-input\":{\"@type\":\"PropertyValueSpecification\",\"valueRequired\":true,\"valueName\":\"search_term_string\"}}],\"inLanguage\":\"fr-FR\"},{\"@type\":\"Person\",\"@id\":\"https:\/\/theplayoffs.news\/fr\/#\/schema\/person\/def63bc6746dc5957469b75feb99e66d\",\"name\":\"Flavien Jumeau\",\"image\":{\"@type\":\"ImageObject\",\"inLanguage\":\"fr-FR\",\"@id\":\"https:\/\/theplayoffs.news\/fr\/#\/schema\/person\/image\/\",\"url\":\"https:\/\/secure.gravatar.com\/avatar\/e7fa8ba5a4b7e4ce35fe152f083f352db28ad0acce692004ed88a7a7d78893f7?s=96&d=mm&r=g\",\"contentUrl\":\"https:\/\/secure.gravatar.com\/avatar\/e7fa8ba5a4b7e4ce35fe152f083f352db28ad0acce692004ed88a7a7d78893f7?s=96&d=mm&r=g\",\"caption\":\"Flavien Jumeau\"},\"description\":\"Amoureux du sport (et de vraiment tous les sports) depuis mon plus jeune \u00e2ge, j\u2019ai longtemps h\u00e9site entre le snooker et le curling. Finalement c\u2019est le foot US que j\u2019ai d\u00e9cid\u00e9 de choisir! Responsable foot US sur TPO et animateur du podcast Tailgate j\u2019ai pour mission de vous faire d\u00e9couvrir ce sport passionnant si ce n\u2019est pas encore fait et de vous donner les derni\u00e8res actus. Le tout dans la bonne humeur et avec toujours un jeu de mots ou deux savamment distill\u00e9s! Fan des Saints, pour moi Drew Brees est le vrai GOAT!\",\"url\":\"https:\/\/theplayoffs.news\/fr\/author\/flavien-jumeaugmail-com\/\"}]}<\/script>\n<!-- \/ Yoast SEO plugin. -->","yoast_head_json":{"title":"Lamar Jackson (Ravens): &quot;Le temps de prolonger viendra&quot; - The Playoffs FR","robots":{"index":"index","follow":"follow","max-snippet":"max-snippet:-1","max-image-preview":"max-image-preview:large","max-video-preview":"max-video-preview:-1"},"canonical":"https:\/\/theplayoffs.news\/fr\/actualite-nfl\/lamar-jackson-ravens-le-temps-de-prolonger-viendra\/","og_locale":"fr_FR","og_type":"article","og_title":"Lamar Jackson (Ravens): &quot;Le temps de prolonger viendra&quot; - The Playoffs FR","og_description":"NFL - Le quarterback des Ravens, Lamar Jackson, est concentr&eacute; sur la saison &agrave; venir","og_url":"https:\/\/theplayoffs.news\/fr\/actualite-nfl\/lamar-jackson-ravens-le-temps-de-prolonger-viendra\/","og_site_name":"The Playoffs FR","article_publisher":"https:\/\/www.facebook.com\/TheFreeAgentFR\/","article_modified_time":"2025-09-04T11:06:33+00:00","og_image":[{"width":1920,"height":1281,"url":"https:\/\/theplayoffs.news\/fr\/wp-content\/uploads\/2025\/09\/USATSI_26912080.jpg","type":"image\/jpeg"}],"author":"Flavien Jumeau","twitter_card":"summary_large_image","twitter_creator":"@TheFreeAgentFR","twitter_site":"@TheFreeAgentFR","twitter_misc":{"\u00c9crit par":"Flavien Jumeau","Dur\u00e9e de lecture estim\u00e9e":"2 minutes"},"schema":{"@context":"https:\/\/schema.org","@graph":[{"@type":"WebPage","@id":"https:\/\/theplayoffs.news\/fr\/actualite-nfl\/lamar-jackson-ravens-le-temps-de-prolonger-viendra\/","url":"https:\/\/theplayoffs.news\/fr\/actualite-nfl\/lamar-jackson-ravens-le-temps-de-prolonger-viendra\/","name":"Lamar Jackson (Ravens): \\\"Le temps de prolonger viendra\\\" - The Playoffs FR","isPartOf":{"@id":"https:\/\/theplayoffs.news\/fr\/#website"},"primaryImageOfPage":{"@id":"https:\/\/theplayoffs.news\/fr\/actualite-nfl\/lamar-jackson-ravens-le-temps-de-prolonger-viendra\/#primaryimage"},"image":{"@id":"https:\/\/theplayoffs.news\/fr\/actualite-nfl\/lamar-jackson-ravens-le-temps-de-prolonger-viendra\/#primaryimage"},"thumbnailUrl":"https:\/\/theplayoffs.news\/fr\/wp-content\/uploads\/2025\/09\/USATSI_26912080.jpg","datePublished":"2025-09-04T11:06:24+00:00","dateModified":"2025-09-04T11:06:33+00:00","author":{"@id":"https:\/\/theplayoffs.news\/fr\/#\/schema\/person\/def63bc6746dc5957469b75feb99e66d"},"breadcrumb":{"@id":"https:\/\/theplayoffs.news\/fr\/actualite-nfl\/lamar-jackson-ravens-le-temps-de-prolonger-viendra\/#breadcrumb"},"inLanguage":"fr-FR","potentialAction":[{"@type":"ReadAction","target":["https:\/\/theplayoffs.news\/fr\/actualite-nfl\/lamar-jackson-ravens-le-temps-de-prolonger-viendra\/"]}]},{"@type":"ImageObject","inLanguage":"fr-FR","@id":"https:\/\/theplayoffs.news\/fr\/actualite-nfl\/lamar-jackson-ravens-le-temps-de-prolonger-viendra\/#primaryimage","url":"https:\/\/theplayoffs.news\/fr\/wp-content\/uploads\/2025\/09\/USATSI_26912080.jpg","contentUrl":"https:\/\/theplayoffs.news\/fr\/wp-content\/uploads\/2025\/09\/USATSI_26912080.jpg","width":1920,"height":1281,"caption":"Aug 23, 2025; Landover, Maryland, USA; Baltimore Ravens quarterback Lamar Jackson (8) walks on the field before the game against the Washington Commanders at Northwest Stadium. Mandatory Credit: Peter Casey-Imagn Images"},{"@type":"BreadcrumbList","@id":"https:\/\/theplayoffs.news\/fr\/actualite-nfl\/lamar-jackson-ravens-le-temps-de-prolonger-viendra\/#breadcrumb","itemListElement":[{"@type":"ListItem","position":1,"name":"Accueil","item":"https:\/\/theplayoffs.news\/fr\/"},{"@type":"ListItem","position":2,"name":"Lamar Jackson (Ravens): &#8220;Le temps de prolonger viendra&#8221;"}]},{"@type":"WebSite","@id":"https:\/\/theplayoffs.news\/fr\/#website","url":"https:\/\/theplayoffs.news\/fr\/","name":"The Playoffs FR","description":"NBA-NFL-NHL-MLB","potentialAction":[{"@type":"SearchAction","target":{"@type":"EntryPoint","urlTemplate":"https:\/\/theplayoffs.news\/fr\/?s={search_term_string}"},"query-input":{"@type":"PropertyValueSpecification","valueRequired":true,"valueName":"search_term_string"}}],"inLanguage":"fr-FR"},{"@type":"Person","@id":"https:\/\/theplayoffs.news\/fr\/#\/schema\/person\/def63bc6746dc5957469b75feb99e66d","name":"Flavien Jumeau","image":{"@type":"ImageObject","inLanguage":"fr-FR","@id":"https:\/\/theplayoffs.news\/fr\/#\/schema\/person\/image\/","url":"https:\/\/secure.gravatar.com\/avatar\/e7fa8ba5a4b7e4ce35fe152f083f352db28ad0acce692004ed88a7a7d78893f7?s=96&d=mm&r=g","contentUrl":"https:\/\/secure.gravatar.com\/avatar\/e7fa8ba5a4b7e4ce35fe152f083f352db28ad0acce692004ed88a7a7d78893f7?s=96&d=mm&r=g","caption":"Flavien Jumeau"},"description":"Amoureux du sport (et de vraiment tous les sports) depuis mon plus jeune \u00e2ge, j\u2019ai longtemps h\u00e9site entre le snooker et le curling. Finalement c\u2019est le foot US que j\u2019ai d\u00e9cid\u00e9 de choisir! Responsable foot US sur TPO et animateur du podcast Tailgate j\u2019ai pour mission de vous faire d\u00e9couvrir ce sport passionnant si ce n\u2019est pas encore fait et de vous donner les derni\u00e8res actus. Le tout dans la bonne humeur et avec toujours un jeu de mots ou deux savamment distill\u00e9s! Fan des Saints, pour moi Drew Brees est le vrai GOAT!","url":"https:\/\/theplayoffs.news\/fr\/author\/flavien-jumeaugmail-com\/"}]}},"_links":{"self":[{"href":"https:\/\/theplayoffs.news\/fr\/wp-json\/wp\/v2\/posts\/1500538","targetHints":{"allow":["GET"]}}],"collection":[{"href":"https:\/\/theplayoffs.news\/fr\/wp-json\/wp\/v2\/posts"}],"about":[{"href":"https:\/\/theplayoffs.news\/fr\/wp-json\/wp\/v2\/types\/post"}],"author":[{"embeddable":true,"href":"https:\/\/theplayoffs.news\/fr\/wp-json\/wp\/v2\/users\/180309964"}],"replies":[{"embeddable":true,"href":"https:\/\/theplayoffs.news\/fr\/wp-json\/wp\/v2\/comments?post=1500538"}],"version-history":[{"count":1,"href":"https:\/\/theplayoffs.news\/fr\/wp-json\/wp\/v2\/posts\/1500538\/revisions"}],"predecessor-version":[{"id":1500540,"href":"https:\/\/theplayoffs.news\/fr\/wp-json\/wp\/v2\/posts\/1500538\/revisions\/1500540"}],"wp:featuredmedia":[{"embeddable":true,"href":"https:\/\/theplayoffs.news\/fr\/wp-json\/wp\/v2\/media\/1500539"}],"wp:attachment":[{"href":"https:\/\/theplayoffs.news\/fr\/wp-json\/wp\/v2\/media?parent=1500538"}],"wp:term":[{"taxonomy":"category","embeddable":true,"href":"https:\/\/theplayoffs.news\/fr\/wp-json\/wp\/v2\/categories?post=1500538"},{"taxonomy":"post_tag","embeddable":true,"href":"https:\/\/theplayoffs.news\/fr\/wp-json\/wp\/v2\/tags?post=1500538"},{"taxonomy":"sport","embeddable":true,"href":"https:\/\/theplayoffs.news\/fr\/wp-json\/wp\/v2\/sport?post=1500538"},{"taxonomy":"saison","embeddable":true,"href":"https:\/\/theplayoffs.news\/fr\/wp-json\/wp\/v2\/saison?post=1500538"}],"curies":[{"name":"wp","href":"https:\/\/api.w.org\/{rel}","templated":true}]}}