{"id":1500531,"date":"2025-09-04T10:45:56","date_gmt":"2025-09-04T08:45:56","guid":{"rendered":"https:\/\/theplayoffs.news\/fr\/uncategorized\/\/"},"modified":"2025-09-04T10:46:06","modified_gmt":"2025-09-04T08:46:06","slug":"euroflag-jeunes-2025-les-bleuets-entrent-en-piste-ce-jeudi","status":"publish","type":"post","link":"https:\/\/theplayoffs.news\/fr\/actualite-nfl\/euroflag-jeunes-2025-les-bleuets-entrent-en-piste-ce-jeudi\/","title":{"rendered":"EuroFlag Jeunes 2025: Les Bleuets entrent en piste ce jeudi"},"content":{"rendered":"<p>Alors que les pr&eacute;paratifs pour l&rsquo;<a href=\"https:\/\/theplayoffs.news\/fr\/football-americain\/euroflag-2025-la-selection-de-lequipe-de-france-devoilee\/\" class=\"trk-cta-link\" data-cta-trk='{\"ctaType\":\"Link\",\"ctaSubType\":\"main\"}'>EuroFlag 2025<\/a> s&eacute;niors qui se tiendra en France &agrave; la <a href=\"https:\/\/euroflag2025.com\/billetterie\" class=\"trk-cta-link\" data-cta-trk='{\"ctaType\":\"Link\",\"ctaSubType\":\"main\"}'>fin du mois de septembre<\/a> battent leur plein, les jeunes fran&ccedil;ais et fran&ccedil;aises seront sur les terrains autrichiens pendant toute cette fin de semaine pour tenter de d&eacute;crocher le titre europ&eacute;en.<\/p><p>A suivre dans cette comp&eacute;tition, trois &eacute;quipes de France diff&eacute;rentes! Honneur aux plus jeunes avec la cat&eacute;gorie des moins de 15 ans. Dans cette cat&eacute;gorie l&rsquo;&eacute;quipe sera mixte et compos&eacute;e donc de gar&ccedil;ons et de filles qui tenteront de faire briller le drapeau tricolore. Pour les plus grands, les moins de 17 ans, les &eacute;quipes sont s&eacute;par&eacute;es par sexe avec une &eacute;quipe de France Gar&ccedil;ons et une &eacute;quipe de France Filles. L&rsquo;objectif pour toutes les &eacute;quipes est le m&ecirc;me: finir dans les deux premiers de leur groupe pour acc&eacute;der aux demi-finales!<\/p><h2 class=\"wp-block-heading\">Programme de nos &eacute;quipes de France<\/h2><h3 class=\"wp-block-heading\">Equipe mixte U15<\/h3><p>La comp&eacute;tition de l&rsquo;EuroFlag Jeunes se d&eacute;roule pour la cat&eacute;gorie mixte U15 avec deux poules de 6 &eacute;quipes chacunes! L&rsquo;Equipe de France fut vers&eacute;e dans la poule A en compagnie de la Grande-Bretagne, la Finlande, l&rsquo;Italie, l&rsquo;Espagne et l&rsquo;Ukraine. D&eacute;but des hostilit&eacute;s ce jeudi peu avant midi!<\/p><h4 class=\"wp-block-heading\">Le programme des U15 mixtes:<\/h4><ul class=\"wp-block-list\">\n<li><strong>Jeudi 04\/09 &ndash; 11h30<\/strong>: France &ndash; Espagne<\/li>\n\n\n\n<li><strong>Jeudi 04\/09 &ndash; 14h<\/strong>: France &ndash; Grande-Bretagne<\/li>\n\n\n\n<li><strong>Jeudi 04\/09 &ndash; 16h30<\/strong>: France &ndash; Ukraine<\/li>\n\n\n\n<li><strong>Vendredi 05\/09 &ndash; 10h15<\/strong>: France &ndash; Italie<\/li>\n\n\n\n<li><strong>Vendredi 05\/09 &ndash; 16h30<\/strong>: France &ndash; Finlande<\/li>\n<\/ul><h3 class=\"wp-block-heading\">Equipe U17 Gar&ccedil;ons<\/h3><p>L&rsquo;Equipe de France U17 Gar&ccedil;ons a &eacute;t&eacute; vers&eacute; dans la poule B en compagnie de l&rsquo;Espagne, de la Grande-Bretagne, de la R&eacute;publique Tch&egrave;que, de l&rsquo;Ukraine et de l&rsquo;Italie. Les gar&ccedil;ons d&eacute;buteront leur EuroFlag Jeunes ce jeudi a 11h30 contre la R&eacute;publique Tch&egrave;que!<\/p><h4 class=\"wp-block-heading\">Le programme des U17 Gar&ccedil;ons:<\/h4><ul class=\"wp-block-list\">\n<li><strong>Jeudi 04\/09 &ndash; 11h30 (Terrain 4)<\/strong>: France &ndash; Rep. Tch&egrave;que<\/li>\n\n\n\n<li><strong>Jeudi 04\/09 &ndash; 14h00 (Terrain 4)<\/strong>: France &ndash; Italie<\/li>\n\n\n\n<li><strong>Jeudi 04\/09 &ndash; 16h30 (Terrain 6)<\/strong>: France &ndash; Espagne<\/li>\n\n\n\n<li><strong>Vendredi 05\/09 &ndash; 10h15 (Terrain 4)<\/strong>: France &ndash; Grande-Bretagne<\/li>\n\n\n\n<li><strong>Vendredi 05\/09 &ndash; 16h30 (Terrain 4)<\/strong>: France &ndash; Ukraine<\/li>\n<\/ul><h3 class=\"wp-block-heading\">Equipe U17 Filles<\/h3><p>Comme pour les gar&ccedil;ons, l&rsquo;Equipe de France U17 Filles d&eacute;marrera son marathon de matchs ce jeudi matin. Les filles fran&ccedil;aises disputeront leur comp&eacute;tition au sein de la Poule A, un groupe de 4 &eacute;quipe qui comprendra, outre l&rsquo;Equipe de France, l&rsquo;Allemagne, l&rsquo;Italie et l&rsquo;Espagne! Du lourd donc pour nos petites fran&ccedil;aises.<\/p><h4 class=\"wp-block-heading\">Programme des U17 Filles:<\/h4><ul class=\"wp-block-list\">\n<li><strong>Jeudi 04\/09 &ndash; 11h30 (Terrain 5)<\/strong>: France &ndash; Italie<\/li>\n\n\n\n<li><strong>Jeudi 04\/09 &ndash; 15h15 (Terrain 5)<\/strong>: France &ndash; Espagne<\/li>\n\n\n\n<li><strong>Vendredi 05\/09 &ndash; 12h45 (Terrain 5)<\/strong>: France &ndash; Allemagne<\/li>\n<\/ul><h2 class=\"wp-block-heading\">Comment suivre la comp&eacute;tition l&rsquo;EuroFlag Jeunes 2025?<\/h2><p>Vous avez envie de suivre les exploits de nos jeunes fran&ccedil;ais et fran&ccedil;aises pendant toute cette fin de semaine en Autriche? C&rsquo;est tout &agrave; fait possible et c&rsquo;est m&ecirc;me gratuit. Outre les articles que vous retrouverez sur notre site et l&rsquo;actualit&eacute; &agrave; suivre sur les r&eacute;seaux sociaux de la F&eacute;d&eacute;ration Fran&ccedil;aise de Football Am&eacute;ricain, vous pouvez suivre tous les matchs gratuitement sur <a href=\"https:\/\/ifaf.tv\/page\/6488ace2cdebc107406e07c0\" class=\"trk-cta-link\" data-cta-trk='{\"ctaType\":\"Link\",\"ctaSubType\":\"main\"}'>ifaf.tv<\/a>. Profitez en!<\/p><p>Cr&eacute;dit photo: F&eacute;d&eacute;ration Fran&ccedil;aise de Football Am&eacute;ricain<\/p>\n","protected":false},"excerpt":{"rendered":"<p>Flag &#8211; Le championnat d&rsquo;Europe Jeunes commence ce week-end<\/p>\n","protected":false},"author":180309964,"featured_media":1500534,"comment_status":"closed","ping_status":"closed","sticky":false,"template":"","format":"standard","meta":{"inline_featured_image":false,"kia_subtitle":"Flag - Le championnat d'Europe Jeunes commence ce week-end","_mux_skip_reasons":[],"proofreadBy":0,"footnotes":""},"categories":[118,8410,40,8408],"tags":[8934,8933],"sport":[2785],"saison":[7475],"class_list":["post-1500531","post","type-post","status-publish","format-standard","has-post-thumbnail","hentry","category-actualite-nfl","category-football-americain","category-nfl","category-sports","tag-euro-jeunes","tag-flag","sport-nfl","saison-7475"],"acf":[],"yoast_head":"<!-- This site is optimized with the Yoast SEO plugin v24.2 - https:\/\/yoast.com\/wordpress\/plugins\/seo\/ -->\n<title>EuroFlag Jeunes 2025: Les Bleuets entrent en piste ce jeudi - The Playoffs FR<\/title>\n<meta name=\"robots\" content=\"index, follow, max-snippet:-1, max-image-preview:large, max-video-preview:-1\" \/>\n<link rel=\"canonical\" href=\"https:\/\/theplayoffs.news\/fr\/actualite-nfl\/euroflag-jeunes-2025-les-bleuets-entrent-en-piste-ce-jeudi\/\" \/>\n<meta property=\"og:locale\" content=\"fr_FR\" \/>\n<meta property=\"og:type\" content=\"article\" \/>\n<meta property=\"og:title\" content=\"EuroFlag Jeunes 2025: Les Bleuets entrent en piste ce jeudi - The Playoffs FR\" \/>\n<meta property=\"og:description\" content=\"Flag - Le championnat d&#039;Europe Jeunes commence ce week-end\" \/>\n<meta property=\"og:url\" content=\"https:\/\/theplayoffs.news\/fr\/actualite-nfl\/euroflag-jeunes-2025-les-bleuets-entrent-en-piste-ce-jeudi\/\" \/>\n<meta property=\"og:site_name\" content=\"The Playoffs FR\" \/>\n<meta property=\"article:publisher\" content=\"https:\/\/www.facebook.com\/TheFreeAgentFR\/\" \/>\n<meta property=\"article:modified_time\" content=\"2025-09-04T10:46:06+02:00\" \/>\n<meta property=\"og:image\" content=\"https:\/\/theplayoffs.news\/fr\/wp-content\/uploads\/2025\/09\/Youth-Euro-Flag.jpg\" \/>\n\t<meta property=\"og:image:width\" content=\"1920\" \/>\n\t<meta property=\"og:image:height\" content=\"1280\" \/>\n\t<meta property=\"og:image:type\" content=\"image\/jpeg\" \/>\n<meta name=\"author\" content=\"Flavien Jumeau\" \/>\n<meta name=\"twitter:card\" content=\"summary_large_image\" \/>\n<meta name=\"twitter:creator\" content=\"@TheFreeAgentFR\" \/>\n<meta name=\"twitter:site\" content=\"@TheFreeAgentFR\" \/>\n<meta name=\"twitter:label1\" content=\"\u00c9crit par\" \/>\n\t<meta name=\"twitter:data1\" content=\"Flavien Jumeau\" \/>\n\t<meta name=\"twitter:label2\" content=\"Dur\u00e9e de lecture estim\u00e9e\" \/>\n\t<meta name=\"twitter:data2\" content=\"3 minutes\" \/>\n<script type=\"application\/ld+json\" class=\"yoast-schema-graph\">{\"@context\":\"https:\/\/schema.org\",\"@graph\":[{\"@type\":\"WebPage\",\"@id\":\"https:\/\/theplayoffs.news\/fr\/actualite-nfl\/euroflag-jeunes-2025-les-bleuets-entrent-en-piste-ce-jeudi\/\",\"url\":\"https:\/\/theplayoffs.news\/fr\/actualite-nfl\/euroflag-jeunes-2025-les-bleuets-entrent-en-piste-ce-jeudi\/\",\"name\":\"EuroFlag Jeunes 2025: Les Bleuets entrent en piste ce jeudi - The Playoffs FR\",\"isPartOf\":{\"@id\":\"https:\/\/theplayoffs.news\/fr\/#website\"},\"primaryImageOfPage\":{\"@id\":\"https:\/\/theplayoffs.news\/fr\/actualite-nfl\/euroflag-jeunes-2025-les-bleuets-entrent-en-piste-ce-jeudi\/#primaryimage\"},\"image\":{\"@id\":\"https:\/\/theplayoffs.news\/fr\/actualite-nfl\/euroflag-jeunes-2025-les-bleuets-entrent-en-piste-ce-jeudi\/#primaryimage\"},\"thumbnailUrl\":\"https:\/\/theplayoffs.news\/fr\/wp-content\/uploads\/2025\/09\/Youth-Euro-Flag.jpg\",\"datePublished\":\"2025-09-04T08:45:56+00:00\",\"dateModified\":\"2025-09-04T08:46:06+00:00\",\"author\":{\"@id\":\"https:\/\/theplayoffs.news\/fr\/#\/schema\/person\/def63bc6746dc5957469b75feb99e66d\"},\"breadcrumb\":{\"@id\":\"https:\/\/theplayoffs.news\/fr\/actualite-nfl\/euroflag-jeunes-2025-les-bleuets-entrent-en-piste-ce-jeudi\/#breadcrumb\"},\"inLanguage\":\"fr-FR\",\"potentialAction\":[{\"@type\":\"ReadAction\",\"target\":[\"https:\/\/theplayoffs.news\/fr\/actualite-nfl\/euroflag-jeunes-2025-les-bleuets-entrent-en-piste-ce-jeudi\/\"]}]},{\"@type\":\"ImageObject\",\"inLanguage\":\"fr-FR\",\"@id\":\"https:\/\/theplayoffs.news\/fr\/actualite-nfl\/euroflag-jeunes-2025-les-bleuets-entrent-en-piste-ce-jeudi\/#primaryimage\",\"url\":\"https:\/\/theplayoffs.news\/fr\/wp-content\/uploads\/2025\/09\/Youth-Euro-Flag.jpg\",\"contentUrl\":\"https:\/\/theplayoffs.news\/fr\/wp-content\/uploads\/2025\/09\/Youth-Euro-Flag.jpg\",\"width\":1920,\"height\":1280,\"caption\":\"Euro Flag\"},{\"@type\":\"BreadcrumbList\",\"@id\":\"https:\/\/theplayoffs.news\/fr\/actualite-nfl\/euroflag-jeunes-2025-les-bleuets-entrent-en-piste-ce-jeudi\/#breadcrumb\",\"itemListElement\":[{\"@type\":\"ListItem\",\"position\":1,\"name\":\"Accueil\",\"item\":\"https:\/\/theplayoffs.news\/fr\/\"},{\"@type\":\"ListItem\",\"position\":2,\"name\":\"EuroFlag Jeunes 2025: Les Bleuets entrent en piste ce jeudi\"}]},{\"@type\":\"WebSite\",\"@id\":\"https:\/\/theplayoffs.news\/fr\/#website\",\"url\":\"https:\/\/theplayoffs.news\/fr\/\",\"name\":\"The Playoffs FR\",\"description\":\"NBA-NFL-NHL-MLB\",\"potentialAction\":[{\"@type\":\"SearchAction\",\"target\":{\"@type\":\"EntryPoint\",\"urlTemplate\":\"https:\/\/theplayoffs.news\/fr\/?s={search_term_string}\"},\"query-input\":{\"@type\":\"PropertyValueSpecification\",\"valueRequired\":true,\"valueName\":\"search_term_string\"}}],\"inLanguage\":\"fr-FR\"},{\"@type\":\"Person\",\"@id\":\"https:\/\/theplayoffs.news\/fr\/#\/schema\/person\/def63bc6746dc5957469b75feb99e66d\",\"name\":\"Flavien Jumeau\",\"image\":{\"@type\":\"ImageObject\",\"inLanguage\":\"fr-FR\",\"@id\":\"https:\/\/theplayoffs.news\/fr\/#\/schema\/person\/image\/\",\"url\":\"https:\/\/secure.gravatar.com\/avatar\/e7fa8ba5a4b7e4ce35fe152f083f352db28ad0acce692004ed88a7a7d78893f7?s=96&d=mm&r=g\",\"contentUrl\":\"https:\/\/secure.gravatar.com\/avatar\/e7fa8ba5a4b7e4ce35fe152f083f352db28ad0acce692004ed88a7a7d78893f7?s=96&d=mm&r=g\",\"caption\":\"Flavien Jumeau\"},\"description\":\"Amoureux du sport (et de vraiment tous les sports) depuis mon plus jeune \u00e2ge, j\u2019ai longtemps h\u00e9site entre le snooker et le curling. Finalement c\u2019est le foot US que j\u2019ai d\u00e9cid\u00e9 de choisir! Responsable foot US sur TPO et animateur du podcast Tailgate j\u2019ai pour mission de vous faire d\u00e9couvrir ce sport passionnant si ce n\u2019est pas encore fait et de vous donner les derni\u00e8res actus. Le tout dans la bonne humeur et avec toujours un jeu de mots ou deux savamment distill\u00e9s! Fan des Saints, pour moi Drew Brees est le vrai GOAT!\",\"url\":\"https:\/\/theplayoffs.news\/fr\/author\/flavien-jumeaugmail-com\/\"}]}<\/script>\n<!-- \/ Yoast SEO plugin. -->","yoast_head_json":{"title":"EuroFlag Jeunes 2025: Les Bleuets entrent en piste ce jeudi - The Playoffs FR","robots":{"index":"index","follow":"follow","max-snippet":"max-snippet:-1","max-image-preview":"max-image-preview:large","max-video-preview":"max-video-preview:-1"},"canonical":"https:\/\/theplayoffs.news\/fr\/actualite-nfl\/euroflag-jeunes-2025-les-bleuets-entrent-en-piste-ce-jeudi\/","og_locale":"fr_FR","og_type":"article","og_title":"EuroFlag Jeunes 2025: Les Bleuets entrent en piste ce jeudi - The Playoffs FR","og_description":"Flag - Le championnat d&#039;Europe Jeunes commence ce week-end","og_url":"https:\/\/theplayoffs.news\/fr\/actualite-nfl\/euroflag-jeunes-2025-les-bleuets-entrent-en-piste-ce-jeudi\/","og_site_name":"The Playoffs FR","article_publisher":"https:\/\/www.facebook.com\/TheFreeAgentFR\/","article_modified_time":"2025-09-04T08:46:06+00:00","og_image":[{"width":1920,"height":1280,"url":"https:\/\/theplayoffs.news\/fr\/wp-content\/uploads\/2025\/09\/Youth-Euro-Flag.jpg","type":"image\/jpeg"}],"author":"Flavien Jumeau","twitter_card":"summary_large_image","twitter_creator":"@TheFreeAgentFR","twitter_site":"@TheFreeAgentFR","twitter_misc":{"\u00c9crit par":"Flavien Jumeau","Dur\u00e9e de lecture estim\u00e9e":"3 minutes"},"schema":{"@context":"https:\/\/schema.org","@graph":[{"@type":"WebPage","@id":"https:\/\/theplayoffs.news\/fr\/actualite-nfl\/euroflag-jeunes-2025-les-bleuets-entrent-en-piste-ce-jeudi\/","url":"https:\/\/theplayoffs.news\/fr\/actualite-nfl\/euroflag-jeunes-2025-les-bleuets-entrent-en-piste-ce-jeudi\/","name":"EuroFlag Jeunes 2025: Les Bleuets entrent en piste ce jeudi - The Playoffs FR","isPartOf":{"@id":"https:\/\/theplayoffs.news\/fr\/#website"},"primaryImageOfPage":{"@id":"https:\/\/theplayoffs.news\/fr\/actualite-nfl\/euroflag-jeunes-2025-les-bleuets-entrent-en-piste-ce-jeudi\/#primaryimage"},"image":{"@id":"https:\/\/theplayoffs.news\/fr\/actualite-nfl\/euroflag-jeunes-2025-les-bleuets-entrent-en-piste-ce-jeudi\/#primaryimage"},"thumbnailUrl":"https:\/\/theplayoffs.news\/fr\/wp-content\/uploads\/2025\/09\/Youth-Euro-Flag.jpg","datePublished":"2025-09-04T08:45:56+00:00","dateModified":"2025-09-04T08:46:06+00:00","author":{"@id":"https:\/\/theplayoffs.news\/fr\/#\/schema\/person\/def63bc6746dc5957469b75feb99e66d"},"breadcrumb":{"@id":"https:\/\/theplayoffs.news\/fr\/actualite-nfl\/euroflag-jeunes-2025-les-bleuets-entrent-en-piste-ce-jeudi\/#breadcrumb"},"inLanguage":"fr-FR","potentialAction":[{"@type":"ReadAction","target":["https:\/\/theplayoffs.news\/fr\/actualite-nfl\/euroflag-jeunes-2025-les-bleuets-entrent-en-piste-ce-jeudi\/"]}]},{"@type":"ImageObject","inLanguage":"fr-FR","@id":"https:\/\/theplayoffs.news\/fr\/actualite-nfl\/euroflag-jeunes-2025-les-bleuets-entrent-en-piste-ce-jeudi\/#primaryimage","url":"https:\/\/theplayoffs.news\/fr\/wp-content\/uploads\/2025\/09\/Youth-Euro-Flag.jpg","contentUrl":"https:\/\/theplayoffs.news\/fr\/wp-content\/uploads\/2025\/09\/Youth-Euro-Flag.jpg","width":1920,"height":1280,"caption":"Euro Flag"},{"@type":"BreadcrumbList","@id":"https:\/\/theplayoffs.news\/fr\/actualite-nfl\/euroflag-jeunes-2025-les-bleuets-entrent-en-piste-ce-jeudi\/#breadcrumb","itemListElement":[{"@type":"ListItem","position":1,"name":"Accueil","item":"https:\/\/theplayoffs.news\/fr\/"},{"@type":"ListItem","position":2,"name":"EuroFlag Jeunes 2025: Les Bleuets entrent en piste ce jeudi"}]},{"@type":"WebSite","@id":"https:\/\/theplayoffs.news\/fr\/#website","url":"https:\/\/theplayoffs.news\/fr\/","name":"The Playoffs FR","description":"NBA-NFL-NHL-MLB","potentialAction":[{"@type":"SearchAction","target":{"@type":"EntryPoint","urlTemplate":"https:\/\/theplayoffs.news\/fr\/?s={search_term_string}"},"query-input":{"@type":"PropertyValueSpecification","valueRequired":true,"valueName":"search_term_string"}}],"inLanguage":"fr-FR"},{"@type":"Person","@id":"https:\/\/theplayoffs.news\/fr\/#\/schema\/person\/def63bc6746dc5957469b75feb99e66d","name":"Flavien Jumeau","image":{"@type":"ImageObject","inLanguage":"fr-FR","@id":"https:\/\/theplayoffs.news\/fr\/#\/schema\/person\/image\/","url":"https:\/\/secure.gravatar.com\/avatar\/e7fa8ba5a4b7e4ce35fe152f083f352db28ad0acce692004ed88a7a7d78893f7?s=96&d=mm&r=g","contentUrl":"https:\/\/secure.gravatar.com\/avatar\/e7fa8ba5a4b7e4ce35fe152f083f352db28ad0acce692004ed88a7a7d78893f7?s=96&d=mm&r=g","caption":"Flavien Jumeau"},"description":"Amoureux du sport (et de vraiment tous les sports) depuis mon plus jeune \u00e2ge, j\u2019ai longtemps h\u00e9site entre le snooker et le curling. Finalement c\u2019est le foot US que j\u2019ai d\u00e9cid\u00e9 de choisir! Responsable foot US sur TPO et animateur du podcast Tailgate j\u2019ai pour mission de vous faire d\u00e9couvrir ce sport passionnant si ce n\u2019est pas encore fait et de vous donner les derni\u00e8res actus. Le tout dans la bonne humeur et avec toujours un jeu de mots ou deux savamment distill\u00e9s! Fan des Saints, pour moi Drew Brees est le vrai GOAT!","url":"https:\/\/theplayoffs.news\/fr\/author\/flavien-jumeaugmail-com\/"}]}},"_links":{"self":[{"href":"https:\/\/theplayoffs.news\/fr\/wp-json\/wp\/v2\/posts\/1500531","targetHints":{"allow":["GET"]}}],"collection":[{"href":"https:\/\/theplayoffs.news\/fr\/wp-json\/wp\/v2\/posts"}],"about":[{"href":"https:\/\/theplayoffs.news\/fr\/wp-json\/wp\/v2\/types\/post"}],"author":[{"embeddable":true,"href":"https:\/\/theplayoffs.news\/fr\/wp-json\/wp\/v2\/users\/180309964"}],"replies":[{"embeddable":true,"href":"https:\/\/theplayoffs.news\/fr\/wp-json\/wp\/v2\/comments?post=1500531"}],"version-history":[{"count":1,"href":"https:\/\/theplayoffs.news\/fr\/wp-json\/wp\/v2\/posts\/1500531\/revisions"}],"predecessor-version":[{"id":1500535,"href":"https:\/\/theplayoffs.news\/fr\/wp-json\/wp\/v2\/posts\/1500531\/revisions\/1500535"}],"wp:featuredmedia":[{"embeddable":true,"href":"https:\/\/theplayoffs.news\/fr\/wp-json\/wp\/v2\/media\/1500534"}],"wp:attachment":[{"href":"https:\/\/theplayoffs.news\/fr\/wp-json\/wp\/v2\/media?parent=1500531"}],"wp:term":[{"taxonomy":"category","embeddable":true,"href":"https:\/\/theplayoffs.news\/fr\/wp-json\/wp\/v2\/categories?post=1500531"},{"taxonomy":"post_tag","embeddable":true,"href":"https:\/\/theplayoffs.news\/fr\/wp-json\/wp\/v2\/tags?post=1500531"},{"taxonomy":"sport","embeddable":true,"href":"https:\/\/theplayoffs.news\/fr\/wp-json\/wp\/v2\/sport?post=1500531"},{"taxonomy":"saison","embeddable":true,"href":"https:\/\/theplayoffs.news\/fr\/wp-json\/wp\/v2\/saison?post=1500531"}],"curies":[{"name":"wp","href":"https:\/\/api.w.org\/{rel}","templated":true}]}}