{"id":1500526,"date":"2025-09-04T10:00:43","date_gmt":"2025-09-04T08:00:43","guid":{"rendered":"https:\/\/theplayoffs.news\/fr\/uncategorized\/\/"},"modified":"2025-09-04T10:00:52","modified_gmt":"2025-09-04T08:00:52","slug":"tyreek-hill-dolphins-je-pense-que-cest-notre-annee","status":"publish","type":"post","link":"https:\/\/theplayoffs.news\/fr\/actualite-nfl\/tyreek-hill-dolphins-je-pense-que-cest-notre-annee\/","title":{"rendered":"Tyreek Hill (Dolphins): \u00ab\u00a0Je pense que c&rsquo;est notre ann\u00e9e!\u00a0\u00bb"},"content":{"rendered":"<p>&Agrave; l&rsquo;aube d&rsquo;une saison qui s&rsquo;annonce d&eacute;cisive, Tyreek Hill affiche une confiance sans d&eacute;tour. Apr&egrave;s une ann&eacute;e 2024 conclue sur un bilan d&eacute;cevant (8-9) et une absence remarqu&eacute;e en playoffs, le receveur vedette des <a href=\"https:\/\/theplayoffs.news\/fr\/actualite-nfl\/podcast-nfl-preview-afc-est-2025\/\" class=\"trk-cta-link\" data-cta-trk='{\"ctaType\":\"Link\",\"ctaSubType\":\"main\"}'>Miami Dolphins<\/a> estime que le groupe est pr&ecirc;t &agrave; franchir un cap.<\/p><blockquote class=\"wp-block-quote is-layout-flow wp-block-quote-is-layout-flow\">\n<p>&laquo; Je sens que c&rsquo;est probablement l&rsquo;&eacute;quipe la plus soud&eacute;e depuis mon arriv&eacute;e &agrave; Miami &raquo; <a href=\"https:\/\/www.thescore.com\/nfl\/news\/3337765\/hill-on-dolphins-pressure-to-win-i-feel-like-this-is-our-year\" class=\"trk-cta-link\" data-cta-trk='{\"ctaType\":\"Link\",\"ctaSubType\":\"main\"}'>a confi&eacute; Hill cette semaine<\/a>. &laquo; En termes de coh&eacute;sion offensive, c&rsquo;est la meilleure version que j&rsquo;ai vue des Dolphins. &raquo;<\/p>\n<\/blockquote><p>Arriv&eacute; en Floride en 2022, l&rsquo;ancien joueur des Chiefs souligne un changement d&rsquo;attitude notable au sein du vestiaire. Les s&eacute;ances vid&eacute;o comme les entra&icirc;nements t&eacute;moignent, selon lui, d&rsquo;une d&eacute;termination renouvel&eacute;e. <\/p><blockquote class=\"wp-block-quote is-layout-flow wp-block-quote-is-layout-flow\">\n<p>&laquo; Mon p&egrave;re m&rsquo;a toujours dit que la pression est une opportunit&eacute;. Je pense que c&rsquo;est notre ann&eacute;e. Si ce n&rsquo;est pas maintenant, quand alors ? &raquo;<\/p>\n<\/blockquote><h2 class=\"wp-block-heading\">L&rsquo;ann&eacute;e ou jamais pour les Dolphins?<\/h2><p>L&rsquo;optimisme de Hill contraste avec les doutes qui entouraient la franchise apr&egrave;s la d&eacute;faite de janvier dernier face aux Jets. Le propri&eacute;taire Stephen Ross avait alors maintenu sa confiance &agrave; l&rsquo;entra&icirc;neur Mike McDaniel et au manager g&eacute;n&eacute;ral Chris Grier, tout en affirmant que le statu quo n&rsquo;&eacute;tait plus acceptable.<\/p><p>Touch&eacute; &agrave; l&rsquo;abdomen cet &eacute;t&eacute; et limit&eacute; &agrave; l&rsquo;entra&icirc;nement cette semaine, Tyreek Hill devrait n&eacute;anmoins &ecirc;tre align&eacute; d&egrave;s l&rsquo;ouverture de la saison, dimanche &agrave; Indianapolis. Op&eacute;r&eacute; du poignet durant l&rsquo;intersaison et apr&egrave;s avoir d&ucirc; r&eacute;parer certains liens avec ses co&eacute;quipiers, le receveur n&rsquo;a pas &eacute;t&eacute; &eacute;lu capitaine cette ann&eacute;e. Mais cela ne l&rsquo;inqui&egrave;te pas: <\/p><blockquote class=\"wp-block-quote is-layout-flow wp-block-quote-is-layout-flow\">\n<p>&laquo; Je n&rsquo;ai pas besoin d&rsquo;un titre pour montrer l&rsquo;exemple. Je vais continuer &agrave; travailler dur et &agrave; pousser l&rsquo;&eacute;quipe vers l&rsquo;excellence. &raquo;<\/p>\n<\/blockquote><p>Reste maintenant &agrave; savoir si les Dolphins seront enfin capables d&rsquo;atteindre l&rsquo;excellence dans cette saison 2025. Tyreek Hill lui en tout cas en semble convaincu.<\/p><p>Cr&eacute;dit photo: &copy; Sam Navarro-Imagn Images<\/p>\n","protected":false},"excerpt":{"rendered":"<p>NFL &#8211; Tyreek Hill pense que cette ann\u00e9e pourrait \u00eatre la bonne pour les Dolphins<\/p>\n","protected":false},"author":180309964,"featured_media":1500529,"comment_status":"closed","ping_status":"closed","sticky":false,"template":"","format":"standard","meta":{"inline_featured_image":false,"kia_subtitle":"NFL - Tyreek Hill pense que cette ann\u00e9e pourrait \u00eatre la bonne pour les Dolphins","_mux_skip_reasons":[],"proofreadBy":0,"footnotes":""},"categories":[118,8410,40,8408],"tags":[864,860],"sport":[2785],"saison":[7475],"class_list":["post-1500526","post","type-post","status-publish","format-standard","has-post-thumbnail","hentry","category-actualite-nfl","category-football-americain","category-nfl","category-sports","tag-miami-dolphins","tag-tyreek-hill","sport-nfl","saison-7475"],"acf":[],"yoast_head":"<!-- This site is optimized with the Yoast SEO plugin v24.2 - https:\/\/yoast.com\/wordpress\/plugins\/seo\/ -->\n<title>Tyreek Hill (Dolphins): &quot;Je pense que c&#039;est notre ann&eacute;e!&quot; - The Playoffs FR<\/title>\n<meta name=\"robots\" content=\"index, follow, max-snippet:-1, max-image-preview:large, max-video-preview:-1\" \/>\n<link rel=\"canonical\" href=\"https:\/\/theplayoffs.news\/fr\/actualite-nfl\/tyreek-hill-dolphins-je-pense-que-cest-notre-annee\/\" \/>\n<meta property=\"og:locale\" content=\"fr_FR\" \/>\n<meta property=\"og:type\" content=\"article\" \/>\n<meta property=\"og:title\" content=\"Tyreek Hill (Dolphins): &quot;Je pense que c&#039;est notre ann&eacute;e!&quot; - The Playoffs FR\" \/>\n<meta property=\"og:description\" content=\"NFL - Tyreek Hill pense que cette ann&eacute;e pourrait &ecirc;tre la bonne pour les Dolphins\" \/>\n<meta property=\"og:url\" content=\"https:\/\/theplayoffs.news\/fr\/actualite-nfl\/tyreek-hill-dolphins-je-pense-que-cest-notre-annee\/\" \/>\n<meta property=\"og:site_name\" content=\"The Playoffs FR\" \/>\n<meta property=\"article:publisher\" content=\"https:\/\/www.facebook.com\/TheFreeAgentFR\/\" \/>\n<meta property=\"article:modified_time\" content=\"2025-09-04T10:00:52+02:00\" \/>\n<meta property=\"og:image\" content=\"https:\/\/theplayoffs.news\/fr\/wp-content\/uploads\/2025\/09\/USATSI_26914912.jpg\" \/>\n\t<meta property=\"og:image:width\" content=\"1920\" \/>\n\t<meta property=\"og:image:height\" content=\"1280\" \/>\n\t<meta property=\"og:image:type\" content=\"image\/jpeg\" \/>\n<meta name=\"author\" content=\"Flavien Jumeau\" \/>\n<meta name=\"twitter:card\" content=\"summary_large_image\" \/>\n<meta name=\"twitter:creator\" content=\"@TheFreeAgentFR\" \/>\n<meta name=\"twitter:site\" content=\"@TheFreeAgentFR\" \/>\n<meta name=\"twitter:label1\" content=\"\u00c9crit par\" \/>\n\t<meta name=\"twitter:data1\" content=\"Flavien Jumeau\" \/>\n\t<meta name=\"twitter:label2\" content=\"Dur\u00e9e de lecture estim\u00e9e\" \/>\n\t<meta name=\"twitter:data2\" content=\"2 minutes\" \/>\n<script type=\"application\/ld+json\" class=\"yoast-schema-graph\">{\"@context\":\"https:\/\/schema.org\",\"@graph\":[{\"@type\":\"WebPage\",\"@id\":\"https:\/\/theplayoffs.news\/fr\/actualite-nfl\/tyreek-hill-dolphins-je-pense-que-cest-notre-annee\/\",\"url\":\"https:\/\/theplayoffs.news\/fr\/actualite-nfl\/tyreek-hill-dolphins-je-pense-que-cest-notre-annee\/\",\"name\":\"Tyreek Hill (Dolphins): \\\\\\\"Je pense que c\\\\'est notre ann\u00e9e!\\\\\\\" - The Playoffs FR\",\"isPartOf\":{\"@id\":\"https:\/\/theplayoffs.news\/fr\/#website\"},\"primaryImageOfPage\":{\"@id\":\"https:\/\/theplayoffs.news\/fr\/actualite-nfl\/tyreek-hill-dolphins-je-pense-que-cest-notre-annee\/#primaryimage\"},\"image\":{\"@id\":\"https:\/\/theplayoffs.news\/fr\/actualite-nfl\/tyreek-hill-dolphins-je-pense-que-cest-notre-annee\/#primaryimage\"},\"thumbnailUrl\":\"https:\/\/theplayoffs.news\/fr\/wp-content\/uploads\/2025\/09\/USATSI_26914912.jpg\",\"datePublished\":\"2025-09-04T08:00:43+00:00\",\"dateModified\":\"2025-09-04T08:00:52+00:00\",\"author\":{\"@id\":\"https:\/\/theplayoffs.news\/fr\/#\/schema\/person\/def63bc6746dc5957469b75feb99e66d\"},\"breadcrumb\":{\"@id\":\"https:\/\/theplayoffs.news\/fr\/actualite-nfl\/tyreek-hill-dolphins-je-pense-que-cest-notre-annee\/#breadcrumb\"},\"inLanguage\":\"fr-FR\",\"potentialAction\":[{\"@type\":\"ReadAction\",\"target\":[\"https:\/\/theplayoffs.news\/fr\/actualite-nfl\/tyreek-hill-dolphins-je-pense-que-cest-notre-annee\/\"]}]},{\"@type\":\"ImageObject\",\"inLanguage\":\"fr-FR\",\"@id\":\"https:\/\/theplayoffs.news\/fr\/actualite-nfl\/tyreek-hill-dolphins-je-pense-que-cest-notre-annee\/#primaryimage\",\"url\":\"https:\/\/theplayoffs.news\/fr\/wp-content\/uploads\/2025\/09\/USATSI_26914912.jpg\",\"contentUrl\":\"https:\/\/theplayoffs.news\/fr\/wp-content\/uploads\/2025\/09\/USATSI_26914912.jpg\",\"width\":1920,\"height\":1280,\"caption\":\"Aug 23, 2025; Miami Gardens, Florida, USA; Miami Dolphins wide receiver Tyreek Hill (10) watches from the sideline against the Jacksonville Jaguars during the first quarter at Hard Rock Stadium. Mandatory Credit: Sam Navarro-Imagn Images\"},{\"@type\":\"BreadcrumbList\",\"@id\":\"https:\/\/theplayoffs.news\/fr\/actualite-nfl\/tyreek-hill-dolphins-je-pense-que-cest-notre-annee\/#breadcrumb\",\"itemListElement\":[{\"@type\":\"ListItem\",\"position\":1,\"name\":\"Accueil\",\"item\":\"https:\/\/theplayoffs.news\/fr\/\"},{\"@type\":\"ListItem\",\"position\":2,\"name\":\"Tyreek Hill (Dolphins): &#8220;Je pense que c&#8217;est notre ann\u00e9e!&#8221;\"}]},{\"@type\":\"WebSite\",\"@id\":\"https:\/\/theplayoffs.news\/fr\/#website\",\"url\":\"https:\/\/theplayoffs.news\/fr\/\",\"name\":\"The Playoffs FR\",\"description\":\"NBA-NFL-NHL-MLB\",\"potentialAction\":[{\"@type\":\"SearchAction\",\"target\":{\"@type\":\"EntryPoint\",\"urlTemplate\":\"https:\/\/theplayoffs.news\/fr\/?s={search_term_string}\"},\"query-input\":{\"@type\":\"PropertyValueSpecification\",\"valueRequired\":true,\"valueName\":\"search_term_string\"}}],\"inLanguage\":\"fr-FR\"},{\"@type\":\"Person\",\"@id\":\"https:\/\/theplayoffs.news\/fr\/#\/schema\/person\/def63bc6746dc5957469b75feb99e66d\",\"name\":\"Flavien Jumeau\",\"image\":{\"@type\":\"ImageObject\",\"inLanguage\":\"fr-FR\",\"@id\":\"https:\/\/theplayoffs.news\/fr\/#\/schema\/person\/image\/\",\"url\":\"https:\/\/secure.gravatar.com\/avatar\/e7fa8ba5a4b7e4ce35fe152f083f352db28ad0acce692004ed88a7a7d78893f7?s=96&d=mm&r=g\",\"contentUrl\":\"https:\/\/secure.gravatar.com\/avatar\/e7fa8ba5a4b7e4ce35fe152f083f352db28ad0acce692004ed88a7a7d78893f7?s=96&d=mm&r=g\",\"caption\":\"Flavien Jumeau\"},\"description\":\"Amoureux du sport (et de vraiment tous les sports) depuis mon plus jeune \u00e2ge, j\u2019ai longtemps h\u00e9site entre le snooker et le curling. Finalement c\u2019est le foot US que j\u2019ai d\u00e9cid\u00e9 de choisir! Responsable foot US sur TPO et animateur du podcast Tailgate j\u2019ai pour mission de vous faire d\u00e9couvrir ce sport passionnant si ce n\u2019est pas encore fait et de vous donner les derni\u00e8res actus. Le tout dans la bonne humeur et avec toujours un jeu de mots ou deux savamment distill\u00e9s! Fan des Saints, pour moi Drew Brees est le vrai GOAT!\",\"url\":\"https:\/\/theplayoffs.news\/fr\/author\/flavien-jumeaugmail-com\/\"}]}<\/script>\n<!-- \/ Yoast SEO plugin. -->","yoast_head_json":{"title":"Tyreek Hill (Dolphins): &quot;Je pense que c&#039;est notre ann&eacute;e!&quot; - The Playoffs FR","robots":{"index":"index","follow":"follow","max-snippet":"max-snippet:-1","max-image-preview":"max-image-preview:large","max-video-preview":"max-video-preview:-1"},"canonical":"https:\/\/theplayoffs.news\/fr\/actualite-nfl\/tyreek-hill-dolphins-je-pense-que-cest-notre-annee\/","og_locale":"fr_FR","og_type":"article","og_title":"Tyreek Hill (Dolphins): &quot;Je pense que c&#039;est notre ann&eacute;e!&quot; - The Playoffs FR","og_description":"NFL - Tyreek Hill pense que cette ann&eacute;e pourrait &ecirc;tre la bonne pour les Dolphins","og_url":"https:\/\/theplayoffs.news\/fr\/actualite-nfl\/tyreek-hill-dolphins-je-pense-que-cest-notre-annee\/","og_site_name":"The Playoffs FR","article_publisher":"https:\/\/www.facebook.com\/TheFreeAgentFR\/","article_modified_time":"2025-09-04T08:00:52+00:00","og_image":[{"width":1920,"height":1280,"url":"https:\/\/theplayoffs.news\/fr\/wp-content\/uploads\/2025\/09\/USATSI_26914912.jpg","type":"image\/jpeg"}],"author":"Flavien Jumeau","twitter_card":"summary_large_image","twitter_creator":"@TheFreeAgentFR","twitter_site":"@TheFreeAgentFR","twitter_misc":{"\u00c9crit par":"Flavien Jumeau","Dur\u00e9e de lecture estim\u00e9e":"2 minutes"},"schema":{"@context":"https:\/\/schema.org","@graph":[{"@type":"WebPage","@id":"https:\/\/theplayoffs.news\/fr\/actualite-nfl\/tyreek-hill-dolphins-je-pense-que-cest-notre-annee\/","url":"https:\/\/theplayoffs.news\/fr\/actualite-nfl\/tyreek-hill-dolphins-je-pense-que-cest-notre-annee\/","name":"Tyreek Hill (Dolphins): \\\"Je pense que c\\'est notre ann\u00e9e!\\\" - The Playoffs FR","isPartOf":{"@id":"https:\/\/theplayoffs.news\/fr\/#website"},"primaryImageOfPage":{"@id":"https:\/\/theplayoffs.news\/fr\/actualite-nfl\/tyreek-hill-dolphins-je-pense-que-cest-notre-annee\/#primaryimage"},"image":{"@id":"https:\/\/theplayoffs.news\/fr\/actualite-nfl\/tyreek-hill-dolphins-je-pense-que-cest-notre-annee\/#primaryimage"},"thumbnailUrl":"https:\/\/theplayoffs.news\/fr\/wp-content\/uploads\/2025\/09\/USATSI_26914912.jpg","datePublished":"2025-09-04T08:00:43+00:00","dateModified":"2025-09-04T08:00:52+00:00","author":{"@id":"https:\/\/theplayoffs.news\/fr\/#\/schema\/person\/def63bc6746dc5957469b75feb99e66d"},"breadcrumb":{"@id":"https:\/\/theplayoffs.news\/fr\/actualite-nfl\/tyreek-hill-dolphins-je-pense-que-cest-notre-annee\/#breadcrumb"},"inLanguage":"fr-FR","potentialAction":[{"@type":"ReadAction","target":["https:\/\/theplayoffs.news\/fr\/actualite-nfl\/tyreek-hill-dolphins-je-pense-que-cest-notre-annee\/"]}]},{"@type":"ImageObject","inLanguage":"fr-FR","@id":"https:\/\/theplayoffs.news\/fr\/actualite-nfl\/tyreek-hill-dolphins-je-pense-que-cest-notre-annee\/#primaryimage","url":"https:\/\/theplayoffs.news\/fr\/wp-content\/uploads\/2025\/09\/USATSI_26914912.jpg","contentUrl":"https:\/\/theplayoffs.news\/fr\/wp-content\/uploads\/2025\/09\/USATSI_26914912.jpg","width":1920,"height":1280,"caption":"Aug 23, 2025; Miami Gardens, Florida, USA; Miami Dolphins wide receiver Tyreek Hill (10) watches from the sideline against the Jacksonville Jaguars during the first quarter at Hard Rock Stadium. Mandatory Credit: Sam Navarro-Imagn Images"},{"@type":"BreadcrumbList","@id":"https:\/\/theplayoffs.news\/fr\/actualite-nfl\/tyreek-hill-dolphins-je-pense-que-cest-notre-annee\/#breadcrumb","itemListElement":[{"@type":"ListItem","position":1,"name":"Accueil","item":"https:\/\/theplayoffs.news\/fr\/"},{"@type":"ListItem","position":2,"name":"Tyreek Hill (Dolphins): &#8220;Je pense que c&#8217;est notre ann\u00e9e!&#8221;"}]},{"@type":"WebSite","@id":"https:\/\/theplayoffs.news\/fr\/#website","url":"https:\/\/theplayoffs.news\/fr\/","name":"The Playoffs FR","description":"NBA-NFL-NHL-MLB","potentialAction":[{"@type":"SearchAction","target":{"@type":"EntryPoint","urlTemplate":"https:\/\/theplayoffs.news\/fr\/?s={search_term_string}"},"query-input":{"@type":"PropertyValueSpecification","valueRequired":true,"valueName":"search_term_string"}}],"inLanguage":"fr-FR"},{"@type":"Person","@id":"https:\/\/theplayoffs.news\/fr\/#\/schema\/person\/def63bc6746dc5957469b75feb99e66d","name":"Flavien Jumeau","image":{"@type":"ImageObject","inLanguage":"fr-FR","@id":"https:\/\/theplayoffs.news\/fr\/#\/schema\/person\/image\/","url":"https:\/\/secure.gravatar.com\/avatar\/e7fa8ba5a4b7e4ce35fe152f083f352db28ad0acce692004ed88a7a7d78893f7?s=96&d=mm&r=g","contentUrl":"https:\/\/secure.gravatar.com\/avatar\/e7fa8ba5a4b7e4ce35fe152f083f352db28ad0acce692004ed88a7a7d78893f7?s=96&d=mm&r=g","caption":"Flavien Jumeau"},"description":"Amoureux du sport (et de vraiment tous les sports) depuis mon plus jeune \u00e2ge, j\u2019ai longtemps h\u00e9site entre le snooker et le curling. Finalement c\u2019est le foot US que j\u2019ai d\u00e9cid\u00e9 de choisir! Responsable foot US sur TPO et animateur du podcast Tailgate j\u2019ai pour mission de vous faire d\u00e9couvrir ce sport passionnant si ce n\u2019est pas encore fait et de vous donner les derni\u00e8res actus. Le tout dans la bonne humeur et avec toujours un jeu de mots ou deux savamment distill\u00e9s! Fan des Saints, pour moi Drew Brees est le vrai GOAT!","url":"https:\/\/theplayoffs.news\/fr\/author\/flavien-jumeaugmail-com\/"}]}},"_links":{"self":[{"href":"https:\/\/theplayoffs.news\/fr\/wp-json\/wp\/v2\/posts\/1500526","targetHints":{"allow":["GET"]}}],"collection":[{"href":"https:\/\/theplayoffs.news\/fr\/wp-json\/wp\/v2\/posts"}],"about":[{"href":"https:\/\/theplayoffs.news\/fr\/wp-json\/wp\/v2\/types\/post"}],"author":[{"embeddable":true,"href":"https:\/\/theplayoffs.news\/fr\/wp-json\/wp\/v2\/users\/180309964"}],"replies":[{"embeddable":true,"href":"https:\/\/theplayoffs.news\/fr\/wp-json\/wp\/v2\/comments?post=1500526"}],"version-history":[{"count":1,"href":"https:\/\/theplayoffs.news\/fr\/wp-json\/wp\/v2\/posts\/1500526\/revisions"}],"predecessor-version":[{"id":1500530,"href":"https:\/\/theplayoffs.news\/fr\/wp-json\/wp\/v2\/posts\/1500526\/revisions\/1500530"}],"wp:featuredmedia":[{"embeddable":true,"href":"https:\/\/theplayoffs.news\/fr\/wp-json\/wp\/v2\/media\/1500529"}],"wp:attachment":[{"href":"https:\/\/theplayoffs.news\/fr\/wp-json\/wp\/v2\/media?parent=1500526"}],"wp:term":[{"taxonomy":"category","embeddable":true,"href":"https:\/\/theplayoffs.news\/fr\/wp-json\/wp\/v2\/categories?post=1500526"},{"taxonomy":"post_tag","embeddable":true,"href":"https:\/\/theplayoffs.news\/fr\/wp-json\/wp\/v2\/tags?post=1500526"},{"taxonomy":"sport","embeddable":true,"href":"https:\/\/theplayoffs.news\/fr\/wp-json\/wp\/v2\/sport?post=1500526"},{"taxonomy":"saison","embeddable":true,"href":"https:\/\/theplayoffs.news\/fr\/wp-json\/wp\/v2\/saison?post=1500526"}],"curies":[{"name":"wp","href":"https:\/\/api.w.org\/{rel}","templated":true}]}}