{"id":1500523,"date":"2025-09-04T09:43:06","date_gmt":"2025-09-04T07:43:06","guid":{"rendered":"https:\/\/theplayoffs.news\/fr\/uncategorized\/\/"},"modified":"2025-09-04T09:43:12","modified_gmt":"2025-09-04T07:43:12","slug":"super-bowl-lx-taylor-swift-pour-le-show-de-la-mi-temps-cest-possible-dapres-roger-goodell","status":"publish","type":"post","link":"https:\/\/theplayoffs.news\/fr\/actualite-nfl\/super-bowl-lx-taylor-swift-pour-le-show-de-la-mi-temps-cest-possible-dapres-roger-goodell\/","title":{"rendered":"Super Bowl LX: Taylor Swift pour le show de la mi-temps? \u00ab\u00a0C&rsquo;est possible\u00a0\u00bb d&rsquo;apr\u00e8s Roger Goodell"},"content":{"rendered":"<p>La rumeur enfle autour du Super Bowl LX: Taylor Swift pourrait-elle enflammer la sc&egrave;ne du mythique lors du traditionnel show de la mi-temps ? Interrog&eacute; mercredi dans l&rsquo;&eacute;mission <em>Today Show<\/em>, le commissaire de la NFL, Roger Goodell, n&rsquo;a pas ferm&eacute; la porte.<\/p><blockquote class=\"twitter-tweet\"><p lang=\"en\" dir=\"ltr\">NFL Commissioner Roger Goodell says Taylor Swift doing the Super Bowl halftime show is a possibility.<br><br>(via <a href=\"https:\/\/twitter.com\/TODAYshow?ref_src=twsrc%5Etfw\" class=\"trk-cta-link\" data-cta-trk='{\"ctaType\":\"Link\",\"ctaSubType\":\"main\"}'>@TODAYshow<\/a>)<a href=\"https:\/\/t.co\/2KZ4b5F0IN\" class=\"trk-cta-link\" data-cta-trk='{\"ctaType\":\"Link\",\"ctaSubType\":\"main\"}'>pic.twitter.com\/2KZ4b5F0IN<\/a><\/p>&mdash; Ari Meirov (@MySportsUpdate) <a href=\"https:\/\/twitter.com\/MySportsUpdate\/status\/1963262991341605156?ref_src=twsrc%5Etfw\" class=\"trk-cta-link\" data-cta-trk='{\"ctaType\":\"Link\",\"ctaSubType\":\"main\"}'>September 3, 2025<\/a><\/blockquote><script async src=\"https:\/\/platform.twitter.com\/widgets.js\" charset=\"utf-8\"><\/script><blockquote class=\"wp-block-quote is-layout-flow wp-block-quote-is-layout-flow\">\n<p>&laquo; Nous adorerions toujours voir Taylor jouer. C&rsquo;est une artiste exceptionnelle, et elle serait &eacute;videmment la bienvenue &agrave; tout moment &raquo;, a d&eacute;clar&eacute; Goodell. Lorsqu&rsquo;on lui a demand&eacute; si l&rsquo;id&eacute;e &eacute;tait s&eacute;rieusement envisag&eacute;e, le patron de la ligue a simplement r&eacute;pondu : &laquo; C&rsquo;est un peut-&ecirc;tre. &raquo;<\/p>\n<\/blockquote><h2 class=\"wp-block-heading\">Une annonce qui ne d&eacute;pend pas de la NFL<\/h2><p>La d&eacute;cision finale ne lui revient toutefois pas directement. Depuis 2019, c&rsquo;est Jay-Z et sa soci&eacute;t&eacute; de production Roc Nation qui orchestrent le spectacle le plus regard&eacute; de l&rsquo;ann&eacute;e. Goodell s&rsquo;est d&rsquo;ailleurs amus&eacute; de la situation: <\/p><blockquote class=\"wp-block-quote is-layout-flow wp-block-quote-is-layout-flow\">\n<p>&laquo; J&rsquo;attends que mon ami Jay-Z fasse une annonce. C&rsquo;est entre ses mains. &raquo;<\/p>\n<\/blockquote><p>Une annonce pourrait intervenir dans les prochaines semaines. L&rsquo;an pass&eacute;, la NFL avait officialis&eacute; la pr&eacute;sence de Kendrick Lamar au d&eacute;but du mois de septembre, pour l&rsquo;&eacute;dition disput&eacute;e &agrave; La Nouvelle-Orl&eacute;ans.<\/p><p>La perspective de voir Taylor Swift sur sc&egrave;ne suscite &eacute;videmment une attention particuli&egrave;re. La chanteuse, qui s&rsquo;est fianc&eacute;e cet &eacute;t&eacute; avec <a href=\"https:\/\/theplayoffs.news\/fr\/actualite-nfl\/travis-kelce-ventes-maillots-explosent-taylor-swift\/\" class=\"trk-cta-link\" data-cta-trk='{\"ctaType\":\"Link\",\"ctaSubType\":\"main\"}'>Travis Kelce<\/a>, le tight end vedette des Kansas City Chiefs, a &eacute;t&eacute; pr&eacute;sente dans les tribunes lors des deux derniers Super Bowls. Son lien avec l&rsquo;une des &eacute;quipes les plus dominantes de la ligue nourrit encore un peu plus les sp&eacute;culations.<\/p><p>Le rendez-vous est d&rsquo;ores et d&eacute;j&agrave; fix&eacute;: le Super Bowl LX aura lieu le 8 f&eacute;vrier 2026 au Levi&rsquo;s Stadium de Santa Clara, en Californie. Si rien n&rsquo;est encore confirm&eacute;, la possibilit&eacute; d&rsquo;un concert de Taylor Swift &agrave; la mi-temps reste plus que jamais d&rsquo;actualit&eacute;.<\/p><p>Cr&eacute;dit photo: <\/p>\n","protected":false},"excerpt":{"rendered":"<p>NFL &#8211; Et si Taylor Swift chantait pour le Super Bowl en f\u00e9vrier?<\/p>\n","protected":false},"author":180309964,"featured_media":1500524,"comment_status":"closed","ping_status":"closed","sticky":false,"template":"","format":"standard","meta":{"inline_featured_image":false,"kia_subtitle":"NFL - Et si Taylor Swift chantait pour le Super Bowl en f\u00e9vrier?","_mux_skip_reasons":[],"proofreadBy":0,"footnotes":""},"categories":[118,8410,40,8408],"tags":[5465,6511],"sport":[2785],"saison":[7475],"class_list":["post-1500523","post","type-post","status-publish","format-standard","has-post-thumbnail","hentry","category-actualite-nfl","category-football-americain","category-nfl","category-sports","tag-super-bowl-lx","tag-taylor-swift","sport-nfl","saison-7475"],"acf":[],"yoast_head":"<!-- This site is optimized with the Yoast SEO plugin v24.2 - https:\/\/yoast.com\/wordpress\/plugins\/seo\/ -->\n<title>Super Bowl LX: Taylor Swift pour le show de la mi-temps? &quot;C&#039;est possible&quot; d&#039;apr&egrave;s Roger Goodell - The Playoffs FR<\/title>\n<meta name=\"robots\" content=\"index, follow, max-snippet:-1, max-image-preview:large, max-video-preview:-1\" \/>\n<link rel=\"canonical\" href=\"https:\/\/theplayoffs.news\/fr\/actualite-nfl\/super-bowl-lx-taylor-swift-pour-le-show-de-la-mi-temps-cest-possible-dapres-roger-goodell\/\" \/>\n<meta property=\"og:locale\" content=\"fr_FR\" \/>\n<meta property=\"og:type\" content=\"article\" \/>\n<meta property=\"og:title\" content=\"Super Bowl LX: Taylor Swift pour le show de la mi-temps? &quot;C&#039;est possible&quot; d&#039;apr&egrave;s Roger Goodell - The Playoffs FR\" \/>\n<meta property=\"og:description\" content=\"NFL - Et si Taylor Swift chantait pour le Super Bowl en f&eacute;vrier?\" \/>\n<meta property=\"og:url\" content=\"https:\/\/theplayoffs.news\/fr\/actualite-nfl\/super-bowl-lx-taylor-swift-pour-le-show-de-la-mi-temps-cest-possible-dapres-roger-goodell\/\" \/>\n<meta property=\"og:site_name\" content=\"The Playoffs FR\" \/>\n<meta property=\"article:publisher\" content=\"https:\/\/www.facebook.com\/TheFreeAgentFR\/\" \/>\n<meta property=\"article:modified_time\" content=\"2025-09-04T09:43:12+02:00\" \/>\n<meta property=\"og:image\" content=\"https:\/\/theplayoffs.news\/fr\/wp-content\/uploads\/2025\/09\/USATSI_25652424.jpg\" \/>\n\t<meta property=\"og:image:width\" content=\"1920\" \/>\n\t<meta property=\"og:image:height\" content=\"1281\" \/>\n\t<meta property=\"og:image:type\" content=\"image\/jpeg\" \/>\n<meta name=\"author\" content=\"Flavien Jumeau\" \/>\n<meta name=\"twitter:card\" content=\"summary_large_image\" \/>\n<meta name=\"twitter:creator\" content=\"@TheFreeAgentFR\" \/>\n<meta name=\"twitter:site\" content=\"@TheFreeAgentFR\" \/>\n<meta name=\"twitter:label1\" content=\"\u00c9crit par\" \/>\n\t<meta name=\"twitter:data1\" content=\"Flavien Jumeau\" \/>\n\t<meta name=\"twitter:label2\" content=\"Dur\u00e9e de lecture estim\u00e9e\" \/>\n\t<meta name=\"twitter:data2\" content=\"2 minutes\" \/>\n<script type=\"application\/ld+json\" class=\"yoast-schema-graph\">{\"@context\":\"https:\/\/schema.org\",\"@graph\":[{\"@type\":\"WebPage\",\"@id\":\"https:\/\/theplayoffs.news\/fr\/actualite-nfl\/super-bowl-lx-taylor-swift-pour-le-show-de-la-mi-temps-cest-possible-dapres-roger-goodell\/\",\"url\":\"https:\/\/theplayoffs.news\/fr\/actualite-nfl\/super-bowl-lx-taylor-swift-pour-le-show-de-la-mi-temps-cest-possible-dapres-roger-goodell\/\",\"name\":\"Super Bowl LX: Taylor Swift pour le show de la mi-temps? \\\\\\\"C\\\\'est possible\\\\\\\" d\\\\'apr\u00e8s Roger Goodell - The Playoffs FR\",\"isPartOf\":{\"@id\":\"https:\/\/theplayoffs.news\/fr\/#website\"},\"primaryImageOfPage\":{\"@id\":\"https:\/\/theplayoffs.news\/fr\/actualite-nfl\/super-bowl-lx-taylor-swift-pour-le-show-de-la-mi-temps-cest-possible-dapres-roger-goodell\/#primaryimage\"},\"image\":{\"@id\":\"https:\/\/theplayoffs.news\/fr\/actualite-nfl\/super-bowl-lx-taylor-swift-pour-le-show-de-la-mi-temps-cest-possible-dapres-roger-goodell\/#primaryimage\"},\"thumbnailUrl\":\"https:\/\/theplayoffs.news\/fr\/wp-content\/uploads\/2025\/09\/USATSI_25652424.jpg\",\"datePublished\":\"2025-09-04T07:43:06+00:00\",\"dateModified\":\"2025-09-04T07:43:12+00:00\",\"author\":{\"@id\":\"https:\/\/theplayoffs.news\/fr\/#\/schema\/person\/def63bc6746dc5957469b75feb99e66d\"},\"breadcrumb\":{\"@id\":\"https:\/\/theplayoffs.news\/fr\/actualite-nfl\/super-bowl-lx-taylor-swift-pour-le-show-de-la-mi-temps-cest-possible-dapres-roger-goodell\/#breadcrumb\"},\"inLanguage\":\"fr-FR\",\"potentialAction\":[{\"@type\":\"ReadAction\",\"target\":[\"https:\/\/theplayoffs.news\/fr\/actualite-nfl\/super-bowl-lx-taylor-swift-pour-le-show-de-la-mi-temps-cest-possible-dapres-roger-goodell\/\"]}]},{\"@type\":\"ImageObject\",\"inLanguage\":\"fr-FR\",\"@id\":\"https:\/\/theplayoffs.news\/fr\/actualite-nfl\/super-bowl-lx-taylor-swift-pour-le-show-de-la-mi-temps-cest-possible-dapres-roger-goodell\/#primaryimage\",\"url\":\"https:\/\/theplayoffs.news\/fr\/wp-content\/uploads\/2025\/09\/USATSI_25652424.jpg\",\"contentUrl\":\"https:\/\/theplayoffs.news\/fr\/wp-content\/uploads\/2025\/09\/USATSI_25652424.jpg\",\"width\":1920,\"height\":1281,\"caption\":\"Taylor Swift, singer\"},{\"@type\":\"BreadcrumbList\",\"@id\":\"https:\/\/theplayoffs.news\/fr\/actualite-nfl\/super-bowl-lx-taylor-swift-pour-le-show-de-la-mi-temps-cest-possible-dapres-roger-goodell\/#breadcrumb\",\"itemListElement\":[{\"@type\":\"ListItem\",\"position\":1,\"name\":\"Accueil\",\"item\":\"https:\/\/theplayoffs.news\/fr\/\"},{\"@type\":\"ListItem\",\"position\":2,\"name\":\"Super Bowl LX: Taylor Swift pour le show de la mi-temps? &#8220;C&#8217;est possible&#8221; d&#8217;apr\u00e8s Roger Goodell\"}]},{\"@type\":\"WebSite\",\"@id\":\"https:\/\/theplayoffs.news\/fr\/#website\",\"url\":\"https:\/\/theplayoffs.news\/fr\/\",\"name\":\"The Playoffs FR\",\"description\":\"NBA-NFL-NHL-MLB\",\"potentialAction\":[{\"@type\":\"SearchAction\",\"target\":{\"@type\":\"EntryPoint\",\"urlTemplate\":\"https:\/\/theplayoffs.news\/fr\/?s={search_term_string}\"},\"query-input\":{\"@type\":\"PropertyValueSpecification\",\"valueRequired\":true,\"valueName\":\"search_term_string\"}}],\"inLanguage\":\"fr-FR\"},{\"@type\":\"Person\",\"@id\":\"https:\/\/theplayoffs.news\/fr\/#\/schema\/person\/def63bc6746dc5957469b75feb99e66d\",\"name\":\"Flavien Jumeau\",\"image\":{\"@type\":\"ImageObject\",\"inLanguage\":\"fr-FR\",\"@id\":\"https:\/\/theplayoffs.news\/fr\/#\/schema\/person\/image\/\",\"url\":\"https:\/\/secure.gravatar.com\/avatar\/e7fa8ba5a4b7e4ce35fe152f083f352db28ad0acce692004ed88a7a7d78893f7?s=96&d=mm&r=g\",\"contentUrl\":\"https:\/\/secure.gravatar.com\/avatar\/e7fa8ba5a4b7e4ce35fe152f083f352db28ad0acce692004ed88a7a7d78893f7?s=96&d=mm&r=g\",\"caption\":\"Flavien Jumeau\"},\"description\":\"Amoureux du sport (et de vraiment tous les sports) depuis mon plus jeune \u00e2ge, j\u2019ai longtemps h\u00e9site entre le snooker et le curling. Finalement c\u2019est le foot US que j\u2019ai d\u00e9cid\u00e9 de choisir! Responsable foot US sur TPO et animateur du podcast Tailgate j\u2019ai pour mission de vous faire d\u00e9couvrir ce sport passionnant si ce n\u2019est pas encore fait et de vous donner les derni\u00e8res actus. Le tout dans la bonne humeur et avec toujours un jeu de mots ou deux savamment distill\u00e9s! Fan des Saints, pour moi Drew Brees est le vrai GOAT!\",\"url\":\"https:\/\/theplayoffs.news\/fr\/author\/flavien-jumeaugmail-com\/\"}]}<\/script>\n<!-- \/ Yoast SEO plugin. -->","yoast_head_json":{"title":"Super Bowl LX: Taylor Swift pour le show de la mi-temps? &quot;C&#039;est possible&quot; d&#039;apr&egrave;s Roger Goodell - The Playoffs FR","robots":{"index":"index","follow":"follow","max-snippet":"max-snippet:-1","max-image-preview":"max-image-preview:large","max-video-preview":"max-video-preview:-1"},"canonical":"https:\/\/theplayoffs.news\/fr\/actualite-nfl\/super-bowl-lx-taylor-swift-pour-le-show-de-la-mi-temps-cest-possible-dapres-roger-goodell\/","og_locale":"fr_FR","og_type":"article","og_title":"Super Bowl LX: Taylor Swift pour le show de la mi-temps? &quot;C&#039;est possible&quot; d&#039;apr&egrave;s Roger Goodell - The Playoffs FR","og_description":"NFL - Et si Taylor Swift chantait pour le Super Bowl en f&eacute;vrier?","og_url":"https:\/\/theplayoffs.news\/fr\/actualite-nfl\/super-bowl-lx-taylor-swift-pour-le-show-de-la-mi-temps-cest-possible-dapres-roger-goodell\/","og_site_name":"The Playoffs FR","article_publisher":"https:\/\/www.facebook.com\/TheFreeAgentFR\/","article_modified_time":"2025-09-04T07:43:12+00:00","og_image":[{"width":1920,"height":1281,"url":"https:\/\/theplayoffs.news\/fr\/wp-content\/uploads\/2025\/09\/USATSI_25652424.jpg","type":"image\/jpeg"}],"author":"Flavien Jumeau","twitter_card":"summary_large_image","twitter_creator":"@TheFreeAgentFR","twitter_site":"@TheFreeAgentFR","twitter_misc":{"\u00c9crit par":"Flavien Jumeau","Dur\u00e9e de lecture estim\u00e9e":"2 minutes"},"schema":{"@context":"https:\/\/schema.org","@graph":[{"@type":"WebPage","@id":"https:\/\/theplayoffs.news\/fr\/actualite-nfl\/super-bowl-lx-taylor-swift-pour-le-show-de-la-mi-temps-cest-possible-dapres-roger-goodell\/","url":"https:\/\/theplayoffs.news\/fr\/actualite-nfl\/super-bowl-lx-taylor-swift-pour-le-show-de-la-mi-temps-cest-possible-dapres-roger-goodell\/","name":"Super Bowl LX: Taylor Swift pour le show de la mi-temps? \\\"C\\'est possible\\\" d\\'apr\u00e8s Roger Goodell - The Playoffs FR","isPartOf":{"@id":"https:\/\/theplayoffs.news\/fr\/#website"},"primaryImageOfPage":{"@id":"https:\/\/theplayoffs.news\/fr\/actualite-nfl\/super-bowl-lx-taylor-swift-pour-le-show-de-la-mi-temps-cest-possible-dapres-roger-goodell\/#primaryimage"},"image":{"@id":"https:\/\/theplayoffs.news\/fr\/actualite-nfl\/super-bowl-lx-taylor-swift-pour-le-show-de-la-mi-temps-cest-possible-dapres-roger-goodell\/#primaryimage"},"thumbnailUrl":"https:\/\/theplayoffs.news\/fr\/wp-content\/uploads\/2025\/09\/USATSI_25652424.jpg","datePublished":"2025-09-04T07:43:06+00:00","dateModified":"2025-09-04T07:43:12+00:00","author":{"@id":"https:\/\/theplayoffs.news\/fr\/#\/schema\/person\/def63bc6746dc5957469b75feb99e66d"},"breadcrumb":{"@id":"https:\/\/theplayoffs.news\/fr\/actualite-nfl\/super-bowl-lx-taylor-swift-pour-le-show-de-la-mi-temps-cest-possible-dapres-roger-goodell\/#breadcrumb"},"inLanguage":"fr-FR","potentialAction":[{"@type":"ReadAction","target":["https:\/\/theplayoffs.news\/fr\/actualite-nfl\/super-bowl-lx-taylor-swift-pour-le-show-de-la-mi-temps-cest-possible-dapres-roger-goodell\/"]}]},{"@type":"ImageObject","inLanguage":"fr-FR","@id":"https:\/\/theplayoffs.news\/fr\/actualite-nfl\/super-bowl-lx-taylor-swift-pour-le-show-de-la-mi-temps-cest-possible-dapres-roger-goodell\/#primaryimage","url":"https:\/\/theplayoffs.news\/fr\/wp-content\/uploads\/2025\/09\/USATSI_25652424.jpg","contentUrl":"https:\/\/theplayoffs.news\/fr\/wp-content\/uploads\/2025\/09\/USATSI_25652424.jpg","width":1920,"height":1281,"caption":"Taylor Swift, singer"},{"@type":"BreadcrumbList","@id":"https:\/\/theplayoffs.news\/fr\/actualite-nfl\/super-bowl-lx-taylor-swift-pour-le-show-de-la-mi-temps-cest-possible-dapres-roger-goodell\/#breadcrumb","itemListElement":[{"@type":"ListItem","position":1,"name":"Accueil","item":"https:\/\/theplayoffs.news\/fr\/"},{"@type":"ListItem","position":2,"name":"Super Bowl LX: Taylor Swift pour le show de la mi-temps? &#8220;C&#8217;est possible&#8221; d&#8217;apr\u00e8s Roger Goodell"}]},{"@type":"WebSite","@id":"https:\/\/theplayoffs.news\/fr\/#website","url":"https:\/\/theplayoffs.news\/fr\/","name":"The Playoffs FR","description":"NBA-NFL-NHL-MLB","potentialAction":[{"@type":"SearchAction","target":{"@type":"EntryPoint","urlTemplate":"https:\/\/theplayoffs.news\/fr\/?s={search_term_string}"},"query-input":{"@type":"PropertyValueSpecification","valueRequired":true,"valueName":"search_term_string"}}],"inLanguage":"fr-FR"},{"@type":"Person","@id":"https:\/\/theplayoffs.news\/fr\/#\/schema\/person\/def63bc6746dc5957469b75feb99e66d","name":"Flavien Jumeau","image":{"@type":"ImageObject","inLanguage":"fr-FR","@id":"https:\/\/theplayoffs.news\/fr\/#\/schema\/person\/image\/","url":"https:\/\/secure.gravatar.com\/avatar\/e7fa8ba5a4b7e4ce35fe152f083f352db28ad0acce692004ed88a7a7d78893f7?s=96&d=mm&r=g","contentUrl":"https:\/\/secure.gravatar.com\/avatar\/e7fa8ba5a4b7e4ce35fe152f083f352db28ad0acce692004ed88a7a7d78893f7?s=96&d=mm&r=g","caption":"Flavien Jumeau"},"description":"Amoureux du sport (et de vraiment tous les sports) depuis mon plus jeune \u00e2ge, j\u2019ai longtemps h\u00e9site entre le snooker et le curling. Finalement c\u2019est le foot US que j\u2019ai d\u00e9cid\u00e9 de choisir! Responsable foot US sur TPO et animateur du podcast Tailgate j\u2019ai pour mission de vous faire d\u00e9couvrir ce sport passionnant si ce n\u2019est pas encore fait et de vous donner les derni\u00e8res actus. Le tout dans la bonne humeur et avec toujours un jeu de mots ou deux savamment distill\u00e9s! Fan des Saints, pour moi Drew Brees est le vrai GOAT!","url":"https:\/\/theplayoffs.news\/fr\/author\/flavien-jumeaugmail-com\/"}]}},"_links":{"self":[{"href":"https:\/\/theplayoffs.news\/fr\/wp-json\/wp\/v2\/posts\/1500523","targetHints":{"allow":["GET"]}}],"collection":[{"href":"https:\/\/theplayoffs.news\/fr\/wp-json\/wp\/v2\/posts"}],"about":[{"href":"https:\/\/theplayoffs.news\/fr\/wp-json\/wp\/v2\/types\/post"}],"author":[{"embeddable":true,"href":"https:\/\/theplayoffs.news\/fr\/wp-json\/wp\/v2\/users\/180309964"}],"replies":[{"embeddable":true,"href":"https:\/\/theplayoffs.news\/fr\/wp-json\/wp\/v2\/comments?post=1500523"}],"version-history":[{"count":1,"href":"https:\/\/theplayoffs.news\/fr\/wp-json\/wp\/v2\/posts\/1500523\/revisions"}],"predecessor-version":[{"id":1500525,"href":"https:\/\/theplayoffs.news\/fr\/wp-json\/wp\/v2\/posts\/1500523\/revisions\/1500525"}],"wp:featuredmedia":[{"embeddable":true,"href":"https:\/\/theplayoffs.news\/fr\/wp-json\/wp\/v2\/media\/1500524"}],"wp:attachment":[{"href":"https:\/\/theplayoffs.news\/fr\/wp-json\/wp\/v2\/media?parent=1500523"}],"wp:term":[{"taxonomy":"category","embeddable":true,"href":"https:\/\/theplayoffs.news\/fr\/wp-json\/wp\/v2\/categories?post=1500523"},{"taxonomy":"post_tag","embeddable":true,"href":"https:\/\/theplayoffs.news\/fr\/wp-json\/wp\/v2\/tags?post=1500523"},{"taxonomy":"sport","embeddable":true,"href":"https:\/\/theplayoffs.news\/fr\/wp-json\/wp\/v2\/sport?post=1500523"},{"taxonomy":"saison","embeddable":true,"href":"https:\/\/theplayoffs.news\/fr\/wp-json\/wp\/v2\/saison?post=1500523"}],"curies":[{"name":"wp","href":"https:\/\/api.w.org\/{rel}","templated":true}]}}