{"id":1500433,"date":"2025-09-03T09:23:48","date_gmt":"2025-09-03T07:23:48","guid":{"rendered":"https:\/\/theplayoffs.news\/fr\/uncategorized\/\/"},"modified":"2025-09-03T09:23:55","modified_gmt":"2025-09-03T07:23:55","slug":"tyronn-lue-reve-entrainer-los-angeles-lakers","status":"publish","type":"post","link":"https:\/\/theplayoffs.news\/fr\/actualite-nba\/tyronn-lue-reve-entrainer-los-angeles-lakers\/","title":{"rendered":"Tyronn Lue r\u00e9v\u00e8le son r\u00eave d\u2019entra\u00eener les Los Angeles Lakers : \u00ab J\u2019aurais ador\u00e9 \u00bb"},"content":{"rendered":"<p>L&rsquo;entra&icirc;neur-chef actuel des Los Angeles Clippers, Tyronn Lue, a confi&eacute; qu&rsquo;il aurait aim&eacute; diriger l&rsquo;un des rivaux historiques de son &eacute;quipe. Invit&eacute; du podcast <a href=\"https:\/\/x.com\/ClubShayShay\/status\/1962289492129407444?ref_src=twsrc%5Etfw%7Ctwcamp%5Etweetembed%7Ctwterm%5E1962289492129407444%7Ctwgr%5E0a095991fd0e172f48ccb599b4a39651df633442%7Ctwcon%5Es1_c10&amp;ref_url=https%3A%2F%2Ftheplayoffs.news%2Ffr%2Fwp-admin%2Fpost-new.php\" class=\"trk-cta-link\" data-cta-trk='{\"ctaType\":\"Link\",\"ctaSubType\":\"main\"}'><em>Club Shay Shay<\/em> de Shannon Sharpe<\/a>, le coach a admis que devenir entra&icirc;neur des Los Angeles Lakers aurait repr&eacute;sent&eacute; un r&ecirc;ve accompli.<\/p><p>&laquo; J&rsquo;aurais ador&eacute;. Ce serait un r&ecirc;ve devenu r&eacute;alit&eacute; &raquo;, a d&eacute;clar&eacute; Lue.<\/p><figure class=\"wp-block-embed is-type-rich is-provider-twitter wp-block-embed-twitter\"><div class=\"wp-block-embed__wrapper\">\n<blockquote class=\"twitter-tweet\" data-width=\"500\" data-dnt=\"true\"><p lang=\"en\" dir=\"ltr\">\"I would've loved it. It would've been a dream come true.\" &ndash; Ty Lue on the Lakers head coaching job <a href=\"https:\/\/t.co\/FQhfXrxnMW\" class=\"trk-cta-link\" data-cta-trk='{\"ctaType\":\"Link\",\"ctaSubType\":\"main\"}'>pic.twitter.com\/FQhfXrxnMW<\/a><\/p>&mdash; Club Shay Shay (@ClubShayShay) <a href=\"https:\/\/twitter.com\/ClubShayShay\/status\/1962289492129407444?ref_src=twsrc%5Etfw\" class=\"trk-cta-link\" data-cta-trk='{\"ctaType\":\"Link\",\"ctaSubType\":\"main\"}'>August 31, 2025<\/a><\/blockquote><script async src=\"https:\/\/platform.twitter.com\/widgets.js\" charset=\"utf-8\"><\/script>\n<\/div><\/figure><h2 class=\"wp-block-heading\">Une opportunit&eacute; manqu&eacute;e<\/h2><p>Ancien joueur des Lakers et membre des effectifs champions <a href=\"https:\/\/theplayoffs.news\/fr\/category\/sports\/basketball-sports\/nba\/\" target=\"_blank\" rel=\"noreferrer noopener\" class=\"trk-cta-link\" data-cta-trk='{\"ctaType\":\"Link\",\"ctaSubType\":\"main\"}'>NBA<\/a> en 2000 et 2001, Lue a failli revenir dans la franchise en tant qu&rsquo;entra&icirc;neur apr&egrave;s son d&eacute;part des Cleveland Cavaliers en 2019. Mais les discussions n&rsquo;ont pas abouti en raison de d&eacute;saccords contractuels.<\/p><p>&laquo; Ils m&rsquo;ont offert seulement trois ans, et je voulais cinq. Je pense qu&rsquo;ils voulaient m&rsquo;attacher &agrave; LeBron James &raquo;, a expliqu&eacute; Lue. &laquo; En plus, le salaire &eacute;tait faible. Pas pour moi personnellement, mais trop bas pour un head coach, et &ccedil;a aurait fix&eacute; un mauvais standard. &raquo;<\/p><p>Lue a &eacute;galement &eacute;voqu&eacute; l&rsquo;absence d&rsquo;autonomie dans le choix de son staff. &laquo; Ils ne me laissaient pas choisir mes assistants. J&rsquo;aurais d&ucirc; laisser beaucoup de gens derri&egrave;re moi. &raquo;<\/p><h2 class=\"wp-block-heading\">Toujours concentr&eacute; sur les Clippers<\/h2><p>Malgr&eacute; ce regret, Tyronn Lue reste concentr&eacute; sur son r&ocirc;le actuel. &Agrave; la t&ecirc;te des Clippers depuis 2020-21, il affiche un bilan de 234 victoires et 166 d&eacute;faites en 400 matchs de saison r&eacute;guli&egrave;re (58,4 %). Sous ses ordres, l&rsquo;&eacute;quipe a atteint les playoffs &agrave; quatre reprises en cinq saisons et disput&eacute; sa premi&egrave;re finale de conf&eacute;rence d&egrave;s sa premi&egrave;re ann&eacute;e.<\/p><p><\/p><p><em>Credit Photo: Ron Chenoy-Imagn Images<\/em><\/p>\n","protected":false},"excerpt":{"rendered":"","protected":false},"author":180309799,"featured_media":1500434,"comment_status":"closed","ping_status":"closed","sticky":false,"template":"","format":"standard","meta":{"inline_featured_image":false,"kia_subtitle":"","_mux_skip_reasons":[],"proofreadBy":0,"footnotes":""},"categories":[110,8414,10],"tags":[43,872],"sport":[],"saison":[],"class_list":["post-1500433","post","type-post","status-publish","format-standard","has-post-thumbnail","hentry","category-actualite-nba","category-basketball-sports","category-nba","tag-lakers","tag-tyronn-lue"],"acf":[],"yoast_head":"<!-- This site is optimized with the Yoast SEO plugin v24.2 - https:\/\/yoast.com\/wordpress\/plugins\/seo\/ -->\n<title>Tyronn Lue admet avoir r&ecirc;v&eacute; d&rsquo;entra&icirc;ner les Los Angeles Lakers - The Playoffs FR<\/title>\n<meta name=\"description\" content=\"Tyronn Lue a r&eacute;v&eacute;l&eacute; qu&rsquo;il avait r&ecirc;v&eacute; d&rsquo;entra&icirc;ner les Los Angeles Lakers mais qu&rsquo;un d&eacute;saccord contractuel avait emp&ecirc;ch&eacute; l&rsquo;accord.\" \/>\n<meta name=\"robots\" content=\"index, follow, max-snippet:-1, max-image-preview:large, max-video-preview:-1\" \/>\n<link rel=\"canonical\" href=\"https:\/\/theplayoffs.news\/fr\/actualite-nba\/tyronn-lue-reve-entrainer-los-angeles-lakers\/\" \/>\n<meta property=\"og:locale\" content=\"fr_FR\" \/>\n<meta property=\"og:type\" content=\"article\" \/>\n<meta property=\"og:title\" content=\"Tyronn Lue admet avoir r&ecirc;v&eacute; d&rsquo;entra&icirc;ner les Los Angeles Lakers - The Playoffs FR\" \/>\n<meta property=\"og:description\" content=\"Tyronn Lue a r&eacute;v&eacute;l&eacute; qu&rsquo;il avait r&ecirc;v&eacute; d&rsquo;entra&icirc;ner les Los Angeles Lakers mais qu&rsquo;un d&eacute;saccord contractuel avait emp&ecirc;ch&eacute; l&rsquo;accord.\" \/>\n<meta property=\"og:url\" content=\"https:\/\/theplayoffs.news\/fr\/actualite-nba\/tyronn-lue-reve-entrainer-los-angeles-lakers\/\" \/>\n<meta property=\"og:site_name\" content=\"The Playoffs FR\" \/>\n<meta property=\"article:publisher\" content=\"https:\/\/www.facebook.com\/TheFreeAgentFR\/\" \/>\n<meta property=\"article:modified_time\" content=\"2025-09-03T09:23:55+02:00\" \/>\n<meta property=\"og:image\" content=\"https:\/\/theplayoffs.news\/fr\/wp-content\/uploads\/2025\/09\/Imagn-28.jpg\" \/>\n\t<meta property=\"og:image:width\" content=\"1920\" \/>\n\t<meta property=\"og:image:height\" content=\"1280\" \/>\n\t<meta property=\"og:image:type\" content=\"image\/jpeg\" \/>\n<meta name=\"author\" content=\"La r\u00e9daction\" \/>\n<meta name=\"twitter:card\" content=\"summary_large_image\" \/>\n<meta name=\"twitter:creator\" content=\"@TheFreeAgentFR\" \/>\n<meta name=\"twitter:site\" content=\"@TheFreeAgentFR\" \/>\n<meta name=\"twitter:label1\" content=\"\u00c9crit par\" \/>\n\t<meta name=\"twitter:data1\" content=\"La r\u00e9daction\" \/>\n\t<meta name=\"twitter:label2\" content=\"Dur\u00e9e de lecture estim\u00e9e\" \/>\n\t<meta name=\"twitter:data2\" content=\"2 minutes\" \/>\n<script type=\"application\/ld+json\" class=\"yoast-schema-graph\">{\"@context\":\"https:\/\/schema.org\",\"@graph\":[{\"@type\":\"WebPage\",\"@id\":\"https:\/\/theplayoffs.news\/fr\/actualite-nba\/tyronn-lue-reve-entrainer-los-angeles-lakers\/\",\"url\":\"https:\/\/theplayoffs.news\/fr\/actualite-nba\/tyronn-lue-reve-entrainer-los-angeles-lakers\/\",\"name\":\"Tyronn Lue admet avoir r\u00eav\u00e9 d\u2019entra\u00eener les Los Angeles Lakers - The Playoffs FR\",\"isPartOf\":{\"@id\":\"https:\/\/theplayoffs.news\/fr\/#website\"},\"primaryImageOfPage\":{\"@id\":\"https:\/\/theplayoffs.news\/fr\/actualite-nba\/tyronn-lue-reve-entrainer-los-angeles-lakers\/#primaryimage\"},\"image\":{\"@id\":\"https:\/\/theplayoffs.news\/fr\/actualite-nba\/tyronn-lue-reve-entrainer-los-angeles-lakers\/#primaryimage\"},\"thumbnailUrl\":\"https:\/\/theplayoffs.news\/fr\/wp-content\/uploads\/2025\/09\/Imagn-28.jpg\",\"datePublished\":\"2025-09-03T07:23:48+00:00\",\"dateModified\":\"2025-09-03T07:23:55+00:00\",\"author\":{\"@id\":\"https:\/\/theplayoffs.news\/fr\/#\/schema\/person\/bb40426f4e478f9bd8cdbfeb4f2f9784\"},\"description\":\"Tyronn Lue a r\u00e9v\u00e9l\u00e9 qu\u2019il avait r\u00eav\u00e9 d\u2019entra\u00eener les Los Angeles Lakers mais qu\u2019un d\u00e9saccord contractuel avait emp\u00each\u00e9 l\u2019accord.\",\"breadcrumb\":{\"@id\":\"https:\/\/theplayoffs.news\/fr\/actualite-nba\/tyronn-lue-reve-entrainer-los-angeles-lakers\/#breadcrumb\"},\"inLanguage\":\"fr-FR\",\"potentialAction\":[{\"@type\":\"ReadAction\",\"target\":[\"https:\/\/theplayoffs.news\/fr\/actualite-nba\/tyronn-lue-reve-entrainer-los-angeles-lakers\/\"]}]},{\"@type\":\"ImageObject\",\"inLanguage\":\"fr-FR\",\"@id\":\"https:\/\/theplayoffs.news\/fr\/actualite-nba\/tyronn-lue-reve-entrainer-los-angeles-lakers\/#primaryimage\",\"url\":\"https:\/\/theplayoffs.news\/fr\/wp-content\/uploads\/2025\/09\/Imagn-28.jpg\",\"contentUrl\":\"https:\/\/theplayoffs.news\/fr\/wp-content\/uploads\/2025\/09\/Imagn-28.jpg\",\"width\":1920,\"height\":1280,\"caption\":\"May 3, 2025; Denver, Colorado, USA; LA Clippers head coach Tyronn Lue during the third quarter against the Denver Nuggets during game seven of first round for the 2025 NBA Playoffs at Ball Arena. Mandatory Credit: Ron Chenoy-Imagn Images\"},{\"@type\":\"BreadcrumbList\",\"@id\":\"https:\/\/theplayoffs.news\/fr\/actualite-nba\/tyronn-lue-reve-entrainer-los-angeles-lakers\/#breadcrumb\",\"itemListElement\":[{\"@type\":\"ListItem\",\"position\":1,\"name\":\"Accueil\",\"item\":\"https:\/\/theplayoffs.news\/fr\/\"},{\"@type\":\"ListItem\",\"position\":2,\"name\":\"Tyronn Lue r\u00e9v\u00e8le son r\u00eave d\u2019entra\u00eener les Los Angeles Lakers : \u00ab J\u2019aurais ador\u00e9 \u00bb\"}]},{\"@type\":\"WebSite\",\"@id\":\"https:\/\/theplayoffs.news\/fr\/#website\",\"url\":\"https:\/\/theplayoffs.news\/fr\/\",\"name\":\"The Playoffs FR\",\"description\":\"NBA-NFL-NHL-MLB\",\"potentialAction\":[{\"@type\":\"SearchAction\",\"target\":{\"@type\":\"EntryPoint\",\"urlTemplate\":\"https:\/\/theplayoffs.news\/fr\/?s={search_term_string}\"},\"query-input\":{\"@type\":\"PropertyValueSpecification\",\"valueRequired\":true,\"valueName\":\"search_term_string\"}}],\"inLanguage\":\"fr-FR\"},{\"@type\":\"Person\",\"@id\":\"https:\/\/theplayoffs.news\/fr\/#\/schema\/person\/bb40426f4e478f9bd8cdbfeb4f2f9784\",\"name\":\"La r\u00e9daction\",\"image\":{\"@type\":\"ImageObject\",\"inLanguage\":\"fr-FR\",\"@id\":\"https:\/\/theplayoffs.news\/fr\/#\/schema\/person\/image\/\",\"url\":\"https:\/\/secure.gravatar.com\/avatar\/7e69b41460ab2c17d61c8c364b6a0ee006f957a70191383ef42be1f4733d6515?s=96&d=mm&r=g\",\"contentUrl\":\"https:\/\/secure.gravatar.com\/avatar\/7e69b41460ab2c17d61c8c364b6a0ee006f957a70191383ef42be1f4733d6515?s=96&d=mm&r=g\",\"caption\":\"La r\u00e9daction\"},\"description\":\"On dit qu\\\\'il faut un village pour s\\\\'occuper d\\\\'un enfant. Et bien c\\\\'est exactement ce dont il s\\\\'agit ici pour The Playoffs. La r\u00e9daction, ce sont vos r\u00e9dacteurs pr\u00e9f\u00e9r\u00e9s qui collaborent sur ces articles que vous lisez au quotidien.\u00a0\",\"url\":\"https:\/\/theplayoffs.news\/fr\/author\/freeagentfr\/\"}]}<\/script>\n<!-- \/ Yoast SEO plugin. -->","yoast_head_json":{"title":"Tyronn Lue admet avoir r&ecirc;v&eacute; d&rsquo;entra&icirc;ner les Los Angeles Lakers - The Playoffs FR","description":"Tyronn Lue a r&eacute;v&eacute;l&eacute; qu&rsquo;il avait r&ecirc;v&eacute; d&rsquo;entra&icirc;ner les Los Angeles Lakers mais qu&rsquo;un d&eacute;saccord contractuel avait emp&ecirc;ch&eacute; l&rsquo;accord.","robots":{"index":"index","follow":"follow","max-snippet":"max-snippet:-1","max-image-preview":"max-image-preview:large","max-video-preview":"max-video-preview:-1"},"canonical":"https:\/\/theplayoffs.news\/fr\/actualite-nba\/tyronn-lue-reve-entrainer-los-angeles-lakers\/","og_locale":"fr_FR","og_type":"article","og_title":"Tyronn Lue admet avoir r&ecirc;v&eacute; d&rsquo;entra&icirc;ner les Los Angeles Lakers - The Playoffs FR","og_description":"Tyronn Lue a r&eacute;v&eacute;l&eacute; qu&rsquo;il avait r&ecirc;v&eacute; d&rsquo;entra&icirc;ner les Los Angeles Lakers mais qu&rsquo;un d&eacute;saccord contractuel avait emp&ecirc;ch&eacute; l&rsquo;accord.","og_url":"https:\/\/theplayoffs.news\/fr\/actualite-nba\/tyronn-lue-reve-entrainer-los-angeles-lakers\/","og_site_name":"The Playoffs FR","article_publisher":"https:\/\/www.facebook.com\/TheFreeAgentFR\/","article_modified_time":"2025-09-03T07:23:55+00:00","og_image":[{"width":1920,"height":1280,"url":"https:\/\/theplayoffs.news\/fr\/wp-content\/uploads\/2025\/09\/Imagn-28.jpg","type":"image\/jpeg"}],"author":"La r\u00e9daction","twitter_card":"summary_large_image","twitter_creator":"@TheFreeAgentFR","twitter_site":"@TheFreeAgentFR","twitter_misc":{"\u00c9crit par":"La r\u00e9daction","Dur\u00e9e de lecture estim\u00e9e":"2 minutes"},"schema":{"@context":"https:\/\/schema.org","@graph":[{"@type":"WebPage","@id":"https:\/\/theplayoffs.news\/fr\/actualite-nba\/tyronn-lue-reve-entrainer-los-angeles-lakers\/","url":"https:\/\/theplayoffs.news\/fr\/actualite-nba\/tyronn-lue-reve-entrainer-los-angeles-lakers\/","name":"Tyronn Lue admet avoir r\u00eav\u00e9 d\u2019entra\u00eener les Los Angeles Lakers - The Playoffs FR","isPartOf":{"@id":"https:\/\/theplayoffs.news\/fr\/#website"},"primaryImageOfPage":{"@id":"https:\/\/theplayoffs.news\/fr\/actualite-nba\/tyronn-lue-reve-entrainer-los-angeles-lakers\/#primaryimage"},"image":{"@id":"https:\/\/theplayoffs.news\/fr\/actualite-nba\/tyronn-lue-reve-entrainer-los-angeles-lakers\/#primaryimage"},"thumbnailUrl":"https:\/\/theplayoffs.news\/fr\/wp-content\/uploads\/2025\/09\/Imagn-28.jpg","datePublished":"2025-09-03T07:23:48+00:00","dateModified":"2025-09-03T07:23:55+00:00","author":{"@id":"https:\/\/theplayoffs.news\/fr\/#\/schema\/person\/bb40426f4e478f9bd8cdbfeb4f2f9784"},"description":"Tyronn Lue a r\u00e9v\u00e9l\u00e9 qu\u2019il avait r\u00eav\u00e9 d\u2019entra\u00eener les Los Angeles Lakers mais qu\u2019un d\u00e9saccord contractuel avait emp\u00each\u00e9 l\u2019accord.","breadcrumb":{"@id":"https:\/\/theplayoffs.news\/fr\/actualite-nba\/tyronn-lue-reve-entrainer-los-angeles-lakers\/#breadcrumb"},"inLanguage":"fr-FR","potentialAction":[{"@type":"ReadAction","target":["https:\/\/theplayoffs.news\/fr\/actualite-nba\/tyronn-lue-reve-entrainer-los-angeles-lakers\/"]}]},{"@type":"ImageObject","inLanguage":"fr-FR","@id":"https:\/\/theplayoffs.news\/fr\/actualite-nba\/tyronn-lue-reve-entrainer-los-angeles-lakers\/#primaryimage","url":"https:\/\/theplayoffs.news\/fr\/wp-content\/uploads\/2025\/09\/Imagn-28.jpg","contentUrl":"https:\/\/theplayoffs.news\/fr\/wp-content\/uploads\/2025\/09\/Imagn-28.jpg","width":1920,"height":1280,"caption":"May 3, 2025; Denver, Colorado, USA; LA Clippers head coach Tyronn Lue during the third quarter against the Denver Nuggets during game seven of first round for the 2025 NBA Playoffs at Ball Arena. Mandatory Credit: Ron Chenoy-Imagn Images"},{"@type":"BreadcrumbList","@id":"https:\/\/theplayoffs.news\/fr\/actualite-nba\/tyronn-lue-reve-entrainer-los-angeles-lakers\/#breadcrumb","itemListElement":[{"@type":"ListItem","position":1,"name":"Accueil","item":"https:\/\/theplayoffs.news\/fr\/"},{"@type":"ListItem","position":2,"name":"Tyronn Lue r\u00e9v\u00e8le son r\u00eave d\u2019entra\u00eener les Los Angeles Lakers : \u00ab J\u2019aurais ador\u00e9 \u00bb"}]},{"@type":"WebSite","@id":"https:\/\/theplayoffs.news\/fr\/#website","url":"https:\/\/theplayoffs.news\/fr\/","name":"The Playoffs FR","description":"NBA-NFL-NHL-MLB","potentialAction":[{"@type":"SearchAction","target":{"@type":"EntryPoint","urlTemplate":"https:\/\/theplayoffs.news\/fr\/?s={search_term_string}"},"query-input":{"@type":"PropertyValueSpecification","valueRequired":true,"valueName":"search_term_string"}}],"inLanguage":"fr-FR"},{"@type":"Person","@id":"https:\/\/theplayoffs.news\/fr\/#\/schema\/person\/bb40426f4e478f9bd8cdbfeb4f2f9784","name":"La r\u00e9daction","image":{"@type":"ImageObject","inLanguage":"fr-FR","@id":"https:\/\/theplayoffs.news\/fr\/#\/schema\/person\/image\/","url":"https:\/\/secure.gravatar.com\/avatar\/7e69b41460ab2c17d61c8c364b6a0ee006f957a70191383ef42be1f4733d6515?s=96&d=mm&r=g","contentUrl":"https:\/\/secure.gravatar.com\/avatar\/7e69b41460ab2c17d61c8c364b6a0ee006f957a70191383ef42be1f4733d6515?s=96&d=mm&r=g","caption":"La r\u00e9daction"},"description":"On dit qu\\'il faut un village pour s\\'occuper d\\'un enfant. Et bien c\\'est exactement ce dont il s\\'agit ici pour The Playoffs. La r\u00e9daction, ce sont vos r\u00e9dacteurs pr\u00e9f\u00e9r\u00e9s qui collaborent sur ces articles que vous lisez au quotidien.\u00a0","url":"https:\/\/theplayoffs.news\/fr\/author\/freeagentfr\/"}]}},"_links":{"self":[{"href":"https:\/\/theplayoffs.news\/fr\/wp-json\/wp\/v2\/posts\/1500433","targetHints":{"allow":["GET"]}}],"collection":[{"href":"https:\/\/theplayoffs.news\/fr\/wp-json\/wp\/v2\/posts"}],"about":[{"href":"https:\/\/theplayoffs.news\/fr\/wp-json\/wp\/v2\/types\/post"}],"author":[{"embeddable":true,"href":"https:\/\/theplayoffs.news\/fr\/wp-json\/wp\/v2\/users\/180309799"}],"replies":[{"embeddable":true,"href":"https:\/\/theplayoffs.news\/fr\/wp-json\/wp\/v2\/comments?post=1500433"}],"version-history":[{"count":1,"href":"https:\/\/theplayoffs.news\/fr\/wp-json\/wp\/v2\/posts\/1500433\/revisions"}],"predecessor-version":[{"id":1500435,"href":"https:\/\/theplayoffs.news\/fr\/wp-json\/wp\/v2\/posts\/1500433\/revisions\/1500435"}],"wp:featuredmedia":[{"embeddable":true,"href":"https:\/\/theplayoffs.news\/fr\/wp-json\/wp\/v2\/media\/1500434"}],"wp:attachment":[{"href":"https:\/\/theplayoffs.news\/fr\/wp-json\/wp\/v2\/media?parent=1500433"}],"wp:term":[{"taxonomy":"category","embeddable":true,"href":"https:\/\/theplayoffs.news\/fr\/wp-json\/wp\/v2\/categories?post=1500433"},{"taxonomy":"post_tag","embeddable":true,"href":"https:\/\/theplayoffs.news\/fr\/wp-json\/wp\/v2\/tags?post=1500433"},{"taxonomy":"sport","embeddable":true,"href":"https:\/\/theplayoffs.news\/fr\/wp-json\/wp\/v2\/sport?post=1500433"},{"taxonomy":"saison","embeddable":true,"href":"https:\/\/theplayoffs.news\/fr\/wp-json\/wp\/v2\/saison?post=1500433"}],"curies":[{"name":"wp","href":"https:\/\/api.w.org\/{rel}","templated":true}]}}