{"id":1500418,"date":"2025-09-02T19:40:49","date_gmt":"2025-09-02T17:40:49","guid":{"rendered":"https:\/\/theplayoffs.news\/fr\/uncategorized\/\/"},"modified":"2025-09-02T19:40:55","modified_gmt":"2025-09-02T17:40:55","slug":"giants-jaxson-dart-nomme-quarterback-numero-2","status":"publish","type":"post","link":"https:\/\/theplayoffs.news\/fr\/actualite-nfl\/giants-jaxson-dart-nomme-quarterback-numero-2\/","title":{"rendered":"Giants: Jaxson Dart nomm\u00e9 quarterback num\u00e9ro 2?"},"content":{"rendered":"<p>La hi&eacute;rarchie des quarterbacks se pr&eacute;cise chez les <a href=\"https:\/\/theplayoffs.news\/fr\/actualite-nfl\/podcast-nfl-preview-nfc-est\/\" class=\"trk-cta-link\" data-cta-trk='{\"ctaType\":\"Link\",\"ctaSubType\":\"main\"}'>New York Giants<\/a>. Apr&egrave;s plusieurs semaines d&rsquo;incertitude, la franchise a publi&eacute; ce mardi son premier depth chart officiel de la saison, confirmant Jaxson Dart comme doublure de Russell Wilson. Jameis Winston, de son c&ocirc;t&eacute;, appara&icirc;t en troisi&egrave;me option.<\/p><blockquote class=\"twitter-tweet\"><p lang=\"en\" dir=\"ltr\">Jaxson Dart unofficially promoted to backup QB. <a href=\"https:\/\/t.co\/vXsh07hzds\" class=\"trk-cta-link\" data-cta-trk='{\"ctaType\":\"Link\",\"ctaSubType\":\"main\"}'>https:\/\/t.co\/vXsh07hzds<\/a><\/p>&mdash; Ian Rapoport (@RapSheet) <a href=\"https:\/\/twitter.com\/RapSheet\/status\/1962914458310758746?ref_src=twsrc%5Etfw\" class=\"trk-cta-link\" data-cta-trk='{\"ctaType\":\"Link\",\"ctaSubType\":\"main\"}'>September 2, 2025<\/a><\/blockquote><script async src=\"https:\/\/platform.twitter.com\/widgets.js\" charset=\"utf-8\"><\/script><p>L&rsquo;entra&icirc;neur Brian Daboll avait soigneusement &eacute;vit&eacute; de clarifier la situation lors de sa conf&eacute;rence de presse de lundi, pr&eacute;f&eacute;rant maintenir le suspense autour du r&ocirc;le de ses deux rempla&ccedil;ants. Mais le depth chart diffus&eacute; par l&rsquo;&eacute;quipe en amont du match face aux Commanders laisse peu de place au doute: c&rsquo;est bien Dart qui aura la responsabilit&eacute; d&rsquo;entrer en jeu en cas de probl&egrave;me avec le v&eacute;t&eacute;ran Wilson.<\/p><h2 class=\"wp-block-heading\">Le bel &eacute;t&eacute; de Jaxson Dart<\/h2><p>Si les depth charts publi&eacute;s en d&eacute;but de semaine restent th&eacute;oriques et officieux, ce choix s&rsquo;inscrit dans la continuit&eacute; de la pr&eacute;paration estivale. Durant le camp d&rsquo;entra&icirc;nement et les matchs de pr&eacute;saison, le quarterback rookie a montr&eacute; une progression constante, au point de convaincre le staff de le placer devant Winston dans la rotation. Reste &agrave; voir si cette d&eacute;cision sera confirm&eacute;e dimanche, puisque seuls deux quarterbacks devraient &ecirc;tre activ&eacute;s pour la rencontre, le troisi&egrave;me ne pouvant intervenir qu&rsquo;en cas de blessure des deux premiers.<\/p><p>Cette clarification n&rsquo;est pas la seule donn&eacute;e int&eacute;ressante de la semaine pour les Giants. Le poste de guard droit, laiss&eacute; volontairement flou par Daboll, a &eacute;galement trouv&eacute; son titulaire. Greg Van Roten figure devant Evan Neal dans l&rsquo;organigramme offensif, un alignement qui correspond &agrave; ce qui avait &eacute;t&eacute; observ&eacute; tout l&rsquo;&eacute;t&eacute; lors des entra&icirc;nements.<\/p><p>&Agrave; quelques jours du coup d&rsquo;envoi contre Washington, New York semble donc avoir lev&eacute; une partie des incertitudes. Une mani&egrave;re d&rsquo;aborder la saison avec un minimum de stabilit&eacute;, dans un effectif o&ugrave; chaque place compte.<\/p><p>Cr&eacute;dit photo: &copy; Kevin R. Wexler-NorthJersey.com \/ USA TODAY NETWORK via Imagn Images<\/p>\n","protected":false},"excerpt":{"rendered":"<p>NFL &#8211; Jaxson Dart se rapproche de plus en plus du poste de quarterback backup<\/p>\n","protected":false},"author":180309964,"featured_media":1500419,"comment_status":"closed","ping_status":"closed","sticky":false,"template":"","format":"standard","meta":{"inline_featured_image":false,"kia_subtitle":"NFL - Jaxson Dart se rapproche de plus en plus du poste de quarterback backup","_mux_skip_reasons":[],"proofreadBy":0,"footnotes":""},"categories":[118,8410,40,8408],"tags":[3027,816],"sport":[2785],"saison":[7475],"class_list":["post-1500418","post","type-post","status-publish","format-standard","has-post-thumbnail","hentry","category-actualite-nfl","category-football-americain","category-nfl","category-sports","tag-jaxson-dart","tag-new-york-giants","sport-nfl","saison-7475"],"acf":[],"yoast_head":"<!-- This site is optimized with the Yoast SEO plugin v24.2 - https:\/\/yoast.com\/wordpress\/plugins\/seo\/ -->\n<title>Giants: Jaxson Dart nomm&eacute; quarterback num&eacute;ro 2? - The Playoffs FR<\/title>\n<meta name=\"robots\" content=\"index, follow, max-snippet:-1, max-image-preview:large, max-video-preview:-1\" \/>\n<link rel=\"canonical\" href=\"https:\/\/theplayoffs.news\/fr\/actualite-nfl\/giants-jaxson-dart-nomme-quarterback-numero-2\/\" \/>\n<meta property=\"og:locale\" content=\"fr_FR\" \/>\n<meta property=\"og:type\" content=\"article\" \/>\n<meta property=\"og:title\" content=\"Giants: Jaxson Dart nomm&eacute; quarterback num&eacute;ro 2? - The Playoffs FR\" \/>\n<meta property=\"og:description\" content=\"NFL - Jaxson Dart se rapproche de plus en plus du poste de quarterback backup\" \/>\n<meta property=\"og:url\" content=\"https:\/\/theplayoffs.news\/fr\/actualite-nfl\/giants-jaxson-dart-nomme-quarterback-numero-2\/\" \/>\n<meta property=\"og:site_name\" content=\"The Playoffs FR\" \/>\n<meta property=\"article:publisher\" content=\"https:\/\/www.facebook.com\/TheFreeAgentFR\/\" \/>\n<meta property=\"article:modified_time\" content=\"2025-09-02T19:40:55+02:00\" \/>\n<meta property=\"og:image\" content=\"https:\/\/theplayoffs.news\/fr\/wp-content\/uploads\/2025\/09\/USATSI_26898426.jpg\" \/>\n\t<meta property=\"og:image:width\" content=\"1920\" \/>\n\t<meta property=\"og:image:height\" content=\"1280\" \/>\n\t<meta property=\"og:image:type\" content=\"image\/jpeg\" \/>\n<meta name=\"author\" content=\"Flavien Jumeau\" \/>\n<meta name=\"twitter:card\" content=\"summary_large_image\" \/>\n<meta name=\"twitter:creator\" content=\"@TheFreeAgentFR\" \/>\n<meta name=\"twitter:site\" content=\"@TheFreeAgentFR\" \/>\n<meta name=\"twitter:label1\" content=\"\u00c9crit par\" \/>\n\t<meta name=\"twitter:data1\" content=\"Flavien Jumeau\" \/>\n\t<meta name=\"twitter:label2\" content=\"Dur\u00e9e de lecture estim\u00e9e\" \/>\n\t<meta name=\"twitter:data2\" content=\"2 minutes\" \/>\n<script type=\"application\/ld+json\" class=\"yoast-schema-graph\">{\"@context\":\"https:\/\/schema.org\",\"@graph\":[{\"@type\":\"WebPage\",\"@id\":\"https:\/\/theplayoffs.news\/fr\/actualite-nfl\/giants-jaxson-dart-nomme-quarterback-numero-2\/\",\"url\":\"https:\/\/theplayoffs.news\/fr\/actualite-nfl\/giants-jaxson-dart-nomme-quarterback-numero-2\/\",\"name\":\"Giants: Jaxson Dart nomm\u00e9 quarterback num\u00e9ro 2? - The Playoffs FR\",\"isPartOf\":{\"@id\":\"https:\/\/theplayoffs.news\/fr\/#website\"},\"primaryImageOfPage\":{\"@id\":\"https:\/\/theplayoffs.news\/fr\/actualite-nfl\/giants-jaxson-dart-nomme-quarterback-numero-2\/#primaryimage\"},\"image\":{\"@id\":\"https:\/\/theplayoffs.news\/fr\/actualite-nfl\/giants-jaxson-dart-nomme-quarterback-numero-2\/#primaryimage\"},\"thumbnailUrl\":\"https:\/\/theplayoffs.news\/fr\/wp-content\/uploads\/2025\/09\/USATSI_26898426.jpg\",\"datePublished\":\"2025-09-02T17:40:49+00:00\",\"dateModified\":\"2025-09-02T17:40:55+00:00\",\"author\":{\"@id\":\"https:\/\/theplayoffs.news\/fr\/#\/schema\/person\/def63bc6746dc5957469b75feb99e66d\"},\"breadcrumb\":{\"@id\":\"https:\/\/theplayoffs.news\/fr\/actualite-nfl\/giants-jaxson-dart-nomme-quarterback-numero-2\/#breadcrumb\"},\"inLanguage\":\"fr-FR\",\"potentialAction\":[{\"@type\":\"ReadAction\",\"target\":[\"https:\/\/theplayoffs.news\/fr\/actualite-nfl\/giants-jaxson-dart-nomme-quarterback-numero-2\/\"]}]},{\"@type\":\"ImageObject\",\"inLanguage\":\"fr-FR\",\"@id\":\"https:\/\/theplayoffs.news\/fr\/actualite-nfl\/giants-jaxson-dart-nomme-quarterback-numero-2\/#primaryimage\",\"url\":\"https:\/\/theplayoffs.news\/fr\/wp-content\/uploads\/2025\/09\/USATSI_26898426.jpg\",\"contentUrl\":\"https:\/\/theplayoffs.news\/fr\/wp-content\/uploads\/2025\/09\/USATSI_26898426.jpg\",\"width\":1920,\"height\":1280,\"caption\":\"New York Giants quarterback Jaxson Dart (6) is shown during the first quarter, Thursday, August 21, 2025, in East Rutherford.\"},{\"@type\":\"BreadcrumbList\",\"@id\":\"https:\/\/theplayoffs.news\/fr\/actualite-nfl\/giants-jaxson-dart-nomme-quarterback-numero-2\/#breadcrumb\",\"itemListElement\":[{\"@type\":\"ListItem\",\"position\":1,\"name\":\"Accueil\",\"item\":\"https:\/\/theplayoffs.news\/fr\/\"},{\"@type\":\"ListItem\",\"position\":2,\"name\":\"Giants: Jaxson Dart nomm\u00e9 quarterback num\u00e9ro 2?\"}]},{\"@type\":\"WebSite\",\"@id\":\"https:\/\/theplayoffs.news\/fr\/#website\",\"url\":\"https:\/\/theplayoffs.news\/fr\/\",\"name\":\"The Playoffs FR\",\"description\":\"NBA-NFL-NHL-MLB\",\"potentialAction\":[{\"@type\":\"SearchAction\",\"target\":{\"@type\":\"EntryPoint\",\"urlTemplate\":\"https:\/\/theplayoffs.news\/fr\/?s={search_term_string}\"},\"query-input\":{\"@type\":\"PropertyValueSpecification\",\"valueRequired\":true,\"valueName\":\"search_term_string\"}}],\"inLanguage\":\"fr-FR\"},{\"@type\":\"Person\",\"@id\":\"https:\/\/theplayoffs.news\/fr\/#\/schema\/person\/def63bc6746dc5957469b75feb99e66d\",\"name\":\"Flavien Jumeau\",\"image\":{\"@type\":\"ImageObject\",\"inLanguage\":\"fr-FR\",\"@id\":\"https:\/\/theplayoffs.news\/fr\/#\/schema\/person\/image\/\",\"url\":\"https:\/\/secure.gravatar.com\/avatar\/e7fa8ba5a4b7e4ce35fe152f083f352db28ad0acce692004ed88a7a7d78893f7?s=96&d=mm&r=g\",\"contentUrl\":\"https:\/\/secure.gravatar.com\/avatar\/e7fa8ba5a4b7e4ce35fe152f083f352db28ad0acce692004ed88a7a7d78893f7?s=96&d=mm&r=g\",\"caption\":\"Flavien Jumeau\"},\"description\":\"Amoureux du sport (et de vraiment tous les sports) depuis mon plus jeune \u00e2ge, j\u2019ai longtemps h\u00e9site entre le snooker et le curling. Finalement c\u2019est le foot US que j\u2019ai d\u00e9cid\u00e9 de choisir! Responsable foot US sur TPO et animateur du podcast Tailgate j\u2019ai pour mission de vous faire d\u00e9couvrir ce sport passionnant si ce n\u2019est pas encore fait et de vous donner les derni\u00e8res actus. Le tout dans la bonne humeur et avec toujours un jeu de mots ou deux savamment distill\u00e9s! Fan des Saints, pour moi Drew Brees est le vrai GOAT!\",\"url\":\"https:\/\/theplayoffs.news\/fr\/author\/flavien-jumeaugmail-com\/\"}]}<\/script>\n<!-- \/ Yoast SEO plugin. -->","yoast_head_json":{"title":"Giants: Jaxson Dart nomm&eacute; quarterback num&eacute;ro 2? - The Playoffs FR","robots":{"index":"index","follow":"follow","max-snippet":"max-snippet:-1","max-image-preview":"max-image-preview:large","max-video-preview":"max-video-preview:-1"},"canonical":"https:\/\/theplayoffs.news\/fr\/actualite-nfl\/giants-jaxson-dart-nomme-quarterback-numero-2\/","og_locale":"fr_FR","og_type":"article","og_title":"Giants: Jaxson Dart nomm&eacute; quarterback num&eacute;ro 2? - The Playoffs FR","og_description":"NFL - Jaxson Dart se rapproche de plus en plus du poste de quarterback backup","og_url":"https:\/\/theplayoffs.news\/fr\/actualite-nfl\/giants-jaxson-dart-nomme-quarterback-numero-2\/","og_site_name":"The Playoffs FR","article_publisher":"https:\/\/www.facebook.com\/TheFreeAgentFR\/","article_modified_time":"2025-09-02T17:40:55+00:00","og_image":[{"width":1920,"height":1280,"url":"https:\/\/theplayoffs.news\/fr\/wp-content\/uploads\/2025\/09\/USATSI_26898426.jpg","type":"image\/jpeg"}],"author":"Flavien Jumeau","twitter_card":"summary_large_image","twitter_creator":"@TheFreeAgentFR","twitter_site":"@TheFreeAgentFR","twitter_misc":{"\u00c9crit par":"Flavien Jumeau","Dur\u00e9e de lecture estim\u00e9e":"2 minutes"},"schema":{"@context":"https:\/\/schema.org","@graph":[{"@type":"WebPage","@id":"https:\/\/theplayoffs.news\/fr\/actualite-nfl\/giants-jaxson-dart-nomme-quarterback-numero-2\/","url":"https:\/\/theplayoffs.news\/fr\/actualite-nfl\/giants-jaxson-dart-nomme-quarterback-numero-2\/","name":"Giants: Jaxson Dart nomm\u00e9 quarterback num\u00e9ro 2? - The Playoffs FR","isPartOf":{"@id":"https:\/\/theplayoffs.news\/fr\/#website"},"primaryImageOfPage":{"@id":"https:\/\/theplayoffs.news\/fr\/actualite-nfl\/giants-jaxson-dart-nomme-quarterback-numero-2\/#primaryimage"},"image":{"@id":"https:\/\/theplayoffs.news\/fr\/actualite-nfl\/giants-jaxson-dart-nomme-quarterback-numero-2\/#primaryimage"},"thumbnailUrl":"https:\/\/theplayoffs.news\/fr\/wp-content\/uploads\/2025\/09\/USATSI_26898426.jpg","datePublished":"2025-09-02T17:40:49+00:00","dateModified":"2025-09-02T17:40:55+00:00","author":{"@id":"https:\/\/theplayoffs.news\/fr\/#\/schema\/person\/def63bc6746dc5957469b75feb99e66d"},"breadcrumb":{"@id":"https:\/\/theplayoffs.news\/fr\/actualite-nfl\/giants-jaxson-dart-nomme-quarterback-numero-2\/#breadcrumb"},"inLanguage":"fr-FR","potentialAction":[{"@type":"ReadAction","target":["https:\/\/theplayoffs.news\/fr\/actualite-nfl\/giants-jaxson-dart-nomme-quarterback-numero-2\/"]}]},{"@type":"ImageObject","inLanguage":"fr-FR","@id":"https:\/\/theplayoffs.news\/fr\/actualite-nfl\/giants-jaxson-dart-nomme-quarterback-numero-2\/#primaryimage","url":"https:\/\/theplayoffs.news\/fr\/wp-content\/uploads\/2025\/09\/USATSI_26898426.jpg","contentUrl":"https:\/\/theplayoffs.news\/fr\/wp-content\/uploads\/2025\/09\/USATSI_26898426.jpg","width":1920,"height":1280,"caption":"New York Giants quarterback Jaxson Dart (6) is shown during the first quarter, Thursday, August 21, 2025, in East Rutherford."},{"@type":"BreadcrumbList","@id":"https:\/\/theplayoffs.news\/fr\/actualite-nfl\/giants-jaxson-dart-nomme-quarterback-numero-2\/#breadcrumb","itemListElement":[{"@type":"ListItem","position":1,"name":"Accueil","item":"https:\/\/theplayoffs.news\/fr\/"},{"@type":"ListItem","position":2,"name":"Giants: Jaxson Dart nomm\u00e9 quarterback num\u00e9ro 2?"}]},{"@type":"WebSite","@id":"https:\/\/theplayoffs.news\/fr\/#website","url":"https:\/\/theplayoffs.news\/fr\/","name":"The Playoffs FR","description":"NBA-NFL-NHL-MLB","potentialAction":[{"@type":"SearchAction","target":{"@type":"EntryPoint","urlTemplate":"https:\/\/theplayoffs.news\/fr\/?s={search_term_string}"},"query-input":{"@type":"PropertyValueSpecification","valueRequired":true,"valueName":"search_term_string"}}],"inLanguage":"fr-FR"},{"@type":"Person","@id":"https:\/\/theplayoffs.news\/fr\/#\/schema\/person\/def63bc6746dc5957469b75feb99e66d","name":"Flavien Jumeau","image":{"@type":"ImageObject","inLanguage":"fr-FR","@id":"https:\/\/theplayoffs.news\/fr\/#\/schema\/person\/image\/","url":"https:\/\/secure.gravatar.com\/avatar\/e7fa8ba5a4b7e4ce35fe152f083f352db28ad0acce692004ed88a7a7d78893f7?s=96&d=mm&r=g","contentUrl":"https:\/\/secure.gravatar.com\/avatar\/e7fa8ba5a4b7e4ce35fe152f083f352db28ad0acce692004ed88a7a7d78893f7?s=96&d=mm&r=g","caption":"Flavien Jumeau"},"description":"Amoureux du sport (et de vraiment tous les sports) depuis mon plus jeune \u00e2ge, j\u2019ai longtemps h\u00e9site entre le snooker et le curling. Finalement c\u2019est le foot US que j\u2019ai d\u00e9cid\u00e9 de choisir! Responsable foot US sur TPO et animateur du podcast Tailgate j\u2019ai pour mission de vous faire d\u00e9couvrir ce sport passionnant si ce n\u2019est pas encore fait et de vous donner les derni\u00e8res actus. Le tout dans la bonne humeur et avec toujours un jeu de mots ou deux savamment distill\u00e9s! Fan des Saints, pour moi Drew Brees est le vrai GOAT!","url":"https:\/\/theplayoffs.news\/fr\/author\/flavien-jumeaugmail-com\/"}]}},"_links":{"self":[{"href":"https:\/\/theplayoffs.news\/fr\/wp-json\/wp\/v2\/posts\/1500418","targetHints":{"allow":["GET"]}}],"collection":[{"href":"https:\/\/theplayoffs.news\/fr\/wp-json\/wp\/v2\/posts"}],"about":[{"href":"https:\/\/theplayoffs.news\/fr\/wp-json\/wp\/v2\/types\/post"}],"author":[{"embeddable":true,"href":"https:\/\/theplayoffs.news\/fr\/wp-json\/wp\/v2\/users\/180309964"}],"replies":[{"embeddable":true,"href":"https:\/\/theplayoffs.news\/fr\/wp-json\/wp\/v2\/comments?post=1500418"}],"version-history":[{"count":1,"href":"https:\/\/theplayoffs.news\/fr\/wp-json\/wp\/v2\/posts\/1500418\/revisions"}],"predecessor-version":[{"id":1500422,"href":"https:\/\/theplayoffs.news\/fr\/wp-json\/wp\/v2\/posts\/1500418\/revisions\/1500422"}],"wp:featuredmedia":[{"embeddable":true,"href":"https:\/\/theplayoffs.news\/fr\/wp-json\/wp\/v2\/media\/1500419"}],"wp:attachment":[{"href":"https:\/\/theplayoffs.news\/fr\/wp-json\/wp\/v2\/media?parent=1500418"}],"wp:term":[{"taxonomy":"category","embeddable":true,"href":"https:\/\/theplayoffs.news\/fr\/wp-json\/wp\/v2\/categories?post=1500418"},{"taxonomy":"post_tag","embeddable":true,"href":"https:\/\/theplayoffs.news\/fr\/wp-json\/wp\/v2\/tags?post=1500418"},{"taxonomy":"sport","embeddable":true,"href":"https:\/\/theplayoffs.news\/fr\/wp-json\/wp\/v2\/sport?post=1500418"},{"taxonomy":"saison","embeddable":true,"href":"https:\/\/theplayoffs.news\/fr\/wp-json\/wp\/v2\/saison?post=1500418"}],"curies":[{"name":"wp","href":"https:\/\/api.w.org\/{rel}","templated":true}]}}