{"id":1500245,"date":"2025-08-31T18:04:35","date_gmt":"2025-08-31T16:04:35","guid":{"rendered":"https:\/\/theplayoffs.news\/fr\/uncategorized\/\/"},"modified":"2025-08-31T18:04:41","modified_gmt":"2025-08-31T16:04:41","slug":"elf-2025-vienne-affrontera-stuttgart-en-finale","status":"publish","type":"post","link":"https:\/\/theplayoffs.news\/fr\/actualite-nfl\/elf-2025-vienne-affrontera-stuttgart-en-finale\/","title":{"rendered":"ELF 2025: Vienne affrontera Stuttgart en finale"},"content":{"rendered":"<p>Au d&eacute;but de ce nouveau week-end d&rsquo;<a href=\"https:\/\/europeanleague.football\/\" class=\"trk-cta-link\" data-cta-trk='{\"ctaType\":\"Link\",\"ctaSubType\":\"main\"}'>ELF<\/a>, elles &eacute;taient encore <a href=\"https:\/\/theplayoffs.news\/fr\/actualite-nfl\/elf-2025-qui-pour-jouer-le-championship-game-2025\/\" class=\"trk-cta-link\" data-cta-trk='{\"ctaType\":\"Link\",\"ctaSubType\":\"main\"}'>4 &eacute;quipes &agrave; pouvoir croire au sacre en fin de saison<\/a>. A l&rsquo;issue de ces deux demi-finales qui auront &eacute;t&eacute; toutes les deux particuli&egrave;rement disput&eacute;es, nous connaissons enfin l&rsquo;affiche de la rencontre de la finale ELF 2025 qui se d&eacute;roulera le 7 septembre. Une finale qui opposera donc la semaine prochaine &agrave; Stuttgart les Vienna Vikings, finalistes malheureux de l&rsquo;&eacute;dition pr&eacute;c&eacute;dente et le Surge de Stuttgart, finalistes malheureux eux de l&rsquo;&eacute;dition 2023.<\/p><h2 class=\"wp-block-heading\">Vienna Vikings 28 &ndash; 20 Nordic Storm<\/h2><p>C&rsquo;&eacute;tait un duel avec une diff&eacute;rence notable d&rsquo;exp&eacute;rience en ELF ce samedi. D&rsquo;un c&ocirc;t&eacute;, les Vienna Vikings, vainqueurs de l&rsquo;ELF en 2022, et de l&rsquo;autre les Nordic Storm, franchise nouvellement arriv&eacute;e dans le championnat europ&eacute;en lors de cette saison 2025.<\/p><p>D&egrave;s le coup d&rsquo;envoi, les deux attaques ont trouv&eacute; la faille, inscrivant un touchdown chacune sur leur premier drive. La rencontre a ensuite bascul&eacute; dans un bras de fer d&eacute;fensif, les Vikings parvenant n&eacute;anmoins &agrave; reprendre l&rsquo;avantage au deuxi&egrave;me quart. Le moment fort de la premi&egrave;re mi-temps est survenu lorsque le quarterback du Storm, Jadrian Clark (27\/46, 316 yards, 3 TD, 2INT), a &eacute;t&eacute; s&eacute;v&egrave;rement plaqu&eacute; par trois d&eacute;fenseurs et contraint de quitter bri&egrave;vement le terrain avec une blessure au genou. Courageux, il est revenu avant la pause et a men&eacute; un nouveau touchdown, relan&ccedil;ant les siens.<\/p><p>Au retour des vestiaires, l&rsquo;intensit&eacute; n&rsquo;a pas faibli. Les Vikings ont frapp&eacute; deux fois dans le troisi&egrave;me quart-temps, profitant de la connexion entre Ben Holmes et Yannick Mayr, tandis que Jadrian Clark, malgr&eacute; son bandage, a permis au Storm de rester au contact avec une nouvelle r&eacute;alisation. Les d&eacute;fenses ont ensuite repris le dessus, verrouillant le jeu et maintenant l&rsquo;&eacute;cart &agrave; une seule possession.<\/p><blockquote class=\"twitter-tweet\"><p lang=\"da\" dir=\"ltr\">&#127944; Les actions de la deuxi&egrave;me mi-temps Storm VS Vikings :<br><br>&#9643;&#65039; TD Vikings &ndash; RB Florian Wegan<br>&#9643;&#65039; INT Vikings &ndash; LB Timi Nuikka<br>&#9643;&#65039; TD Vikings &ndash; WR Yannick Mayr<br>&#9643;&#65039; TD Storm &ndash; WR Simon F&oslash;ns <a href=\"https:\/\/t.co\/83SdPUM1cN\" class=\"trk-cta-link\" data-cta-trk='{\"ctaType\":\"Link\",\"ctaSubType\":\"main\"}'>pic.twitter.com\/83SdPUM1cN<\/a><\/p>&mdash; Spring Football News (@SpringFBnews) <a href=\"https:\/\/twitter.com\/SpringFBnews\/status\/1961835360490553598?ref_src=twsrc%5Etfw\" class=\"trk-cta-link\" data-cta-trk='{\"ctaType\":\"Link\",\"ctaSubType\":\"main\"}'>August 30, 2025<\/a><\/blockquote><script async src=\"https:\/\/platform.twitter.com\/widgets.js\" charset=\"utf-8\"><\/script><p>L&rsquo;espoir du Storm a pris fin &agrave; trois minutes du terme: une faute de Luke Glenna sur un punt adverse a offert un premier down crucial aux Vikings, qui ont alors pu &eacute;couler le chronom&egrave;tre.<\/p><p>Si Clifton Duck s&rsquo;est distingu&eacute; en d&eacute;fense pour le Storm, Clark a impressionn&eacute; par sa d&eacute;termination. C&ocirc;t&eacute; Vikings, Ben Holmes (24\/33, 260 yards, 3 TD) a dirig&eacute; l&rsquo;attaque avec sang-froid, tandis que Lucky Ogbevoen et Aaron Donkor ont multipli&eacute; les pressions d&eacute;fensives.<\/p><h2 class=\"wp-block-heading\">Munich Ravens 13 &ndash; 27 Stuttgart Surge<\/h2><p>Elimin&eacute;s respectivement lors du tour de wild card et lors des demi-finales lors de la saison 2024, les Munich Ravens et le Stuttgart Surge se retrouvaient ce dimanche en Bavi&egrave;re pour tenter de se frayer une place jusqu&rsquo;en finale de cette saison ELF 2025.<\/p><p>Tr&egrave;s vite, les Ravens vont &ecirc;tre mis sous pression par les joueurs de Stuttgart! D&egrave;s le drive inaugural, Russell Tabor, est sack&eacute; tout proche de sa end-zone. Mais la d&eacute;fense des Ravens ne sera pas elle non plus en reste avec une interception r&eacute;ussie dans sa propre end-zone pour emp&ecirc;cher Stuttgart de prendre le large. R&eacute;sultat des courses? Les deux &eacute;quipes se neutralisent dans ce match &agrave; haute intensit&eacute; physique, le Surge ne parvenant &agrave; prendre qu&rsquo;un court avantage au score &agrave; quelques secondes de la mi-temps (7-14).<\/p><blockquote class=\"twitter-tweet\"><p lang=\"en\" dir=\"ltr\">Le <a href=\"https:\/\/twitter.com\/StuttgartSurge?ref_src=twsrc%5Etfw\" class=\"trk-cta-link\" data-cta-trk='{\"ctaType\":\"Link\",\"ctaSubType\":\"main\"}'>@StuttgartSurge<\/a> reprend le lead juste avant la pause en two minute warning avec un touchdown de WR Mike Harley Jr. <a href=\"https:\/\/twitter.com\/hashtag\/ELF?src=hash&amp;ref_src=twsrc%5Etfw\" class=\"trk-cta-link\" data-cta-trk='{\"ctaType\":\"Link\",\"ctaSubType\":\"main\"}'>#ELF<\/a> <a href=\"https:\/\/t.co\/dz1ZyDSy8h\" class=\"trk-cta-link\" data-cta-trk='{\"ctaType\":\"Link\",\"ctaSubType\":\"main\"}'>pic.twitter.com\/dz1ZyDSy8h<\/a><\/p>&mdash; Spring Football News (@SpringFBnews) <a href=\"https:\/\/twitter.com\/SpringFBnews\/status\/1962156661763723741?ref_src=twsrc%5Etfw\" class=\"trk-cta-link\" data-cta-trk='{\"ctaType\":\"Link\",\"ctaSubType\":\"main\"}'>August 31, 2025<\/a><\/blockquote><script async src=\"https:\/\/platform.twitter.com\/widgets.js\" charset=\"utf-8\"><\/script><p>La deuxi&egrave;me p&eacute;riode sera toute aussi ind&eacute;cise! Si le Surge pense avoir pris une nette avance gr&acirc;ce &agrave; un touchdown &agrave; la course de Tomiwa Oweyo, Russell Tabor va ensuite ramener son &eacute;quipe &agrave; une seule possession &agrave; la fin du troisi&egrave;me quart-temps sur une petite course de deux yards. Les deux &eacute;quipes sont donc au coude-&agrave;-coude avec 15 minutes &agrave; jouer avec des d&eacute;fenses toujours aussi solides &agrave; l&rsquo;instar de cette interception lanc&eacute;e une nouvelle fois par Tabor &agrave; l&rsquo;entame du dernier quart-temps. Une interception sanctionn&eacute;e imm&eacute;diatement par un touchdown de Stuttgart qui reprend le large &agrave; 9 min du terme de la partie (13-27).<\/p><p>Malgr&eacute; une ultime offensive, les Munichois doivent baisser pavillon et laisser le Surge filer vers une nouvelle finale, cette fois &agrave; domicile face aux Vienna Vikings.<\/p><p>Cr&eacute;dit photo: ELF<\/p>\n","protected":false},"excerpt":{"rendered":"<p>ELF &#8211; On conna\u00eet d\u00e9sormais l&rsquo;affiche de la finale du championnat 2025<\/p>\n","protected":false},"author":180309964,"featured_media":1500246,"comment_status":"closed","ping_status":"closed","sticky":false,"template":"","format":"standard","meta":{"inline_featured_image":false,"kia_subtitle":"ELF - On conna\u00eet d\u00e9sormais l'affiche de la finale du championnat 2025","_mux_skip_reasons":[],"proofreadBy":0,"footnotes":""},"categories":[118,8410,40,8408],"tags":[7906,6008,8794,4554,8756],"sport":[7354],"saison":[7475],"class_list":["post-1500245","post","type-post","status-publish","format-standard","has-post-thumbnail","hentry","category-actualite-nfl","category-football-americain","category-nfl","category-sports","tag-elf-2025","tag-munich-ravens","tag-nordic-storm","tag-stuttgart-surge","tag-vienna-vikings","sport-elf","saison-7475"],"acf":[],"yoast_head":"<!-- This site is optimized with the Yoast SEO plugin v24.2 - https:\/\/yoast.com\/wordpress\/plugins\/seo\/ -->\n<title>ELF 2025: Vienne affrontera Stuttgart en finale - The Playoffs FR<\/title>\n<meta name=\"robots\" content=\"index, follow, max-snippet:-1, max-image-preview:large, max-video-preview:-1\" \/>\n<link rel=\"canonical\" href=\"https:\/\/theplayoffs.news\/fr\/actualite-nfl\/elf-2025-vienne-affrontera-stuttgart-en-finale\/\" \/>\n<meta property=\"og:locale\" content=\"fr_FR\" \/>\n<meta property=\"og:type\" content=\"article\" \/>\n<meta property=\"og:title\" content=\"ELF 2025: Vienne affrontera Stuttgart en finale - The Playoffs FR\" \/>\n<meta property=\"og:description\" content=\"ELF - On conna&icirc;t d&eacute;sormais l&#039;affiche de la finale du championnat 2025\" \/>\n<meta property=\"og:url\" content=\"https:\/\/theplayoffs.news\/fr\/actualite-nfl\/elf-2025-vienne-affrontera-stuttgart-en-finale\/\" \/>\n<meta property=\"og:site_name\" content=\"The Playoffs FR\" \/>\n<meta property=\"article:publisher\" content=\"https:\/\/www.facebook.com\/TheFreeAgentFR\/\" \/>\n<meta property=\"article:modified_time\" content=\"2025-08-31T18:04:41+02:00\" \/>\n<meta property=\"og:image\" content=\"https:\/\/theplayoffs.news\/fr\/wp-content\/uploads\/2025\/08\/Vikings.jpg\" \/>\n\t<meta property=\"og:image:width\" content=\"869\" \/>\n\t<meta property=\"og:image:height\" content=\"556\" \/>\n\t<meta property=\"og:image:type\" content=\"image\/jpeg\" \/>\n<meta name=\"author\" content=\"Flavien Jumeau\" \/>\n<meta name=\"twitter:card\" content=\"summary_large_image\" \/>\n<meta name=\"twitter:creator\" content=\"@TheFreeAgentFR\" \/>\n<meta name=\"twitter:site\" content=\"@TheFreeAgentFR\" \/>\n<meta name=\"twitter:label1\" content=\"\u00c9crit par\" \/>\n\t<meta name=\"twitter:data1\" content=\"Flavien Jumeau\" \/>\n\t<meta name=\"twitter:label2\" content=\"Dur\u00e9e de lecture estim\u00e9e\" \/>\n\t<meta name=\"twitter:data2\" content=\"4 minutes\" \/>\n<script type=\"application\/ld+json\" class=\"yoast-schema-graph\">{\"@context\":\"https:\/\/schema.org\",\"@graph\":[{\"@type\":\"WebPage\",\"@id\":\"https:\/\/theplayoffs.news\/fr\/actualite-nfl\/elf-2025-vienne-affrontera-stuttgart-en-finale\/\",\"url\":\"https:\/\/theplayoffs.news\/fr\/actualite-nfl\/elf-2025-vienne-affrontera-stuttgart-en-finale\/\",\"name\":\"ELF 2025: Vienne affrontera Stuttgart en finale - The Playoffs FR\",\"isPartOf\":{\"@id\":\"https:\/\/theplayoffs.news\/fr\/#website\"},\"primaryImageOfPage\":{\"@id\":\"https:\/\/theplayoffs.news\/fr\/actualite-nfl\/elf-2025-vienne-affrontera-stuttgart-en-finale\/#primaryimage\"},\"image\":{\"@id\":\"https:\/\/theplayoffs.news\/fr\/actualite-nfl\/elf-2025-vienne-affrontera-stuttgart-en-finale\/#primaryimage\"},\"thumbnailUrl\":\"https:\/\/theplayoffs.news\/fr\/wp-content\/uploads\/2025\/08\/Vikings.jpg\",\"datePublished\":\"2025-08-31T16:04:35+00:00\",\"dateModified\":\"2025-08-31T16:04:41+00:00\",\"author\":{\"@id\":\"https:\/\/theplayoffs.news\/fr\/#\/schema\/person\/def63bc6746dc5957469b75feb99e66d\"},\"breadcrumb\":{\"@id\":\"https:\/\/theplayoffs.news\/fr\/actualite-nfl\/elf-2025-vienne-affrontera-stuttgart-en-finale\/#breadcrumb\"},\"inLanguage\":\"fr-FR\",\"potentialAction\":[{\"@type\":\"ReadAction\",\"target\":[\"https:\/\/theplayoffs.news\/fr\/actualite-nfl\/elf-2025-vienne-affrontera-stuttgart-en-finale\/\"]}]},{\"@type\":\"ImageObject\",\"inLanguage\":\"fr-FR\",\"@id\":\"https:\/\/theplayoffs.news\/fr\/actualite-nfl\/elf-2025-vienne-affrontera-stuttgart-en-finale\/#primaryimage\",\"url\":\"https:\/\/theplayoffs.news\/fr\/wp-content\/uploads\/2025\/08\/Vikings.jpg\",\"contentUrl\":\"https:\/\/theplayoffs.news\/fr\/wp-content\/uploads\/2025\/08\/Vikings.jpg\",\"width\":869,\"height\":556,\"caption\":\"ELF Vienna Vikings\"},{\"@type\":\"BreadcrumbList\",\"@id\":\"https:\/\/theplayoffs.news\/fr\/actualite-nfl\/elf-2025-vienne-affrontera-stuttgart-en-finale\/#breadcrumb\",\"itemListElement\":[{\"@type\":\"ListItem\",\"position\":1,\"name\":\"Accueil\",\"item\":\"https:\/\/theplayoffs.news\/fr\/\"},{\"@type\":\"ListItem\",\"position\":2,\"name\":\"ELF 2025: Vienne affrontera Stuttgart en finale\"}]},{\"@type\":\"WebSite\",\"@id\":\"https:\/\/theplayoffs.news\/fr\/#website\",\"url\":\"https:\/\/theplayoffs.news\/fr\/\",\"name\":\"The Playoffs FR\",\"description\":\"NBA-NFL-NHL-MLB\",\"potentialAction\":[{\"@type\":\"SearchAction\",\"target\":{\"@type\":\"EntryPoint\",\"urlTemplate\":\"https:\/\/theplayoffs.news\/fr\/?s={search_term_string}\"},\"query-input\":{\"@type\":\"PropertyValueSpecification\",\"valueRequired\":true,\"valueName\":\"search_term_string\"}}],\"inLanguage\":\"fr-FR\"},{\"@type\":\"Person\",\"@id\":\"https:\/\/theplayoffs.news\/fr\/#\/schema\/person\/def63bc6746dc5957469b75feb99e66d\",\"name\":\"Flavien Jumeau\",\"image\":{\"@type\":\"ImageObject\",\"inLanguage\":\"fr-FR\",\"@id\":\"https:\/\/theplayoffs.news\/fr\/#\/schema\/person\/image\/\",\"url\":\"https:\/\/secure.gravatar.com\/avatar\/e7fa8ba5a4b7e4ce35fe152f083f352db28ad0acce692004ed88a7a7d78893f7?s=96&d=mm&r=g\",\"contentUrl\":\"https:\/\/secure.gravatar.com\/avatar\/e7fa8ba5a4b7e4ce35fe152f083f352db28ad0acce692004ed88a7a7d78893f7?s=96&d=mm&r=g\",\"caption\":\"Flavien Jumeau\"},\"description\":\"Amoureux du sport (et de vraiment tous les sports) depuis mon plus jeune \u00e2ge, j\u2019ai longtemps h\u00e9site entre le snooker et le curling. Finalement c\u2019est le foot US que j\u2019ai d\u00e9cid\u00e9 de choisir! Responsable foot US sur TPO et animateur du podcast Tailgate j\u2019ai pour mission de vous faire d\u00e9couvrir ce sport passionnant si ce n\u2019est pas encore fait et de vous donner les derni\u00e8res actus. Le tout dans la bonne humeur et avec toujours un jeu de mots ou deux savamment distill\u00e9s! Fan des Saints, pour moi Drew Brees est le vrai GOAT!\",\"url\":\"https:\/\/theplayoffs.news\/fr\/author\/flavien-jumeaugmail-com\/\"}]}<\/script>\n<!-- \/ Yoast SEO plugin. -->","yoast_head_json":{"title":"ELF 2025: Vienne affrontera Stuttgart en finale - The Playoffs FR","robots":{"index":"index","follow":"follow","max-snippet":"max-snippet:-1","max-image-preview":"max-image-preview:large","max-video-preview":"max-video-preview:-1"},"canonical":"https:\/\/theplayoffs.news\/fr\/actualite-nfl\/elf-2025-vienne-affrontera-stuttgart-en-finale\/","og_locale":"fr_FR","og_type":"article","og_title":"ELF 2025: Vienne affrontera Stuttgart en finale - The Playoffs FR","og_description":"ELF - On conna&icirc;t d&eacute;sormais l&#039;affiche de la finale du championnat 2025","og_url":"https:\/\/theplayoffs.news\/fr\/actualite-nfl\/elf-2025-vienne-affrontera-stuttgart-en-finale\/","og_site_name":"The Playoffs FR","article_publisher":"https:\/\/www.facebook.com\/TheFreeAgentFR\/","article_modified_time":"2025-08-31T16:04:41+00:00","og_image":[{"width":869,"height":556,"url":"https:\/\/theplayoffs.news\/fr\/wp-content\/uploads\/2025\/08\/Vikings.jpg","type":"image\/jpeg"}],"author":"Flavien Jumeau","twitter_card":"summary_large_image","twitter_creator":"@TheFreeAgentFR","twitter_site":"@TheFreeAgentFR","twitter_misc":{"\u00c9crit par":"Flavien Jumeau","Dur\u00e9e de lecture estim\u00e9e":"4 minutes"},"schema":{"@context":"https:\/\/schema.org","@graph":[{"@type":"WebPage","@id":"https:\/\/theplayoffs.news\/fr\/actualite-nfl\/elf-2025-vienne-affrontera-stuttgart-en-finale\/","url":"https:\/\/theplayoffs.news\/fr\/actualite-nfl\/elf-2025-vienne-affrontera-stuttgart-en-finale\/","name":"ELF 2025: Vienne affrontera Stuttgart en finale - The Playoffs FR","isPartOf":{"@id":"https:\/\/theplayoffs.news\/fr\/#website"},"primaryImageOfPage":{"@id":"https:\/\/theplayoffs.news\/fr\/actualite-nfl\/elf-2025-vienne-affrontera-stuttgart-en-finale\/#primaryimage"},"image":{"@id":"https:\/\/theplayoffs.news\/fr\/actualite-nfl\/elf-2025-vienne-affrontera-stuttgart-en-finale\/#primaryimage"},"thumbnailUrl":"https:\/\/theplayoffs.news\/fr\/wp-content\/uploads\/2025\/08\/Vikings.jpg","datePublished":"2025-08-31T16:04:35+00:00","dateModified":"2025-08-31T16:04:41+00:00","author":{"@id":"https:\/\/theplayoffs.news\/fr\/#\/schema\/person\/def63bc6746dc5957469b75feb99e66d"},"breadcrumb":{"@id":"https:\/\/theplayoffs.news\/fr\/actualite-nfl\/elf-2025-vienne-affrontera-stuttgart-en-finale\/#breadcrumb"},"inLanguage":"fr-FR","potentialAction":[{"@type":"ReadAction","target":["https:\/\/theplayoffs.news\/fr\/actualite-nfl\/elf-2025-vienne-affrontera-stuttgart-en-finale\/"]}]},{"@type":"ImageObject","inLanguage":"fr-FR","@id":"https:\/\/theplayoffs.news\/fr\/actualite-nfl\/elf-2025-vienne-affrontera-stuttgart-en-finale\/#primaryimage","url":"https:\/\/theplayoffs.news\/fr\/wp-content\/uploads\/2025\/08\/Vikings.jpg","contentUrl":"https:\/\/theplayoffs.news\/fr\/wp-content\/uploads\/2025\/08\/Vikings.jpg","width":869,"height":556,"caption":"ELF Vienna Vikings"},{"@type":"BreadcrumbList","@id":"https:\/\/theplayoffs.news\/fr\/actualite-nfl\/elf-2025-vienne-affrontera-stuttgart-en-finale\/#breadcrumb","itemListElement":[{"@type":"ListItem","position":1,"name":"Accueil","item":"https:\/\/theplayoffs.news\/fr\/"},{"@type":"ListItem","position":2,"name":"ELF 2025: Vienne affrontera Stuttgart en finale"}]},{"@type":"WebSite","@id":"https:\/\/theplayoffs.news\/fr\/#website","url":"https:\/\/theplayoffs.news\/fr\/","name":"The Playoffs FR","description":"NBA-NFL-NHL-MLB","potentialAction":[{"@type":"SearchAction","target":{"@type":"EntryPoint","urlTemplate":"https:\/\/theplayoffs.news\/fr\/?s={search_term_string}"},"query-input":{"@type":"PropertyValueSpecification","valueRequired":true,"valueName":"search_term_string"}}],"inLanguage":"fr-FR"},{"@type":"Person","@id":"https:\/\/theplayoffs.news\/fr\/#\/schema\/person\/def63bc6746dc5957469b75feb99e66d","name":"Flavien Jumeau","image":{"@type":"ImageObject","inLanguage":"fr-FR","@id":"https:\/\/theplayoffs.news\/fr\/#\/schema\/person\/image\/","url":"https:\/\/secure.gravatar.com\/avatar\/e7fa8ba5a4b7e4ce35fe152f083f352db28ad0acce692004ed88a7a7d78893f7?s=96&d=mm&r=g","contentUrl":"https:\/\/secure.gravatar.com\/avatar\/e7fa8ba5a4b7e4ce35fe152f083f352db28ad0acce692004ed88a7a7d78893f7?s=96&d=mm&r=g","caption":"Flavien Jumeau"},"description":"Amoureux du sport (et de vraiment tous les sports) depuis mon plus jeune \u00e2ge, j\u2019ai longtemps h\u00e9site entre le snooker et le curling. Finalement c\u2019est le foot US que j\u2019ai d\u00e9cid\u00e9 de choisir! Responsable foot US sur TPO et animateur du podcast Tailgate j\u2019ai pour mission de vous faire d\u00e9couvrir ce sport passionnant si ce n\u2019est pas encore fait et de vous donner les derni\u00e8res actus. Le tout dans la bonne humeur et avec toujours un jeu de mots ou deux savamment distill\u00e9s! Fan des Saints, pour moi Drew Brees est le vrai GOAT!","url":"https:\/\/theplayoffs.news\/fr\/author\/flavien-jumeaugmail-com\/"}]}},"_links":{"self":[{"href":"https:\/\/theplayoffs.news\/fr\/wp-json\/wp\/v2\/posts\/1500245","targetHints":{"allow":["GET"]}}],"collection":[{"href":"https:\/\/theplayoffs.news\/fr\/wp-json\/wp\/v2\/posts"}],"about":[{"href":"https:\/\/theplayoffs.news\/fr\/wp-json\/wp\/v2\/types\/post"}],"author":[{"embeddable":true,"href":"https:\/\/theplayoffs.news\/fr\/wp-json\/wp\/v2\/users\/180309964"}],"replies":[{"embeddable":true,"href":"https:\/\/theplayoffs.news\/fr\/wp-json\/wp\/v2\/comments?post=1500245"}],"version-history":[{"count":1,"href":"https:\/\/theplayoffs.news\/fr\/wp-json\/wp\/v2\/posts\/1500245\/revisions"}],"predecessor-version":[{"id":1500247,"href":"https:\/\/theplayoffs.news\/fr\/wp-json\/wp\/v2\/posts\/1500245\/revisions\/1500247"}],"wp:featuredmedia":[{"embeddable":true,"href":"https:\/\/theplayoffs.news\/fr\/wp-json\/wp\/v2\/media\/1500246"}],"wp:attachment":[{"href":"https:\/\/theplayoffs.news\/fr\/wp-json\/wp\/v2\/media?parent=1500245"}],"wp:term":[{"taxonomy":"category","embeddable":true,"href":"https:\/\/theplayoffs.news\/fr\/wp-json\/wp\/v2\/categories?post=1500245"},{"taxonomy":"post_tag","embeddable":true,"href":"https:\/\/theplayoffs.news\/fr\/wp-json\/wp\/v2\/tags?post=1500245"},{"taxonomy":"sport","embeddable":true,"href":"https:\/\/theplayoffs.news\/fr\/wp-json\/wp\/v2\/sport?post=1500245"},{"taxonomy":"saison","embeddable":true,"href":"https:\/\/theplayoffs.news\/fr\/wp-json\/wp\/v2\/saison?post=1500245"}],"curies":[{"name":"wp","href":"https:\/\/api.w.org\/{rel}","templated":true}]}}