{"id":1500144,"date":"2025-08-28T23:21:32","date_gmt":"2025-08-28T21:21:32","guid":{"rendered":"https:\/\/theplayoffs.news\/fr\/uncategorized\/\/"},"modified":"2025-08-28T23:21:39","modified_gmt":"2025-08-28T21:21:39","slug":"trade-nfl-micah-parsons-part-chez-les-packers","status":"publish","type":"post","link":"https:\/\/theplayoffs.news\/fr\/actualite-nfl\/trade-nfl-micah-parsons-part-chez-les-packers\/","title":{"rendered":"Trade NFL: Micah Parsons part chez les Packers!"},"content":{"rendered":"<p>C&rsquo;est un v&eacute;ritable s&eacute;isme en NFL: Micah Parsons, consid&eacute;r&eacute; comme l&rsquo;un des meilleurs pass rushers de la ligue, quitte Dallas pour rejoindre les <a href=\"https:\/\/theplayoffs.news\/fr\/actualite-nfl\/podcast-nfl-preview-nfc-nord-2025\/\" class=\"trk-cta-link\" data-cta-trk='{\"ctaType\":\"Link\",\"ctaSubType\":\"main\"}'>Green Bay Packers<\/a>. Selon plusieurs rapports concordants, la franchise du Wisconsin a boucl&eacute; un accord avec les Cowboys et obtenu la signature imm&eacute;diate d&rsquo;une prolongation record.<\/p><blockquote class=\"twitter-tweet\"><p lang=\"en\" dir=\"ltr\">Full trade, per sources:<br><br>&#127944;Cowboys get DT Kenny Clark and two first-round picks<br><br>&#127944;Packers get Micah Parsons. <a href=\"https:\/\/t.co\/wf08foG94N\" class=\"trk-cta-link\" data-cta-trk='{\"ctaType\":\"Link\",\"ctaSubType\":\"main\"}'>https:\/\/t.co\/wf08foG94N<\/a> <a href=\"https:\/\/t.co\/Ited61UBvO\" class=\"trk-cta-link\" data-cta-trk='{\"ctaType\":\"Link\",\"ctaSubType\":\"main\"}'>pic.twitter.com\/Ited61UBvO<\/a><\/p>&mdash; Adam Schefter (@AdamSchefter) <a href=\"https:\/\/twitter.com\/AdamSchefter\/status\/1961176707064533270?ref_src=twsrc%5Etfw\" class=\"trk-cta-link\" data-cta-trk='{\"ctaType\":\"Link\",\"ctaSubType\":\"main\"}'>August 28, 2025<\/a><\/blockquote><script async src=\"https:\/\/platform.twitter.com\/widgets.js\" charset=\"utf-8\"><\/script><h2 class=\"wp-block-heading\">Transfert et prolongation pour Micah Parsons<\/h2><p>Le d&eacute;fenseur de 25 ans s&rsquo;engage pour <strong>quatre saisons et 188 millions de dollars<\/strong>, dont <strong>120 millions garantis &agrave; la signature<\/strong>. Un contrat historique qui fait de Parsons le joueur non-quarterback le mieux pay&eacute; de l&rsquo;histoire de la NFL. Une marque suppl&eacute;mentaire de son statut unique dans le paysage d&eacute;fensif de la ligue.<\/p><p>En contrepartie, Dallas r&eacute;cup&egrave;re <strong>deux choix de premier tour<\/strong> ainsi que le joueur d&eacute;fensif Kenny Clark. Une d&eacute;cision radicale pour Jerry Jones, propri&eacute;taire et manager g&eacute;n&eacute;ral, qui estimait avoir d&eacute;j&agrave; trouv&eacute; un accord verbal avec son joueur en mars dernier. Face &agrave; l&rsquo;impasse des n&eacute;gociations, il a finalement opt&eacute; pour un transfert retentissant plut&ocirc;t que de prolonger un bras de fer contractuel.<\/p><h2 class=\"wp-block-heading\">Une d&eacute;fense de Green Bay renforc&eacute;e<\/h2><p>&Agrave; Green Bay, cette arriv&eacute;e change imm&eacute;diatement le visage de la d&eacute;fense. Les Packers, d&eacute;j&agrave; comp&eacute;titifs, ajoutent une pi&egrave;ce ma&icirc;tresse capable de bouleverser les plans adverses &agrave; chaque snap. L&rsquo;organisation parie aussi sur la capacit&eacute; de Parsons &agrave; retrouver rapidement sa forme, lui qui n&rsquo;avait pas particip&eacute; pleinement aux entra&icirc;nements depuis la fin de la saison pass&eacute;e en raison de son &laquo; hold-in &raquo;.<\/p><p>Ce mouvement, au-del&agrave; de renforcer Green Bay, risque de redistribuer les cartes dans la NFC. Dallas, en revanche, perd son joueur d&eacute;fensif le plus dominant et devra compenser cette absence par ses choix de draft et une r&eacute;organisation tactique.<\/p><p>Un transfert XXL qui restera comme l&rsquo;un des plus marquants de ces derni&egrave;res ann&eacute;es.<\/p><p>Cr&eacute;dit photo: Kevin Jairaj-Imagn Images<\/p>\n","protected":false},"excerpt":{"rendered":"<p>NFL &#8211; Enorme trade en NFL avec le d\u00e9part de Micah Parsons pour Green Bay<\/p>\n","protected":false},"author":180309964,"featured_media":1500145,"comment_status":"closed","ping_status":"closed","sticky":false,"template":"","format":"standard","meta":{"inline_featured_image":false,"kia_subtitle":"NFL - Enorme trade en NFL avec le d\u00e9part de Micah Parsons pour Green Bay","_mux_skip_reasons":[],"proofreadBy":0,"footnotes":""},"categories":[118,8410,40,8408],"tags":[619,908,2353],"sport":[2785],"saison":[7475],"class_list":["post-1500144","post","type-post","status-publish","format-standard","has-post-thumbnail","hentry","category-actualite-nfl","category-football-americain","category-nfl","category-sports","tag-dallas-cowboys","tag-green-bay-packers","tag-micah-parsons","sport-nfl","saison-7475"],"acf":[],"yoast_head":"<!-- This site is optimized with the Yoast SEO plugin v24.2 - https:\/\/yoast.com\/wordpress\/plugins\/seo\/ -->\n<title>Trade NFL: Micah Parsons part chez les Packers! - The Playoffs FR<\/title>\n<meta name=\"robots\" content=\"index, follow, max-snippet:-1, max-image-preview:large, max-video-preview:-1\" \/>\n<link rel=\"canonical\" href=\"https:\/\/theplayoffs.news\/fr\/actualite-nfl\/trade-nfl-micah-parsons-part-chez-les-packers\/\" \/>\n<meta property=\"og:locale\" content=\"fr_FR\" \/>\n<meta property=\"og:type\" content=\"article\" \/>\n<meta property=\"og:title\" content=\"Trade NFL: Micah Parsons part chez les Packers! - The Playoffs FR\" \/>\n<meta property=\"og:description\" content=\"NFL - Enorme trade en NFL avec le d&eacute;part de Micah Parsons pour Green Bay\" \/>\n<meta property=\"og:url\" content=\"https:\/\/theplayoffs.news\/fr\/actualite-nfl\/trade-nfl-micah-parsons-part-chez-les-packers\/\" \/>\n<meta property=\"og:site_name\" content=\"The Playoffs FR\" \/>\n<meta property=\"article:publisher\" content=\"https:\/\/www.facebook.com\/TheFreeAgentFR\/\" \/>\n<meta property=\"article:modified_time\" content=\"2025-08-28T23:21:39+02:00\" \/>\n<meta property=\"og:image\" content=\"https:\/\/theplayoffs.news\/fr\/wp-content\/uploads\/2025\/08\/USATSI_26865548-1.jpg\" \/>\n\t<meta property=\"og:image:width\" content=\"1920\" \/>\n\t<meta property=\"og:image:height\" content=\"1280\" \/>\n\t<meta property=\"og:image:type\" content=\"image\/jpeg\" \/>\n<meta name=\"author\" content=\"Flavien Jumeau\" \/>\n<meta name=\"twitter:card\" content=\"summary_large_image\" \/>\n<meta name=\"twitter:creator\" content=\"@TheFreeAgentFR\" \/>\n<meta name=\"twitter:site\" content=\"@TheFreeAgentFR\" \/>\n<meta name=\"twitter:label1\" content=\"\u00c9crit par\" \/>\n\t<meta name=\"twitter:data1\" content=\"Flavien Jumeau\" \/>\n\t<meta name=\"twitter:label2\" content=\"Dur\u00e9e de lecture estim\u00e9e\" \/>\n\t<meta name=\"twitter:data2\" content=\"2 minutes\" \/>\n<script type=\"application\/ld+json\" class=\"yoast-schema-graph\">{\"@context\":\"https:\/\/schema.org\",\"@graph\":[{\"@type\":\"WebPage\",\"@id\":\"https:\/\/theplayoffs.news\/fr\/actualite-nfl\/trade-nfl-micah-parsons-part-chez-les-packers\/\",\"url\":\"https:\/\/theplayoffs.news\/fr\/actualite-nfl\/trade-nfl-micah-parsons-part-chez-les-packers\/\",\"name\":\"Trade NFL: Micah Parsons part chez les Packers! - The Playoffs FR\",\"isPartOf\":{\"@id\":\"https:\/\/theplayoffs.news\/fr\/#website\"},\"primaryImageOfPage\":{\"@id\":\"https:\/\/theplayoffs.news\/fr\/actualite-nfl\/trade-nfl-micah-parsons-part-chez-les-packers\/#primaryimage\"},\"image\":{\"@id\":\"https:\/\/theplayoffs.news\/fr\/actualite-nfl\/trade-nfl-micah-parsons-part-chez-les-packers\/#primaryimage\"},\"thumbnailUrl\":\"https:\/\/theplayoffs.news\/fr\/wp-content\/uploads\/2025\/08\/USATSI_26865548-1.jpg\",\"datePublished\":\"2025-08-28T21:21:32+00:00\",\"dateModified\":\"2025-08-28T21:21:39+00:00\",\"author\":{\"@id\":\"https:\/\/theplayoffs.news\/fr\/#\/schema\/person\/def63bc6746dc5957469b75feb99e66d\"},\"breadcrumb\":{\"@id\":\"https:\/\/theplayoffs.news\/fr\/actualite-nfl\/trade-nfl-micah-parsons-part-chez-les-packers\/#breadcrumb\"},\"inLanguage\":\"fr-FR\",\"potentialAction\":[{\"@type\":\"ReadAction\",\"target\":[\"https:\/\/theplayoffs.news\/fr\/actualite-nfl\/trade-nfl-micah-parsons-part-chez-les-packers\/\"]}]},{\"@type\":\"ImageObject\",\"inLanguage\":\"fr-FR\",\"@id\":\"https:\/\/theplayoffs.news\/fr\/actualite-nfl\/trade-nfl-micah-parsons-part-chez-les-packers\/#primaryimage\",\"url\":\"https:\/\/theplayoffs.news\/fr\/wp-content\/uploads\/2025\/08\/USATSI_26865548-1.jpg\",\"contentUrl\":\"https:\/\/theplayoffs.news\/fr\/wp-content\/uploads\/2025\/08\/USATSI_26865548-1.jpg\",\"width\":1920,\"height\":1280,\"caption\":\"Aug 16, 2025; Arlington, Texas, USA; Dallas Cowboys defensive end Micah Parsons (11) reacts after the game against the Baltimore Ravens at AT&amp;T Stadium. Mandatory Credit: Kevin Jairaj-Imagn Images\"},{\"@type\":\"BreadcrumbList\",\"@id\":\"https:\/\/theplayoffs.news\/fr\/actualite-nfl\/trade-nfl-micah-parsons-part-chez-les-packers\/#breadcrumb\",\"itemListElement\":[{\"@type\":\"ListItem\",\"position\":1,\"name\":\"Accueil\",\"item\":\"https:\/\/theplayoffs.news\/fr\/\"},{\"@type\":\"ListItem\",\"position\":2,\"name\":\"Trade NFL: Micah Parsons part chez les Packers!\"}]},{\"@type\":\"WebSite\",\"@id\":\"https:\/\/theplayoffs.news\/fr\/#website\",\"url\":\"https:\/\/theplayoffs.news\/fr\/\",\"name\":\"The Playoffs FR\",\"description\":\"NBA-NFL-NHL-MLB\",\"potentialAction\":[{\"@type\":\"SearchAction\",\"target\":{\"@type\":\"EntryPoint\",\"urlTemplate\":\"https:\/\/theplayoffs.news\/fr\/?s={search_term_string}\"},\"query-input\":{\"@type\":\"PropertyValueSpecification\",\"valueRequired\":true,\"valueName\":\"search_term_string\"}}],\"inLanguage\":\"fr-FR\"},{\"@type\":\"Person\",\"@id\":\"https:\/\/theplayoffs.news\/fr\/#\/schema\/person\/def63bc6746dc5957469b75feb99e66d\",\"name\":\"Flavien Jumeau\",\"image\":{\"@type\":\"ImageObject\",\"inLanguage\":\"fr-FR\",\"@id\":\"https:\/\/theplayoffs.news\/fr\/#\/schema\/person\/image\/\",\"url\":\"https:\/\/secure.gravatar.com\/avatar\/e7fa8ba5a4b7e4ce35fe152f083f352db28ad0acce692004ed88a7a7d78893f7?s=96&d=mm&r=g\",\"contentUrl\":\"https:\/\/secure.gravatar.com\/avatar\/e7fa8ba5a4b7e4ce35fe152f083f352db28ad0acce692004ed88a7a7d78893f7?s=96&d=mm&r=g\",\"caption\":\"Flavien Jumeau\"},\"description\":\"Amoureux du sport (et de vraiment tous les sports) depuis mon plus jeune \u00e2ge, j\u2019ai longtemps h\u00e9site entre le snooker et le curling. Finalement c\u2019est le foot US que j\u2019ai d\u00e9cid\u00e9 de choisir! Responsable foot US sur TPO et animateur du podcast Tailgate j\u2019ai pour mission de vous faire d\u00e9couvrir ce sport passionnant si ce n\u2019est pas encore fait et de vous donner les derni\u00e8res actus. Le tout dans la bonne humeur et avec toujours un jeu de mots ou deux savamment distill\u00e9s! Fan des Saints, pour moi Drew Brees est le vrai GOAT!\",\"url\":\"https:\/\/theplayoffs.news\/fr\/author\/flavien-jumeaugmail-com\/\"}]}<\/script>\n<!-- \/ Yoast SEO plugin. -->","yoast_head_json":{"title":"Trade NFL: Micah Parsons part chez les Packers! - The Playoffs FR","robots":{"index":"index","follow":"follow","max-snippet":"max-snippet:-1","max-image-preview":"max-image-preview:large","max-video-preview":"max-video-preview:-1"},"canonical":"https:\/\/theplayoffs.news\/fr\/actualite-nfl\/trade-nfl-micah-parsons-part-chez-les-packers\/","og_locale":"fr_FR","og_type":"article","og_title":"Trade NFL: Micah Parsons part chez les Packers! - The Playoffs FR","og_description":"NFL - Enorme trade en NFL avec le d&eacute;part de Micah Parsons pour Green Bay","og_url":"https:\/\/theplayoffs.news\/fr\/actualite-nfl\/trade-nfl-micah-parsons-part-chez-les-packers\/","og_site_name":"The Playoffs FR","article_publisher":"https:\/\/www.facebook.com\/TheFreeAgentFR\/","article_modified_time":"2025-08-28T21:21:39+00:00","og_image":[{"width":1920,"height":1280,"url":"https:\/\/theplayoffs.news\/fr\/wp-content\/uploads\/2025\/08\/USATSI_26865548-1.jpg","type":"image\/jpeg"}],"author":"Flavien Jumeau","twitter_card":"summary_large_image","twitter_creator":"@TheFreeAgentFR","twitter_site":"@TheFreeAgentFR","twitter_misc":{"\u00c9crit par":"Flavien Jumeau","Dur\u00e9e de lecture estim\u00e9e":"2 minutes"},"schema":{"@context":"https:\/\/schema.org","@graph":[{"@type":"WebPage","@id":"https:\/\/theplayoffs.news\/fr\/actualite-nfl\/trade-nfl-micah-parsons-part-chez-les-packers\/","url":"https:\/\/theplayoffs.news\/fr\/actualite-nfl\/trade-nfl-micah-parsons-part-chez-les-packers\/","name":"Trade NFL: Micah Parsons part chez les Packers! - The Playoffs FR","isPartOf":{"@id":"https:\/\/theplayoffs.news\/fr\/#website"},"primaryImageOfPage":{"@id":"https:\/\/theplayoffs.news\/fr\/actualite-nfl\/trade-nfl-micah-parsons-part-chez-les-packers\/#primaryimage"},"image":{"@id":"https:\/\/theplayoffs.news\/fr\/actualite-nfl\/trade-nfl-micah-parsons-part-chez-les-packers\/#primaryimage"},"thumbnailUrl":"https:\/\/theplayoffs.news\/fr\/wp-content\/uploads\/2025\/08\/USATSI_26865548-1.jpg","datePublished":"2025-08-28T21:21:32+00:00","dateModified":"2025-08-28T21:21:39+00:00","author":{"@id":"https:\/\/theplayoffs.news\/fr\/#\/schema\/person\/def63bc6746dc5957469b75feb99e66d"},"breadcrumb":{"@id":"https:\/\/theplayoffs.news\/fr\/actualite-nfl\/trade-nfl-micah-parsons-part-chez-les-packers\/#breadcrumb"},"inLanguage":"fr-FR","potentialAction":[{"@type":"ReadAction","target":["https:\/\/theplayoffs.news\/fr\/actualite-nfl\/trade-nfl-micah-parsons-part-chez-les-packers\/"]}]},{"@type":"ImageObject","inLanguage":"fr-FR","@id":"https:\/\/theplayoffs.news\/fr\/actualite-nfl\/trade-nfl-micah-parsons-part-chez-les-packers\/#primaryimage","url":"https:\/\/theplayoffs.news\/fr\/wp-content\/uploads\/2025\/08\/USATSI_26865548-1.jpg","contentUrl":"https:\/\/theplayoffs.news\/fr\/wp-content\/uploads\/2025\/08\/USATSI_26865548-1.jpg","width":1920,"height":1280,"caption":"Aug 16, 2025; Arlington, Texas, USA; Dallas Cowboys defensive end Micah Parsons (11) reacts after the game against the Baltimore Ravens at AT&amp;T Stadium. Mandatory Credit: Kevin Jairaj-Imagn Images"},{"@type":"BreadcrumbList","@id":"https:\/\/theplayoffs.news\/fr\/actualite-nfl\/trade-nfl-micah-parsons-part-chez-les-packers\/#breadcrumb","itemListElement":[{"@type":"ListItem","position":1,"name":"Accueil","item":"https:\/\/theplayoffs.news\/fr\/"},{"@type":"ListItem","position":2,"name":"Trade NFL: Micah Parsons part chez les Packers!"}]},{"@type":"WebSite","@id":"https:\/\/theplayoffs.news\/fr\/#website","url":"https:\/\/theplayoffs.news\/fr\/","name":"The Playoffs FR","description":"NBA-NFL-NHL-MLB","potentialAction":[{"@type":"SearchAction","target":{"@type":"EntryPoint","urlTemplate":"https:\/\/theplayoffs.news\/fr\/?s={search_term_string}"},"query-input":{"@type":"PropertyValueSpecification","valueRequired":true,"valueName":"search_term_string"}}],"inLanguage":"fr-FR"},{"@type":"Person","@id":"https:\/\/theplayoffs.news\/fr\/#\/schema\/person\/def63bc6746dc5957469b75feb99e66d","name":"Flavien Jumeau","image":{"@type":"ImageObject","inLanguage":"fr-FR","@id":"https:\/\/theplayoffs.news\/fr\/#\/schema\/person\/image\/","url":"https:\/\/secure.gravatar.com\/avatar\/e7fa8ba5a4b7e4ce35fe152f083f352db28ad0acce692004ed88a7a7d78893f7?s=96&d=mm&r=g","contentUrl":"https:\/\/secure.gravatar.com\/avatar\/e7fa8ba5a4b7e4ce35fe152f083f352db28ad0acce692004ed88a7a7d78893f7?s=96&d=mm&r=g","caption":"Flavien Jumeau"},"description":"Amoureux du sport (et de vraiment tous les sports) depuis mon plus jeune \u00e2ge, j\u2019ai longtemps h\u00e9site entre le snooker et le curling. Finalement c\u2019est le foot US que j\u2019ai d\u00e9cid\u00e9 de choisir! Responsable foot US sur TPO et animateur du podcast Tailgate j\u2019ai pour mission de vous faire d\u00e9couvrir ce sport passionnant si ce n\u2019est pas encore fait et de vous donner les derni\u00e8res actus. Le tout dans la bonne humeur et avec toujours un jeu de mots ou deux savamment distill\u00e9s! Fan des Saints, pour moi Drew Brees est le vrai GOAT!","url":"https:\/\/theplayoffs.news\/fr\/author\/flavien-jumeaugmail-com\/"}]}},"_links":{"self":[{"href":"https:\/\/theplayoffs.news\/fr\/wp-json\/wp\/v2\/posts\/1500144","targetHints":{"allow":["GET"]}}],"collection":[{"href":"https:\/\/theplayoffs.news\/fr\/wp-json\/wp\/v2\/posts"}],"about":[{"href":"https:\/\/theplayoffs.news\/fr\/wp-json\/wp\/v2\/types\/post"}],"author":[{"embeddable":true,"href":"https:\/\/theplayoffs.news\/fr\/wp-json\/wp\/v2\/users\/180309964"}],"replies":[{"embeddable":true,"href":"https:\/\/theplayoffs.news\/fr\/wp-json\/wp\/v2\/comments?post=1500144"}],"version-history":[{"count":1,"href":"https:\/\/theplayoffs.news\/fr\/wp-json\/wp\/v2\/posts\/1500144\/revisions"}],"predecessor-version":[{"id":1500146,"href":"https:\/\/theplayoffs.news\/fr\/wp-json\/wp\/v2\/posts\/1500144\/revisions\/1500146"}],"wp:featuredmedia":[{"embeddable":true,"href":"https:\/\/theplayoffs.news\/fr\/wp-json\/wp\/v2\/media\/1500145"}],"wp:attachment":[{"href":"https:\/\/theplayoffs.news\/fr\/wp-json\/wp\/v2\/media?parent=1500144"}],"wp:term":[{"taxonomy":"category","embeddable":true,"href":"https:\/\/theplayoffs.news\/fr\/wp-json\/wp\/v2\/categories?post=1500144"},{"taxonomy":"post_tag","embeddable":true,"href":"https:\/\/theplayoffs.news\/fr\/wp-json\/wp\/v2\/tags?post=1500144"},{"taxonomy":"sport","embeddable":true,"href":"https:\/\/theplayoffs.news\/fr\/wp-json\/wp\/v2\/sport?post=1500144"},{"taxonomy":"saison","embeddable":true,"href":"https:\/\/theplayoffs.news\/fr\/wp-json\/wp\/v2\/saison?post=1500144"}],"curies":[{"name":"wp","href":"https:\/\/api.w.org\/{rel}","templated":true}]}}