{"id":1500059,"date":"2025-08-28T11:38:00","date_gmt":"2025-08-28T09:38:00","guid":{"rendered":"https:\/\/theplayoffs.news\/fr\/uncategorized\/\/"},"modified":"2025-08-28T11:38:18","modified_gmt":"2025-08-28T09:38:18","slug":"la-nfl-assouplit-les-restrictions-concernant-tom-brady-comme-actionnaire-minoritaire-des-raiders","status":"publish","type":"post","link":"https:\/\/theplayoffs.news\/fr\/actualite-nfl\/la-nfl-assouplit-les-restrictions-concernant-tom-brady-comme-actionnaire-minoritaire-des-raiders\/","title":{"rendered":"La NFL assouplit les restrictions concernant Tom Brady comme actionnaire minoritaire des Raiders"},"content":{"rendered":"<p>La NFL a d&eacute;cid&eacute; d&rsquo;assouplir les restrictions impos&eacute;es &agrave; Tom Brady dans son r&ocirc;le de propri&eacute;taire minoritaire des Las Vegas Raiders, alors que l&rsquo;ancien quarterback star se pr&eacute;pare &agrave; entamer sa deuxi&egrave;me ann&eacute;e comme analyste principal pour Fox Sports. L&rsquo;information a &eacute;t&eacute; r&eacute;v&eacute;l&eacute;e mercredi par <a href=\"https:\/\/www.nytimes.com\/athletic\/6577539\/2025\/08\/27\/tom-brady-rules-fox-nfl-2025\/\" class=\"trk-cta-link\" data-cta-trk='{\"ctaType\":\"Link\",\"ctaSubType\":\"main\"}'>Andrew Marchand, de <em>The Athletic<\/em><\/a>.<\/p><p>Gr&acirc;ce &agrave; cette d&eacute;cision, Tom Brady sera autoris&eacute; &agrave; participer aux r&eacute;unions hebdomadaires de pr&eacute;paration organis&eacute;es par Fox au cours de la prochaine saison. Ces rencontres r&eacute;unissent l&rsquo;&eacute;quipe de production de la cha&icirc;ne avec les entra&icirc;neurs et membres des franchises concern&eacute;es par les matchs diffus&eacute;s.<\/p><p>Toutefois, le porte-parole de la ligue, Brian McCarthy, a confirm&eacute; au <em>Los Angeles Times<\/em> que l&rsquo;ancien joueur ne pourra assister &agrave; ces r&eacute;unions qu&rsquo;&agrave; distance. De plus, la NFL maintient l&rsquo;interdiction pour Brady d&rsquo;assister en personne aux entra&icirc;nements d&rsquo;autres &eacute;quipes, afin d&rsquo;&eacute;viter tout conflit li&eacute; &agrave; son implication avec les Raiders.<\/p><h2 class=\"wp-block-heading\">Brady, d&eacute;sormais consultant TV et actionnaire<\/h2><p>Ic&ocirc;ne des <a href=\"https:\/\/theplayoffs.news\/fr\/actualite-nfl\/podcast-nfl-preview-afc-est-2025\/\" class=\"trk-cta-link\" data-cta-trk='{\"ctaType\":\"Link\",\"ctaSubType\":\"main\"}'>New England Patriots<\/a>, le septuple champion du Super Bowl a d&eacute;but&eacute; sa carri&egrave;re de consultant t&eacute;l&eacute;vis&eacute; l&rsquo;an dernier. En 2022, il avait sign&eacute; un contrat de dix ans avec Fox, d&rsquo;une valeur de 375 millions de dollars, mais avait repouss&eacute; ses d&eacute;buts &agrave; 2024 afin de mieux pr&eacute;parer sa reconversion.<\/p><p>Pour sa premi&egrave;re saison dans ce r&ocirc;le, Brady a rejoint l&rsquo;&eacute;quipe compos&eacute;e du commentateur Kevin Burkhardt et des reporters Erin Andrews et Tom Rinaldi, participant notamment &agrave; la couverture du Super Bowl LIX, remport&eacute; par les Philadelphia Eagles face aux Kansas City Chiefs.<\/p><p>En parall&egrave;le, il a investi dans le capital des Raiders. En octobre 2024, le conseil des propri&eacute;taires de la NFL a valid&eacute; l&rsquo;acquisition de 10 % des parts de la franchise de Las Vegas par le futur Hall of Famer. Avant ce vote, la ligue avait &eacute;tabli une s&eacute;rie de restrictions pour limiter les risques de conflit d&rsquo;int&eacute;r&ecirc;ts.<\/p><h3 class=\"wp-block-heading\">Retour imminent<\/h3><p>&Agrave; l&rsquo;approche de la saison 2025, Tom Brady s&rsquo;appr&ecirc;te &agrave; retrouver les cabines de Fox. Il commentera notamment la rencontre de la premi&egrave;re semaine entre les Washington Commanders et les New York Giants, pr&eacute;vue le 7 septembre.<\/p><p>Cr&eacute;dit photo: &copy; Brian Fluharty-Imagn Images<\/p>\n","protected":false},"excerpt":{"rendered":"<p>NFL &#8211; De nouvelles r\u00e8gles s&rsquo;appliqueront \u00e0 Tom Brady pour la saison 2025<\/p>\n","protected":false},"author":180309799,"featured_media":1500060,"comment_status":"closed","ping_status":"closed","sticky":false,"template":"","format":"standard","meta":{"inline_featured_image":false,"kia_subtitle":"NFL - De nouvelles r\u00e8gles s'appliqueront \u00e0 Tom Brady pour la saison 2025","_mux_skip_reasons":[],"proofreadBy":0,"footnotes":""},"categories":[118,8410,40,8408],"tags":[79,81],"sport":[2785],"saison":[7475],"class_list":["post-1500059","post","type-post","status-publish","format-standard","has-post-thumbnail","hentry","category-actualite-nfl","category-football-americain","category-nfl","category-sports","tag-nfl","tag-tom-brady","sport-nfl","saison-7475"],"acf":[],"yoast_head":"<!-- This site is optimized with the Yoast SEO plugin v24.2 - https:\/\/yoast.com\/wordpress\/plugins\/seo\/ -->\n<title>La NFL assouplit les restrictions concernant Tom Brady comme actionnaire minoritaire des Raiders - The Playoffs FR<\/title>\n<meta name=\"robots\" content=\"index, follow, max-snippet:-1, max-image-preview:large, max-video-preview:-1\" \/>\n<link rel=\"canonical\" href=\"https:\/\/theplayoffs.news\/fr\/actualite-nfl\/la-nfl-assouplit-les-restrictions-concernant-tom-brady-comme-actionnaire-minoritaire-des-raiders\/\" \/>\n<meta property=\"og:locale\" content=\"fr_FR\" \/>\n<meta property=\"og:type\" content=\"article\" \/>\n<meta property=\"og:title\" content=\"La NFL assouplit les restrictions concernant Tom Brady comme actionnaire minoritaire des Raiders - The Playoffs FR\" \/>\n<meta property=\"og:description\" content=\"NFL - De nouvelles r&egrave;gles s&#039;appliqueront &agrave; Tom Brady pour la saison 2025\" \/>\n<meta property=\"og:url\" content=\"https:\/\/theplayoffs.news\/fr\/actualite-nfl\/la-nfl-assouplit-les-restrictions-concernant-tom-brady-comme-actionnaire-minoritaire-des-raiders\/\" \/>\n<meta property=\"og:site_name\" content=\"The Playoffs FR\" \/>\n<meta property=\"article:publisher\" content=\"https:\/\/www.facebook.com\/TheFreeAgentFR\/\" \/>\n<meta property=\"article:modified_time\" content=\"2025-08-28T11:38:18+02:00\" \/>\n<meta property=\"og:image\" content=\"https:\/\/theplayoffs.news\/fr\/wp-content\/uploads\/2025\/08\/USATSI_26810375.jpg\" \/>\n\t<meta property=\"og:image:width\" content=\"1920\" \/>\n\t<meta property=\"og:image:height\" content=\"1280\" \/>\n\t<meta property=\"og:image:type\" content=\"image\/jpeg\" \/>\n<meta name=\"author\" content=\"La r\u00e9daction\" \/>\n<meta name=\"twitter:card\" content=\"summary_large_image\" \/>\n<meta name=\"twitter:creator\" content=\"@TheFreeAgentFR\" \/>\n<meta name=\"twitter:site\" content=\"@TheFreeAgentFR\" \/>\n<meta name=\"twitter:label1\" content=\"\u00c9crit par\" \/>\n\t<meta name=\"twitter:data1\" content=\"La r\u00e9daction\" \/>\n\t<meta name=\"twitter:label2\" content=\"Dur\u00e9e de lecture estim\u00e9e\" \/>\n\t<meta name=\"twitter:data2\" content=\"2 minutes\" \/>\n<script type=\"application\/ld+json\" class=\"yoast-schema-graph\">{\"@context\":\"https:\/\/schema.org\",\"@graph\":[{\"@type\":\"WebPage\",\"@id\":\"https:\/\/theplayoffs.news\/fr\/actualite-nfl\/la-nfl-assouplit-les-restrictions-concernant-tom-brady-comme-actionnaire-minoritaire-des-raiders\/\",\"url\":\"https:\/\/theplayoffs.news\/fr\/actualite-nfl\/la-nfl-assouplit-les-restrictions-concernant-tom-brady-comme-actionnaire-minoritaire-des-raiders\/\",\"name\":\"La NFL assouplit les restrictions concernant Tom Brady comme actionnaire minoritaire des Raiders - The Playoffs FR\",\"isPartOf\":{\"@id\":\"https:\/\/theplayoffs.news\/fr\/#website\"},\"primaryImageOfPage\":{\"@id\":\"https:\/\/theplayoffs.news\/fr\/actualite-nfl\/la-nfl-assouplit-les-restrictions-concernant-tom-brady-comme-actionnaire-minoritaire-des-raiders\/#primaryimage\"},\"image\":{\"@id\":\"https:\/\/theplayoffs.news\/fr\/actualite-nfl\/la-nfl-assouplit-les-restrictions-concernant-tom-brady-comme-actionnaire-minoritaire-des-raiders\/#primaryimage\"},\"thumbnailUrl\":\"https:\/\/theplayoffs.news\/fr\/wp-content\/uploads\/2025\/08\/USATSI_26810375.jpg\",\"datePublished\":\"2025-08-28T09:38:00+00:00\",\"dateModified\":\"2025-08-28T09:38:18+00:00\",\"author\":{\"@id\":\"https:\/\/theplayoffs.news\/fr\/#\/schema\/person\/bb40426f4e478f9bd8cdbfeb4f2f9784\"},\"breadcrumb\":{\"@id\":\"https:\/\/theplayoffs.news\/fr\/actualite-nfl\/la-nfl-assouplit-les-restrictions-concernant-tom-brady-comme-actionnaire-minoritaire-des-raiders\/#breadcrumb\"},\"inLanguage\":\"fr-FR\",\"potentialAction\":[{\"@type\":\"ReadAction\",\"target\":[\"https:\/\/theplayoffs.news\/fr\/actualite-nfl\/la-nfl-assouplit-les-restrictions-concernant-tom-brady-comme-actionnaire-minoritaire-des-raiders\/\"]}]},{\"@type\":\"ImageObject\",\"inLanguage\":\"fr-FR\",\"@id\":\"https:\/\/theplayoffs.news\/fr\/actualite-nfl\/la-nfl-assouplit-les-restrictions-concernant-tom-brady-comme-actionnaire-minoritaire-des-raiders\/#primaryimage\",\"url\":\"https:\/\/theplayoffs.news\/fr\/wp-content\/uploads\/2025\/08\/USATSI_26810375.jpg\",\"contentUrl\":\"https:\/\/theplayoffs.news\/fr\/wp-content\/uploads\/2025\/08\/USATSI_26810375.jpg\",\"width\":1920,\"height\":1280,\"caption\":\"Aug 8, 2025; Foxborough, Massachusetts, USA; Retired Hall of Fame New England Patriot player Tom Brady talks with Brian Hoyer during the first half of a game against the Washington Commanders at Gillette Stadium. Mandatory Credit: Brian Fluharty-Imagn Images\"},{\"@type\":\"BreadcrumbList\",\"@id\":\"https:\/\/theplayoffs.news\/fr\/actualite-nfl\/la-nfl-assouplit-les-restrictions-concernant-tom-brady-comme-actionnaire-minoritaire-des-raiders\/#breadcrumb\",\"itemListElement\":[{\"@type\":\"ListItem\",\"position\":1,\"name\":\"Accueil\",\"item\":\"https:\/\/theplayoffs.news\/fr\/\"},{\"@type\":\"ListItem\",\"position\":2,\"name\":\"La NFL assouplit les restrictions concernant Tom Brady comme actionnaire minoritaire des Raiders\"}]},{\"@type\":\"WebSite\",\"@id\":\"https:\/\/theplayoffs.news\/fr\/#website\",\"url\":\"https:\/\/theplayoffs.news\/fr\/\",\"name\":\"The Playoffs FR\",\"description\":\"NBA-NFL-NHL-MLB\",\"potentialAction\":[{\"@type\":\"SearchAction\",\"target\":{\"@type\":\"EntryPoint\",\"urlTemplate\":\"https:\/\/theplayoffs.news\/fr\/?s={search_term_string}\"},\"query-input\":{\"@type\":\"PropertyValueSpecification\",\"valueRequired\":true,\"valueName\":\"search_term_string\"}}],\"inLanguage\":\"fr-FR\"},{\"@type\":\"Person\",\"@id\":\"https:\/\/theplayoffs.news\/fr\/#\/schema\/person\/bb40426f4e478f9bd8cdbfeb4f2f9784\",\"name\":\"La r\u00e9daction\",\"image\":{\"@type\":\"ImageObject\",\"inLanguage\":\"fr-FR\",\"@id\":\"https:\/\/theplayoffs.news\/fr\/#\/schema\/person\/image\/\",\"url\":\"https:\/\/secure.gravatar.com\/avatar\/7e69b41460ab2c17d61c8c364b6a0ee006f957a70191383ef42be1f4733d6515?s=96&d=mm&r=g\",\"contentUrl\":\"https:\/\/secure.gravatar.com\/avatar\/7e69b41460ab2c17d61c8c364b6a0ee006f957a70191383ef42be1f4733d6515?s=96&d=mm&r=g\",\"caption\":\"La r\u00e9daction\"},\"description\":\"On dit qu\\\\'il faut un village pour s\\\\'occuper d\\\\'un enfant. Et bien c\\\\'est exactement ce dont il s\\\\'agit ici pour The Playoffs. La r\u00e9daction, ce sont vos r\u00e9dacteurs pr\u00e9f\u00e9r\u00e9s qui collaborent sur ces articles que vous lisez au quotidien.\u00a0\",\"url\":\"https:\/\/theplayoffs.news\/fr\/author\/freeagentfr\/\"}]}<\/script>\n<!-- \/ Yoast SEO plugin. -->","yoast_head_json":{"title":"La NFL assouplit les restrictions concernant Tom Brady comme actionnaire minoritaire des Raiders - The Playoffs FR","robots":{"index":"index","follow":"follow","max-snippet":"max-snippet:-1","max-image-preview":"max-image-preview:large","max-video-preview":"max-video-preview:-1"},"canonical":"https:\/\/theplayoffs.news\/fr\/actualite-nfl\/la-nfl-assouplit-les-restrictions-concernant-tom-brady-comme-actionnaire-minoritaire-des-raiders\/","og_locale":"fr_FR","og_type":"article","og_title":"La NFL assouplit les restrictions concernant Tom Brady comme actionnaire minoritaire des Raiders - The Playoffs FR","og_description":"NFL - De nouvelles r&egrave;gles s&#039;appliqueront &agrave; Tom Brady pour la saison 2025","og_url":"https:\/\/theplayoffs.news\/fr\/actualite-nfl\/la-nfl-assouplit-les-restrictions-concernant-tom-brady-comme-actionnaire-minoritaire-des-raiders\/","og_site_name":"The Playoffs FR","article_publisher":"https:\/\/www.facebook.com\/TheFreeAgentFR\/","article_modified_time":"2025-08-28T09:38:18+00:00","og_image":[{"width":1920,"height":1280,"url":"https:\/\/theplayoffs.news\/fr\/wp-content\/uploads\/2025\/08\/USATSI_26810375.jpg","type":"image\/jpeg"}],"author":"La r\u00e9daction","twitter_card":"summary_large_image","twitter_creator":"@TheFreeAgentFR","twitter_site":"@TheFreeAgentFR","twitter_misc":{"\u00c9crit par":"La r\u00e9daction","Dur\u00e9e de lecture estim\u00e9e":"2 minutes"},"schema":{"@context":"https:\/\/schema.org","@graph":[{"@type":"WebPage","@id":"https:\/\/theplayoffs.news\/fr\/actualite-nfl\/la-nfl-assouplit-les-restrictions-concernant-tom-brady-comme-actionnaire-minoritaire-des-raiders\/","url":"https:\/\/theplayoffs.news\/fr\/actualite-nfl\/la-nfl-assouplit-les-restrictions-concernant-tom-brady-comme-actionnaire-minoritaire-des-raiders\/","name":"La NFL assouplit les restrictions concernant Tom Brady comme actionnaire minoritaire des Raiders - The Playoffs FR","isPartOf":{"@id":"https:\/\/theplayoffs.news\/fr\/#website"},"primaryImageOfPage":{"@id":"https:\/\/theplayoffs.news\/fr\/actualite-nfl\/la-nfl-assouplit-les-restrictions-concernant-tom-brady-comme-actionnaire-minoritaire-des-raiders\/#primaryimage"},"image":{"@id":"https:\/\/theplayoffs.news\/fr\/actualite-nfl\/la-nfl-assouplit-les-restrictions-concernant-tom-brady-comme-actionnaire-minoritaire-des-raiders\/#primaryimage"},"thumbnailUrl":"https:\/\/theplayoffs.news\/fr\/wp-content\/uploads\/2025\/08\/USATSI_26810375.jpg","datePublished":"2025-08-28T09:38:00+00:00","dateModified":"2025-08-28T09:38:18+00:00","author":{"@id":"https:\/\/theplayoffs.news\/fr\/#\/schema\/person\/bb40426f4e478f9bd8cdbfeb4f2f9784"},"breadcrumb":{"@id":"https:\/\/theplayoffs.news\/fr\/actualite-nfl\/la-nfl-assouplit-les-restrictions-concernant-tom-brady-comme-actionnaire-minoritaire-des-raiders\/#breadcrumb"},"inLanguage":"fr-FR","potentialAction":[{"@type":"ReadAction","target":["https:\/\/theplayoffs.news\/fr\/actualite-nfl\/la-nfl-assouplit-les-restrictions-concernant-tom-brady-comme-actionnaire-minoritaire-des-raiders\/"]}]},{"@type":"ImageObject","inLanguage":"fr-FR","@id":"https:\/\/theplayoffs.news\/fr\/actualite-nfl\/la-nfl-assouplit-les-restrictions-concernant-tom-brady-comme-actionnaire-minoritaire-des-raiders\/#primaryimage","url":"https:\/\/theplayoffs.news\/fr\/wp-content\/uploads\/2025\/08\/USATSI_26810375.jpg","contentUrl":"https:\/\/theplayoffs.news\/fr\/wp-content\/uploads\/2025\/08\/USATSI_26810375.jpg","width":1920,"height":1280,"caption":"Aug 8, 2025; Foxborough, Massachusetts, USA; Retired Hall of Fame New England Patriot player Tom Brady talks with Brian Hoyer during the first half of a game against the Washington Commanders at Gillette Stadium. Mandatory Credit: Brian Fluharty-Imagn Images"},{"@type":"BreadcrumbList","@id":"https:\/\/theplayoffs.news\/fr\/actualite-nfl\/la-nfl-assouplit-les-restrictions-concernant-tom-brady-comme-actionnaire-minoritaire-des-raiders\/#breadcrumb","itemListElement":[{"@type":"ListItem","position":1,"name":"Accueil","item":"https:\/\/theplayoffs.news\/fr\/"},{"@type":"ListItem","position":2,"name":"La NFL assouplit les restrictions concernant Tom Brady comme actionnaire minoritaire des Raiders"}]},{"@type":"WebSite","@id":"https:\/\/theplayoffs.news\/fr\/#website","url":"https:\/\/theplayoffs.news\/fr\/","name":"The Playoffs FR","description":"NBA-NFL-NHL-MLB","potentialAction":[{"@type":"SearchAction","target":{"@type":"EntryPoint","urlTemplate":"https:\/\/theplayoffs.news\/fr\/?s={search_term_string}"},"query-input":{"@type":"PropertyValueSpecification","valueRequired":true,"valueName":"search_term_string"}}],"inLanguage":"fr-FR"},{"@type":"Person","@id":"https:\/\/theplayoffs.news\/fr\/#\/schema\/person\/bb40426f4e478f9bd8cdbfeb4f2f9784","name":"La r\u00e9daction","image":{"@type":"ImageObject","inLanguage":"fr-FR","@id":"https:\/\/theplayoffs.news\/fr\/#\/schema\/person\/image\/","url":"https:\/\/secure.gravatar.com\/avatar\/7e69b41460ab2c17d61c8c364b6a0ee006f957a70191383ef42be1f4733d6515?s=96&d=mm&r=g","contentUrl":"https:\/\/secure.gravatar.com\/avatar\/7e69b41460ab2c17d61c8c364b6a0ee006f957a70191383ef42be1f4733d6515?s=96&d=mm&r=g","caption":"La r\u00e9daction"},"description":"On dit qu\\'il faut un village pour s\\'occuper d\\'un enfant. Et bien c\\'est exactement ce dont il s\\'agit ici pour The Playoffs. La r\u00e9daction, ce sont vos r\u00e9dacteurs pr\u00e9f\u00e9r\u00e9s qui collaborent sur ces articles que vous lisez au quotidien.\u00a0","url":"https:\/\/theplayoffs.news\/fr\/author\/freeagentfr\/"}]}},"_links":{"self":[{"href":"https:\/\/theplayoffs.news\/fr\/wp-json\/wp\/v2\/posts\/1500059","targetHints":{"allow":["GET"]}}],"collection":[{"href":"https:\/\/theplayoffs.news\/fr\/wp-json\/wp\/v2\/posts"}],"about":[{"href":"https:\/\/theplayoffs.news\/fr\/wp-json\/wp\/v2\/types\/post"}],"author":[{"embeddable":true,"href":"https:\/\/theplayoffs.news\/fr\/wp-json\/wp\/v2\/users\/180309799"}],"replies":[{"embeddable":true,"href":"https:\/\/theplayoffs.news\/fr\/wp-json\/wp\/v2\/comments?post=1500059"}],"version-history":[{"count":1,"href":"https:\/\/theplayoffs.news\/fr\/wp-json\/wp\/v2\/posts\/1500059\/revisions"}],"predecessor-version":[{"id":1500061,"href":"https:\/\/theplayoffs.news\/fr\/wp-json\/wp\/v2\/posts\/1500059\/revisions\/1500061"}],"wp:featuredmedia":[{"embeddable":true,"href":"https:\/\/theplayoffs.news\/fr\/wp-json\/wp\/v2\/media\/1500060"}],"wp:attachment":[{"href":"https:\/\/theplayoffs.news\/fr\/wp-json\/wp\/v2\/media?parent=1500059"}],"wp:term":[{"taxonomy":"category","embeddable":true,"href":"https:\/\/theplayoffs.news\/fr\/wp-json\/wp\/v2\/categories?post=1500059"},{"taxonomy":"post_tag","embeddable":true,"href":"https:\/\/theplayoffs.news\/fr\/wp-json\/wp\/v2\/tags?post=1500059"},{"taxonomy":"sport","embeddable":true,"href":"https:\/\/theplayoffs.news\/fr\/wp-json\/wp\/v2\/sport?post=1500059"},{"taxonomy":"saison","embeddable":true,"href":"https:\/\/theplayoffs.news\/fr\/wp-json\/wp\/v2\/saison?post=1500059"}],"curies":[{"name":"wp","href":"https:\/\/api.w.org\/{rel}","templated":true}]}}