{"id":1500004,"date":"2025-08-27T17:47:00","date_gmt":"2025-08-27T15:47:00","guid":{"rendered":"https:\/\/theplayoffs.news\/fr\/uncategorized\/\/"},"modified":"2025-08-27T17:47:17","modified_gmt":"2025-08-27T15:47:17","slug":"nfl-quelle-equipe-a-la-moyenne-dage-la-plus-elevee-en-2025","status":"publish","type":"post","link":"https:\/\/theplayoffs.news\/fr\/actualite-nfl\/nfl-quelle-equipe-a-la-moyenne-dage-la-plus-elevee-en-2025\/","title":{"rendered":"NFL: Quelle \u00e9quipe a la moyenne d&rsquo;\u00e2ge la plus \u00e9lev\u00e9e en 2025?"},"content":{"rendered":"<p>Depuis ce mardi soir, le monde entier conna&icirc;t les 53 joueurs qui composent les rosters actifs des 32 franchises NFL. Si les derni&egrave;res heures des <a href=\"https:\/\/theplayoffs.news\/fr\/actualite-nfl\/nfl-toutes-les-coupes-deffectifs-2025\/\" class=\"trk-cta-link\" data-cta-trk='{\"ctaType\":\"Link\",\"ctaSubType\":\"main\"}'>coupes d&rsquo;effectif<\/a> ont &eacute;t&eacute; l&rsquo;occasion de faire le tri parmi les jeunes ou moins jeunes joueurs qui se sont distingu&eacute;s pendant la pr&eacute;saison, le lendemain est l&rsquo;occasion de faire les comptes. Et notamment d&rsquo;observer la moyenne d&rsquo;&acirc;ge de chaque franchise NFL avant le d&eacute;but de cette saison 2025.<\/p><h2 class=\"wp-block-heading\">Washington Commanders, la prime &agrave; l&rsquo;exp&eacute;rience<\/h2><p>Cela peut para&icirc;tre comme une petite surprise en raison du jeune &acirc;ge de leur quarterback Jayden Daniels mais ce sont bien les Washington Commanders qui poss&egrave;dent la moyenne d&rsquo;&acirc;ge la plus &eacute;lev&eacute;e de tous les effectifs NFL d&rsquo;apr&egrave;s des donn&eacute;es compil&eacute;es par <a href=\"https:\/\/www.phillyvoice.com\/ranking-nfl-teams-age-after-53-man-cutdowns-2025-edition\/\" class=\"trk-cta-link\" data-cta-trk='{\"ctaType\":\"Link\",\"ctaSubType\":\"main\"}'>Jimmy Kempski de <em>PhillyVoice.com<\/em><\/a>.<\/p><p>D&rsquo;apr&egrave;s ces donn&eacute;es, les Washington Commanders pr&eacute;sentent donc l&rsquo;effectif le plus &acirc;g&eacute; de la ligue, et m&ecirc;me le plus vieux depuis plus de dix ans. En effet, la moyenne d&rsquo;&acirc;ge du roster de 53 joueurs de la capitale f&eacute;d&eacute;rale atteint 28,1 ans. C&rsquo;est la premi&egrave;re fois, depuis le d&eacute;but de ce suivi en 2012, qu&rsquo;une franchise d&eacute;passe la barre des 28 ans.<\/p><p>Jusqu&rsquo;ici, les &eacute;quipes les plus exp&eacute;riment&eacute;es &eacute;taient les Saints en 2023 et les Raiders en 2018, chacune avec une moyenne de 27,4 ans. Les Commanders battent donc ce record avec une marge significative. Cette donn&eacute;e illustre un effectif b&acirc;ti sur de nombreux v&eacute;t&eacute;rans, malgr&eacute; la pr&eacute;sence de jeunes talents comme le quarterback Jayden Daniels, 24 ans, consid&eacute;r&eacute; comme l&rsquo;avenir de la franchise.<\/p><p>Mais autour de lui, plusieurs cadres d&eacute;passent largement la trentaine : Von Miller (36 ans), Bobby Wagner (35 ans), Zach Ertz (34 ans), Laremy Tunsil (31 ans) ou encore Austin Ekeler (30 ans). Une ossature exp&eacute;riment&eacute;e qui peut apporter une stabilit&eacute; imm&eacute;diate, mais qui interroge sur la capacit&eacute; du club &agrave; se renouveler rapidement dans les ann&eacute;es &agrave; venir.<\/p><h2 class=\"wp-block-heading\">Et le plus jeune effectif est&hellip;<\/h2><p>&Agrave; l&rsquo;oppos&eacute;, les Green Bay Packers confirment leur strat&eacute;gie de rajeunissement. Pour la troisi&egrave;me ann&eacute;e cons&eacute;cutive, ils alignent l&rsquo;&eacute;quipe la plus jeune de la ligue, avec une moyenne de 25,2 ans. D&eacute;j&agrave; en t&ecirc;te de ce classement en 2023 et 2024, la franchise du Wisconsin continue de miser sur le d&eacute;veloppement de jeunes joueurs plut&ocirc;t que sur l&rsquo;exp&eacute;rience de v&eacute;t&eacute;rans &eacute;tablis.<\/p><p>Si l&rsquo;&acirc;ge moyen n&rsquo;est pas forc&eacute;ment synonyme de r&eacute;ussite ou d&rsquo;&eacute;chec, il souligne deux philosophies bien distinctes: &agrave; Washington, l&rsquo;exp&eacute;rience imm&eacute;diate ; &agrave; Green Bay, la patience et la construction sur le long terme. Reste &agrave; savoir laquelle des deux conna&icirc;tra le plus de succ&egrave;s.<\/p><p>Cr&eacute;dit photo: &copy; Sarah Kloepping\/USA TODAY NETWORK-Wisconsin \/ USA TODAY NETWORK via Imagn Images<\/p>\n","protected":false},"excerpt":{"rendered":"<p>NFL &#8211; Quel effectif NFL est le plus exp\u00e9riment\u00e9 avant d&rsquo;arriver dans la saison 2025?<\/p>\n","protected":false},"author":180309964,"featured_media":1500005,"comment_status":"closed","ping_status":"closed","sticky":false,"template":"","format":"standard","meta":{"inline_featured_image":false,"kia_subtitle":"NFL - Quel effectif NFL est le plus exp\u00e9riment\u00e9 avant d'arriver dans la saison 2025?","_mux_skip_reasons":[],"proofreadBy":0,"footnotes":""},"categories":[118,8410,40,8408],"tags":[79],"sport":[2785],"saison":[7475],"class_list":["post-1500004","post","type-post","status-publish","format-standard","has-post-thumbnail","hentry","category-actualite-nfl","category-football-americain","category-nfl","category-sports","tag-nfl","sport-nfl","saison-7475"],"acf":[],"yoast_head":"<!-- This site is optimized with the Yoast SEO plugin v24.2 - https:\/\/yoast.com\/wordpress\/plugins\/seo\/ -->\n<title>NFL: Quelle &eacute;quipe a la moyenne d&#039;&acirc;ge la plus &eacute;lev&eacute;e en 2025? - The Playoffs FR<\/title>\n<meta name=\"robots\" content=\"index, follow, max-snippet:-1, max-image-preview:large, max-video-preview:-1\" \/>\n<link rel=\"canonical\" href=\"https:\/\/theplayoffs.news\/fr\/actualite-nfl\/nfl-quelle-equipe-a-la-moyenne-dage-la-plus-elevee-en-2025\/\" \/>\n<meta property=\"og:locale\" content=\"fr_FR\" \/>\n<meta property=\"og:type\" content=\"article\" \/>\n<meta property=\"og:title\" content=\"NFL: Quelle &eacute;quipe a la moyenne d&#039;&acirc;ge la plus &eacute;lev&eacute;e en 2025? - The Playoffs FR\" \/>\n<meta property=\"og:description\" content=\"NFL - Quel effectif NFL est le plus exp&eacute;riment&eacute; avant d&#039;arriver dans la saison 2025?\" \/>\n<meta property=\"og:url\" content=\"https:\/\/theplayoffs.news\/fr\/actualite-nfl\/nfl-quelle-equipe-a-la-moyenne-dage-la-plus-elevee-en-2025\/\" \/>\n<meta property=\"og:site_name\" content=\"The Playoffs FR\" \/>\n<meta property=\"article:publisher\" content=\"https:\/\/www.facebook.com\/TheFreeAgentFR\/\" \/>\n<meta property=\"article:modified_time\" content=\"2025-08-27T17:47:17+02:00\" \/>\n<meta property=\"og:image\" content=\"https:\/\/theplayoffs.news\/fr\/wp-content\/uploads\/2025\/08\/USATSI_25982354-1.jpg\" \/>\n\t<meta property=\"og:image:width\" content=\"1920\" \/>\n\t<meta property=\"og:image:height\" content=\"1001\" \/>\n\t<meta property=\"og:image:type\" content=\"image\/jpeg\" \/>\n<meta name=\"author\" content=\"Flavien Jumeau\" \/>\n<meta name=\"twitter:card\" content=\"summary_large_image\" \/>\n<meta name=\"twitter:creator\" content=\"@TheFreeAgentFR\" \/>\n<meta name=\"twitter:site\" content=\"@TheFreeAgentFR\" \/>\n<meta name=\"twitter:label1\" content=\"\u00c9crit par\" \/>\n\t<meta name=\"twitter:data1\" content=\"Flavien Jumeau\" \/>\n\t<meta name=\"twitter:label2\" content=\"Dur\u00e9e de lecture estim\u00e9e\" \/>\n\t<meta name=\"twitter:data2\" content=\"3 minutes\" \/>\n<script type=\"application\/ld+json\" class=\"yoast-schema-graph\">{\"@context\":\"https:\/\/schema.org\",\"@graph\":[{\"@type\":\"WebPage\",\"@id\":\"https:\/\/theplayoffs.news\/fr\/actualite-nfl\/nfl-quelle-equipe-a-la-moyenne-dage-la-plus-elevee-en-2025\/\",\"url\":\"https:\/\/theplayoffs.news\/fr\/actualite-nfl\/nfl-quelle-equipe-a-la-moyenne-dage-la-plus-elevee-en-2025\/\",\"name\":\"NFL: Quelle \u00e9quipe a la moyenne d\\\\'\u00e2ge la plus \u00e9lev\u00e9e en 2025? - The Playoffs FR\",\"isPartOf\":{\"@id\":\"https:\/\/theplayoffs.news\/fr\/#website\"},\"primaryImageOfPage\":{\"@id\":\"https:\/\/theplayoffs.news\/fr\/actualite-nfl\/nfl-quelle-equipe-a-la-moyenne-dage-la-plus-elevee-en-2025\/#primaryimage\"},\"image\":{\"@id\":\"https:\/\/theplayoffs.news\/fr\/actualite-nfl\/nfl-quelle-equipe-a-la-moyenne-dage-la-plus-elevee-en-2025\/#primaryimage\"},\"thumbnailUrl\":\"https:\/\/theplayoffs.news\/fr\/wp-content\/uploads\/2025\/08\/USATSI_25982354-1.jpg\",\"datePublished\":\"2025-08-27T15:47:00+00:00\",\"dateModified\":\"2025-08-27T15:47:17+00:00\",\"author\":{\"@id\":\"https:\/\/theplayoffs.news\/fr\/#\/schema\/person\/def63bc6746dc5957469b75feb99e66d\"},\"breadcrumb\":{\"@id\":\"https:\/\/theplayoffs.news\/fr\/actualite-nfl\/nfl-quelle-equipe-a-la-moyenne-dage-la-plus-elevee-en-2025\/#breadcrumb\"},\"inLanguage\":\"fr-FR\",\"potentialAction\":[{\"@type\":\"ReadAction\",\"target\":[\"https:\/\/theplayoffs.news\/fr\/actualite-nfl\/nfl-quelle-equipe-a-la-moyenne-dage-la-plus-elevee-en-2025\/\"]}]},{\"@type\":\"ImageObject\",\"inLanguage\":\"fr-FR\",\"@id\":\"https:\/\/theplayoffs.news\/fr\/actualite-nfl\/nfl-quelle-equipe-a-la-moyenne-dage-la-plus-elevee-en-2025\/#primaryimage\",\"url\":\"https:\/\/theplayoffs.news\/fr\/wp-content\/uploads\/2025\/08\/USATSI_25982354-1.jpg\",\"contentUrl\":\"https:\/\/theplayoffs.news\/fr\/wp-content\/uploads\/2025\/08\/USATSI_25982354-1.jpg\",\"width\":1920,\"height\":1001,\"caption\":\"A wall of team helmets on display in the gallery tent on the 2025 NFL Draft campus in the Green Bay Packers\\\\' Titletown District on April 21, 2025, in Aswaubenon, Wis.\"},{\"@type\":\"BreadcrumbList\",\"@id\":\"https:\/\/theplayoffs.news\/fr\/actualite-nfl\/nfl-quelle-equipe-a-la-moyenne-dage-la-plus-elevee-en-2025\/#breadcrumb\",\"itemListElement\":[{\"@type\":\"ListItem\",\"position\":1,\"name\":\"Accueil\",\"item\":\"https:\/\/theplayoffs.news\/fr\/\"},{\"@type\":\"ListItem\",\"position\":2,\"name\":\"NFL: Quelle \u00e9quipe a la moyenne d&#8217;\u00e2ge la plus \u00e9lev\u00e9e en 2025?\"}]},{\"@type\":\"WebSite\",\"@id\":\"https:\/\/theplayoffs.news\/fr\/#website\",\"url\":\"https:\/\/theplayoffs.news\/fr\/\",\"name\":\"The Playoffs FR\",\"description\":\"NBA-NFL-NHL-MLB\",\"potentialAction\":[{\"@type\":\"SearchAction\",\"target\":{\"@type\":\"EntryPoint\",\"urlTemplate\":\"https:\/\/theplayoffs.news\/fr\/?s={search_term_string}\"},\"query-input\":{\"@type\":\"PropertyValueSpecification\",\"valueRequired\":true,\"valueName\":\"search_term_string\"}}],\"inLanguage\":\"fr-FR\"},{\"@type\":\"Person\",\"@id\":\"https:\/\/theplayoffs.news\/fr\/#\/schema\/person\/def63bc6746dc5957469b75feb99e66d\",\"name\":\"Flavien Jumeau\",\"image\":{\"@type\":\"ImageObject\",\"inLanguage\":\"fr-FR\",\"@id\":\"https:\/\/theplayoffs.news\/fr\/#\/schema\/person\/image\/\",\"url\":\"https:\/\/secure.gravatar.com\/avatar\/e7fa8ba5a4b7e4ce35fe152f083f352db28ad0acce692004ed88a7a7d78893f7?s=96&d=mm&r=g\",\"contentUrl\":\"https:\/\/secure.gravatar.com\/avatar\/e7fa8ba5a4b7e4ce35fe152f083f352db28ad0acce692004ed88a7a7d78893f7?s=96&d=mm&r=g\",\"caption\":\"Flavien Jumeau\"},\"description\":\"Amoureux du sport (et de vraiment tous les sports) depuis mon plus jeune \u00e2ge, j\u2019ai longtemps h\u00e9site entre le snooker et le curling. Finalement c\u2019est le foot US que j\u2019ai d\u00e9cid\u00e9 de choisir! Responsable foot US sur TPO et animateur du podcast Tailgate j\u2019ai pour mission de vous faire d\u00e9couvrir ce sport passionnant si ce n\u2019est pas encore fait et de vous donner les derni\u00e8res actus. Le tout dans la bonne humeur et avec toujours un jeu de mots ou deux savamment distill\u00e9s! Fan des Saints, pour moi Drew Brees est le vrai GOAT!\",\"url\":\"https:\/\/theplayoffs.news\/fr\/author\/flavien-jumeaugmail-com\/\"}]}<\/script>\n<!-- \/ Yoast SEO plugin. -->","yoast_head_json":{"title":"NFL: Quelle &eacute;quipe a la moyenne d&#039;&acirc;ge la plus &eacute;lev&eacute;e en 2025? - The Playoffs FR","robots":{"index":"index","follow":"follow","max-snippet":"max-snippet:-1","max-image-preview":"max-image-preview:large","max-video-preview":"max-video-preview:-1"},"canonical":"https:\/\/theplayoffs.news\/fr\/actualite-nfl\/nfl-quelle-equipe-a-la-moyenne-dage-la-plus-elevee-en-2025\/","og_locale":"fr_FR","og_type":"article","og_title":"NFL: Quelle &eacute;quipe a la moyenne d&#039;&acirc;ge la plus &eacute;lev&eacute;e en 2025? - The Playoffs FR","og_description":"NFL - Quel effectif NFL est le plus exp&eacute;riment&eacute; avant d&#039;arriver dans la saison 2025?","og_url":"https:\/\/theplayoffs.news\/fr\/actualite-nfl\/nfl-quelle-equipe-a-la-moyenne-dage-la-plus-elevee-en-2025\/","og_site_name":"The Playoffs FR","article_publisher":"https:\/\/www.facebook.com\/TheFreeAgentFR\/","article_modified_time":"2025-08-27T15:47:17+00:00","og_image":[{"width":1920,"height":1001,"url":"https:\/\/theplayoffs.news\/fr\/wp-content\/uploads\/2025\/08\/USATSI_25982354-1.jpg","type":"image\/jpeg"}],"author":"Flavien Jumeau","twitter_card":"summary_large_image","twitter_creator":"@TheFreeAgentFR","twitter_site":"@TheFreeAgentFR","twitter_misc":{"\u00c9crit par":"Flavien Jumeau","Dur\u00e9e de lecture estim\u00e9e":"3 minutes"},"schema":{"@context":"https:\/\/schema.org","@graph":[{"@type":"WebPage","@id":"https:\/\/theplayoffs.news\/fr\/actualite-nfl\/nfl-quelle-equipe-a-la-moyenne-dage-la-plus-elevee-en-2025\/","url":"https:\/\/theplayoffs.news\/fr\/actualite-nfl\/nfl-quelle-equipe-a-la-moyenne-dage-la-plus-elevee-en-2025\/","name":"NFL: Quelle \u00e9quipe a la moyenne d\\'\u00e2ge la plus \u00e9lev\u00e9e en 2025? - The Playoffs FR","isPartOf":{"@id":"https:\/\/theplayoffs.news\/fr\/#website"},"primaryImageOfPage":{"@id":"https:\/\/theplayoffs.news\/fr\/actualite-nfl\/nfl-quelle-equipe-a-la-moyenne-dage-la-plus-elevee-en-2025\/#primaryimage"},"image":{"@id":"https:\/\/theplayoffs.news\/fr\/actualite-nfl\/nfl-quelle-equipe-a-la-moyenne-dage-la-plus-elevee-en-2025\/#primaryimage"},"thumbnailUrl":"https:\/\/theplayoffs.news\/fr\/wp-content\/uploads\/2025\/08\/USATSI_25982354-1.jpg","datePublished":"2025-08-27T15:47:00+00:00","dateModified":"2025-08-27T15:47:17+00:00","author":{"@id":"https:\/\/theplayoffs.news\/fr\/#\/schema\/person\/def63bc6746dc5957469b75feb99e66d"},"breadcrumb":{"@id":"https:\/\/theplayoffs.news\/fr\/actualite-nfl\/nfl-quelle-equipe-a-la-moyenne-dage-la-plus-elevee-en-2025\/#breadcrumb"},"inLanguage":"fr-FR","potentialAction":[{"@type":"ReadAction","target":["https:\/\/theplayoffs.news\/fr\/actualite-nfl\/nfl-quelle-equipe-a-la-moyenne-dage-la-plus-elevee-en-2025\/"]}]},{"@type":"ImageObject","inLanguage":"fr-FR","@id":"https:\/\/theplayoffs.news\/fr\/actualite-nfl\/nfl-quelle-equipe-a-la-moyenne-dage-la-plus-elevee-en-2025\/#primaryimage","url":"https:\/\/theplayoffs.news\/fr\/wp-content\/uploads\/2025\/08\/USATSI_25982354-1.jpg","contentUrl":"https:\/\/theplayoffs.news\/fr\/wp-content\/uploads\/2025\/08\/USATSI_25982354-1.jpg","width":1920,"height":1001,"caption":"A wall of team helmets on display in the gallery tent on the 2025 NFL Draft campus in the Green Bay Packers\\' Titletown District on April 21, 2025, in Aswaubenon, Wis."},{"@type":"BreadcrumbList","@id":"https:\/\/theplayoffs.news\/fr\/actualite-nfl\/nfl-quelle-equipe-a-la-moyenne-dage-la-plus-elevee-en-2025\/#breadcrumb","itemListElement":[{"@type":"ListItem","position":1,"name":"Accueil","item":"https:\/\/theplayoffs.news\/fr\/"},{"@type":"ListItem","position":2,"name":"NFL: Quelle \u00e9quipe a la moyenne d&#8217;\u00e2ge la plus \u00e9lev\u00e9e en 2025?"}]},{"@type":"WebSite","@id":"https:\/\/theplayoffs.news\/fr\/#website","url":"https:\/\/theplayoffs.news\/fr\/","name":"The Playoffs FR","description":"NBA-NFL-NHL-MLB","potentialAction":[{"@type":"SearchAction","target":{"@type":"EntryPoint","urlTemplate":"https:\/\/theplayoffs.news\/fr\/?s={search_term_string}"},"query-input":{"@type":"PropertyValueSpecification","valueRequired":true,"valueName":"search_term_string"}}],"inLanguage":"fr-FR"},{"@type":"Person","@id":"https:\/\/theplayoffs.news\/fr\/#\/schema\/person\/def63bc6746dc5957469b75feb99e66d","name":"Flavien Jumeau","image":{"@type":"ImageObject","inLanguage":"fr-FR","@id":"https:\/\/theplayoffs.news\/fr\/#\/schema\/person\/image\/","url":"https:\/\/secure.gravatar.com\/avatar\/e7fa8ba5a4b7e4ce35fe152f083f352db28ad0acce692004ed88a7a7d78893f7?s=96&d=mm&r=g","contentUrl":"https:\/\/secure.gravatar.com\/avatar\/e7fa8ba5a4b7e4ce35fe152f083f352db28ad0acce692004ed88a7a7d78893f7?s=96&d=mm&r=g","caption":"Flavien Jumeau"},"description":"Amoureux du sport (et de vraiment tous les sports) depuis mon plus jeune \u00e2ge, j\u2019ai longtemps h\u00e9site entre le snooker et le curling. Finalement c\u2019est le foot US que j\u2019ai d\u00e9cid\u00e9 de choisir! Responsable foot US sur TPO et animateur du podcast Tailgate j\u2019ai pour mission de vous faire d\u00e9couvrir ce sport passionnant si ce n\u2019est pas encore fait et de vous donner les derni\u00e8res actus. Le tout dans la bonne humeur et avec toujours un jeu de mots ou deux savamment distill\u00e9s! Fan des Saints, pour moi Drew Brees est le vrai GOAT!","url":"https:\/\/theplayoffs.news\/fr\/author\/flavien-jumeaugmail-com\/"}]}},"_links":{"self":[{"href":"https:\/\/theplayoffs.news\/fr\/wp-json\/wp\/v2\/posts\/1500004","targetHints":{"allow":["GET"]}}],"collection":[{"href":"https:\/\/theplayoffs.news\/fr\/wp-json\/wp\/v2\/posts"}],"about":[{"href":"https:\/\/theplayoffs.news\/fr\/wp-json\/wp\/v2\/types\/post"}],"author":[{"embeddable":true,"href":"https:\/\/theplayoffs.news\/fr\/wp-json\/wp\/v2\/users\/180309964"}],"replies":[{"embeddable":true,"href":"https:\/\/theplayoffs.news\/fr\/wp-json\/wp\/v2\/comments?post=1500004"}],"version-history":[{"count":1,"href":"https:\/\/theplayoffs.news\/fr\/wp-json\/wp\/v2\/posts\/1500004\/revisions"}],"predecessor-version":[{"id":1500006,"href":"https:\/\/theplayoffs.news\/fr\/wp-json\/wp\/v2\/posts\/1500004\/revisions\/1500006"}],"wp:featuredmedia":[{"embeddable":true,"href":"https:\/\/theplayoffs.news\/fr\/wp-json\/wp\/v2\/media\/1500005"}],"wp:attachment":[{"href":"https:\/\/theplayoffs.news\/fr\/wp-json\/wp\/v2\/media?parent=1500004"}],"wp:term":[{"taxonomy":"category","embeddable":true,"href":"https:\/\/theplayoffs.news\/fr\/wp-json\/wp\/v2\/categories?post=1500004"},{"taxonomy":"post_tag","embeddable":true,"href":"https:\/\/theplayoffs.news\/fr\/wp-json\/wp\/v2\/tags?post=1500004"},{"taxonomy":"sport","embeddable":true,"href":"https:\/\/theplayoffs.news\/fr\/wp-json\/wp\/v2\/sport?post=1500004"},{"taxonomy":"saison","embeddable":true,"href":"https:\/\/theplayoffs.news\/fr\/wp-json\/wp\/v2\/saison?post=1500004"}],"curies":[{"name":"wp","href":"https:\/\/api.w.org\/{rel}","templated":true}]}}