{"id":1499954,"date":"2025-08-27T08:07:39","date_gmt":"2025-08-27T06:07:39","guid":{"rendered":"https:\/\/theplayoffs.news\/fr\/uncategorized\/\/"},"modified":"2025-08-27T08:07:45","modified_gmt":"2025-08-27T06:07:45","slug":"brian-schottenheimer-cowboys-je-veux-que-micah-parsons-monte-en-puissance-avant-le-debut-de-la-saison","status":"publish","type":"post","link":"https:\/\/theplayoffs.news\/fr\/actualite-nfl\/brian-schottenheimer-cowboys-je-veux-que-micah-parsons-monte-en-puissance-avant-le-debut-de-la-saison\/","title":{"rendered":"Brian Schottenheimer (Cowboys): \u00ab\u00a0Je veux que Micah Parsons monte en puissance avant le d\u00e9but de la saison\u00a0\u00bb"},"content":{"rendered":"<p>&Agrave; neuf jours du coup d&rsquo;envoi de la saison r&eacute;guli&egrave;re 2025, le suspense demeure toujours autour de la participation de Micah Parsons pour le premier match des <a href=\"https:\/\/theplayoffs.news\/fr\/actualite-nfl\/preview-nfl-2025-dallas-cowboys\/\" class=\"trk-cta-link\" data-cta-trk='{\"ctaType\":\"Link\",\"ctaSubType\":\"main\"}'>Dallas Cowboys<\/a> face aux Philadelphie Eagles. Le d&eacute;fenseur vedette, en d&eacute;saccord contractuel avec la franchise, n&rsquo;a pas encore repris les entra&icirc;nements complets apr&egrave;s s&rsquo;&ecirc;tre plaint de douleurs au dos.<\/p><h2 class=\"wp-block-heading\">&laquo;&nbsp;Micah Parsons doit &ecirc;tre pr&ecirc;t&nbsp;&raquo;<\/h2><p>Pour Brian Schottenheimer, entra&icirc;neur principal des Cowboys, l&rsquo;important est de pr&eacute;parer Micah Parsons progressivement afin qu&rsquo;il soit efficace d&egrave;s qu&rsquo;il sera sur le terrain. <\/p><blockquote class=\"wp-block-quote is-layout-flow wp-block-quote-is-layout-flow\">\n<p>&laquo; D&egrave;s qu&rsquo;il pourra s&rsquo;entra&icirc;ner, ce sera excellent, mais il faudra un plan de mont&eacute;e en puissance. Je veux plus que jamais que Micah monte en puissance avant le d&eacute;but de la saison &raquo;, <a href=\"https:\/\/www.nbcsports.com\/nfl\/profootballtalk\/rumor-mill\/news\/brian-schottenheimer-wants-micah-parsons-to-prepare-for-season-as-soon-as-possible\" class=\"trk-cta-link\" data-cta-trk='{\"ctaType\":\"Link\",\"ctaSubType\":\"main\"}'>a-t-il d&eacute;clar&eacute; mardi<\/a>. &laquo; Lorsqu&rsquo;il sera align&eacute;, je ne m&rsquo;attends pas &agrave; ce qu&rsquo;il joue chaque action du match, mais je sais qu&rsquo;il peut &ecirc;tre tr&egrave;s d&eacute;rangeant pour l&rsquo;adversaire. &raquo;<\/p>\n<\/blockquote><p>Parsons a assist&eacute; aux s&eacute;ances de walkthroughs et aux pr&eacute;parations tactiques, ce qui lui permet de rester en contact avec les signaux et la communication sur le terrain. <\/p><blockquote class=\"wp-block-quote is-layout-flow wp-block-quote-is-layout-flow\">\n<p>&laquo; &Ecirc;tre pr&eacute;sent autour de l&rsquo;&eacute;quipe aide beaucoup. Mais pour progresser r&eacute;ellement, il faut jouer au football &raquo;, a ajout&eacute; Schottenheimer, soulignant l&rsquo;urgence de le voir reprendre les r&eacute;p&eacute;titions sur le terrain.<\/p>\n<\/blockquote><h2 class=\"wp-block-heading\">Une dispute contractuelle toujours en cours<\/h2><p>Le joueur de 26 ans, encore sous son contrat rookie avec une base salariale de 24 millions de dollars pour cette saison, a officiellement demand&eacute; un transfert apr&egrave;s des n&eacute;gociations compliqu&eacute;es avec la direction et son agent. Ce diff&eacute;rend, qui dure depuis plusieurs mois, complique sa disponibilit&eacute; imm&eacute;diate, malgr&eacute; un examen m&eacute;dical rassurant concernant son dos. A cette heure, aucune des deux parties, que ce soit le joueur et son agent ou Jerry Jones, ne semblent disposer &agrave; faire un pas vers l&rsquo;autre.<\/p><p>Dallas affrontera les Eagles le 4 septembre pour l&rsquo;ouverture de la saison. Le d&eacute;fi pour les Cowboys sera double: convaincre Parsons de reprendre l&rsquo;entra&icirc;nement tout en maximisant son impact sur le terrain malgr&eacute; un temps de pr&eacute;paration r&eacute;duit. Brian Schottenheimer, fid&egrave;le &agrave; son discours depuis le d&eacute;but de l&rsquo;&eacute;t&eacute;, reste confiant mais prudent, conscient que l&rsquo;efficacit&eacute; du d&eacute;fenseur d&eacute;pendra avant tout de sa mont&eacute;e en r&eacute;gime progressive.<\/p><p>Cr&eacute;dit photo: &copy; Kevin Jairaj-Imagn Images<\/p>\n","protected":false},"excerpt":{"rendered":"<p>NFL &#8211; L&rsquo;entra\u00eeneur des Cowboys veut que Micah Parsons retrouve le plus vite possible l&rsquo;entra\u00eenement<\/p>\n","protected":false},"author":180309964,"featured_media":1499955,"comment_status":"closed","ping_status":"closed","sticky":false,"template":"","format":"standard","meta":{"inline_featured_image":false,"kia_subtitle":"NFL - L'entra\u00eeneur des Cowboys veut que Micah Parsons retrouve le plus vite possible l'entra\u00eenement","_mux_skip_reasons":[],"proofreadBy":0,"footnotes":""},"categories":[118,8410,40,8408],"tags":[619,2353],"sport":[2785],"saison":[7475],"class_list":["post-1499954","post","type-post","status-publish","format-standard","has-post-thumbnail","hentry","category-actualite-nfl","category-football-americain","category-nfl","category-sports","tag-dallas-cowboys","tag-micah-parsons","sport-nfl","saison-7475"],"acf":[],"yoast_head":"<!-- This site is optimized with the Yoast SEO plugin v24.2 - https:\/\/yoast.com\/wordpress\/plugins\/seo\/ -->\n<title>Brian Schottenheimer (Cowboys): &quot;Je veux que Micah Parsons monte en puissance avant le d&eacute;but de la saison&quot; - The Playoffs FR<\/title>\n<meta name=\"robots\" content=\"index, follow, max-snippet:-1, max-image-preview:large, max-video-preview:-1\" \/>\n<link rel=\"canonical\" href=\"https:\/\/theplayoffs.news\/fr\/actualite-nfl\/brian-schottenheimer-cowboys-je-veux-que-micah-parsons-monte-en-puissance-avant-le-debut-de-la-saison\/\" \/>\n<meta property=\"og:locale\" content=\"fr_FR\" \/>\n<meta property=\"og:type\" content=\"article\" \/>\n<meta property=\"og:title\" content=\"Brian Schottenheimer (Cowboys): &quot;Je veux que Micah Parsons monte en puissance avant le d&eacute;but de la saison&quot; - The Playoffs FR\" \/>\n<meta property=\"og:description\" content=\"NFL - L&#039;entra&icirc;neur des Cowboys veut que Micah Parsons retrouve le plus vite possible l&#039;entra&icirc;nement\" \/>\n<meta property=\"og:url\" content=\"https:\/\/theplayoffs.news\/fr\/actualite-nfl\/brian-schottenheimer-cowboys-je-veux-que-micah-parsons-monte-en-puissance-avant-le-debut-de-la-saison\/\" \/>\n<meta property=\"og:site_name\" content=\"The Playoffs FR\" \/>\n<meta property=\"article:publisher\" content=\"https:\/\/www.facebook.com\/TheFreeAgentFR\/\" \/>\n<meta property=\"article:modified_time\" content=\"2025-08-27T08:07:45+02:00\" \/>\n<meta property=\"og:image\" content=\"https:\/\/theplayoffs.news\/fr\/wp-content\/uploads\/2025\/08\/USATSI_26865557.jpg\" \/>\n\t<meta property=\"og:image:width\" content=\"1920\" \/>\n\t<meta property=\"og:image:height\" content=\"1231\" \/>\n\t<meta property=\"og:image:type\" content=\"image\/jpeg\" \/>\n<meta name=\"author\" content=\"Flavien Jumeau\" \/>\n<meta name=\"twitter:card\" content=\"summary_large_image\" \/>\n<meta name=\"twitter:creator\" content=\"@TheFreeAgentFR\" \/>\n<meta name=\"twitter:site\" content=\"@TheFreeAgentFR\" \/>\n<meta name=\"twitter:label1\" content=\"\u00c9crit par\" \/>\n\t<meta name=\"twitter:data1\" content=\"Flavien Jumeau\" \/>\n\t<meta name=\"twitter:label2\" content=\"Dur\u00e9e de lecture estim\u00e9e\" \/>\n\t<meta name=\"twitter:data2\" content=\"2 minutes\" \/>\n<script type=\"application\/ld+json\" class=\"yoast-schema-graph\">{\"@context\":\"https:\/\/schema.org\",\"@graph\":[{\"@type\":\"WebPage\",\"@id\":\"https:\/\/theplayoffs.news\/fr\/actualite-nfl\/brian-schottenheimer-cowboys-je-veux-que-micah-parsons-monte-en-puissance-avant-le-debut-de-la-saison\/\",\"url\":\"https:\/\/theplayoffs.news\/fr\/actualite-nfl\/brian-schottenheimer-cowboys-je-veux-que-micah-parsons-monte-en-puissance-avant-le-debut-de-la-saison\/\",\"name\":\"Brian Schottenheimer (Cowboys): \\\\\\\"Je veux que Micah Parsons monte en puissance avant le d\u00e9but de la saison\\\\\\\" - The Playoffs FR\",\"isPartOf\":{\"@id\":\"https:\/\/theplayoffs.news\/fr\/#website\"},\"primaryImageOfPage\":{\"@id\":\"https:\/\/theplayoffs.news\/fr\/actualite-nfl\/brian-schottenheimer-cowboys-je-veux-que-micah-parsons-monte-en-puissance-avant-le-debut-de-la-saison\/#primaryimage\"},\"image\":{\"@id\":\"https:\/\/theplayoffs.news\/fr\/actualite-nfl\/brian-schottenheimer-cowboys-je-veux-que-micah-parsons-monte-en-puissance-avant-le-debut-de-la-saison\/#primaryimage\"},\"thumbnailUrl\":\"https:\/\/theplayoffs.news\/fr\/wp-content\/uploads\/2025\/08\/USATSI_26865557.jpg\",\"datePublished\":\"2025-08-27T06:07:39+00:00\",\"dateModified\":\"2025-08-27T06:07:45+00:00\",\"author\":{\"@id\":\"https:\/\/theplayoffs.news\/fr\/#\/schema\/person\/def63bc6746dc5957469b75feb99e66d\"},\"breadcrumb\":{\"@id\":\"https:\/\/theplayoffs.news\/fr\/actualite-nfl\/brian-schottenheimer-cowboys-je-veux-que-micah-parsons-monte-en-puissance-avant-le-debut-de-la-saison\/#breadcrumb\"},\"inLanguage\":\"fr-FR\",\"potentialAction\":[{\"@type\":\"ReadAction\",\"target\":[\"https:\/\/theplayoffs.news\/fr\/actualite-nfl\/brian-schottenheimer-cowboys-je-veux-que-micah-parsons-monte-en-puissance-avant-le-debut-de-la-saison\/\"]}]},{\"@type\":\"ImageObject\",\"inLanguage\":\"fr-FR\",\"@id\":\"https:\/\/theplayoffs.news\/fr\/actualite-nfl\/brian-schottenheimer-cowboys-je-veux-que-micah-parsons-monte-en-puissance-avant-le-debut-de-la-saison\/#primaryimage\",\"url\":\"https:\/\/theplayoffs.news\/fr\/wp-content\/uploads\/2025\/08\/USATSI_26865557.jpg\",\"contentUrl\":\"https:\/\/theplayoffs.news\/fr\/wp-content\/uploads\/2025\/08\/USATSI_26865557.jpg\",\"width\":1920,\"height\":1231,\"caption\":\"Aug 16, 2025; Arlington, Texas, USA; Dallas Cowboys defensive end Micah Parsons (11) reacts after the game against the Baltimore Ravens at AT&amp;T Stadium. Mandatory Credit: Kevin Jairaj-Imagn Images\"},{\"@type\":\"BreadcrumbList\",\"@id\":\"https:\/\/theplayoffs.news\/fr\/actualite-nfl\/brian-schottenheimer-cowboys-je-veux-que-micah-parsons-monte-en-puissance-avant-le-debut-de-la-saison\/#breadcrumb\",\"itemListElement\":[{\"@type\":\"ListItem\",\"position\":1,\"name\":\"Accueil\",\"item\":\"https:\/\/theplayoffs.news\/fr\/\"},{\"@type\":\"ListItem\",\"position\":2,\"name\":\"Brian Schottenheimer (Cowboys): &#8220;Je veux que Micah Parsons monte en puissance avant le d\u00e9but de la saison&#8221;\"}]},{\"@type\":\"WebSite\",\"@id\":\"https:\/\/theplayoffs.news\/fr\/#website\",\"url\":\"https:\/\/theplayoffs.news\/fr\/\",\"name\":\"The Playoffs FR\",\"description\":\"NBA-NFL-NHL-MLB\",\"potentialAction\":[{\"@type\":\"SearchAction\",\"target\":{\"@type\":\"EntryPoint\",\"urlTemplate\":\"https:\/\/theplayoffs.news\/fr\/?s={search_term_string}\"},\"query-input\":{\"@type\":\"PropertyValueSpecification\",\"valueRequired\":true,\"valueName\":\"search_term_string\"}}],\"inLanguage\":\"fr-FR\"},{\"@type\":\"Person\",\"@id\":\"https:\/\/theplayoffs.news\/fr\/#\/schema\/person\/def63bc6746dc5957469b75feb99e66d\",\"name\":\"Flavien Jumeau\",\"image\":{\"@type\":\"ImageObject\",\"inLanguage\":\"fr-FR\",\"@id\":\"https:\/\/theplayoffs.news\/fr\/#\/schema\/person\/image\/\",\"url\":\"https:\/\/secure.gravatar.com\/avatar\/e7fa8ba5a4b7e4ce35fe152f083f352db28ad0acce692004ed88a7a7d78893f7?s=96&d=mm&r=g\",\"contentUrl\":\"https:\/\/secure.gravatar.com\/avatar\/e7fa8ba5a4b7e4ce35fe152f083f352db28ad0acce692004ed88a7a7d78893f7?s=96&d=mm&r=g\",\"caption\":\"Flavien Jumeau\"},\"description\":\"Amoureux du sport (et de vraiment tous les sports) depuis mon plus jeune \u00e2ge, j\u2019ai longtemps h\u00e9site entre le snooker et le curling. Finalement c\u2019est le foot US que j\u2019ai d\u00e9cid\u00e9 de choisir! Responsable foot US sur TPO et animateur du podcast Tailgate j\u2019ai pour mission de vous faire d\u00e9couvrir ce sport passionnant si ce n\u2019est pas encore fait et de vous donner les derni\u00e8res actus. Le tout dans la bonne humeur et avec toujours un jeu de mots ou deux savamment distill\u00e9s! Fan des Saints, pour moi Drew Brees est le vrai GOAT!\",\"url\":\"https:\/\/theplayoffs.news\/fr\/author\/flavien-jumeaugmail-com\/\"}]}<\/script>\n<!-- \/ Yoast SEO plugin. -->","yoast_head_json":{"title":"Brian Schottenheimer (Cowboys): &quot;Je veux que Micah Parsons monte en puissance avant le d&eacute;but de la saison&quot; - The Playoffs FR","robots":{"index":"index","follow":"follow","max-snippet":"max-snippet:-1","max-image-preview":"max-image-preview:large","max-video-preview":"max-video-preview:-1"},"canonical":"https:\/\/theplayoffs.news\/fr\/actualite-nfl\/brian-schottenheimer-cowboys-je-veux-que-micah-parsons-monte-en-puissance-avant-le-debut-de-la-saison\/","og_locale":"fr_FR","og_type":"article","og_title":"Brian Schottenheimer (Cowboys): &quot;Je veux que Micah Parsons monte en puissance avant le d&eacute;but de la saison&quot; - The Playoffs FR","og_description":"NFL - L&#039;entra&icirc;neur des Cowboys veut que Micah Parsons retrouve le plus vite possible l&#039;entra&icirc;nement","og_url":"https:\/\/theplayoffs.news\/fr\/actualite-nfl\/brian-schottenheimer-cowboys-je-veux-que-micah-parsons-monte-en-puissance-avant-le-debut-de-la-saison\/","og_site_name":"The Playoffs FR","article_publisher":"https:\/\/www.facebook.com\/TheFreeAgentFR\/","article_modified_time":"2025-08-27T06:07:45+00:00","og_image":[{"width":1920,"height":1231,"url":"https:\/\/theplayoffs.news\/fr\/wp-content\/uploads\/2025\/08\/USATSI_26865557.jpg","type":"image\/jpeg"}],"author":"Flavien Jumeau","twitter_card":"summary_large_image","twitter_creator":"@TheFreeAgentFR","twitter_site":"@TheFreeAgentFR","twitter_misc":{"\u00c9crit par":"Flavien Jumeau","Dur\u00e9e de lecture estim\u00e9e":"2 minutes"},"schema":{"@context":"https:\/\/schema.org","@graph":[{"@type":"WebPage","@id":"https:\/\/theplayoffs.news\/fr\/actualite-nfl\/brian-schottenheimer-cowboys-je-veux-que-micah-parsons-monte-en-puissance-avant-le-debut-de-la-saison\/","url":"https:\/\/theplayoffs.news\/fr\/actualite-nfl\/brian-schottenheimer-cowboys-je-veux-que-micah-parsons-monte-en-puissance-avant-le-debut-de-la-saison\/","name":"Brian Schottenheimer (Cowboys): \\\"Je veux que Micah Parsons monte en puissance avant le d\u00e9but de la saison\\\" - The Playoffs FR","isPartOf":{"@id":"https:\/\/theplayoffs.news\/fr\/#website"},"primaryImageOfPage":{"@id":"https:\/\/theplayoffs.news\/fr\/actualite-nfl\/brian-schottenheimer-cowboys-je-veux-que-micah-parsons-monte-en-puissance-avant-le-debut-de-la-saison\/#primaryimage"},"image":{"@id":"https:\/\/theplayoffs.news\/fr\/actualite-nfl\/brian-schottenheimer-cowboys-je-veux-que-micah-parsons-monte-en-puissance-avant-le-debut-de-la-saison\/#primaryimage"},"thumbnailUrl":"https:\/\/theplayoffs.news\/fr\/wp-content\/uploads\/2025\/08\/USATSI_26865557.jpg","datePublished":"2025-08-27T06:07:39+00:00","dateModified":"2025-08-27T06:07:45+00:00","author":{"@id":"https:\/\/theplayoffs.news\/fr\/#\/schema\/person\/def63bc6746dc5957469b75feb99e66d"},"breadcrumb":{"@id":"https:\/\/theplayoffs.news\/fr\/actualite-nfl\/brian-schottenheimer-cowboys-je-veux-que-micah-parsons-monte-en-puissance-avant-le-debut-de-la-saison\/#breadcrumb"},"inLanguage":"fr-FR","potentialAction":[{"@type":"ReadAction","target":["https:\/\/theplayoffs.news\/fr\/actualite-nfl\/brian-schottenheimer-cowboys-je-veux-que-micah-parsons-monte-en-puissance-avant-le-debut-de-la-saison\/"]}]},{"@type":"ImageObject","inLanguage":"fr-FR","@id":"https:\/\/theplayoffs.news\/fr\/actualite-nfl\/brian-schottenheimer-cowboys-je-veux-que-micah-parsons-monte-en-puissance-avant-le-debut-de-la-saison\/#primaryimage","url":"https:\/\/theplayoffs.news\/fr\/wp-content\/uploads\/2025\/08\/USATSI_26865557.jpg","contentUrl":"https:\/\/theplayoffs.news\/fr\/wp-content\/uploads\/2025\/08\/USATSI_26865557.jpg","width":1920,"height":1231,"caption":"Aug 16, 2025; Arlington, Texas, USA; Dallas Cowboys defensive end Micah Parsons (11) reacts after the game against the Baltimore Ravens at AT&amp;T Stadium. Mandatory Credit: Kevin Jairaj-Imagn Images"},{"@type":"BreadcrumbList","@id":"https:\/\/theplayoffs.news\/fr\/actualite-nfl\/brian-schottenheimer-cowboys-je-veux-que-micah-parsons-monte-en-puissance-avant-le-debut-de-la-saison\/#breadcrumb","itemListElement":[{"@type":"ListItem","position":1,"name":"Accueil","item":"https:\/\/theplayoffs.news\/fr\/"},{"@type":"ListItem","position":2,"name":"Brian Schottenheimer (Cowboys): &#8220;Je veux que Micah Parsons monte en puissance avant le d\u00e9but de la saison&#8221;"}]},{"@type":"WebSite","@id":"https:\/\/theplayoffs.news\/fr\/#website","url":"https:\/\/theplayoffs.news\/fr\/","name":"The Playoffs FR","description":"NBA-NFL-NHL-MLB","potentialAction":[{"@type":"SearchAction","target":{"@type":"EntryPoint","urlTemplate":"https:\/\/theplayoffs.news\/fr\/?s={search_term_string}"},"query-input":{"@type":"PropertyValueSpecification","valueRequired":true,"valueName":"search_term_string"}}],"inLanguage":"fr-FR"},{"@type":"Person","@id":"https:\/\/theplayoffs.news\/fr\/#\/schema\/person\/def63bc6746dc5957469b75feb99e66d","name":"Flavien Jumeau","image":{"@type":"ImageObject","inLanguage":"fr-FR","@id":"https:\/\/theplayoffs.news\/fr\/#\/schema\/person\/image\/","url":"https:\/\/secure.gravatar.com\/avatar\/e7fa8ba5a4b7e4ce35fe152f083f352db28ad0acce692004ed88a7a7d78893f7?s=96&d=mm&r=g","contentUrl":"https:\/\/secure.gravatar.com\/avatar\/e7fa8ba5a4b7e4ce35fe152f083f352db28ad0acce692004ed88a7a7d78893f7?s=96&d=mm&r=g","caption":"Flavien Jumeau"},"description":"Amoureux du sport (et de vraiment tous les sports) depuis mon plus jeune \u00e2ge, j\u2019ai longtemps h\u00e9site entre le snooker et le curling. Finalement c\u2019est le foot US que j\u2019ai d\u00e9cid\u00e9 de choisir! Responsable foot US sur TPO et animateur du podcast Tailgate j\u2019ai pour mission de vous faire d\u00e9couvrir ce sport passionnant si ce n\u2019est pas encore fait et de vous donner les derni\u00e8res actus. Le tout dans la bonne humeur et avec toujours un jeu de mots ou deux savamment distill\u00e9s! Fan des Saints, pour moi Drew Brees est le vrai GOAT!","url":"https:\/\/theplayoffs.news\/fr\/author\/flavien-jumeaugmail-com\/"}]}},"_links":{"self":[{"href":"https:\/\/theplayoffs.news\/fr\/wp-json\/wp\/v2\/posts\/1499954","targetHints":{"allow":["GET"]}}],"collection":[{"href":"https:\/\/theplayoffs.news\/fr\/wp-json\/wp\/v2\/posts"}],"about":[{"href":"https:\/\/theplayoffs.news\/fr\/wp-json\/wp\/v2\/types\/post"}],"author":[{"embeddable":true,"href":"https:\/\/theplayoffs.news\/fr\/wp-json\/wp\/v2\/users\/180309964"}],"replies":[{"embeddable":true,"href":"https:\/\/theplayoffs.news\/fr\/wp-json\/wp\/v2\/comments?post=1499954"}],"version-history":[{"count":1,"href":"https:\/\/theplayoffs.news\/fr\/wp-json\/wp\/v2\/posts\/1499954\/revisions"}],"predecessor-version":[{"id":1499956,"href":"https:\/\/theplayoffs.news\/fr\/wp-json\/wp\/v2\/posts\/1499954\/revisions\/1499956"}],"wp:featuredmedia":[{"embeddable":true,"href":"https:\/\/theplayoffs.news\/fr\/wp-json\/wp\/v2\/media\/1499955"}],"wp:attachment":[{"href":"https:\/\/theplayoffs.news\/fr\/wp-json\/wp\/v2\/media?parent=1499954"}],"wp:term":[{"taxonomy":"category","embeddable":true,"href":"https:\/\/theplayoffs.news\/fr\/wp-json\/wp\/v2\/categories?post=1499954"},{"taxonomy":"post_tag","embeddable":true,"href":"https:\/\/theplayoffs.news\/fr\/wp-json\/wp\/v2\/tags?post=1499954"},{"taxonomy":"sport","embeddable":true,"href":"https:\/\/theplayoffs.news\/fr\/wp-json\/wp\/v2\/sport?post=1499954"},{"taxonomy":"saison","embeddable":true,"href":"https:\/\/theplayoffs.news\/fr\/wp-json\/wp\/v2\/saison?post=1499954"}],"curies":[{"name":"wp","href":"https:\/\/api.w.org\/{rel}","templated":true}]}}