{"id":1499939,"date":"2025-08-27T07:05:00","date_gmt":"2025-08-27T05:05:00","guid":{"rendered":"https:\/\/theplayoffs.news\/fr\/uncategorized\/\/"},"modified":"2025-08-27T07:05:40","modified_gmt":"2025-08-27T05:05:40","slug":"falcons-saison-terminee-pour-kaleb-mcgary","status":"publish","type":"post","link":"https:\/\/theplayoffs.news\/fr\/actualite-nfl\/falcons-saison-terminee-pour-kaleb-mcgary\/","title":{"rendered":"Falcons: Saison termin\u00e9e pour Kaleb McGary"},"content":{"rendered":"<p>C&rsquo;est une mauvaise nouvelle pour les <a href=\"https:\/\/theplayoffs.news\/fr\/actualite-nfl\/podcast-nfl-preview-nfc-sud-2025\/\" class=\"trk-cta-link\" data-cta-trk='{\"ctaType\":\"Link\",\"ctaSubType\":\"main\"}'>Atlanta Falcons<\/a>! Le right tackle Kaleb McGary, pilier de la ligne offensive depuis plusieurs saisons, ne rejouera pas en 2025. La franchise a confirm&eacute; mardi son placement sur la liste des bless&eacute;s sans d&eacute;signation de retour, scellant ainsi <a href=\"https:\/\/www.nbcsports.com\/nfl\/profootballtalk\/rumor-mill\/news\/falcons-put-kaleb-mcgary-on-season-ending-injured-reserve\" class=\"trk-cta-link\" data-cta-trk='{\"ctaType\":\"Link\",\"ctaSubType\":\"main\"}'>la fin pr&eacute;matur&eacute;e de sa saison<\/a>.<\/p><p>Touch&eacute; &agrave; la jambe la semaine derni&egrave;re lors d&rsquo;un entra&icirc;nement, McGary avait rapidement &eacute;t&eacute; annonc&eacute; comme indisponible pour une longue dur&eacute;e par l&rsquo;entra&icirc;neur Raheem Morris. Le diagnostic est d&eacute;sormais sans appel: l&rsquo;ancien choix de premier tour manquera toute la campagne, un coup dur pour une attaque qui misait sur sa stabilit&eacute; pour prot&eacute;ger le quarterback rookie Michael Penix.<\/p><p>Pour pallier son absence, les Falcons ont confi&eacute; les r&eacute;p&eacute;titions &agrave; Elijah Wilkinson, appel&eacute; &agrave; occuper le c&ocirc;t&eacute; droit de la ligne. La situation reste d&eacute;licate puisque la profondeur est &eacute;galement fragilis&eacute;e: le rempla&ccedil;ant Storm Norton, op&eacute;r&eacute; de la cheville, sera indisponible entre six et huit semaines, malgr&eacute; sa d&eacute;signation pour un retour.<\/p><h2 class=\"wp-block-heading\">Des blessures en pagaille<\/h2><p>La ligne offensive n&rsquo;est pas la seule &agrave; &ecirc;tre touch&eacute;e. Sur le plan d&eacute;fensif, la franchise a activ&eacute; le retour de Ta&rsquo;Quon Graham apr&egrave;s une p&eacute;riode sur la liste des bless&eacute;s, mais elle devra encore patienter pour revoir les linebackers Troy Andersen et Malik Verdon, respectivement plac&eacute;s sur la liste des joueurs physiquement inaptes et sur celle des blessures non li&eacute;es au football. Tous deux manqueront au minimum les quatre premiers matchs.<\/p><p>Avec la perte de McGary, les Falcons voient dispara&icirc;tre un &eacute;l&eacute;ment cl&eacute; de leur protection, essentiel &agrave; la progression de Penix et au d&eacute;veloppement du jeu offensif. L&rsquo;&eacute;quipe devra d&eacute;sormais s&rsquo;adapter rapidement et miser sur ses solutions internes pour &eacute;viter que cette absence majeure ne compromette ses ambitions.<\/p><p>Cr&eacute;dit photo: &copy; Brett Davis-Imagn Images<\/p>\n","protected":false},"excerpt":{"rendered":"<p>NFL &#8211; Coup dur pour la ligne offensive des Atlanta Falcons<\/p>\n","protected":false},"author":180309964,"featured_media":1499940,"comment_status":"closed","ping_status":"closed","sticky":false,"template":"","format":"standard","meta":{"inline_featured_image":false,"kia_subtitle":"NFL - Coup dur pour la ligne offensive des Atlanta Falcons","_mux_skip_reasons":[],"proofreadBy":0,"footnotes":""},"categories":[118,8410,40,8408],"tags":[920,8834],"sport":[2785],"saison":[7475],"class_list":["post-1499939","post","type-post","status-publish","format-standard","has-post-thumbnail","hentry","category-actualite-nfl","category-football-americain","category-nfl","category-sports","tag-atlanta-falcons","tag-kaleb-mcgary","sport-nfl","saison-7475"],"acf":[],"yoast_head":"<!-- This site is optimized with the Yoast SEO plugin v24.2 - https:\/\/yoast.com\/wordpress\/plugins\/seo\/ -->\n<title>Falcons: Saison termin&eacute;e pour Kaleb McGary - The Playoffs FR<\/title>\n<meta name=\"robots\" content=\"index, follow, max-snippet:-1, max-image-preview:large, max-video-preview:-1\" \/>\n<link rel=\"canonical\" href=\"https:\/\/theplayoffs.news\/fr\/actualite-nfl\/falcons-saison-terminee-pour-kaleb-mcgary\/\" \/>\n<meta property=\"og:locale\" content=\"fr_FR\" \/>\n<meta property=\"og:type\" content=\"article\" \/>\n<meta property=\"og:title\" content=\"Falcons: Saison termin&eacute;e pour Kaleb McGary - The Playoffs FR\" \/>\n<meta property=\"og:description\" content=\"NFL - Coup dur pour la ligne offensive des Atlanta Falcons\" \/>\n<meta property=\"og:url\" content=\"https:\/\/theplayoffs.news\/fr\/actualite-nfl\/falcons-saison-terminee-pour-kaleb-mcgary\/\" \/>\n<meta property=\"og:site_name\" content=\"The Playoffs FR\" \/>\n<meta property=\"article:publisher\" content=\"https:\/\/www.facebook.com\/TheFreeAgentFR\/\" \/>\n<meta property=\"article:modified_time\" content=\"2025-08-27T07:05:40+02:00\" \/>\n<meta property=\"og:image\" content=\"https:\/\/theplayoffs.news\/fr\/wp-content\/uploads\/2025\/08\/USATSI_24304390.jpg\" \/>\n\t<meta property=\"og:image:width\" content=\"1920\" \/>\n\t<meta property=\"og:image:height\" content=\"1280\" \/>\n\t<meta property=\"og:image:type\" content=\"image\/jpeg\" \/>\n<meta name=\"author\" content=\"Flavien Jumeau\" \/>\n<meta name=\"twitter:card\" content=\"summary_large_image\" \/>\n<meta name=\"twitter:creator\" content=\"@TheFreeAgentFR\" \/>\n<meta name=\"twitter:site\" content=\"@TheFreeAgentFR\" \/>\n<meta name=\"twitter:label1\" content=\"\u00c9crit par\" \/>\n\t<meta name=\"twitter:data1\" content=\"Flavien Jumeau\" \/>\n\t<meta name=\"twitter:label2\" content=\"Dur\u00e9e de lecture estim\u00e9e\" \/>\n\t<meta name=\"twitter:data2\" content=\"2 minutes\" \/>\n<script type=\"application\/ld+json\" class=\"yoast-schema-graph\">{\"@context\":\"https:\/\/schema.org\",\"@graph\":[{\"@type\":\"WebPage\",\"@id\":\"https:\/\/theplayoffs.news\/fr\/actualite-nfl\/falcons-saison-terminee-pour-kaleb-mcgary\/\",\"url\":\"https:\/\/theplayoffs.news\/fr\/actualite-nfl\/falcons-saison-terminee-pour-kaleb-mcgary\/\",\"name\":\"Falcons: Saison termin\u00e9e pour Kaleb McGary - The Playoffs FR\",\"isPartOf\":{\"@id\":\"https:\/\/theplayoffs.news\/fr\/#website\"},\"primaryImageOfPage\":{\"@id\":\"https:\/\/theplayoffs.news\/fr\/actualite-nfl\/falcons-saison-terminee-pour-kaleb-mcgary\/#primaryimage\"},\"image\":{\"@id\":\"https:\/\/theplayoffs.news\/fr\/actualite-nfl\/falcons-saison-terminee-pour-kaleb-mcgary\/#primaryimage\"},\"thumbnailUrl\":\"https:\/\/theplayoffs.news\/fr\/wp-content\/uploads\/2025\/08\/USATSI_24304390.jpg\",\"datePublished\":\"2025-08-27T05:05:00+00:00\",\"dateModified\":\"2025-08-27T05:05:40+00:00\",\"author\":{\"@id\":\"https:\/\/theplayoffs.news\/fr\/#\/schema\/person\/def63bc6746dc5957469b75feb99e66d\"},\"breadcrumb\":{\"@id\":\"https:\/\/theplayoffs.news\/fr\/actualite-nfl\/falcons-saison-terminee-pour-kaleb-mcgary\/#breadcrumb\"},\"inLanguage\":\"fr-FR\",\"potentialAction\":[{\"@type\":\"ReadAction\",\"target\":[\"https:\/\/theplayoffs.news\/fr\/actualite-nfl\/falcons-saison-terminee-pour-kaleb-mcgary\/\"]}]},{\"@type\":\"ImageObject\",\"inLanguage\":\"fr-FR\",\"@id\":\"https:\/\/theplayoffs.news\/fr\/actualite-nfl\/falcons-saison-terminee-pour-kaleb-mcgary\/#primaryimage\",\"url\":\"https:\/\/theplayoffs.news\/fr\/wp-content\/uploads\/2025\/08\/USATSI_24304390.jpg\",\"contentUrl\":\"https:\/\/theplayoffs.news\/fr\/wp-content\/uploads\/2025\/08\/USATSI_24304390.jpg\",\"width\":1920,\"height\":1280,\"caption\":\"Sep 22, 2024; Atlanta, Georgia, USA; Atlanta Falcons offensive tackle Kaleb McGary (76) leaves the field with an injury against the Kansas City Chiefs in the second quarter at Mercedes-Benz Stadium. Mandatory Credit: Brett Davis-Imagn Images\"},{\"@type\":\"BreadcrumbList\",\"@id\":\"https:\/\/theplayoffs.news\/fr\/actualite-nfl\/falcons-saison-terminee-pour-kaleb-mcgary\/#breadcrumb\",\"itemListElement\":[{\"@type\":\"ListItem\",\"position\":1,\"name\":\"Accueil\",\"item\":\"https:\/\/theplayoffs.news\/fr\/\"},{\"@type\":\"ListItem\",\"position\":2,\"name\":\"Falcons: Saison termin\u00e9e pour Kaleb McGary\"}]},{\"@type\":\"WebSite\",\"@id\":\"https:\/\/theplayoffs.news\/fr\/#website\",\"url\":\"https:\/\/theplayoffs.news\/fr\/\",\"name\":\"The Playoffs FR\",\"description\":\"NBA-NFL-NHL-MLB\",\"potentialAction\":[{\"@type\":\"SearchAction\",\"target\":{\"@type\":\"EntryPoint\",\"urlTemplate\":\"https:\/\/theplayoffs.news\/fr\/?s={search_term_string}\"},\"query-input\":{\"@type\":\"PropertyValueSpecification\",\"valueRequired\":true,\"valueName\":\"search_term_string\"}}],\"inLanguage\":\"fr-FR\"},{\"@type\":\"Person\",\"@id\":\"https:\/\/theplayoffs.news\/fr\/#\/schema\/person\/def63bc6746dc5957469b75feb99e66d\",\"name\":\"Flavien Jumeau\",\"image\":{\"@type\":\"ImageObject\",\"inLanguage\":\"fr-FR\",\"@id\":\"https:\/\/theplayoffs.news\/fr\/#\/schema\/person\/image\/\",\"url\":\"https:\/\/secure.gravatar.com\/avatar\/e7fa8ba5a4b7e4ce35fe152f083f352db28ad0acce692004ed88a7a7d78893f7?s=96&d=mm&r=g\",\"contentUrl\":\"https:\/\/secure.gravatar.com\/avatar\/e7fa8ba5a4b7e4ce35fe152f083f352db28ad0acce692004ed88a7a7d78893f7?s=96&d=mm&r=g\",\"caption\":\"Flavien Jumeau\"},\"description\":\"Amoureux du sport (et de vraiment tous les sports) depuis mon plus jeune \u00e2ge, j\u2019ai longtemps h\u00e9site entre le snooker et le curling. Finalement c\u2019est le foot US que j\u2019ai d\u00e9cid\u00e9 de choisir! Responsable foot US sur TPO et animateur du podcast Tailgate j\u2019ai pour mission de vous faire d\u00e9couvrir ce sport passionnant si ce n\u2019est pas encore fait et de vous donner les derni\u00e8res actus. Le tout dans la bonne humeur et avec toujours un jeu de mots ou deux savamment distill\u00e9s! Fan des Saints, pour moi Drew Brees est le vrai GOAT!\",\"url\":\"https:\/\/theplayoffs.news\/fr\/author\/flavien-jumeaugmail-com\/\"}]}<\/script>\n<!-- \/ Yoast SEO plugin. -->","yoast_head_json":{"title":"Falcons: Saison termin&eacute;e pour Kaleb McGary - The Playoffs FR","robots":{"index":"index","follow":"follow","max-snippet":"max-snippet:-1","max-image-preview":"max-image-preview:large","max-video-preview":"max-video-preview:-1"},"canonical":"https:\/\/theplayoffs.news\/fr\/actualite-nfl\/falcons-saison-terminee-pour-kaleb-mcgary\/","og_locale":"fr_FR","og_type":"article","og_title":"Falcons: Saison termin&eacute;e pour Kaleb McGary - The Playoffs FR","og_description":"NFL - Coup dur pour la ligne offensive des Atlanta Falcons","og_url":"https:\/\/theplayoffs.news\/fr\/actualite-nfl\/falcons-saison-terminee-pour-kaleb-mcgary\/","og_site_name":"The Playoffs FR","article_publisher":"https:\/\/www.facebook.com\/TheFreeAgentFR\/","article_modified_time":"2025-08-27T05:05:40+00:00","og_image":[{"width":1920,"height":1280,"url":"https:\/\/theplayoffs.news\/fr\/wp-content\/uploads\/2025\/08\/USATSI_24304390.jpg","type":"image\/jpeg"}],"author":"Flavien Jumeau","twitter_card":"summary_large_image","twitter_creator":"@TheFreeAgentFR","twitter_site":"@TheFreeAgentFR","twitter_misc":{"\u00c9crit par":"Flavien Jumeau","Dur\u00e9e de lecture estim\u00e9e":"2 minutes"},"schema":{"@context":"https:\/\/schema.org","@graph":[{"@type":"WebPage","@id":"https:\/\/theplayoffs.news\/fr\/actualite-nfl\/falcons-saison-terminee-pour-kaleb-mcgary\/","url":"https:\/\/theplayoffs.news\/fr\/actualite-nfl\/falcons-saison-terminee-pour-kaleb-mcgary\/","name":"Falcons: Saison termin\u00e9e pour Kaleb McGary - The Playoffs FR","isPartOf":{"@id":"https:\/\/theplayoffs.news\/fr\/#website"},"primaryImageOfPage":{"@id":"https:\/\/theplayoffs.news\/fr\/actualite-nfl\/falcons-saison-terminee-pour-kaleb-mcgary\/#primaryimage"},"image":{"@id":"https:\/\/theplayoffs.news\/fr\/actualite-nfl\/falcons-saison-terminee-pour-kaleb-mcgary\/#primaryimage"},"thumbnailUrl":"https:\/\/theplayoffs.news\/fr\/wp-content\/uploads\/2025\/08\/USATSI_24304390.jpg","datePublished":"2025-08-27T05:05:00+00:00","dateModified":"2025-08-27T05:05:40+00:00","author":{"@id":"https:\/\/theplayoffs.news\/fr\/#\/schema\/person\/def63bc6746dc5957469b75feb99e66d"},"breadcrumb":{"@id":"https:\/\/theplayoffs.news\/fr\/actualite-nfl\/falcons-saison-terminee-pour-kaleb-mcgary\/#breadcrumb"},"inLanguage":"fr-FR","potentialAction":[{"@type":"ReadAction","target":["https:\/\/theplayoffs.news\/fr\/actualite-nfl\/falcons-saison-terminee-pour-kaleb-mcgary\/"]}]},{"@type":"ImageObject","inLanguage":"fr-FR","@id":"https:\/\/theplayoffs.news\/fr\/actualite-nfl\/falcons-saison-terminee-pour-kaleb-mcgary\/#primaryimage","url":"https:\/\/theplayoffs.news\/fr\/wp-content\/uploads\/2025\/08\/USATSI_24304390.jpg","contentUrl":"https:\/\/theplayoffs.news\/fr\/wp-content\/uploads\/2025\/08\/USATSI_24304390.jpg","width":1920,"height":1280,"caption":"Sep 22, 2024; Atlanta, Georgia, USA; Atlanta Falcons offensive tackle Kaleb McGary (76) leaves the field with an injury against the Kansas City Chiefs in the second quarter at Mercedes-Benz Stadium. Mandatory Credit: Brett Davis-Imagn Images"},{"@type":"BreadcrumbList","@id":"https:\/\/theplayoffs.news\/fr\/actualite-nfl\/falcons-saison-terminee-pour-kaleb-mcgary\/#breadcrumb","itemListElement":[{"@type":"ListItem","position":1,"name":"Accueil","item":"https:\/\/theplayoffs.news\/fr\/"},{"@type":"ListItem","position":2,"name":"Falcons: Saison termin\u00e9e pour Kaleb McGary"}]},{"@type":"WebSite","@id":"https:\/\/theplayoffs.news\/fr\/#website","url":"https:\/\/theplayoffs.news\/fr\/","name":"The Playoffs FR","description":"NBA-NFL-NHL-MLB","potentialAction":[{"@type":"SearchAction","target":{"@type":"EntryPoint","urlTemplate":"https:\/\/theplayoffs.news\/fr\/?s={search_term_string}"},"query-input":{"@type":"PropertyValueSpecification","valueRequired":true,"valueName":"search_term_string"}}],"inLanguage":"fr-FR"},{"@type":"Person","@id":"https:\/\/theplayoffs.news\/fr\/#\/schema\/person\/def63bc6746dc5957469b75feb99e66d","name":"Flavien Jumeau","image":{"@type":"ImageObject","inLanguage":"fr-FR","@id":"https:\/\/theplayoffs.news\/fr\/#\/schema\/person\/image\/","url":"https:\/\/secure.gravatar.com\/avatar\/e7fa8ba5a4b7e4ce35fe152f083f352db28ad0acce692004ed88a7a7d78893f7?s=96&d=mm&r=g","contentUrl":"https:\/\/secure.gravatar.com\/avatar\/e7fa8ba5a4b7e4ce35fe152f083f352db28ad0acce692004ed88a7a7d78893f7?s=96&d=mm&r=g","caption":"Flavien Jumeau"},"description":"Amoureux du sport (et de vraiment tous les sports) depuis mon plus jeune \u00e2ge, j\u2019ai longtemps h\u00e9site entre le snooker et le curling. Finalement c\u2019est le foot US que j\u2019ai d\u00e9cid\u00e9 de choisir! Responsable foot US sur TPO et animateur du podcast Tailgate j\u2019ai pour mission de vous faire d\u00e9couvrir ce sport passionnant si ce n\u2019est pas encore fait et de vous donner les derni\u00e8res actus. Le tout dans la bonne humeur et avec toujours un jeu de mots ou deux savamment distill\u00e9s! Fan des Saints, pour moi Drew Brees est le vrai GOAT!","url":"https:\/\/theplayoffs.news\/fr\/author\/flavien-jumeaugmail-com\/"}]}},"_links":{"self":[{"href":"https:\/\/theplayoffs.news\/fr\/wp-json\/wp\/v2\/posts\/1499939","targetHints":{"allow":["GET"]}}],"collection":[{"href":"https:\/\/theplayoffs.news\/fr\/wp-json\/wp\/v2\/posts"}],"about":[{"href":"https:\/\/theplayoffs.news\/fr\/wp-json\/wp\/v2\/types\/post"}],"author":[{"embeddable":true,"href":"https:\/\/theplayoffs.news\/fr\/wp-json\/wp\/v2\/users\/180309964"}],"replies":[{"embeddable":true,"href":"https:\/\/theplayoffs.news\/fr\/wp-json\/wp\/v2\/comments?post=1499939"}],"version-history":[{"count":1,"href":"https:\/\/theplayoffs.news\/fr\/wp-json\/wp\/v2\/posts\/1499939\/revisions"}],"predecessor-version":[{"id":1499941,"href":"https:\/\/theplayoffs.news\/fr\/wp-json\/wp\/v2\/posts\/1499939\/revisions\/1499941"}],"wp:featuredmedia":[{"embeddable":true,"href":"https:\/\/theplayoffs.news\/fr\/wp-json\/wp\/v2\/media\/1499940"}],"wp:attachment":[{"href":"https:\/\/theplayoffs.news\/fr\/wp-json\/wp\/v2\/media?parent=1499939"}],"wp:term":[{"taxonomy":"category","embeddable":true,"href":"https:\/\/theplayoffs.news\/fr\/wp-json\/wp\/v2\/categories?post=1499939"},{"taxonomy":"post_tag","embeddable":true,"href":"https:\/\/theplayoffs.news\/fr\/wp-json\/wp\/v2\/tags?post=1499939"},{"taxonomy":"sport","embeddable":true,"href":"https:\/\/theplayoffs.news\/fr\/wp-json\/wp\/v2\/sport?post=1499939"},{"taxonomy":"saison","embeddable":true,"href":"https:\/\/theplayoffs.news\/fr\/wp-json\/wp\/v2\/saison?post=1499939"}],"curies":[{"name":"wp","href":"https:\/\/api.w.org\/{rel}","templated":true}]}}