{"id":1499862,"date":"2025-08-26T10:24:00","date_gmt":"2025-08-26T08:24:00","guid":{"rendered":"https:\/\/theplayoffs.news\/fr\/uncategorized\/\/"},"modified":"2025-08-26T10:24:11","modified_gmt":"2025-08-26T08:24:11","slug":"trey-hendrickson-ne-veut-pas-se-projeter-au-dela-de-la-saison-2025","status":"publish","type":"post","link":"https:\/\/theplayoffs.news\/fr\/actualite-nfl\/trey-hendrickson-ne-veut-pas-se-projeter-au-dela-de-la-saison-2025\/","title":{"rendered":"Trey Hendrickson ne veut pas se projeter au-del\u00e0 de la saison 2025"},"content":{"rendered":"<p>Les Bengals de Cincinnati ont officialis&eacute; ce lundi <a href=\"https:\/\/theplayoffs.news\/fr\/actualite-nfl\/bengals-trey-hendrickson-tient-son-augmentation\/\" class=\"trk-cta-link\" data-cta-trk='{\"ctaType\":\"Link\",\"ctaSubType\":\"main\"}'>le nouveau contrat pour un an de Trey Hendrickson<\/a>. Le defensive end vedette a paraph&eacute; un contrat assorti d&rsquo;une revalorisation salariale significative, lui garantissant une augmentation de 14 millions de dollars pour la saison &agrave; venir. Malgr&eacute; cette avanc&eacute;e, son avenir au-del&agrave; de 2025 demeure incertain.<\/p><h2 class=\"wp-block-heading\">&laquo;&nbsp;Je veux prendre jour apr&egrave;s jour&nbsp;&raquo;<\/h2><p>Trey Hendrickson, qui sera libre de tout engagement en mars prochain, n&rsquo;a pas souhait&eacute; s&rsquo;exprimer sur la suite de sa carri&egrave;re. <\/p><blockquote class=\"wp-block-quote is-layout-flow wp-block-quote-is-layout-flow\">\n<p>&laquo; On avance jour apr&egrave;s jour &raquo;, <a href=\"https:\/\/www.nbcsports.com\/nfl\/profootballtalk\/rumor-mill\/news\/trey-hendrickson-on-his-future-beyond-this-season-were-taking-one-day-at-a-time\" class=\"trk-cta-link\" data-cta-trk='{\"ctaType\":\"Link\",\"ctaSubType\":\"main\"}'>a-t-il confi&eacute; au site officiel de l&rsquo;&eacute;quipe<\/a>. &laquo; Pour cette saison, c&rsquo;est une b&eacute;n&eacute;diction de recevoir une telle reconnaissance, et je me concentre uniquement sur l&rsquo;opportunit&eacute; de continuer &agrave; chasser les quarterbacks. &raquo;<\/p>\n<\/blockquote><p>Le joueur, &acirc;g&eacute; de 29 ans, touchera 30 millions de dollars en salaire de base en 2025. Son contrat pr&eacute;voit &eacute;galement une prime d&rsquo;un million s&rsquo;il dispute au moins 60 % des snaps d&eacute;fensifs et si Cincinnati atteint les playoffs. Une clause qui refl&egrave;te l&rsquo;importance de son r&ocirc;le au sein d&rsquo;une d&eacute;fense d&eacute;j&agrave; renforc&eacute;e par les prolongations de Tee Higgins et Ja&rsquo;Marr Chase, ainsi que par la signature du rookie Shemar Stewart.<\/p><h2 class=\"wp-block-heading\">Une fin provisoire des tensions?<\/h2><p>La signature de cet accord met fin &agrave; plusieurs semaines de tensions. Hendrickson avait boycott&eacute; une partie du programme volontaire d&rsquo;intersaison et limit&eacute; sa participation au camp d&rsquo;entra&icirc;nement pour obtenir une r&eacute;vision de son salaire initial, fix&eacute; &agrave; 15,8 millions de dollars. Finalement, les deux parties ont trouv&eacute; un terrain d&rsquo;entente, m&ecirc;me si les discussions autour d&rsquo;un engagement &agrave; long terme n&rsquo;ont pas abouti.<\/p><p>Pour les Bengals, l&rsquo;essentiel est assur&eacute;: la star d&eacute;fensive sera bien l&agrave; en 2025. Quant &agrave; Hendrickson, il pr&eacute;f&egrave;re savourer le pr&eacute;sent plut&ocirc;t que de sp&eacute;culer sur son avenir en NFL. Car de nouvelles n&eacute;gociations, cette fois avec plusieurs &eacute;quipes dans la danse, devraient intervenir d&egrave;s la fin de la saison NFL 2025. Rendez-vous donc en mars prochain!<\/p><p>Cr&eacute;dit photo: &copy; Sam Greene\/The Enquirer \/ USA TODAY NETWORK via Imagn Images<\/p>\n","protected":false},"excerpt":{"rendered":"<p>NFL &#8211; Trey Hendrickson veut savourer sa revalorisation de contrat<\/p>\n","protected":false},"author":180309964,"featured_media":1499864,"comment_status":"closed","ping_status":"closed","sticky":false,"template":"","format":"standard","meta":{"inline_featured_image":false,"kia_subtitle":"NFL - Trey Hendrickson veut savourer sa revalorisation de contrat","_mux_skip_reasons":[],"proofreadBy":0,"footnotes":""},"categories":[118,8410,40,8408],"tags":[802,3286],"sport":[2785],"saison":[7475],"class_list":["post-1499862","post","type-post","status-publish","format-standard","has-post-thumbnail","hentry","category-actualite-nfl","category-football-americain","category-nfl","category-sports","tag-cincinnati-bengals","tag-trey-hendrickson","sport-nfl","saison-7475"],"acf":[],"yoast_head":"<!-- This site is optimized with the Yoast SEO plugin v24.2 - https:\/\/yoast.com\/wordpress\/plugins\/seo\/ -->\n<title>Trey Hendrickson ne veut pas se projeter au-del&agrave; de la saison 2025 - The Playoffs FR<\/title>\n<meta name=\"robots\" content=\"index, follow, max-snippet:-1, max-image-preview:large, max-video-preview:-1\" \/>\n<link rel=\"canonical\" href=\"https:\/\/theplayoffs.news\/fr\/actualite-nfl\/trey-hendrickson-ne-veut-pas-se-projeter-au-dela-de-la-saison-2025\/\" \/>\n<meta property=\"og:locale\" content=\"fr_FR\" \/>\n<meta property=\"og:type\" content=\"article\" \/>\n<meta property=\"og:title\" content=\"Trey Hendrickson ne veut pas se projeter au-del&agrave; de la saison 2025 - The Playoffs FR\" \/>\n<meta property=\"og:description\" content=\"NFL - Trey Hendrickson veut savourer sa revalorisation de contrat\" \/>\n<meta property=\"og:url\" content=\"https:\/\/theplayoffs.news\/fr\/actualite-nfl\/trey-hendrickson-ne-veut-pas-se-projeter-au-dela-de-la-saison-2025\/\" \/>\n<meta property=\"og:site_name\" content=\"The Playoffs FR\" \/>\n<meta property=\"article:publisher\" content=\"https:\/\/www.facebook.com\/TheFreeAgentFR\/\" \/>\n<meta property=\"article:modified_time\" content=\"2025-08-26T10:24:11+02:00\" \/>\n<meta property=\"og:image\" content=\"https:\/\/theplayoffs.news\/fr\/wp-content\/uploads\/2025\/08\/USATSI_26875478.jpg\" \/>\n\t<meta property=\"og:image:width\" content=\"1920\" \/>\n\t<meta property=\"og:image:height\" content=\"1280\" \/>\n\t<meta property=\"og:image:type\" content=\"image\/jpeg\" \/>\n<meta name=\"author\" content=\"Flavien Jumeau\" \/>\n<meta name=\"twitter:card\" content=\"summary_large_image\" \/>\n<meta name=\"twitter:creator\" content=\"@TheFreeAgentFR\" \/>\n<meta name=\"twitter:site\" content=\"@TheFreeAgentFR\" \/>\n<meta name=\"twitter:label1\" content=\"\u00c9crit par\" \/>\n\t<meta name=\"twitter:data1\" content=\"Flavien Jumeau\" \/>\n\t<meta name=\"twitter:label2\" content=\"Dur\u00e9e de lecture estim\u00e9e\" \/>\n\t<meta name=\"twitter:data2\" content=\"2 minutes\" \/>\n<script type=\"application\/ld+json\" class=\"yoast-schema-graph\">{\"@context\":\"https:\/\/schema.org\",\"@graph\":[{\"@type\":\"WebPage\",\"@id\":\"https:\/\/theplayoffs.news\/fr\/actualite-nfl\/trey-hendrickson-ne-veut-pas-se-projeter-au-dela-de-la-saison-2025\/\",\"url\":\"https:\/\/theplayoffs.news\/fr\/actualite-nfl\/trey-hendrickson-ne-veut-pas-se-projeter-au-dela-de-la-saison-2025\/\",\"name\":\"Trey Hendrickson ne veut pas se projeter au-del\u00e0 de la saison 2025 - The Playoffs FR\",\"isPartOf\":{\"@id\":\"https:\/\/theplayoffs.news\/fr\/#website\"},\"primaryImageOfPage\":{\"@id\":\"https:\/\/theplayoffs.news\/fr\/actualite-nfl\/trey-hendrickson-ne-veut-pas-se-projeter-au-dela-de-la-saison-2025\/#primaryimage\"},\"image\":{\"@id\":\"https:\/\/theplayoffs.news\/fr\/actualite-nfl\/trey-hendrickson-ne-veut-pas-se-projeter-au-dela-de-la-saison-2025\/#primaryimage\"},\"thumbnailUrl\":\"https:\/\/theplayoffs.news\/fr\/wp-content\/uploads\/2025\/08\/USATSI_26875478.jpg\",\"datePublished\":\"2025-08-26T08:24:00+00:00\",\"dateModified\":\"2025-08-26T08:24:11+00:00\",\"author\":{\"@id\":\"https:\/\/theplayoffs.news\/fr\/#\/schema\/person\/def63bc6746dc5957469b75feb99e66d\"},\"breadcrumb\":{\"@id\":\"https:\/\/theplayoffs.news\/fr\/actualite-nfl\/trey-hendrickson-ne-veut-pas-se-projeter-au-dela-de-la-saison-2025\/#breadcrumb\"},\"inLanguage\":\"fr-FR\",\"potentialAction\":[{\"@type\":\"ReadAction\",\"target\":[\"https:\/\/theplayoffs.news\/fr\/actualite-nfl\/trey-hendrickson-ne-veut-pas-se-projeter-au-dela-de-la-saison-2025\/\"]}]},{\"@type\":\"ImageObject\",\"inLanguage\":\"fr-FR\",\"@id\":\"https:\/\/theplayoffs.news\/fr\/actualite-nfl\/trey-hendrickson-ne-veut-pas-se-projeter-au-dela-de-la-saison-2025\/#primaryimage\",\"url\":\"https:\/\/theplayoffs.news\/fr\/wp-content\/uploads\/2025\/08\/USATSI_26875478.jpg\",\"contentUrl\":\"https:\/\/theplayoffs.news\/fr\/wp-content\/uploads\/2025\/08\/USATSI_26875478.jpg\",\"width\":1920,\"height\":1280,\"caption\":\"Cincinnati Bengals defensive end Trey Hendrickson (91) talks with director of player personnel Duke Tobin before the first quarter of the NFL Preseason Week 2 game between the Washington Commanders and the Cincinnati Bengals at Northwest Stadium in Landover, Md., on Monday, Aug. 18, 2025.\"},{\"@type\":\"BreadcrumbList\",\"@id\":\"https:\/\/theplayoffs.news\/fr\/actualite-nfl\/trey-hendrickson-ne-veut-pas-se-projeter-au-dela-de-la-saison-2025\/#breadcrumb\",\"itemListElement\":[{\"@type\":\"ListItem\",\"position\":1,\"name\":\"Accueil\",\"item\":\"https:\/\/theplayoffs.news\/fr\/\"},{\"@type\":\"ListItem\",\"position\":2,\"name\":\"Trey Hendrickson ne veut pas se projeter au-del\u00e0 de la saison 2025\"}]},{\"@type\":\"WebSite\",\"@id\":\"https:\/\/theplayoffs.news\/fr\/#website\",\"url\":\"https:\/\/theplayoffs.news\/fr\/\",\"name\":\"The Playoffs FR\",\"description\":\"NBA-NFL-NHL-MLB\",\"potentialAction\":[{\"@type\":\"SearchAction\",\"target\":{\"@type\":\"EntryPoint\",\"urlTemplate\":\"https:\/\/theplayoffs.news\/fr\/?s={search_term_string}\"},\"query-input\":{\"@type\":\"PropertyValueSpecification\",\"valueRequired\":true,\"valueName\":\"search_term_string\"}}],\"inLanguage\":\"fr-FR\"},{\"@type\":\"Person\",\"@id\":\"https:\/\/theplayoffs.news\/fr\/#\/schema\/person\/def63bc6746dc5957469b75feb99e66d\",\"name\":\"Flavien Jumeau\",\"image\":{\"@type\":\"ImageObject\",\"inLanguage\":\"fr-FR\",\"@id\":\"https:\/\/theplayoffs.news\/fr\/#\/schema\/person\/image\/\",\"url\":\"https:\/\/secure.gravatar.com\/avatar\/e7fa8ba5a4b7e4ce35fe152f083f352db28ad0acce692004ed88a7a7d78893f7?s=96&d=mm&r=g\",\"contentUrl\":\"https:\/\/secure.gravatar.com\/avatar\/e7fa8ba5a4b7e4ce35fe152f083f352db28ad0acce692004ed88a7a7d78893f7?s=96&d=mm&r=g\",\"caption\":\"Flavien Jumeau\"},\"description\":\"Amoureux du sport (et de vraiment tous les sports) depuis mon plus jeune \u00e2ge, j\u2019ai longtemps h\u00e9site entre le snooker et le curling. Finalement c\u2019est le foot US que j\u2019ai d\u00e9cid\u00e9 de choisir! Responsable foot US sur TPO et animateur du podcast Tailgate j\u2019ai pour mission de vous faire d\u00e9couvrir ce sport passionnant si ce n\u2019est pas encore fait et de vous donner les derni\u00e8res actus. Le tout dans la bonne humeur et avec toujours un jeu de mots ou deux savamment distill\u00e9s! Fan des Saints, pour moi Drew Brees est le vrai GOAT!\",\"url\":\"https:\/\/theplayoffs.news\/fr\/author\/flavien-jumeaugmail-com\/\"}]}<\/script>\n<!-- \/ Yoast SEO plugin. -->","yoast_head_json":{"title":"Trey Hendrickson ne veut pas se projeter au-del&agrave; de la saison 2025 - The Playoffs FR","robots":{"index":"index","follow":"follow","max-snippet":"max-snippet:-1","max-image-preview":"max-image-preview:large","max-video-preview":"max-video-preview:-1"},"canonical":"https:\/\/theplayoffs.news\/fr\/actualite-nfl\/trey-hendrickson-ne-veut-pas-se-projeter-au-dela-de-la-saison-2025\/","og_locale":"fr_FR","og_type":"article","og_title":"Trey Hendrickson ne veut pas se projeter au-del&agrave; de la saison 2025 - The Playoffs FR","og_description":"NFL - Trey Hendrickson veut savourer sa revalorisation de contrat","og_url":"https:\/\/theplayoffs.news\/fr\/actualite-nfl\/trey-hendrickson-ne-veut-pas-se-projeter-au-dela-de-la-saison-2025\/","og_site_name":"The Playoffs FR","article_publisher":"https:\/\/www.facebook.com\/TheFreeAgentFR\/","article_modified_time":"2025-08-26T08:24:11+00:00","og_image":[{"width":1920,"height":1280,"url":"https:\/\/theplayoffs.news\/fr\/wp-content\/uploads\/2025\/08\/USATSI_26875478.jpg","type":"image\/jpeg"}],"author":"Flavien Jumeau","twitter_card":"summary_large_image","twitter_creator":"@TheFreeAgentFR","twitter_site":"@TheFreeAgentFR","twitter_misc":{"\u00c9crit par":"Flavien Jumeau","Dur\u00e9e de lecture estim\u00e9e":"2 minutes"},"schema":{"@context":"https:\/\/schema.org","@graph":[{"@type":"WebPage","@id":"https:\/\/theplayoffs.news\/fr\/actualite-nfl\/trey-hendrickson-ne-veut-pas-se-projeter-au-dela-de-la-saison-2025\/","url":"https:\/\/theplayoffs.news\/fr\/actualite-nfl\/trey-hendrickson-ne-veut-pas-se-projeter-au-dela-de-la-saison-2025\/","name":"Trey Hendrickson ne veut pas se projeter au-del\u00e0 de la saison 2025 - The Playoffs FR","isPartOf":{"@id":"https:\/\/theplayoffs.news\/fr\/#website"},"primaryImageOfPage":{"@id":"https:\/\/theplayoffs.news\/fr\/actualite-nfl\/trey-hendrickson-ne-veut-pas-se-projeter-au-dela-de-la-saison-2025\/#primaryimage"},"image":{"@id":"https:\/\/theplayoffs.news\/fr\/actualite-nfl\/trey-hendrickson-ne-veut-pas-se-projeter-au-dela-de-la-saison-2025\/#primaryimage"},"thumbnailUrl":"https:\/\/theplayoffs.news\/fr\/wp-content\/uploads\/2025\/08\/USATSI_26875478.jpg","datePublished":"2025-08-26T08:24:00+00:00","dateModified":"2025-08-26T08:24:11+00:00","author":{"@id":"https:\/\/theplayoffs.news\/fr\/#\/schema\/person\/def63bc6746dc5957469b75feb99e66d"},"breadcrumb":{"@id":"https:\/\/theplayoffs.news\/fr\/actualite-nfl\/trey-hendrickson-ne-veut-pas-se-projeter-au-dela-de-la-saison-2025\/#breadcrumb"},"inLanguage":"fr-FR","potentialAction":[{"@type":"ReadAction","target":["https:\/\/theplayoffs.news\/fr\/actualite-nfl\/trey-hendrickson-ne-veut-pas-se-projeter-au-dela-de-la-saison-2025\/"]}]},{"@type":"ImageObject","inLanguage":"fr-FR","@id":"https:\/\/theplayoffs.news\/fr\/actualite-nfl\/trey-hendrickson-ne-veut-pas-se-projeter-au-dela-de-la-saison-2025\/#primaryimage","url":"https:\/\/theplayoffs.news\/fr\/wp-content\/uploads\/2025\/08\/USATSI_26875478.jpg","contentUrl":"https:\/\/theplayoffs.news\/fr\/wp-content\/uploads\/2025\/08\/USATSI_26875478.jpg","width":1920,"height":1280,"caption":"Cincinnati Bengals defensive end Trey Hendrickson (91) talks with director of player personnel Duke Tobin before the first quarter of the NFL Preseason Week 2 game between the Washington Commanders and the Cincinnati Bengals at Northwest Stadium in Landover, Md., on Monday, Aug. 18, 2025."},{"@type":"BreadcrumbList","@id":"https:\/\/theplayoffs.news\/fr\/actualite-nfl\/trey-hendrickson-ne-veut-pas-se-projeter-au-dela-de-la-saison-2025\/#breadcrumb","itemListElement":[{"@type":"ListItem","position":1,"name":"Accueil","item":"https:\/\/theplayoffs.news\/fr\/"},{"@type":"ListItem","position":2,"name":"Trey Hendrickson ne veut pas se projeter au-del\u00e0 de la saison 2025"}]},{"@type":"WebSite","@id":"https:\/\/theplayoffs.news\/fr\/#website","url":"https:\/\/theplayoffs.news\/fr\/","name":"The Playoffs FR","description":"NBA-NFL-NHL-MLB","potentialAction":[{"@type":"SearchAction","target":{"@type":"EntryPoint","urlTemplate":"https:\/\/theplayoffs.news\/fr\/?s={search_term_string}"},"query-input":{"@type":"PropertyValueSpecification","valueRequired":true,"valueName":"search_term_string"}}],"inLanguage":"fr-FR"},{"@type":"Person","@id":"https:\/\/theplayoffs.news\/fr\/#\/schema\/person\/def63bc6746dc5957469b75feb99e66d","name":"Flavien Jumeau","image":{"@type":"ImageObject","inLanguage":"fr-FR","@id":"https:\/\/theplayoffs.news\/fr\/#\/schema\/person\/image\/","url":"https:\/\/secure.gravatar.com\/avatar\/e7fa8ba5a4b7e4ce35fe152f083f352db28ad0acce692004ed88a7a7d78893f7?s=96&d=mm&r=g","contentUrl":"https:\/\/secure.gravatar.com\/avatar\/e7fa8ba5a4b7e4ce35fe152f083f352db28ad0acce692004ed88a7a7d78893f7?s=96&d=mm&r=g","caption":"Flavien Jumeau"},"description":"Amoureux du sport (et de vraiment tous les sports) depuis mon plus jeune \u00e2ge, j\u2019ai longtemps h\u00e9site entre le snooker et le curling. Finalement c\u2019est le foot US que j\u2019ai d\u00e9cid\u00e9 de choisir! Responsable foot US sur TPO et animateur du podcast Tailgate j\u2019ai pour mission de vous faire d\u00e9couvrir ce sport passionnant si ce n\u2019est pas encore fait et de vous donner les derni\u00e8res actus. Le tout dans la bonne humeur et avec toujours un jeu de mots ou deux savamment distill\u00e9s! Fan des Saints, pour moi Drew Brees est le vrai GOAT!","url":"https:\/\/theplayoffs.news\/fr\/author\/flavien-jumeaugmail-com\/"}]}},"_links":{"self":[{"href":"https:\/\/theplayoffs.news\/fr\/wp-json\/wp\/v2\/posts\/1499862","targetHints":{"allow":["GET"]}}],"collection":[{"href":"https:\/\/theplayoffs.news\/fr\/wp-json\/wp\/v2\/posts"}],"about":[{"href":"https:\/\/theplayoffs.news\/fr\/wp-json\/wp\/v2\/types\/post"}],"author":[{"embeddable":true,"href":"https:\/\/theplayoffs.news\/fr\/wp-json\/wp\/v2\/users\/180309964"}],"replies":[{"embeddable":true,"href":"https:\/\/theplayoffs.news\/fr\/wp-json\/wp\/v2\/comments?post=1499862"}],"version-history":[{"count":1,"href":"https:\/\/theplayoffs.news\/fr\/wp-json\/wp\/v2\/posts\/1499862\/revisions"}],"predecessor-version":[{"id":1499865,"href":"https:\/\/theplayoffs.news\/fr\/wp-json\/wp\/v2\/posts\/1499862\/revisions\/1499865"}],"wp:featuredmedia":[{"embeddable":true,"href":"https:\/\/theplayoffs.news\/fr\/wp-json\/wp\/v2\/media\/1499864"}],"wp:attachment":[{"href":"https:\/\/theplayoffs.news\/fr\/wp-json\/wp\/v2\/media?parent=1499862"}],"wp:term":[{"taxonomy":"category","embeddable":true,"href":"https:\/\/theplayoffs.news\/fr\/wp-json\/wp\/v2\/categories?post=1499862"},{"taxonomy":"post_tag","embeddable":true,"href":"https:\/\/theplayoffs.news\/fr\/wp-json\/wp\/v2\/tags?post=1499862"},{"taxonomy":"sport","embeddable":true,"href":"https:\/\/theplayoffs.news\/fr\/wp-json\/wp\/v2\/sport?post=1499862"},{"taxonomy":"saison","embeddable":true,"href":"https:\/\/theplayoffs.news\/fr\/wp-json\/wp\/v2\/saison?post=1499862"}],"curies":[{"name":"wp","href":"https:\/\/api.w.org\/{rel}","templated":true}]}}