{"id":1499742,"date":"2025-08-25T07:44:19","date_gmt":"2025-08-25T05:44:19","guid":{"rendered":"https:\/\/theplayoffs.news\/fr\/uncategorized\/\/"},"modified":"2025-08-25T07:44:27","modified_gmt":"2025-08-25T05:44:27","slug":"effectifs-nfl-les-cowboys-se-separent-de-lael-collins","status":"publish","type":"post","link":"https:\/\/theplayoffs.news\/fr\/actualite-nfl\/effectifs-nfl-les-cowboys-se-separent-de-lael-collins\/","title":{"rendered":"Effectifs NFL: Les Cowboys se s\u00e9parent de La&rsquo;el Collins"},"content":{"rendered":"<p>L&rsquo;aventure de La&rsquo;el Collins avec les <a href=\"https:\/\/theplayoffs.news\/fr\/actualite-nfl\/preview-nfl-2025-dallas-cowboys\/\" class=\"trk-cta-link\" data-cta-trk='{\"ctaType\":\"Link\",\"ctaSubType\":\"main\"}'>Dallas Cowboys<\/a> a de nouveau pris fin. Selon les informations rapport&eacute;es par <em>ESPN<\/em>, la franchise texane a <a href=\"https:\/\/www.nbcsports.com\/nfl\/profootballtalk\/rumor-mill\/news\/cowboys-cutting-lael-collins\" class=\"trk-cta-link\" data-cta-trk='{\"ctaType\":\"Link\",\"ctaSubType\":\"main\"}'>d&eacute;cid&eacute; de se s&eacute;parer du lineman offensif<\/a> apr&egrave;s seulement quelques semaines pass&eacute;es au sein de l&rsquo;effectif.<\/p><h2 class=\"wp-block-heading\">Un d&eacute;but de carri&egrave;re tumultueux<\/h2><p>Revenu &agrave; Dallas au d&eacute;but du mois, La&rsquo;el Collins avait particip&eacute; aux trois rencontres de pr&eacute;saison. Mais ses performances n&rsquo;ont pas convaincu le staff technique, qui a choisi de ne pas l&rsquo;int&eacute;grer &agrave; la ligne offensive d&eacute;finitive pour la saison &agrave; venir. Un coup dur pour le joueur de 32 ans, dont la carri&egrave;re semble aujourd&rsquo;hui proche du cr&eacute;puscule.<\/p><p>Ancien grand espoir du football universitaire, Collins &eacute;tait annonc&eacute; comme un choix potentiel du premier tour de la draft 2015 en sortie de LSU. Mais sa cote avait brutalement chut&eacute; &agrave; la suite de rumeurs infond&eacute;es l&rsquo;associant &agrave; une affaire criminelle, ce qui l&rsquo;avait finalement conduit &agrave; signer en tant qu&rsquo;agent libre non-draft&eacute; avec les Dallas Cowboys. D&egrave;s ses d&eacute;buts, il avait su s&rsquo;imposer et a port&eacute; le maillot des Cowboys jusqu&rsquo;en 2021, s&rsquo;imposant comme un titulaire solide sur la ligne offensive.<\/p><h2 class=\"wp-block-heading\">Un passage hors de Dallas puis le retour au Texas<\/h2><p>En 2022, La&rsquo;el Collins avait pris la direction de Cincinnati, recrut&eacute; par les Bengals pour renforcer la protection de Joe Burrow. Toutefois, son passage dans l&rsquo;Ohio avait &eacute;t&eacute; de courte dur&eacute;e, marqu&eacute; par des blessures et une perte d&rsquo;influence. Depuis, l&rsquo;ancien Tiger a multipli&eacute; les contrats de courte dur&eacute;e : un retour avort&eacute; chez les Cowboys en 2023, suivi d&rsquo;une br&egrave;ve exp&eacute;rience avec les Buffalo Bills en 2024.<\/p><p>&Agrave; pr&eacute;sent libre de tout engagement, La&rsquo;el Collins se retrouve face &agrave; un avenir incertain. &Agrave; 32 ans, les opportunit&eacute;s pourraient se rar&eacute;fier dans une ligue o&ugrave; la jeunesse et la polyvalence sont devenues des crit&egrave;res primordiaux pour les managers g&eacute;n&eacute;raux. Son exp&eacute;rience reste toutefois un atout, et une &eacute;quipe en qu&ecirc;te de profondeur sur sa ligne offensive pourrait encore lui offrir une derni&egrave;re chance.<\/p><p>Reste &agrave; savoir si cette nouvelle coupure repr&eacute;sente un simple contretemps&hellip; ou bien le dernier chapitre de la carri&egrave;re professionnelle du lineman offensif.<\/p><p>Cr&eacute;dit photo: &copy; Kevin Jairaj-Imagn Images<\/p>\n","protected":false},"excerpt":{"rendered":"<p>NFL &#8211; Les Dallas Cowboys ont lib\u00e9r\u00e9 leur joueur de ligne offensive La&rsquo;el Collins<\/p>\n","protected":false},"author":180309964,"featured_media":1499743,"comment_status":"closed","ping_status":"closed","sticky":false,"template":"","format":"standard","meta":{"inline_featured_image":false,"kia_subtitle":"NFL - Les Dallas Cowboys ont lib\u00e9r\u00e9 leur joueur de ligne offensive La'el Collins","_mux_skip_reasons":[],"proofreadBy":0,"footnotes":""},"categories":[118,8410,40,8408],"tags":[619,2838],"sport":[2785],"saison":[7475],"class_list":["post-1499742","post","type-post","status-publish","format-standard","has-post-thumbnail","hentry","category-actualite-nfl","category-football-americain","category-nfl","category-sports","tag-dallas-cowboys","tag-lael-collins","sport-nfl","saison-7475"],"acf":[],"yoast_head":"<!-- This site is optimized with the Yoast SEO plugin v24.2 - https:\/\/yoast.com\/wordpress\/plugins\/seo\/ -->\n<title>Effectifs NFL: Les Cowboys se s&eacute;parent de La&#039;el Collins - The Playoffs FR<\/title>\n<meta name=\"robots\" content=\"index, follow, max-snippet:-1, max-image-preview:large, max-video-preview:-1\" \/>\n<link rel=\"canonical\" href=\"https:\/\/theplayoffs.news\/fr\/actualite-nfl\/effectifs-nfl-les-cowboys-se-separent-de-lael-collins\/\" \/>\n<meta property=\"og:locale\" content=\"fr_FR\" \/>\n<meta property=\"og:type\" content=\"article\" \/>\n<meta property=\"og:title\" content=\"Effectifs NFL: Les Cowboys se s&eacute;parent de La&#039;el Collins - The Playoffs FR\" \/>\n<meta property=\"og:description\" content=\"NFL - Les Dallas Cowboys ont lib&eacute;r&eacute; leur joueur de ligne offensive La&#039;el Collins\" \/>\n<meta property=\"og:url\" content=\"https:\/\/theplayoffs.news\/fr\/actualite-nfl\/effectifs-nfl-les-cowboys-se-separent-de-lael-collins\/\" \/>\n<meta property=\"og:site_name\" content=\"The Playoffs FR\" \/>\n<meta property=\"article:publisher\" content=\"https:\/\/www.facebook.com\/TheFreeAgentFR\/\" \/>\n<meta property=\"article:modified_time\" content=\"2025-08-25T07:44:27+02:00\" \/>\n<meta property=\"og:image\" content=\"https:\/\/theplayoffs.news\/fr\/wp-content\/uploads\/2025\/08\/USATSI_26908012.jpg\" \/>\n\t<meta property=\"og:image:width\" content=\"1920\" \/>\n\t<meta property=\"og:image:height\" content=\"1205\" \/>\n\t<meta property=\"og:image:type\" content=\"image\/jpeg\" \/>\n<meta name=\"author\" content=\"Flavien Jumeau\" \/>\n<meta name=\"twitter:card\" content=\"summary_large_image\" \/>\n<meta name=\"twitter:creator\" content=\"@TheFreeAgentFR\" \/>\n<meta name=\"twitter:site\" content=\"@TheFreeAgentFR\" \/>\n<meta name=\"twitter:label1\" content=\"\u00c9crit par\" \/>\n\t<meta name=\"twitter:data1\" content=\"Flavien Jumeau\" \/>\n\t<meta name=\"twitter:label2\" content=\"Dur\u00e9e de lecture estim\u00e9e\" \/>\n\t<meta name=\"twitter:data2\" content=\"3 minutes\" \/>\n<script type=\"application\/ld+json\" class=\"yoast-schema-graph\">{\"@context\":\"https:\/\/schema.org\",\"@graph\":[{\"@type\":\"WebPage\",\"@id\":\"https:\/\/theplayoffs.news\/fr\/actualite-nfl\/effectifs-nfl-les-cowboys-se-separent-de-lael-collins\/\",\"url\":\"https:\/\/theplayoffs.news\/fr\/actualite-nfl\/effectifs-nfl-les-cowboys-se-separent-de-lael-collins\/\",\"name\":\"Effectifs NFL: Les Cowboys se s\u00e9parent de La\\\\'el Collins - The Playoffs FR\",\"isPartOf\":{\"@id\":\"https:\/\/theplayoffs.news\/fr\/#website\"},\"primaryImageOfPage\":{\"@id\":\"https:\/\/theplayoffs.news\/fr\/actualite-nfl\/effectifs-nfl-les-cowboys-se-separent-de-lael-collins\/#primaryimage\"},\"image\":{\"@id\":\"https:\/\/theplayoffs.news\/fr\/actualite-nfl\/effectifs-nfl-les-cowboys-se-separent-de-lael-collins\/#primaryimage\"},\"thumbnailUrl\":\"https:\/\/theplayoffs.news\/fr\/wp-content\/uploads\/2025\/08\/USATSI_26908012.jpg\",\"datePublished\":\"2025-08-25T05:44:19+00:00\",\"dateModified\":\"2025-08-25T05:44:27+00:00\",\"author\":{\"@id\":\"https:\/\/theplayoffs.news\/fr\/#\/schema\/person\/def63bc6746dc5957469b75feb99e66d\"},\"breadcrumb\":{\"@id\":\"https:\/\/theplayoffs.news\/fr\/actualite-nfl\/effectifs-nfl-les-cowboys-se-separent-de-lael-collins\/#breadcrumb\"},\"inLanguage\":\"fr-FR\",\"potentialAction\":[{\"@type\":\"ReadAction\",\"target\":[\"https:\/\/theplayoffs.news\/fr\/actualite-nfl\/effectifs-nfl-les-cowboys-se-separent-de-lael-collins\/\"]}]},{\"@type\":\"ImageObject\",\"inLanguage\":\"fr-FR\",\"@id\":\"https:\/\/theplayoffs.news\/fr\/actualite-nfl\/effectifs-nfl-les-cowboys-se-separent-de-lael-collins\/#primaryimage\",\"url\":\"https:\/\/theplayoffs.news\/fr\/wp-content\/uploads\/2025\/08\/USATSI_26908012.jpg\",\"contentUrl\":\"https:\/\/theplayoffs.news\/fr\/wp-content\/uploads\/2025\/08\/USATSI_26908012.jpg\",\"width\":1920,\"height\":1205,\"caption\":\"Aug 22, 2025; Arlington, Texas, USA; Dallas Cowboys guard La\\\\'el Collins (72) spikes the football after a touchdown during the second half against the Atlanta Falcons at AT&amp;T Stadium. Mandatory Credit: Kevin Jairaj-Imagn Images\"},{\"@type\":\"BreadcrumbList\",\"@id\":\"https:\/\/theplayoffs.news\/fr\/actualite-nfl\/effectifs-nfl-les-cowboys-se-separent-de-lael-collins\/#breadcrumb\",\"itemListElement\":[{\"@type\":\"ListItem\",\"position\":1,\"name\":\"Accueil\",\"item\":\"https:\/\/theplayoffs.news\/fr\/\"},{\"@type\":\"ListItem\",\"position\":2,\"name\":\"Effectifs NFL: Les Cowboys se s\u00e9parent de La&#8217;el Collins\"}]},{\"@type\":\"WebSite\",\"@id\":\"https:\/\/theplayoffs.news\/fr\/#website\",\"url\":\"https:\/\/theplayoffs.news\/fr\/\",\"name\":\"The Playoffs FR\",\"description\":\"NBA-NFL-NHL-MLB\",\"potentialAction\":[{\"@type\":\"SearchAction\",\"target\":{\"@type\":\"EntryPoint\",\"urlTemplate\":\"https:\/\/theplayoffs.news\/fr\/?s={search_term_string}\"},\"query-input\":{\"@type\":\"PropertyValueSpecification\",\"valueRequired\":true,\"valueName\":\"search_term_string\"}}],\"inLanguage\":\"fr-FR\"},{\"@type\":\"Person\",\"@id\":\"https:\/\/theplayoffs.news\/fr\/#\/schema\/person\/def63bc6746dc5957469b75feb99e66d\",\"name\":\"Flavien Jumeau\",\"image\":{\"@type\":\"ImageObject\",\"inLanguage\":\"fr-FR\",\"@id\":\"https:\/\/theplayoffs.news\/fr\/#\/schema\/person\/image\/\",\"url\":\"https:\/\/secure.gravatar.com\/avatar\/e7fa8ba5a4b7e4ce35fe152f083f352db28ad0acce692004ed88a7a7d78893f7?s=96&d=mm&r=g\",\"contentUrl\":\"https:\/\/secure.gravatar.com\/avatar\/e7fa8ba5a4b7e4ce35fe152f083f352db28ad0acce692004ed88a7a7d78893f7?s=96&d=mm&r=g\",\"caption\":\"Flavien Jumeau\"},\"description\":\"Amoureux du sport (et de vraiment tous les sports) depuis mon plus jeune \u00e2ge, j\u2019ai longtemps h\u00e9site entre le snooker et le curling. Finalement c\u2019est le foot US que j\u2019ai d\u00e9cid\u00e9 de choisir! Responsable foot US sur TPO et animateur du podcast Tailgate j\u2019ai pour mission de vous faire d\u00e9couvrir ce sport passionnant si ce n\u2019est pas encore fait et de vous donner les derni\u00e8res actus. Le tout dans la bonne humeur et avec toujours un jeu de mots ou deux savamment distill\u00e9s! Fan des Saints, pour moi Drew Brees est le vrai GOAT!\",\"url\":\"https:\/\/theplayoffs.news\/fr\/author\/flavien-jumeaugmail-com\/\"}]}<\/script>\n<!-- \/ Yoast SEO plugin. -->","yoast_head_json":{"title":"Effectifs NFL: Les Cowboys se s&eacute;parent de La&#039;el Collins - The Playoffs FR","robots":{"index":"index","follow":"follow","max-snippet":"max-snippet:-1","max-image-preview":"max-image-preview:large","max-video-preview":"max-video-preview:-1"},"canonical":"https:\/\/theplayoffs.news\/fr\/actualite-nfl\/effectifs-nfl-les-cowboys-se-separent-de-lael-collins\/","og_locale":"fr_FR","og_type":"article","og_title":"Effectifs NFL: Les Cowboys se s&eacute;parent de La&#039;el Collins - The Playoffs FR","og_description":"NFL - Les Dallas Cowboys ont lib&eacute;r&eacute; leur joueur de ligne offensive La&#039;el Collins","og_url":"https:\/\/theplayoffs.news\/fr\/actualite-nfl\/effectifs-nfl-les-cowboys-se-separent-de-lael-collins\/","og_site_name":"The Playoffs FR","article_publisher":"https:\/\/www.facebook.com\/TheFreeAgentFR\/","article_modified_time":"2025-08-25T05:44:27+00:00","og_image":[{"width":1920,"height":1205,"url":"https:\/\/theplayoffs.news\/fr\/wp-content\/uploads\/2025\/08\/USATSI_26908012.jpg","type":"image\/jpeg"}],"author":"Flavien Jumeau","twitter_card":"summary_large_image","twitter_creator":"@TheFreeAgentFR","twitter_site":"@TheFreeAgentFR","twitter_misc":{"\u00c9crit par":"Flavien Jumeau","Dur\u00e9e de lecture estim\u00e9e":"3 minutes"},"schema":{"@context":"https:\/\/schema.org","@graph":[{"@type":"WebPage","@id":"https:\/\/theplayoffs.news\/fr\/actualite-nfl\/effectifs-nfl-les-cowboys-se-separent-de-lael-collins\/","url":"https:\/\/theplayoffs.news\/fr\/actualite-nfl\/effectifs-nfl-les-cowboys-se-separent-de-lael-collins\/","name":"Effectifs NFL: Les Cowboys se s\u00e9parent de La\\'el Collins - The Playoffs FR","isPartOf":{"@id":"https:\/\/theplayoffs.news\/fr\/#website"},"primaryImageOfPage":{"@id":"https:\/\/theplayoffs.news\/fr\/actualite-nfl\/effectifs-nfl-les-cowboys-se-separent-de-lael-collins\/#primaryimage"},"image":{"@id":"https:\/\/theplayoffs.news\/fr\/actualite-nfl\/effectifs-nfl-les-cowboys-se-separent-de-lael-collins\/#primaryimage"},"thumbnailUrl":"https:\/\/theplayoffs.news\/fr\/wp-content\/uploads\/2025\/08\/USATSI_26908012.jpg","datePublished":"2025-08-25T05:44:19+00:00","dateModified":"2025-08-25T05:44:27+00:00","author":{"@id":"https:\/\/theplayoffs.news\/fr\/#\/schema\/person\/def63bc6746dc5957469b75feb99e66d"},"breadcrumb":{"@id":"https:\/\/theplayoffs.news\/fr\/actualite-nfl\/effectifs-nfl-les-cowboys-se-separent-de-lael-collins\/#breadcrumb"},"inLanguage":"fr-FR","potentialAction":[{"@type":"ReadAction","target":["https:\/\/theplayoffs.news\/fr\/actualite-nfl\/effectifs-nfl-les-cowboys-se-separent-de-lael-collins\/"]}]},{"@type":"ImageObject","inLanguage":"fr-FR","@id":"https:\/\/theplayoffs.news\/fr\/actualite-nfl\/effectifs-nfl-les-cowboys-se-separent-de-lael-collins\/#primaryimage","url":"https:\/\/theplayoffs.news\/fr\/wp-content\/uploads\/2025\/08\/USATSI_26908012.jpg","contentUrl":"https:\/\/theplayoffs.news\/fr\/wp-content\/uploads\/2025\/08\/USATSI_26908012.jpg","width":1920,"height":1205,"caption":"Aug 22, 2025; Arlington, Texas, USA; Dallas Cowboys guard La\\'el Collins (72) spikes the football after a touchdown during the second half against the Atlanta Falcons at AT&amp;T Stadium. Mandatory Credit: Kevin Jairaj-Imagn Images"},{"@type":"BreadcrumbList","@id":"https:\/\/theplayoffs.news\/fr\/actualite-nfl\/effectifs-nfl-les-cowboys-se-separent-de-lael-collins\/#breadcrumb","itemListElement":[{"@type":"ListItem","position":1,"name":"Accueil","item":"https:\/\/theplayoffs.news\/fr\/"},{"@type":"ListItem","position":2,"name":"Effectifs NFL: Les Cowboys se s\u00e9parent de La&#8217;el Collins"}]},{"@type":"WebSite","@id":"https:\/\/theplayoffs.news\/fr\/#website","url":"https:\/\/theplayoffs.news\/fr\/","name":"The Playoffs FR","description":"NBA-NFL-NHL-MLB","potentialAction":[{"@type":"SearchAction","target":{"@type":"EntryPoint","urlTemplate":"https:\/\/theplayoffs.news\/fr\/?s={search_term_string}"},"query-input":{"@type":"PropertyValueSpecification","valueRequired":true,"valueName":"search_term_string"}}],"inLanguage":"fr-FR"},{"@type":"Person","@id":"https:\/\/theplayoffs.news\/fr\/#\/schema\/person\/def63bc6746dc5957469b75feb99e66d","name":"Flavien Jumeau","image":{"@type":"ImageObject","inLanguage":"fr-FR","@id":"https:\/\/theplayoffs.news\/fr\/#\/schema\/person\/image\/","url":"https:\/\/secure.gravatar.com\/avatar\/e7fa8ba5a4b7e4ce35fe152f083f352db28ad0acce692004ed88a7a7d78893f7?s=96&d=mm&r=g","contentUrl":"https:\/\/secure.gravatar.com\/avatar\/e7fa8ba5a4b7e4ce35fe152f083f352db28ad0acce692004ed88a7a7d78893f7?s=96&d=mm&r=g","caption":"Flavien Jumeau"},"description":"Amoureux du sport (et de vraiment tous les sports) depuis mon plus jeune \u00e2ge, j\u2019ai longtemps h\u00e9site entre le snooker et le curling. Finalement c\u2019est le foot US que j\u2019ai d\u00e9cid\u00e9 de choisir! Responsable foot US sur TPO et animateur du podcast Tailgate j\u2019ai pour mission de vous faire d\u00e9couvrir ce sport passionnant si ce n\u2019est pas encore fait et de vous donner les derni\u00e8res actus. Le tout dans la bonne humeur et avec toujours un jeu de mots ou deux savamment distill\u00e9s! Fan des Saints, pour moi Drew Brees est le vrai GOAT!","url":"https:\/\/theplayoffs.news\/fr\/author\/flavien-jumeaugmail-com\/"}]}},"_links":{"self":[{"href":"https:\/\/theplayoffs.news\/fr\/wp-json\/wp\/v2\/posts\/1499742","targetHints":{"allow":["GET"]}}],"collection":[{"href":"https:\/\/theplayoffs.news\/fr\/wp-json\/wp\/v2\/posts"}],"about":[{"href":"https:\/\/theplayoffs.news\/fr\/wp-json\/wp\/v2\/types\/post"}],"author":[{"embeddable":true,"href":"https:\/\/theplayoffs.news\/fr\/wp-json\/wp\/v2\/users\/180309964"}],"replies":[{"embeddable":true,"href":"https:\/\/theplayoffs.news\/fr\/wp-json\/wp\/v2\/comments?post=1499742"}],"version-history":[{"count":1,"href":"https:\/\/theplayoffs.news\/fr\/wp-json\/wp\/v2\/posts\/1499742\/revisions"}],"predecessor-version":[{"id":1499744,"href":"https:\/\/theplayoffs.news\/fr\/wp-json\/wp\/v2\/posts\/1499742\/revisions\/1499744"}],"wp:featuredmedia":[{"embeddable":true,"href":"https:\/\/theplayoffs.news\/fr\/wp-json\/wp\/v2\/media\/1499743"}],"wp:attachment":[{"href":"https:\/\/theplayoffs.news\/fr\/wp-json\/wp\/v2\/media?parent=1499742"}],"wp:term":[{"taxonomy":"category","embeddable":true,"href":"https:\/\/theplayoffs.news\/fr\/wp-json\/wp\/v2\/categories?post=1499742"},{"taxonomy":"post_tag","embeddable":true,"href":"https:\/\/theplayoffs.news\/fr\/wp-json\/wp\/v2\/tags?post=1499742"},{"taxonomy":"sport","embeddable":true,"href":"https:\/\/theplayoffs.news\/fr\/wp-json\/wp\/v2\/sport?post=1499742"},{"taxonomy":"saison","embeddable":true,"href":"https:\/\/theplayoffs.news\/fr\/wp-json\/wp\/v2\/saison?post=1499742"}],"curies":[{"name":"wp","href":"https:\/\/api.w.org\/{rel}","templated":true}]}}