{"id":1499662,"date":"2025-08-23T06:33:00","date_gmt":"2025-08-23T04:33:00","guid":{"rendered":"https:\/\/theplayoffs.news\/fr\/uncategorized\/\/"},"modified":"2025-08-23T06:33:17","modified_gmt":"2025-08-23T04:33:17","slug":"presaison-nfl-patrick-mahomes-est-pret-pour-la-nouvelle-saison","status":"publish","type":"post","link":"https:\/\/theplayoffs.news\/fr\/actualite-nfl\/presaison-nfl-patrick-mahomes-est-pret-pour-la-nouvelle-saison\/","title":{"rendered":"Pr\u00e9saison NFL: Patrick Mahomes est pr\u00eat pour la nouvelle saison"},"content":{"rendered":"<p>Alors que de nombreuses franchises choisissent d&eacute;sormais d&rsquo;&eacute;pargner leurs titulaires durant la pr&eacute;saison afin de limiter les risques de blessure, les <a href=\"https:\/\/theplayoffs.news\/fr\/actualite-nfl\/podcast-nfl-preview-afc-ouest-2025\/\" class=\"trk-cta-link\" data-cta-trk='{\"ctaType\":\"Link\",\"ctaSubType\":\"main\"}'>Kansas City Chiefs<\/a> ont adopt&eacute; une approche diff&eacute;rente. Leur quarterback vedette Patrick Mahomes a &eacute;t&eacute; align&eacute;e lors du dernier match de pr&eacute;paration face aux Chicago Bears, et le r&eacute;sultat a de quoi rassurer les supporters.<\/p><h2 class=\"wp-block-heading\">Un dernier match de pr&eacute;paration r&eacute;ussi<\/h2><p>Le quarterback a disput&eacute; trois s&eacute;ries offensives, chacune se concluant par des points: deux touchdowns et un field goal. Patrick Mahomes a notamment trouv&eacute; Rashee Rice dans la end zone pour un touchdown, confirmant une complicit&eacute; naissante avec le jeune receveur. En chiffres, il a compl&eacute;t&eacute; 8 de ses 13 passes pour 143 yards, tout en ajoutant une course de 18 yards, preuve que sa mobilit&eacute; reste une arme redoutable.<\/p><blockquote class=\"twitter-tweet\"><p lang=\"en\" dir=\"ltr\">Patrick Mahomes to Rashee Rice for 6. Expect to see A LOT of this in 2025 for the <a href=\"https:\/\/twitter.com\/hashtag\/Chiefs?src=hash&amp;ref_src=twsrc%5Etfw\" class=\"trk-cta-link\" data-cta-trk='{\"ctaType\":\"Link\",\"ctaSubType\":\"main\"}'>#Chiefs<\/a>.<a href=\"https:\/\/t.co\/vDiY7nkJpA\" class=\"trk-cta-link\" data-cta-trk='{\"ctaType\":\"Link\",\"ctaSubType\":\"main\"}'>pic.twitter.com\/vDiY7nkJpA<\/a><\/p>&mdash; Jordan Schultz (@Schultz_Report) <a href=\"https:\/\/twitter.com\/Schultz_Report\/status\/1959060594528854195?ref_src=twsrc%5Etfw\" class=\"trk-cta-link\" data-cta-trk='{\"ctaType\":\"Link\",\"ctaSubType\":\"main\"}'>August 23, 2025<\/a><\/blockquote><script async src=\"https:\/\/platform.twitter.com\/widgets.js\" charset=\"utf-8\"><\/script><p>Certes, exposer ses cadres durant le mois d&rsquo;ao&ucirc;t comporte toujours une part de risque. Mais du c&ocirc;t&eacute; du Missouri, on estime qu&rsquo;il est tout aussi important d&rsquo;arriver en rythme au moment d&rsquo;attaquer les 17 matchs de saison r&eacute;guli&egrave;re. Et cette philosophie semble avoir port&eacute; ses fruits: l&rsquo;attaque dirig&eacute;e par Andy Reid a affich&eacute; une fluidit&eacute; d&eacute;j&agrave; tr&egrave;s convaincante.<\/p><p>Au moment de la sortie du terrain de Patrick Mahomes, et d&rsquo;autres titulaires des Kansas City Chiefs, la franchise vice-championne en titre menait tranquillement 17-0 face &agrave; des Bears qui ne trouvaient pas de solutions. La d&eacute;faite finale de Kansas City, qui c&eacute;dera dans les derni&egrave;res minutes (29-27) n&rsquo;a donc vraiment pas de quoi inqui&eacute;ter les fans des rouges et blancs. <\/p><h2 class=\"wp-block-heading\">Un programme d&eacute;mentiel en d&eacute;but de saison<\/h2><p>Le programme qui attend Kansas City ne laisse d&rsquo;ailleurs aucune place &agrave; l&rsquo;improvisation. Les champions en titre ouvriront leur saison dans deux semaines face aux Los Angeles Chargers dans un match d&eacute;localis&eacute; au Br&eacute;sil, avant un choc attendu contre les Philadelphia Eagles, remake du Super Bowl LIX, neuf jours plus tard. Les Chiefs croiseront ensuite sur leur route plusieurs cadors de l&rsquo;AFC et de la NFC: Ravens, Lions, Commanders ou encore Bills, le tout avant leur bye week programm&eacute; en semaine 10.<\/p><p>Dans un contexte o&ugrave; chaque d&eacute;tail compte pour conserver leur domination, Kansas City semble avoir trouv&eacute; le bon &eacute;quilibre entre prudence et pr&eacute;paration. Et si la pr&eacute;saison ne donne jamais de certitudes, elle a au moins confirm&eacute; une chose: Patrick Mahomes est d&eacute;j&agrave; pr&ecirc;t &agrave; repartir &agrave; la conqu&ecirc;te d&rsquo;un nouveau titre.<\/p><p>Cr&eacute;dit photo: &copy; Jay Biggerstaff-Imagn Images<\/p>\n","protected":false},"excerpt":{"rendered":"<p>NFL &#8211; Le quarterback des Chiefs, Patrick Mahomes, s&rsquo;est montr\u00e9 tr\u00e8s en jambe lors de l&rsquo;ultime match de pr\u00e9paration<\/p>\n","protected":false},"author":180309964,"featured_media":1499663,"comment_status":"closed","ping_status":"closed","sticky":false,"template":"","format":"standard","meta":{"inline_featured_image":false,"kia_subtitle":"NFL - Le quarterback des Chiefs, Patrick Mahomes, s'est montr\u00e9 tr\u00e8s en jambe lors de l'ultime match de pr\u00e9paration","_mux_skip_reasons":[],"proofreadBy":0,"footnotes":""},"categories":[118,8410,40,8408],"tags":[487,225],"sport":[2785],"saison":[7475],"class_list":["post-1499662","post","type-post","status-publish","format-standard","has-post-thumbnail","hentry","category-actualite-nfl","category-football-americain","category-nfl","category-sports","tag-kansas-city-chiefs","tag-patrick-mahomes","sport-nfl","saison-7475"],"acf":[],"yoast_head":"<!-- This site is optimized with the Yoast SEO plugin v24.2 - https:\/\/yoast.com\/wordpress\/plugins\/seo\/ -->\n<title>Pr&eacute;saison NFL: Patrick Mahomes est pr&ecirc;t pour la nouvelle saison - The Playoffs FR<\/title>\n<meta name=\"robots\" content=\"index, follow, max-snippet:-1, max-image-preview:large, max-video-preview:-1\" \/>\n<link rel=\"canonical\" href=\"https:\/\/theplayoffs.news\/fr\/actualite-nfl\/presaison-nfl-patrick-mahomes-est-pret-pour-la-nouvelle-saison\/\" \/>\n<meta property=\"og:locale\" content=\"fr_FR\" \/>\n<meta property=\"og:type\" content=\"article\" \/>\n<meta property=\"og:title\" content=\"Pr&eacute;saison NFL: Patrick Mahomes est pr&ecirc;t pour la nouvelle saison - The Playoffs FR\" \/>\n<meta property=\"og:description\" content=\"NFL - Le quarterback des Chiefs, Patrick Mahomes, s&#039;est montr&eacute; tr&egrave;s en jambe lors de l&#039;ultime match de pr&eacute;paration\" \/>\n<meta property=\"og:url\" content=\"https:\/\/theplayoffs.news\/fr\/actualite-nfl\/presaison-nfl-patrick-mahomes-est-pret-pour-la-nouvelle-saison\/\" \/>\n<meta property=\"og:site_name\" content=\"The Playoffs FR\" \/>\n<meta property=\"article:publisher\" content=\"https:\/\/www.facebook.com\/TheFreeAgentFR\/\" \/>\n<meta property=\"article:modified_time\" content=\"2025-08-23T06:33:17+02:00\" \/>\n<meta property=\"og:image\" content=\"https:\/\/theplayoffs.news\/fr\/wp-content\/uploads\/2025\/08\/USATSI_26907851.jpg\" \/>\n\t<meta property=\"og:image:width\" content=\"1920\" \/>\n\t<meta property=\"og:image:height\" content=\"1322\" \/>\n\t<meta property=\"og:image:type\" content=\"image\/jpeg\" \/>\n<meta name=\"author\" content=\"Flavien Jumeau\" \/>\n<meta name=\"twitter:card\" content=\"summary_large_image\" \/>\n<meta name=\"twitter:creator\" content=\"@TheFreeAgentFR\" \/>\n<meta name=\"twitter:site\" content=\"@TheFreeAgentFR\" \/>\n<meta name=\"twitter:label1\" content=\"\u00c9crit par\" \/>\n\t<meta name=\"twitter:data1\" content=\"Flavien Jumeau\" \/>\n\t<meta name=\"twitter:label2\" content=\"Dur\u00e9e de lecture estim\u00e9e\" \/>\n\t<meta name=\"twitter:data2\" content=\"3 minutes\" \/>\n<script type=\"application\/ld+json\" class=\"yoast-schema-graph\">{\"@context\":\"https:\/\/schema.org\",\"@graph\":[{\"@type\":\"WebPage\",\"@id\":\"https:\/\/theplayoffs.news\/fr\/actualite-nfl\/presaison-nfl-patrick-mahomes-est-pret-pour-la-nouvelle-saison\/\",\"url\":\"https:\/\/theplayoffs.news\/fr\/actualite-nfl\/presaison-nfl-patrick-mahomes-est-pret-pour-la-nouvelle-saison\/\",\"name\":\"Pr\u00e9saison NFL: Patrick Mahomes est pr\u00eat pour la nouvelle saison - The Playoffs FR\",\"isPartOf\":{\"@id\":\"https:\/\/theplayoffs.news\/fr\/#website\"},\"primaryImageOfPage\":{\"@id\":\"https:\/\/theplayoffs.news\/fr\/actualite-nfl\/presaison-nfl-patrick-mahomes-est-pret-pour-la-nouvelle-saison\/#primaryimage\"},\"image\":{\"@id\":\"https:\/\/theplayoffs.news\/fr\/actualite-nfl\/presaison-nfl-patrick-mahomes-est-pret-pour-la-nouvelle-saison\/#primaryimage\"},\"thumbnailUrl\":\"https:\/\/theplayoffs.news\/fr\/wp-content\/uploads\/2025\/08\/USATSI_26907851.jpg\",\"datePublished\":\"2025-08-23T04:33:00+00:00\",\"dateModified\":\"2025-08-23T04:33:17+00:00\",\"author\":{\"@id\":\"https:\/\/theplayoffs.news\/fr\/#\/schema\/person\/def63bc6746dc5957469b75feb99e66d\"},\"breadcrumb\":{\"@id\":\"https:\/\/theplayoffs.news\/fr\/actualite-nfl\/presaison-nfl-patrick-mahomes-est-pret-pour-la-nouvelle-saison\/#breadcrumb\"},\"inLanguage\":\"fr-FR\",\"potentialAction\":[{\"@type\":\"ReadAction\",\"target\":[\"https:\/\/theplayoffs.news\/fr\/actualite-nfl\/presaison-nfl-patrick-mahomes-est-pret-pour-la-nouvelle-saison\/\"]}]},{\"@type\":\"ImageObject\",\"inLanguage\":\"fr-FR\",\"@id\":\"https:\/\/theplayoffs.news\/fr\/actualite-nfl\/presaison-nfl-patrick-mahomes-est-pret-pour-la-nouvelle-saison\/#primaryimage\",\"url\":\"https:\/\/theplayoffs.news\/fr\/wp-content\/uploads\/2025\/08\/USATSI_26907851.jpg\",\"contentUrl\":\"https:\/\/theplayoffs.news\/fr\/wp-content\/uploads\/2025\/08\/USATSI_26907851.jpg\",\"width\":1920,\"height\":1322,\"caption\":\"Aug 22, 2025; Kansas City, Missouri, USA; Kansas City Chiefs quarterback Patrick Mahomes (15) reacts after a touchdown during the second half against the Chicago Bears at GEHA Field at Arrowhead Stadium. Mandatory Credit: Jay Biggerstaff-Imagn Images\"},{\"@type\":\"BreadcrumbList\",\"@id\":\"https:\/\/theplayoffs.news\/fr\/actualite-nfl\/presaison-nfl-patrick-mahomes-est-pret-pour-la-nouvelle-saison\/#breadcrumb\",\"itemListElement\":[{\"@type\":\"ListItem\",\"position\":1,\"name\":\"Accueil\",\"item\":\"https:\/\/theplayoffs.news\/fr\/\"},{\"@type\":\"ListItem\",\"position\":2,\"name\":\"Pr\u00e9saison NFL: Patrick Mahomes est pr\u00eat pour la nouvelle saison\"}]},{\"@type\":\"WebSite\",\"@id\":\"https:\/\/theplayoffs.news\/fr\/#website\",\"url\":\"https:\/\/theplayoffs.news\/fr\/\",\"name\":\"The Playoffs FR\",\"description\":\"NBA-NFL-NHL-MLB\",\"potentialAction\":[{\"@type\":\"SearchAction\",\"target\":{\"@type\":\"EntryPoint\",\"urlTemplate\":\"https:\/\/theplayoffs.news\/fr\/?s={search_term_string}\"},\"query-input\":{\"@type\":\"PropertyValueSpecification\",\"valueRequired\":true,\"valueName\":\"search_term_string\"}}],\"inLanguage\":\"fr-FR\"},{\"@type\":\"Person\",\"@id\":\"https:\/\/theplayoffs.news\/fr\/#\/schema\/person\/def63bc6746dc5957469b75feb99e66d\",\"name\":\"Flavien Jumeau\",\"image\":{\"@type\":\"ImageObject\",\"inLanguage\":\"fr-FR\",\"@id\":\"https:\/\/theplayoffs.news\/fr\/#\/schema\/person\/image\/\",\"url\":\"https:\/\/secure.gravatar.com\/avatar\/e7fa8ba5a4b7e4ce35fe152f083f352db28ad0acce692004ed88a7a7d78893f7?s=96&d=mm&r=g\",\"contentUrl\":\"https:\/\/secure.gravatar.com\/avatar\/e7fa8ba5a4b7e4ce35fe152f083f352db28ad0acce692004ed88a7a7d78893f7?s=96&d=mm&r=g\",\"caption\":\"Flavien Jumeau\"},\"description\":\"Amoureux du sport (et de vraiment tous les sports) depuis mon plus jeune \u00e2ge, j\u2019ai longtemps h\u00e9site entre le snooker et le curling. Finalement c\u2019est le foot US que j\u2019ai d\u00e9cid\u00e9 de choisir! Responsable foot US sur TPO et animateur du podcast Tailgate j\u2019ai pour mission de vous faire d\u00e9couvrir ce sport passionnant si ce n\u2019est pas encore fait et de vous donner les derni\u00e8res actus. Le tout dans la bonne humeur et avec toujours un jeu de mots ou deux savamment distill\u00e9s! Fan des Saints, pour moi Drew Brees est le vrai GOAT!\",\"url\":\"https:\/\/theplayoffs.news\/fr\/author\/flavien-jumeaugmail-com\/\"}]}<\/script>\n<!-- \/ Yoast SEO plugin. -->","yoast_head_json":{"title":"Pr&eacute;saison NFL: Patrick Mahomes est pr&ecirc;t pour la nouvelle saison - The Playoffs FR","robots":{"index":"index","follow":"follow","max-snippet":"max-snippet:-1","max-image-preview":"max-image-preview:large","max-video-preview":"max-video-preview:-1"},"canonical":"https:\/\/theplayoffs.news\/fr\/actualite-nfl\/presaison-nfl-patrick-mahomes-est-pret-pour-la-nouvelle-saison\/","og_locale":"fr_FR","og_type":"article","og_title":"Pr&eacute;saison NFL: Patrick Mahomes est pr&ecirc;t pour la nouvelle saison - The Playoffs FR","og_description":"NFL - Le quarterback des Chiefs, Patrick Mahomes, s&#039;est montr&eacute; tr&egrave;s en jambe lors de l&#039;ultime match de pr&eacute;paration","og_url":"https:\/\/theplayoffs.news\/fr\/actualite-nfl\/presaison-nfl-patrick-mahomes-est-pret-pour-la-nouvelle-saison\/","og_site_name":"The Playoffs FR","article_publisher":"https:\/\/www.facebook.com\/TheFreeAgentFR\/","article_modified_time":"2025-08-23T04:33:17+00:00","og_image":[{"width":1920,"height":1322,"url":"https:\/\/theplayoffs.news\/fr\/wp-content\/uploads\/2025\/08\/USATSI_26907851.jpg","type":"image\/jpeg"}],"author":"Flavien Jumeau","twitter_card":"summary_large_image","twitter_creator":"@TheFreeAgentFR","twitter_site":"@TheFreeAgentFR","twitter_misc":{"\u00c9crit par":"Flavien Jumeau","Dur\u00e9e de lecture estim\u00e9e":"3 minutes"},"schema":{"@context":"https:\/\/schema.org","@graph":[{"@type":"WebPage","@id":"https:\/\/theplayoffs.news\/fr\/actualite-nfl\/presaison-nfl-patrick-mahomes-est-pret-pour-la-nouvelle-saison\/","url":"https:\/\/theplayoffs.news\/fr\/actualite-nfl\/presaison-nfl-patrick-mahomes-est-pret-pour-la-nouvelle-saison\/","name":"Pr\u00e9saison NFL: Patrick Mahomes est pr\u00eat pour la nouvelle saison - The Playoffs FR","isPartOf":{"@id":"https:\/\/theplayoffs.news\/fr\/#website"},"primaryImageOfPage":{"@id":"https:\/\/theplayoffs.news\/fr\/actualite-nfl\/presaison-nfl-patrick-mahomes-est-pret-pour-la-nouvelle-saison\/#primaryimage"},"image":{"@id":"https:\/\/theplayoffs.news\/fr\/actualite-nfl\/presaison-nfl-patrick-mahomes-est-pret-pour-la-nouvelle-saison\/#primaryimage"},"thumbnailUrl":"https:\/\/theplayoffs.news\/fr\/wp-content\/uploads\/2025\/08\/USATSI_26907851.jpg","datePublished":"2025-08-23T04:33:00+00:00","dateModified":"2025-08-23T04:33:17+00:00","author":{"@id":"https:\/\/theplayoffs.news\/fr\/#\/schema\/person\/def63bc6746dc5957469b75feb99e66d"},"breadcrumb":{"@id":"https:\/\/theplayoffs.news\/fr\/actualite-nfl\/presaison-nfl-patrick-mahomes-est-pret-pour-la-nouvelle-saison\/#breadcrumb"},"inLanguage":"fr-FR","potentialAction":[{"@type":"ReadAction","target":["https:\/\/theplayoffs.news\/fr\/actualite-nfl\/presaison-nfl-patrick-mahomes-est-pret-pour-la-nouvelle-saison\/"]}]},{"@type":"ImageObject","inLanguage":"fr-FR","@id":"https:\/\/theplayoffs.news\/fr\/actualite-nfl\/presaison-nfl-patrick-mahomes-est-pret-pour-la-nouvelle-saison\/#primaryimage","url":"https:\/\/theplayoffs.news\/fr\/wp-content\/uploads\/2025\/08\/USATSI_26907851.jpg","contentUrl":"https:\/\/theplayoffs.news\/fr\/wp-content\/uploads\/2025\/08\/USATSI_26907851.jpg","width":1920,"height":1322,"caption":"Aug 22, 2025; Kansas City, Missouri, USA; Kansas City Chiefs quarterback Patrick Mahomes (15) reacts after a touchdown during the second half against the Chicago Bears at GEHA Field at Arrowhead Stadium. Mandatory Credit: Jay Biggerstaff-Imagn Images"},{"@type":"BreadcrumbList","@id":"https:\/\/theplayoffs.news\/fr\/actualite-nfl\/presaison-nfl-patrick-mahomes-est-pret-pour-la-nouvelle-saison\/#breadcrumb","itemListElement":[{"@type":"ListItem","position":1,"name":"Accueil","item":"https:\/\/theplayoffs.news\/fr\/"},{"@type":"ListItem","position":2,"name":"Pr\u00e9saison NFL: Patrick Mahomes est pr\u00eat pour la nouvelle saison"}]},{"@type":"WebSite","@id":"https:\/\/theplayoffs.news\/fr\/#website","url":"https:\/\/theplayoffs.news\/fr\/","name":"The Playoffs FR","description":"NBA-NFL-NHL-MLB","potentialAction":[{"@type":"SearchAction","target":{"@type":"EntryPoint","urlTemplate":"https:\/\/theplayoffs.news\/fr\/?s={search_term_string}"},"query-input":{"@type":"PropertyValueSpecification","valueRequired":true,"valueName":"search_term_string"}}],"inLanguage":"fr-FR"},{"@type":"Person","@id":"https:\/\/theplayoffs.news\/fr\/#\/schema\/person\/def63bc6746dc5957469b75feb99e66d","name":"Flavien Jumeau","image":{"@type":"ImageObject","inLanguage":"fr-FR","@id":"https:\/\/theplayoffs.news\/fr\/#\/schema\/person\/image\/","url":"https:\/\/secure.gravatar.com\/avatar\/e7fa8ba5a4b7e4ce35fe152f083f352db28ad0acce692004ed88a7a7d78893f7?s=96&d=mm&r=g","contentUrl":"https:\/\/secure.gravatar.com\/avatar\/e7fa8ba5a4b7e4ce35fe152f083f352db28ad0acce692004ed88a7a7d78893f7?s=96&d=mm&r=g","caption":"Flavien Jumeau"},"description":"Amoureux du sport (et de vraiment tous les sports) depuis mon plus jeune \u00e2ge, j\u2019ai longtemps h\u00e9site entre le snooker et le curling. Finalement c\u2019est le foot US que j\u2019ai d\u00e9cid\u00e9 de choisir! Responsable foot US sur TPO et animateur du podcast Tailgate j\u2019ai pour mission de vous faire d\u00e9couvrir ce sport passionnant si ce n\u2019est pas encore fait et de vous donner les derni\u00e8res actus. Le tout dans la bonne humeur et avec toujours un jeu de mots ou deux savamment distill\u00e9s! Fan des Saints, pour moi Drew Brees est le vrai GOAT!","url":"https:\/\/theplayoffs.news\/fr\/author\/flavien-jumeaugmail-com\/"}]}},"_links":{"self":[{"href":"https:\/\/theplayoffs.news\/fr\/wp-json\/wp\/v2\/posts\/1499662","targetHints":{"allow":["GET"]}}],"collection":[{"href":"https:\/\/theplayoffs.news\/fr\/wp-json\/wp\/v2\/posts"}],"about":[{"href":"https:\/\/theplayoffs.news\/fr\/wp-json\/wp\/v2\/types\/post"}],"author":[{"embeddable":true,"href":"https:\/\/theplayoffs.news\/fr\/wp-json\/wp\/v2\/users\/180309964"}],"replies":[{"embeddable":true,"href":"https:\/\/theplayoffs.news\/fr\/wp-json\/wp\/v2\/comments?post=1499662"}],"version-history":[{"count":1,"href":"https:\/\/theplayoffs.news\/fr\/wp-json\/wp\/v2\/posts\/1499662\/revisions"}],"predecessor-version":[{"id":1499664,"href":"https:\/\/theplayoffs.news\/fr\/wp-json\/wp\/v2\/posts\/1499662\/revisions\/1499664"}],"wp:featuredmedia":[{"embeddable":true,"href":"https:\/\/theplayoffs.news\/fr\/wp-json\/wp\/v2\/media\/1499663"}],"wp:attachment":[{"href":"https:\/\/theplayoffs.news\/fr\/wp-json\/wp\/v2\/media?parent=1499662"}],"wp:term":[{"taxonomy":"category","embeddable":true,"href":"https:\/\/theplayoffs.news\/fr\/wp-json\/wp\/v2\/categories?post=1499662"},{"taxonomy":"post_tag","embeddable":true,"href":"https:\/\/theplayoffs.news\/fr\/wp-json\/wp\/v2\/tags?post=1499662"},{"taxonomy":"sport","embeddable":true,"href":"https:\/\/theplayoffs.news\/fr\/wp-json\/wp\/v2\/sport?post=1499662"},{"taxonomy":"saison","embeddable":true,"href":"https:\/\/theplayoffs.news\/fr\/wp-json\/wp\/v2\/saison?post=1499662"}],"curies":[{"name":"wp","href":"https:\/\/api.w.org\/{rel}","templated":true}]}}