{"id":1499456,"date":"2025-08-21T12:05:01","date_gmt":"2025-08-21T10:05:01","guid":{"rendered":"https:\/\/theplayoffs.news\/fr\/uncategorized\/\/"},"modified":"2025-08-21T12:05:07","modified_gmt":"2025-08-21T10:05:07","slug":"en-pleine-convalescence-jayson-tatum-evoque-les-semaines-les-plus-dures-de-sa-vie","status":"publish","type":"post","link":"https:\/\/theplayoffs.news\/fr\/actualite-nba\/en-pleine-convalescence-jayson-tatum-evoque-les-semaines-les-plus-dures-de-sa-vie\/","title":{"rendered":"En pleine convalescence, Jayson Tatum \u00e9voque \u00ab\u00a0les semaines les plus dures de sa vie\u00a0\u00bb"},"content":{"rendered":"<p><strong>Jayson Tatum<\/strong> n&rsquo;a pas r&eacute;ussi &agrave; offrir le back to back aux <strong>Celtics <\/strong>l&rsquo;an dernier. La faute &agrave; une baisse de r&eacute;gime g&eacute;n&eacute;rale de la part des hommes de Joe Mazzulla et &agrave; la terrible blessure de JT en demi-finale de conf&eacute;rence Est. Incandescent lors du Game 4 face &agrave; <strong>New York<\/strong> (42 points), le m&eacute;daill&eacute; d&rsquo;or aux jeux de Paris avec Team USA subissait une rupture du tendon d&rsquo;Achille au coeur du dernier quart-temps. Un coup de massue qui co&ucirc;tait la victoire aux  <strong>Celtics<\/strong> et mettait fin &agrave; leurs espoirs de rafler un second titre d&rsquo;affil&eacute;e apr&egrave;s celui de 2024.<\/p><figure class=\"wp-block-embed is-type-rich is-provider-twitter wp-block-embed-twitter\"><div class=\"wp-block-embed__wrapper\">\n<blockquote class=\"twitter-tweet\" data-width=\"500\" data-dnt=\"true\"><p lang=\"fr\" dir=\"ltr\">Jayson Tatum s'est rompu le tendon d'Achille du pied droit dans les derni&egrave;res minutes de la demi-finale entre New York et Boston. L'ailier des Celtics, qui a &eacute;t&eacute; op&eacute;r&eacute; d&egrave;s mardi, ne rejouera plus de la saison et devrait &ecirc;tre absent de longs mois.<br>&#10145;&#65039; <a href=\"https:\/\/t.co\/rDCj20s6vb\" class=\"trk-cta-link\" data-cta-trk='{\"ctaType\":\"Link\",\"ctaSubType\":\"main\"}'>https:\/\/t.co\/rDCj20s6vb<\/a> <a href=\"https:\/\/t.co\/6dVZ1VYdQW\" class=\"trk-cta-link\" data-cta-trk='{\"ctaType\":\"Link\",\"ctaSubType\":\"main\"}'>pic.twitter.com\/6dVZ1VYdQW<\/a><\/p>&mdash; L'&Eacute;quipe (@lequipe) <a href=\"https:\/\/twitter.com\/lequipe\/status\/1922402498955956474?ref_src=twsrc%5Etfw\" class=\"trk-cta-link\" data-cta-trk='{\"ctaType\":\"Link\",\"ctaSubType\":\"main\"}'>May 13, 2025<\/a><\/blockquote><script async src=\"https:\/\/platform.twitter.com\/widgets.js\" charset=\"utf-8\"><\/script>\n<\/div><\/figure><p>Trois mois plus tard et apr&egrave;s une op&eacute;ration r&eacute;ussie, <strong>Jayson Tatum<\/strong> poursuit sa r&eacute;&eacute;ducation. Et ne manque pas de donner r&eacute;guli&egrave;rement des nouvelles de sa sant&eacute;. D&eacute;barrass&eacute; de la &laquo;&nbsp;botte&nbsp;&raquo; qu&rsquo;il arborait suite &agrave; son passage sur le billard, le 3&egrave;me choix de la Draft <a href=\"https:\/\/theplayoffs.news\/fr\/category\/sports\/basketball-sports\/nba\/\" target=\"_blank\" rel=\"noreferrer noopener\" class=\"trk-cta-link\" data-cta-trk='{\"ctaType\":\"Link\",\"ctaSubType\":\"main\"}'>NBA <\/a>2017 est aujourd&rsquo;hui en mesure de se d&eacute;placer librement. Un signe encourageant pour <strong>Beantown<\/strong> et une convalescence sur laquelle la star est revenue au micro de la NBA.<\/p><blockquote class=\"wp-block-quote is-layout-flow wp-block-quote-is-layout-flow\">\n<p>La r&eacute;&eacute;ducation c&rsquo;est fastidieux&hellip; Mais &ccedil;a commence &agrave; aller mieux. J&rsquo;en ai termin&eacute; avec ma &laquo;&nbsp;botte&nbsp;&raquo;. L&rsquo;avenir s&rsquo;annonce meilleur.<\/p>\n<\/blockquote><figure class=\"wp-block-embed is-type-rich is-provider-twitter wp-block-embed-twitter\"><div class=\"wp-block-embed__wrapper\">\n<blockquote class=\"twitter-tweet\" data-width=\"500\" data-dnt=\"true\"><p lang=\"en\" dir=\"ltr\">&ldquo;Better days ahead.\"<br><br>Jayson Tatum talks about resilience during his journey back to the court. <a href=\"https:\/\/t.co\/xsGenubrp2\" class=\"trk-cta-link\" data-cta-trk='{\"ctaType\":\"Link\",\"ctaSubType\":\"main\"}'>pic.twitter.com\/xsGenubrp2<\/a><\/p>&mdash; NBA (@NBA) <a href=\"https:\/\/twitter.com\/NBA\/status\/1958230288154194087?ref_src=twsrc%5Etfw\" class=\"trk-cta-link\" data-cta-trk='{\"ctaType\":\"Link\",\"ctaSubType\":\"main\"}'>August 20, 2025<\/a><\/blockquote><script async src=\"https:\/\/platform.twitter.com\/widgets.js\" charset=\"utf-8\"><\/script>\n<\/div><\/figure><p><\/p><p>Enthousiaste quant &agrave; son futur proche, <a href=\"https:\/\/www.basketball-reference.com\/players\/t\/tatumja01.html\" target=\"_blank\" rel=\"noreferrer noopener\" class=\"trk-cta-link\" data-cta-trk='{\"ctaType\":\"Link\",\"ctaSubType\":\"main\"}'>Jayson Tatum<\/a> refusait pour autant de br&ucirc;ler les &eacute;tapes et se montrait prudent.<\/p><blockquote class=\"wp-block-quote is-layout-flow wp-block-quote-is-layout-flow\">\n<p>Je vis au jour le jour. Et je m&rsquo;efforce d&rsquo;&ecirc;tre r&eacute;silient. Les six derni&egrave;res semaines ont &eacute;t&eacute; les plus dures de ma vie. Il m&rsquo;a fallu accepter la blessure, en prendre conscience. Maintenant je suis d&eacute;termin&eacute; &agrave; redevenir celui que j&rsquo;&eacute;tais. Et &agrave; rejouer.<\/p>\n<\/blockquote><div class=\"related-slider related-slider--loading\">\n    <div class=\"related-slider__header\">\n        <div class=\"related-slider__header__title\">Vous aimerez aussi<\/div>\n        <div class=\"related-slider__header__buttons\">\n            <div class=\"swiper-button-prev\"><\/div>\n            <div class=\"swiper-button-next\"><\/div>\n        <\/div>\n    <\/div>\n    <div class=\"swiper-container\">\n        <div class=\"swiper-wrapper\">\n                            <div class=\"swiper-slide\">\n                    <a class=\"related-slider-card  trk-cta-img\" href=\"https:\/\/theplayoffs.news\/fr\/actualite-nba\/resultats-nba-18-12-les-mavs-douchent-les-pistons-maxime-raynaud-superstar\/\" title=\"R&eacute;sultats NBA (18\/12): les Mavs douchent les Pistons, Maxime Raynaud superstar !\" data-cta-trk='{\"ctaType\":\"Image\",\"ctaSubType\":\"main\"}'>\n    <div class=\"related-slider-card__image\">\n        <img loading=\"lazy\" decoding=\"async\" width=\"600\" height=\"400\" src=\"https:\/\/theplayoffs.news\/fr\/wp-content\/uploads\/2025\/12\/USATSI_27848729_168402440_lowres-600x400.jpg\" class=\"attachment-medium size-medium wp-post-image\" alt=\"NBA Cooper Flagg Nikola Jokic Maxime Raynaud Cade Cunningham\" srcset=\"https:\/\/theplayoffs.news\/fr\/wp-content\/uploads\/2025\/12\/USATSI_27848729_168402440_lowres-600x400.jpg 600w, https:\/\/theplayoffs.news\/fr\/wp-content\/uploads\/2025\/12\/USATSI_27848729_168402440_lowres-1200x800.jpg 1200w, https:\/\/theplayoffs.news\/fr\/wp-content\/uploads\/2025\/12\/USATSI_27848729_168402440_lowres-768x512.jpg 768w, https:\/\/theplayoffs.news\/fr\/wp-content\/uploads\/2025\/12\/USATSI_27848729_168402440_lowres-1536x1024.jpg 1536w, https:\/\/theplayoffs.news\/fr\/wp-content\/uploads\/2025\/12\/USATSI_27848729_168402440_lowres-1320x880.jpg 1320w, https:\/\/theplayoffs.news\/fr\/wp-content\/uploads\/2025\/12\/USATSI_27848729_168402440_lowres.jpg 1920w\" sizes=\"auto, (max-width: 600px) 100vw, 600px\">\n                            <\/div>\n    <div class=\"related-slider-card__content\">\n        <div class=\"related-slider-card__content__tags\">\n                            <div class=\"related-slider-card__content__tags__category\">\n                    Actualit&eacute; NBA\n                <\/div>\n                        <div class=\"related-slider-card__content__tags__date\" data-dynamic-date=\"2025-12-19T09:45:57+01:00\">\n                19 d&eacute;cembre 2025\n            <\/div>\n        <\/div>\n        <div class=\"related-slider-card__content__title\">\n            R&eacute;sultats NBA (18\/12): les Mavs douchent les Pistons, Maxime Raynaud superstar !\n        <\/div>\n                    <div class=\"related-slider-card__content__read-more\">\n                Voir plus\n                <i>\n                    <svg width=\"17\" height=\"15\" viewbox=\"0 0 17 15\" fill=\"none\" xmlns=\"http:\/\/www.w3.org\/2000\/svg\">\n<path d=\"M1 6.5C0.447715 6.5 0 6.94772 0 7.5C0 8.05228 0.447715 8.5 1 8.5V6.5ZM16.7071 8.20711C17.0976 7.81658 17.0976 7.18342 16.7071 6.79289L10.3431 0.428932C9.95262 0.0384078 9.31946 0.0384078 8.92893 0.428932C8.53841 0.819457 8.53841 1.45262 8.92893 1.84315L14.5858 7.5L8.92893 13.1569C8.53841 13.5474 8.53841 14.1805 8.92893 14.5711C9.31946 14.9616 9.95262 14.9616 10.3431 14.5711L16.7071 8.20711ZM1 7.5V8.5H8.5V7.5V6.5H1V7.5ZM8.5 7.5V8.5H16V7.5V6.5H8.5V7.5Z\" fill=\"white\"><\/path>\n<\/svg>\n\n                <\/i>\n            <\/div>\n            <\/div>\n<\/a>\n\n                <\/div>\n                            <div class=\"swiper-slide\">\n                    <a class=\"related-slider-card  trk-cta-img\" href=\"https:\/\/theplayoffs.news\/fr\/actualite-nba\/resultats-nba-17-12-chicago-enfonce-les-cavs-memphis-en-patron-dans-le-minnesota\/\" title=\"R&eacute;sultats NBA (17\/12): Chicago enfonce les Cavs, Memphis en patron dans le Minnesota !\" data-cta-trk='{\"ctaType\":\"Image\",\"ctaSubType\":\"main\"}'>\n    <div class=\"related-slider-card__image\">\n        <img loading=\"lazy\" decoding=\"async\" width=\"600\" height=\"400\" src=\"https:\/\/theplayoffs.news\/fr\/wp-content\/uploads\/2025\/12\/USATSI_27840419_168402440_lowres-600x400.jpg\" class=\"attachment-medium size-medium wp-post-image\" alt=\"NBA Minnesota Timberwolves Ja Morant Anthony Edwards Rudy Gobert Julius Randle Josh Giddey\" srcset=\"https:\/\/theplayoffs.news\/fr\/wp-content\/uploads\/2025\/12\/USATSI_27840419_168402440_lowres-600x400.jpg 600w, https:\/\/theplayoffs.news\/fr\/wp-content\/uploads\/2025\/12\/USATSI_27840419_168402440_lowres-1200x799.jpg 1200w, https:\/\/theplayoffs.news\/fr\/wp-content\/uploads\/2025\/12\/USATSI_27840419_168402440_lowres-768x512.jpg 768w, https:\/\/theplayoffs.news\/fr\/wp-content\/uploads\/2025\/12\/USATSI_27840419_168402440_lowres-1536x1023.jpg 1536w, https:\/\/theplayoffs.news\/fr\/wp-content\/uploads\/2025\/12\/USATSI_27840419_168402440_lowres-1320x879.jpg 1320w, https:\/\/theplayoffs.news\/fr\/wp-content\/uploads\/2025\/12\/USATSI_27840419_168402440_lowres.jpg 1920w\" sizes=\"auto, (max-width: 600px) 100vw, 600px\">\n                            <\/div>\n    <div class=\"related-slider-card__content\">\n        <div class=\"related-slider-card__content__tags\">\n                            <div class=\"related-slider-card__content__tags__category\">\n                    Actualit&eacute; NBA\n                <\/div>\n                        <div class=\"related-slider-card__content__tags__date\" data-dynamic-date=\"2025-12-18T14:27:38+01:00\">\n                18 d&eacute;cembre 2025\n            <\/div>\n        <\/div>\n        <div class=\"related-slider-card__content__title\">\n            R&eacute;sultats NBA (17\/12): Chicago enfonce les Cavs, Memphis en patron dans le Minnesota !\n        <\/div>\n                    <div class=\"related-slider-card__content__read-more\">\n                Voir plus\n                <i>\n                    <svg width=\"17\" height=\"15\" viewbox=\"0 0 17 15\" fill=\"none\" xmlns=\"http:\/\/www.w3.org\/2000\/svg\">\n<path d=\"M1 6.5C0.447715 6.5 0 6.94772 0 7.5C0 8.05228 0.447715 8.5 1 8.5V6.5ZM16.7071 8.20711C17.0976 7.81658 17.0976 7.18342 16.7071 6.79289L10.3431 0.428932C9.95262 0.0384078 9.31946 0.0384078 8.92893 0.428932C8.53841 0.819457 8.53841 1.45262 8.92893 1.84315L14.5858 7.5L8.92893 13.1569C8.53841 13.5474 8.53841 14.1805 8.92893 14.5711C9.31946 14.9616 9.95262 14.9616 10.3431 14.5711L16.7071 8.20711ZM1 7.5V8.5H8.5V7.5V6.5H1V7.5ZM8.5 7.5V8.5H16V7.5V6.5H8.5V7.5Z\" fill=\"white\"><\/path>\n<\/svg>\n\n                <\/i>\n            <\/div>\n            <\/div>\n<\/a>\n\n                <\/div>\n                            <div class=\"swiper-slide\">\n                    <a class=\"related-slider-card  trk-cta-img\" href=\"https:\/\/theplayoffs.news\/fr\/actualite-nba\/resultats-nba-cup-16-12-jalen-brunson-mvp-les-knicks-soffrent-un-premier-trophee-depuis-1973\/\" title=\"R&eacute;sultats NBA Cup (16\/12): Jalen Brunson MVP, les Knicks s&rsquo;offrent un premier troph&eacute;e depuis 1973 !\" data-cta-trk='{\"ctaType\":\"Image\",\"ctaSubType\":\"main\"}'>\n    <div class=\"related-slider-card__image\">\n        <img loading=\"lazy\" decoding=\"async\" width=\"600\" height=\"450\" src=\"https:\/\/theplayoffs.news\/fr\/wp-content\/uploads\/2025\/12\/USATSI_27835319_168402440_lowres-600x450.jpg\" class=\"attachment-medium size-medium wp-post-image\" alt=\"Jalen Brunson Victor Wembanyama Knicks Spurs NBA Cup\" srcset=\"https:\/\/theplayoffs.news\/fr\/wp-content\/uploads\/2025\/12\/USATSI_27835319_168402440_lowres-600x450.jpg 600w, https:\/\/theplayoffs.news\/fr\/wp-content\/uploads\/2025\/12\/USATSI_27835319_168402440_lowres-1200x900.jpg 1200w, https:\/\/theplayoffs.news\/fr\/wp-content\/uploads\/2025\/12\/USATSI_27835319_168402440_lowres-768x576.jpg 768w, https:\/\/theplayoffs.news\/fr\/wp-content\/uploads\/2025\/12\/USATSI_27835319_168402440_lowres-1536x1152.jpg 1536w, https:\/\/theplayoffs.news\/fr\/wp-content\/uploads\/2025\/12\/USATSI_27835319_168402440_lowres-1320x990.jpg 1320w, https:\/\/theplayoffs.news\/fr\/wp-content\/uploads\/2025\/12\/USATSI_27835319_168402440_lowres.jpg 1920w\" sizes=\"auto, (max-width: 600px) 100vw, 600px\">\n                            <\/div>\n    <div class=\"related-slider-card__content\">\n        <div class=\"related-slider-card__content__tags\">\n                            <div class=\"related-slider-card__content__tags__category\">\n                    Actualit&eacute; NBA\n                <\/div>\n                        <div class=\"related-slider-card__content__tags__date\" data-dynamic-date=\"2025-12-17T09:44:05+01:00\">\n                17 d&eacute;cembre 2025\n            <\/div>\n        <\/div>\n        <div class=\"related-slider-card__content__title\">\n            R&eacute;sultats NBA Cup (16\/12): Jalen Brunson MVP, les Knicks s&rsquo;offrent un premier troph&eacute;e depuis 1973 !\n        <\/div>\n                    <div class=\"related-slider-card__content__read-more\">\n                Voir plus\n                <i>\n                    <svg width=\"17\" height=\"15\" viewbox=\"0 0 17 15\" fill=\"none\" xmlns=\"http:\/\/www.w3.org\/2000\/svg\">\n<path d=\"M1 6.5C0.447715 6.5 0 6.94772 0 7.5C0 8.05228 0.447715 8.5 1 8.5V6.5ZM16.7071 8.20711C17.0976 7.81658 17.0976 7.18342 16.7071 6.79289L10.3431 0.428932C9.95262 0.0384078 9.31946 0.0384078 8.92893 0.428932C8.53841 0.819457 8.53841 1.45262 8.92893 1.84315L14.5858 7.5L8.92893 13.1569C8.53841 13.5474 8.53841 14.1805 8.92893 14.5711C9.31946 14.9616 9.95262 14.9616 10.3431 14.5711L16.7071 8.20711ZM1 7.5V8.5H8.5V7.5V6.5H1V7.5ZM8.5 7.5V8.5H16V7.5V6.5H8.5V7.5Z\" fill=\"white\"><\/path>\n<\/svg>\n\n                <\/i>\n            <\/div>\n            <\/div>\n<\/a>\n\n                <\/div>\n                            <div class=\"swiper-slide\">\n                    <a class=\"related-slider-card  trk-cta-img\" href=\"https:\/\/theplayoffs.news\/fr\/actualite-nba\/pour-deaaron-fox-lherbe-est-plus-verte-a-san-antonio\/\" title=\"Pour De&rsquo;Aaron Fox, &laquo;&nbsp;l&rsquo;herbe est plus verte&nbsp;&raquo; &agrave; San Antonio\" data-cta-trk='{\"ctaType\":\"Image\",\"ctaSubType\":\"main\"}'>\n    <div class=\"related-slider-card__image\">\n        <img loading=\"lazy\" decoding=\"async\" width=\"600\" height=\"400\" src=\"https:\/\/theplayoffs.news\/fr\/wp-content\/uploads\/2025\/12\/USATSI_27813133_168402440_lowres-600x400.jpg\" class=\"attachment-medium size-medium wp-post-image\" alt=\"NBA De'Aaron Fox Victor Wembanyama Spurs Knicks\" srcset=\"https:\/\/theplayoffs.news\/fr\/wp-content\/uploads\/2025\/12\/USATSI_27813133_168402440_lowres-600x400.jpg 600w, https:\/\/theplayoffs.news\/fr\/wp-content\/uploads\/2025\/12\/USATSI_27813133_168402440_lowres-1200x800.jpg 1200w, https:\/\/theplayoffs.news\/fr\/wp-content\/uploads\/2025\/12\/USATSI_27813133_168402440_lowres-768x512.jpg 768w, https:\/\/theplayoffs.news\/fr\/wp-content\/uploads\/2025\/12\/USATSI_27813133_168402440_lowres-1536x1024.jpg 1536w, https:\/\/theplayoffs.news\/fr\/wp-content\/uploads\/2025\/12\/USATSI_27813133_168402440_lowres-1320x880.jpg 1320w, https:\/\/theplayoffs.news\/fr\/wp-content\/uploads\/2025\/12\/USATSI_27813133_168402440_lowres.jpg 1920w\" sizes=\"auto, (max-width: 600px) 100vw, 600px\">\n                            <\/div>\n    <div class=\"related-slider-card__content\">\n        <div class=\"related-slider-card__content__tags\">\n                            <div class=\"related-slider-card__content__tags__category\">\n                    Actualit&eacute; NBA\n                <\/div>\n                        <div class=\"related-slider-card__content__tags__date\" data-dynamic-date=\"2025-12-16T12:47:20+01:00\">\n                16 d&eacute;cembre 2025\n            <\/div>\n        <\/div>\n        <div class=\"related-slider-card__content__title\">\n            Pour De&rsquo;Aaron Fox, &laquo;&nbsp;l&rsquo;herbe est plus verte&nbsp;&raquo; &agrave; San Antonio\n        <\/div>\n                    <div class=\"related-slider-card__content__read-more\">\n                Voir plus\n                <i>\n                    <svg width=\"17\" height=\"15\" viewbox=\"0 0 17 15\" fill=\"none\" xmlns=\"http:\/\/www.w3.org\/2000\/svg\">\n<path d=\"M1 6.5C0.447715 6.5 0 6.94772 0 7.5C0 8.05228 0.447715 8.5 1 8.5V6.5ZM16.7071 8.20711C17.0976 7.81658 17.0976 7.18342 16.7071 6.79289L10.3431 0.428932C9.95262 0.0384078 9.31946 0.0384078 8.92893 0.428932C8.53841 0.819457 8.53841 1.45262 8.92893 1.84315L14.5858 7.5L8.92893 13.1569C8.53841 13.5474 8.53841 14.1805 8.92893 14.5711C9.31946 14.9616 9.95262 14.9616 10.3431 14.5711L16.7071 8.20711ZM1 7.5V8.5H8.5V7.5V6.5H1V7.5ZM8.5 7.5V8.5H16V7.5V6.5H8.5V7.5Z\" fill=\"white\"><\/path>\n<\/svg>\n\n                <\/i>\n            <\/div>\n            <\/div>\n<\/a>\n\n                <\/div>\n                    <\/div>\n    <\/div>\n<\/div><p><strong>Jayson Tatum<\/strong> annonc&eacute; out pour l&rsquo;int&eacute;gralit&eacute; de l&rsquo;exercice 2025-2026, les <strong>Celtics <\/strong>devraient vivre une ann&eacute;e de transition la saison prochaine. Al Horford sur le d&eacute;part et amput&eacute;e de <strong>Jrue Holiday<\/strong> et Kristaps Porzingis cet &eacute;t&eacute; pour des raisons financi&egrave;res, la franchise du Massachussetts aura en effet bien du mal &agrave; demeurer parmi les cadors de l&rsquo;Est.<\/p><p>Jayson Tatum tournait l&rsquo;an dernier, pour sa 8&egrave;me saison dans la ligue, &agrave; 26,8 points, 8,7 rebonds et 6,0 assists de moyenne par rencontre.<\/p><p>Credit : &copy; Jim Dedmon-Imagn Images<\/p>\n","protected":false},"excerpt":{"rendered":"","protected":false},"author":180310263,"featured_media":1499468,"comment_status":"closed","ping_status":"closed","sticky":false,"template":"","format":"standard","meta":{"inline_featured_image":false,"kia_subtitle":"","_mux_skip_reasons":[],"proofreadBy":0,"footnotes":""},"categories":[110],"tags":[603,302,1282,2071,23],"sport":[2783],"saison":[],"class_list":["post-1499456","post","type-post","status-publish","format-standard","has-post-thumbnail","hentry","category-actualite-nba","tag-boston-celtics","tag-jayson-tatum","tag-jrue-holiday","tag-kristaps-porzingis","tag-nba-tag","sport-nba"],"acf":[],"yoast_head":"<!-- This site is optimized with the Yoast SEO plugin v24.2 - https:\/\/yoast.com\/wordpress\/plugins\/seo\/ -->\n<title>Jayson Tatum &eacute;voque &quot;les semaines les plus dures de sa vie&quot;<\/title>\n<meta name=\"description\" content=\"Victime d&#039;une terrible blessure face aux Knicks lors des derniers Playoffs, Jayson Tatum s&#039;est exprim&eacute; mercredi sur sa r&eacute;&eacute;ducation.\" \/>\n<meta name=\"robots\" content=\"index, follow, max-snippet:-1, max-image-preview:large, max-video-preview:-1\" \/>\n<link rel=\"canonical\" href=\"https:\/\/theplayoffs.news\/fr\/actualite-nba\/en-pleine-convalescence-jayson-tatum-evoque-les-semaines-les-plus-dures-de-sa-vie\/\" \/>\n<meta property=\"og:locale\" content=\"fr_FR\" \/>\n<meta property=\"og:type\" content=\"article\" \/>\n<meta property=\"og:title\" content=\"Jayson Tatum &eacute;voque &quot;les semaines les plus dures de sa vie&quot;\" \/>\n<meta property=\"og:description\" content=\"Victime d&#039;une terrible blessure face aux Knicks lors des derniers Playoffs, Jayson Tatum s&#039;est exprim&eacute; mercredi sur sa r&eacute;&eacute;ducation.\" \/>\n<meta property=\"og:url\" content=\"https:\/\/theplayoffs.news\/fr\/actualite-nba\/en-pleine-convalescence-jayson-tatum-evoque-les-semaines-les-plus-dures-de-sa-vie\/\" \/>\n<meta property=\"og:site_name\" content=\"The Playoffs FR\" \/>\n<meta property=\"article:publisher\" content=\"https:\/\/www.facebook.com\/TheFreeAgentFR\/\" \/>\n<meta property=\"article:modified_time\" content=\"2025-08-21T12:05:07+02:00\" \/>\n<meta property=\"og:image\" content=\"https:\/\/theplayoffs.news\/fr\/wp-content\/uploads\/2025\/08\/USATSI_24645720_168402440_lowres.jpg\" \/>\n\t<meta property=\"og:image:width\" content=\"1920\" \/>\n\t<meta property=\"og:image:height\" content=\"1284\" \/>\n\t<meta property=\"og:image:type\" content=\"image\/jpeg\" \/>\n<meta name=\"author\" content=\"Maxime Bodilis\" \/>\n<meta name=\"twitter:card\" content=\"summary_large_image\" \/>\n<meta name=\"twitter:creator\" content=\"@TheFreeAgentFR\" \/>\n<meta name=\"twitter:site\" content=\"@TheFreeAgentFR\" \/>\n<meta name=\"twitter:label1\" content=\"\u00c9crit par\" \/>\n\t<meta name=\"twitter:data1\" content=\"Maxime Bodilis\" \/>\n\t<meta name=\"twitter:label2\" content=\"Dur\u00e9e de lecture estim\u00e9e\" \/>\n\t<meta name=\"twitter:data2\" content=\"2 minutes\" \/>\n<script type=\"application\/ld+json\" class=\"yoast-schema-graph\">{\"@context\":\"https:\/\/schema.org\",\"@graph\":[{\"@type\":\"WebPage\",\"@id\":\"https:\/\/theplayoffs.news\/fr\/actualite-nba\/en-pleine-convalescence-jayson-tatum-evoque-les-semaines-les-plus-dures-de-sa-vie\/\",\"url\":\"https:\/\/theplayoffs.news\/fr\/actualite-nba\/en-pleine-convalescence-jayson-tatum-evoque-les-semaines-les-plus-dures-de-sa-vie\/\",\"name\":\"Jayson Tatum \u00e9voque \\\\\\\"les semaines les plus dures de sa vie\\\\\\\"\",\"isPartOf\":{\"@id\":\"https:\/\/theplayoffs.news\/fr\/#website\"},\"primaryImageOfPage\":{\"@id\":\"https:\/\/theplayoffs.news\/fr\/actualite-nba\/en-pleine-convalescence-jayson-tatum-evoque-les-semaines-les-plus-dures-de-sa-vie\/#primaryimage\"},\"image\":{\"@id\":\"https:\/\/theplayoffs.news\/fr\/actualite-nba\/en-pleine-convalescence-jayson-tatum-evoque-les-semaines-les-plus-dures-de-sa-vie\/#primaryimage\"},\"thumbnailUrl\":\"https:\/\/theplayoffs.news\/fr\/wp-content\/uploads\/2025\/08\/USATSI_24645720_168402440_lowres.jpg\",\"datePublished\":\"2025-08-21T10:05:01+00:00\",\"dateModified\":\"2025-08-21T10:05:07+00:00\",\"author\":{\"@id\":\"https:\/\/theplayoffs.news\/fr\/#\/schema\/person\/d871768c70a3f830131ee72b74bbd11d\"},\"description\":\"Victime d\\\\'une terrible blessure face aux Knicks lors des derniers Playoffs, Jayson Tatum s\\\\'est exprim\u00e9 mercredi sur sa r\u00e9\u00e9ducation.\",\"breadcrumb\":{\"@id\":\"https:\/\/theplayoffs.news\/fr\/actualite-nba\/en-pleine-convalescence-jayson-tatum-evoque-les-semaines-les-plus-dures-de-sa-vie\/#breadcrumb\"},\"inLanguage\":\"fr-FR\",\"potentialAction\":[{\"@type\":\"ReadAction\",\"target\":[\"https:\/\/theplayoffs.news\/fr\/actualite-nba\/en-pleine-convalescence-jayson-tatum-evoque-les-semaines-les-plus-dures-de-sa-vie\/\"]}]},{\"@type\":\"ImageObject\",\"inLanguage\":\"fr-FR\",\"@id\":\"https:\/\/theplayoffs.news\/fr\/actualite-nba\/en-pleine-convalescence-jayson-tatum-evoque-les-semaines-les-plus-dures-de-sa-vie\/#primaryimage\",\"url\":\"https:\/\/theplayoffs.news\/fr\/wp-content\/uploads\/2025\/08\/USATSI_24645720_168402440_lowres.jpg\",\"contentUrl\":\"https:\/\/theplayoffs.news\/fr\/wp-content\/uploads\/2025\/08\/USATSI_24645720_168402440_lowres.jpg\",\"width\":1920,\"height\":1284,\"caption\":\"Jayson Tatum Celtics NBA\"},{\"@type\":\"BreadcrumbList\",\"@id\":\"https:\/\/theplayoffs.news\/fr\/actualite-nba\/en-pleine-convalescence-jayson-tatum-evoque-les-semaines-les-plus-dures-de-sa-vie\/#breadcrumb\",\"itemListElement\":[{\"@type\":\"ListItem\",\"position\":1,\"name\":\"Accueil\",\"item\":\"https:\/\/theplayoffs.news\/fr\/\"},{\"@type\":\"ListItem\",\"position\":2,\"name\":\"En pleine convalescence, Jayson Tatum \u00e9voque &#8220;les semaines les plus dures de sa vie&#8221;\"}]},{\"@type\":\"WebSite\",\"@id\":\"https:\/\/theplayoffs.news\/fr\/#website\",\"url\":\"https:\/\/theplayoffs.news\/fr\/\",\"name\":\"The Playoffs FR\",\"description\":\"NBA-NFL-NHL-MLB\",\"potentialAction\":[{\"@type\":\"SearchAction\",\"target\":{\"@type\":\"EntryPoint\",\"urlTemplate\":\"https:\/\/theplayoffs.news\/fr\/?s={search_term_string}\"},\"query-input\":{\"@type\":\"PropertyValueSpecification\",\"valueRequired\":true,\"valueName\":\"search_term_string\"}}],\"inLanguage\":\"fr-FR\"},{\"@type\":\"Person\",\"@id\":\"https:\/\/theplayoffs.news\/fr\/#\/schema\/person\/d871768c70a3f830131ee72b74bbd11d\",\"name\":\"Maxime Bodilis\",\"image\":{\"@type\":\"ImageObject\",\"inLanguage\":\"fr-FR\",\"@id\":\"https:\/\/theplayoffs.news\/fr\/#\/schema\/person\/image\/\",\"url\":\"https:\/\/secure.gravatar.com\/avatar\/5e151acde6515a05571e0035bf803336362ba4f5e565dba89323f14d014ea180?s=96&d=mm&r=g\",\"contentUrl\":\"https:\/\/secure.gravatar.com\/avatar\/5e151acde6515a05571e0035bf803336362ba4f5e565dba89323f14d014ea180?s=96&d=mm&r=g\",\"caption\":\"Maxime Bodilis\"},\"description\":\"R\u00e9dac\\\\' Chef \u00ab Basket \u00bb charg\u00e9 de la qualit\u00e9 des contenus et du respect de notre ligne \u00e9ditoriale. Ancien joueur de la SIG Strasbourg reconverti dans le journalisme. Pass\u00e9 par les centres de formation BeBasket, Reverse et Skweek avant de rejoindre The Playoffs. Biberonn\u00e9 aux dunks de Shawn Kemp et aux duels Pau-Limoges. Fan inconditionnel de Damian Lillard et Laurent Sciarra. Les highlights de Wemby illuminent mes journ\u00e9es. Et le shoot de Diamantidis continue de hanter mes nuits.\",\"sameAs\":[\"https:\/\/www.linkedin.com\/in\/maxime-bodilis-766a04153\/\"],\"url\":\"https:\/\/theplayoffs.news\/fr\/author\/maximebodilis\/\"}]}<\/script>\n<!-- \/ Yoast SEO plugin. -->","yoast_head_json":{"title":"Jayson Tatum &eacute;voque &quot;les semaines les plus dures de sa vie&quot;","description":"Victime d&#039;une terrible blessure face aux Knicks lors des derniers Playoffs, Jayson Tatum s&#039;est exprim&eacute; mercredi sur sa r&eacute;&eacute;ducation.","robots":{"index":"index","follow":"follow","max-snippet":"max-snippet:-1","max-image-preview":"max-image-preview:large","max-video-preview":"max-video-preview:-1"},"canonical":"https:\/\/theplayoffs.news\/fr\/actualite-nba\/en-pleine-convalescence-jayson-tatum-evoque-les-semaines-les-plus-dures-de-sa-vie\/","og_locale":"fr_FR","og_type":"article","og_title":"Jayson Tatum &eacute;voque &quot;les semaines les plus dures de sa vie&quot;","og_description":"Victime d&#039;une terrible blessure face aux Knicks lors des derniers Playoffs, Jayson Tatum s&#039;est exprim&eacute; mercredi sur sa r&eacute;&eacute;ducation.","og_url":"https:\/\/theplayoffs.news\/fr\/actualite-nba\/en-pleine-convalescence-jayson-tatum-evoque-les-semaines-les-plus-dures-de-sa-vie\/","og_site_name":"The Playoffs FR","article_publisher":"https:\/\/www.facebook.com\/TheFreeAgentFR\/","article_modified_time":"2025-08-21T10:05:07+00:00","og_image":[{"width":1920,"height":1284,"url":"https:\/\/theplayoffs.news\/fr\/wp-content\/uploads\/2025\/08\/USATSI_24645720_168402440_lowres.jpg","type":"image\/jpeg"}],"author":"Maxime Bodilis","twitter_card":"summary_large_image","twitter_creator":"@TheFreeAgentFR","twitter_site":"@TheFreeAgentFR","twitter_misc":{"\u00c9crit par":"Maxime Bodilis","Dur\u00e9e de lecture estim\u00e9e":"2 minutes"},"schema":{"@context":"https:\/\/schema.org","@graph":[{"@type":"WebPage","@id":"https:\/\/theplayoffs.news\/fr\/actualite-nba\/en-pleine-convalescence-jayson-tatum-evoque-les-semaines-les-plus-dures-de-sa-vie\/","url":"https:\/\/theplayoffs.news\/fr\/actualite-nba\/en-pleine-convalescence-jayson-tatum-evoque-les-semaines-les-plus-dures-de-sa-vie\/","name":"Jayson Tatum \u00e9voque \\\"les semaines les plus dures de sa vie\\\"","isPartOf":{"@id":"https:\/\/theplayoffs.news\/fr\/#website"},"primaryImageOfPage":{"@id":"https:\/\/theplayoffs.news\/fr\/actualite-nba\/en-pleine-convalescence-jayson-tatum-evoque-les-semaines-les-plus-dures-de-sa-vie\/#primaryimage"},"image":{"@id":"https:\/\/theplayoffs.news\/fr\/actualite-nba\/en-pleine-convalescence-jayson-tatum-evoque-les-semaines-les-plus-dures-de-sa-vie\/#primaryimage"},"thumbnailUrl":"https:\/\/theplayoffs.news\/fr\/wp-content\/uploads\/2025\/08\/USATSI_24645720_168402440_lowres.jpg","datePublished":"2025-08-21T10:05:01+00:00","dateModified":"2025-08-21T10:05:07+00:00","author":{"@id":"https:\/\/theplayoffs.news\/fr\/#\/schema\/person\/d871768c70a3f830131ee72b74bbd11d"},"description":"Victime d\\'une terrible blessure face aux Knicks lors des derniers Playoffs, Jayson Tatum s\\'est exprim\u00e9 mercredi sur sa r\u00e9\u00e9ducation.","breadcrumb":{"@id":"https:\/\/theplayoffs.news\/fr\/actualite-nba\/en-pleine-convalescence-jayson-tatum-evoque-les-semaines-les-plus-dures-de-sa-vie\/#breadcrumb"},"inLanguage":"fr-FR","potentialAction":[{"@type":"ReadAction","target":["https:\/\/theplayoffs.news\/fr\/actualite-nba\/en-pleine-convalescence-jayson-tatum-evoque-les-semaines-les-plus-dures-de-sa-vie\/"]}]},{"@type":"ImageObject","inLanguage":"fr-FR","@id":"https:\/\/theplayoffs.news\/fr\/actualite-nba\/en-pleine-convalescence-jayson-tatum-evoque-les-semaines-les-plus-dures-de-sa-vie\/#primaryimage","url":"https:\/\/theplayoffs.news\/fr\/wp-content\/uploads\/2025\/08\/USATSI_24645720_168402440_lowres.jpg","contentUrl":"https:\/\/theplayoffs.news\/fr\/wp-content\/uploads\/2025\/08\/USATSI_24645720_168402440_lowres.jpg","width":1920,"height":1284,"caption":"Jayson Tatum Celtics NBA"},{"@type":"BreadcrumbList","@id":"https:\/\/theplayoffs.news\/fr\/actualite-nba\/en-pleine-convalescence-jayson-tatum-evoque-les-semaines-les-plus-dures-de-sa-vie\/#breadcrumb","itemListElement":[{"@type":"ListItem","position":1,"name":"Accueil","item":"https:\/\/theplayoffs.news\/fr\/"},{"@type":"ListItem","position":2,"name":"En pleine convalescence, Jayson Tatum \u00e9voque &#8220;les semaines les plus dures de sa vie&#8221;"}]},{"@type":"WebSite","@id":"https:\/\/theplayoffs.news\/fr\/#website","url":"https:\/\/theplayoffs.news\/fr\/","name":"The Playoffs FR","description":"NBA-NFL-NHL-MLB","potentialAction":[{"@type":"SearchAction","target":{"@type":"EntryPoint","urlTemplate":"https:\/\/theplayoffs.news\/fr\/?s={search_term_string}"},"query-input":{"@type":"PropertyValueSpecification","valueRequired":true,"valueName":"search_term_string"}}],"inLanguage":"fr-FR"},{"@type":"Person","@id":"https:\/\/theplayoffs.news\/fr\/#\/schema\/person\/d871768c70a3f830131ee72b74bbd11d","name":"Maxime Bodilis","image":{"@type":"ImageObject","inLanguage":"fr-FR","@id":"https:\/\/theplayoffs.news\/fr\/#\/schema\/person\/image\/","url":"https:\/\/secure.gravatar.com\/avatar\/5e151acde6515a05571e0035bf803336362ba4f5e565dba89323f14d014ea180?s=96&d=mm&r=g","contentUrl":"https:\/\/secure.gravatar.com\/avatar\/5e151acde6515a05571e0035bf803336362ba4f5e565dba89323f14d014ea180?s=96&d=mm&r=g","caption":"Maxime Bodilis"},"description":"R\u00e9dac\\' Chef \u00ab Basket \u00bb charg\u00e9 de la qualit\u00e9 des contenus et du respect de notre ligne \u00e9ditoriale. Ancien joueur de la SIG Strasbourg reconverti dans le journalisme. Pass\u00e9 par les centres de formation BeBasket, Reverse et Skweek avant de rejoindre The Playoffs. Biberonn\u00e9 aux dunks de Shawn Kemp et aux duels Pau-Limoges. Fan inconditionnel de Damian Lillard et Laurent Sciarra. Les highlights de Wemby illuminent mes journ\u00e9es. Et le shoot de Diamantidis continue de hanter mes nuits.","sameAs":["https:\/\/www.linkedin.com\/in\/maxime-bodilis-766a04153\/"],"url":"https:\/\/theplayoffs.news\/fr\/author\/maximebodilis\/"}]}},"_links":{"self":[{"href":"https:\/\/theplayoffs.news\/fr\/wp-json\/wp\/v2\/posts\/1499456","targetHints":{"allow":["GET"]}}],"collection":[{"href":"https:\/\/theplayoffs.news\/fr\/wp-json\/wp\/v2\/posts"}],"about":[{"href":"https:\/\/theplayoffs.news\/fr\/wp-json\/wp\/v2\/types\/post"}],"author":[{"embeddable":true,"href":"https:\/\/theplayoffs.news\/fr\/wp-json\/wp\/v2\/users\/180310263"}],"replies":[{"embeddable":true,"href":"https:\/\/theplayoffs.news\/fr\/wp-json\/wp\/v2\/comments?post=1499456"}],"version-history":[{"count":1,"href":"https:\/\/theplayoffs.news\/fr\/wp-json\/wp\/v2\/posts\/1499456\/revisions"}],"predecessor-version":[{"id":1499472,"href":"https:\/\/theplayoffs.news\/fr\/wp-json\/wp\/v2\/posts\/1499456\/revisions\/1499472"}],"wp:featuredmedia":[{"embeddable":true,"href":"https:\/\/theplayoffs.news\/fr\/wp-json\/wp\/v2\/media\/1499468"}],"wp:attachment":[{"href":"https:\/\/theplayoffs.news\/fr\/wp-json\/wp\/v2\/media?parent=1499456"}],"wp:term":[{"taxonomy":"category","embeddable":true,"href":"https:\/\/theplayoffs.news\/fr\/wp-json\/wp\/v2\/categories?post=1499456"},{"taxonomy":"post_tag","embeddable":true,"href":"https:\/\/theplayoffs.news\/fr\/wp-json\/wp\/v2\/tags?post=1499456"},{"taxonomy":"sport","embeddable":true,"href":"https:\/\/theplayoffs.news\/fr\/wp-json\/wp\/v2\/sport?post=1499456"},{"taxonomy":"saison","embeddable":true,"href":"https:\/\/theplayoffs.news\/fr\/wp-json\/wp\/v2\/saison?post=1499456"}],"curies":[{"name":"wp","href":"https:\/\/api.w.org\/{rel}","templated":true}]}}