{"id":1499413,"date":"2025-08-21T08:09:43","date_gmt":"2025-08-21T06:09:43","guid":{"rendered":"https:\/\/theplayoffs.news\/fr\/uncategorized\/\/"},"modified":"2025-08-21T08:09:52","modified_gmt":"2025-08-21T06:09:52","slug":"trade-nfl-les-saints-acquierent-devaughn-vele-des-broncos","status":"publish","type":"post","link":"https:\/\/theplayoffs.news\/fr\/actualite-nfl\/trade-nfl-les-saints-acquierent-devaughn-vele-des-broncos\/","title":{"rendered":"Trade NFL: Les Saints acqui\u00e8rent Devaughn Vele des Broncos"},"content":{"rendered":"<p>Le march&eacute; des transferts continue d&rsquo;animer l&rsquo;intersaison en NFL. Ce mercredi, les <a href=\"https:\/\/theplayoffs.news\/fr\/actualite-nfl\/podcast-nfl-preview-nfc-sud-2025\/\" class=\"trk-cta-link\" data-cta-trk='{\"ctaType\":\"Link\",\"ctaSubType\":\"main\"}'>New Orleans Saints<\/a> ont officialis&eacute; l&rsquo;arriv&eacute;e du receveur Devaughn Vele, acquis aupr&egrave;s des <a href=\"https:\/\/theplayoffs.news\/fr\/actualite-nfl\/podcast-nfl-preview-afc-ouest-2025\/\" class=\"trk-cta-link\" data-cta-trk='{\"ctaType\":\"Link\",\"ctaSubType\":\"main\"}'>Denver Broncos<\/a> en &eacute;change d&rsquo;un choix de 4e tour en 2026 et d&rsquo;un 7e tour en 2027. Un mouvement qui relie directement Sean Payton, aujourd&rsquo;hui entra&icirc;neur des Broncos, &agrave; son ancienne &eacute;quipe.<\/p><blockquote class=\"twitter-tweet\"><p lang=\"en\" dir=\"ltr\">TRADE &#128680; <br><br>The <a href=\"https:\/\/twitter.com\/hashtag\/Saints?src=hash&amp;ref_src=twsrc%5Etfw\" class=\"trk-cta-link\" data-cta-trk='{\"ctaType\":\"Link\",\"ctaSubType\":\"main\"}'>#Saints<\/a> have acquired WR Devaughn Vele from the Broncos in exchange for future considerations &#9884;&#65039; <a href=\"https:\/\/t.co\/ELO3i7jhDH\" class=\"trk-cta-link\" data-cta-trk='{\"ctaType\":\"Link\",\"ctaSubType\":\"main\"}'>pic.twitter.com\/ELO3i7jhDH<\/a><\/p>&mdash; New Orleans Saints (@Saints) <a href=\"https:\/\/twitter.com\/Saints\/status\/1958302804906267078?ref_src=twsrc%5Etfw\" class=\"trk-cta-link\" data-cta-trk='{\"ctaType\":\"Link\",\"ctaSubType\":\"main\"}'>August 20, 2025<\/a><\/blockquote><script async src=\"https:\/\/platform.twitter.com\/widgets.js\" charset=\"utf-8\"><\/script><h2 class=\"wp-block-heading\">Devaughn Vele rel&eacute;gu&eacute; dans la hi&eacute;rarchie des Broncos<\/h2><p>Si Denver a accept&eacute; de se s&eacute;parer du jeune receveur, c&rsquo;est en grande partie gr&acirc;ce &agrave; l&rsquo;&eacute;closion r&eacute;cente de deux autres cibles: Troy Franklin et Pat Bryant. Tous deux se sont illustr&eacute;s lors du dernier match de pr&eacute;saison face aux Arizona Cardinals. Franklin a notamment brill&eacute; avec 67 yards et deux touchdowns, tandis que Bryant s&rsquo;est montr&eacute; solide avec 70 yards sur quatre r&eacute;ceptions. De quoi rel&eacute;guer Vele au second plan dans la hi&eacute;rarchie des receveurs.<\/p><p>Draft&eacute; au septi&egrave;me tour en 2024, Devaughn Vele sort pourtant d&rsquo;une saison rookie encourageante. En 13 apparitions, il a enregistr&eacute; 41 r&eacute;ceptions pour 475 yards et trois touchdowns, prouvant sa capacit&eacute; &agrave; contribuer imm&eacute;diatement au niveau professionnel.<\/p><h2 class=\"wp-block-heading\">Un renfort pour les Saints<\/h2><p>Du c&ocirc;t&eacute; de la Nouvelle-Orl&eacute;ans, ce recrutement r&eacute;pond &agrave; un besoin pr&eacute;cis. Avec ses 1,96 m&egrave;tre, Vele apporte une dimension physique qui faisait d&eacute;faut dans un groupe de receveurs plut&ocirc;t r&eacute;put&eacute; pour sa vitesse que pour sa taille. Son profil pourrait s&rsquo;av&eacute;rer pr&eacute;cieux dans la red zone, un secteur o&ugrave; les Saints ont parfois pein&eacute; &agrave; concr&eacute;tiser.<\/p><p>Ce transfert illustre &eacute;galement la volont&eacute; des Saints de donner davantage d&rsquo;armes &agrave; leur attaque, alors que la franchise ne conna&icirc;t toujours pas le nom de son quarterback titulaire pour la saison prochaine. Pour les Broncos, il s&rsquo;agit surtout d&rsquo;optimiser leur profondeur en capitalisant sur la mont&eacute;e en puissance de jeunes talents.<\/p><p>En r&eacute;sum&eacute;, Vele change de camp avec l&rsquo;opportunit&eacute; de s&rsquo;imposer dans un effectif en qu&ecirc;te de vari&eacute;t&eacute; offensive, tandis que Denver poursuit sa reconstruction en misant sur ses nouvelles recrues.<\/p><p>Cr&eacute;dit photo: &copy; Gregory Fisher-Imagn Images<\/p>\n","protected":false},"excerpt":{"rendered":"<p>NFL &#8211; Les Saints ont renforc\u00e9 leur corps de receveur avec l&rsquo;arriv\u00e9e de Devaughn Vele<\/p>\n","protected":false},"author":180309964,"featured_media":1499414,"comment_status":"closed","ping_status":"closed","sticky":false,"template":"","format":"standard","meta":{"inline_featured_image":false,"kia_subtitle":"NFL - Les Saints ont renforc\u00e9 leur corps de receveur avec l'arriv\u00e9e de Devaughn Vele","_mux_skip_reasons":[],"proofreadBy":0,"footnotes":""},"categories":[118,8410,40,8408],"tags":[926,8875,994],"sport":[2785],"saison":[7475],"class_list":["post-1499413","post","type-post","status-publish","format-standard","has-post-thumbnail","hentry","category-actualite-nfl","category-football-americain","category-nfl","category-sports","tag-denver-broncos","tag-devaughn-vele","tag-new-orleans-saints","sport-nfl","saison-7475"],"acf":[],"yoast_head":"<!-- This site is optimized with the Yoast SEO plugin v24.2 - https:\/\/yoast.com\/wordpress\/plugins\/seo\/ -->\n<title>Trade NFL: Les Saints acqui&egrave;rent Devaughn Vele des Broncos - The Playoffs FR<\/title>\n<meta name=\"robots\" content=\"index, follow, max-snippet:-1, max-image-preview:large, max-video-preview:-1\" \/>\n<link rel=\"canonical\" href=\"https:\/\/theplayoffs.news\/fr\/actualite-nfl\/trade-nfl-les-saints-acquierent-devaughn-vele-des-broncos\/\" \/>\n<meta property=\"og:locale\" content=\"fr_FR\" \/>\n<meta property=\"og:type\" content=\"article\" \/>\n<meta property=\"og:title\" content=\"Trade NFL: Les Saints acqui&egrave;rent Devaughn Vele des Broncos - The Playoffs FR\" \/>\n<meta property=\"og:description\" content=\"NFL - Les Saints ont renforc&eacute; leur corps de receveur avec l&#039;arriv&eacute;e de Devaughn Vele\" \/>\n<meta property=\"og:url\" content=\"https:\/\/theplayoffs.news\/fr\/actualite-nfl\/trade-nfl-les-saints-acquierent-devaughn-vele-des-broncos\/\" \/>\n<meta property=\"og:site_name\" content=\"The Playoffs FR\" \/>\n<meta property=\"article:publisher\" content=\"https:\/\/www.facebook.com\/TheFreeAgentFR\/\" \/>\n<meta property=\"article:modified_time\" content=\"2025-08-21T08:09:52+02:00\" \/>\n<meta property=\"og:image\" content=\"https:\/\/theplayoffs.news\/fr\/wp-content\/uploads\/2025\/08\/USATSI_25172903.jpg\" \/>\n\t<meta property=\"og:image:width\" content=\"1920\" \/>\n\t<meta property=\"og:image:height\" content=\"1363\" \/>\n\t<meta property=\"og:image:type\" content=\"image\/jpeg\" \/>\n<meta name=\"author\" content=\"Flavien Jumeau\" \/>\n<meta name=\"twitter:card\" content=\"summary_large_image\" \/>\n<meta name=\"twitter:creator\" content=\"@TheFreeAgentFR\" \/>\n<meta name=\"twitter:site\" content=\"@TheFreeAgentFR\" \/>\n<meta name=\"twitter:label1\" content=\"\u00c9crit par\" \/>\n\t<meta name=\"twitter:data1\" content=\"Flavien Jumeau\" \/>\n\t<meta name=\"twitter:label2\" content=\"Dur\u00e9e de lecture estim\u00e9e\" \/>\n\t<meta name=\"twitter:data2\" content=\"2 minutes\" \/>\n<script type=\"application\/ld+json\" class=\"yoast-schema-graph\">{\"@context\":\"https:\/\/schema.org\",\"@graph\":[{\"@type\":\"WebPage\",\"@id\":\"https:\/\/theplayoffs.news\/fr\/actualite-nfl\/trade-nfl-les-saints-acquierent-devaughn-vele-des-broncos\/\",\"url\":\"https:\/\/theplayoffs.news\/fr\/actualite-nfl\/trade-nfl-les-saints-acquierent-devaughn-vele-des-broncos\/\",\"name\":\"Trade NFL: Les Saints acqui\u00e8rent Devaughn Vele des Broncos - The Playoffs FR\",\"isPartOf\":{\"@id\":\"https:\/\/theplayoffs.news\/fr\/#website\"},\"primaryImageOfPage\":{\"@id\":\"https:\/\/theplayoffs.news\/fr\/actualite-nfl\/trade-nfl-les-saints-acquierent-devaughn-vele-des-broncos\/#primaryimage\"},\"image\":{\"@id\":\"https:\/\/theplayoffs.news\/fr\/actualite-nfl\/trade-nfl-les-saints-acquierent-devaughn-vele-des-broncos\/#primaryimage\"},\"thumbnailUrl\":\"https:\/\/theplayoffs.news\/fr\/wp-content\/uploads\/2025\/08\/USATSI_25172903.jpg\",\"datePublished\":\"2025-08-21T06:09:43+00:00\",\"dateModified\":\"2025-08-21T06:09:52+00:00\",\"author\":{\"@id\":\"https:\/\/theplayoffs.news\/fr\/#\/schema\/person\/def63bc6746dc5957469b75feb99e66d\"},\"breadcrumb\":{\"@id\":\"https:\/\/theplayoffs.news\/fr\/actualite-nfl\/trade-nfl-les-saints-acquierent-devaughn-vele-des-broncos\/#breadcrumb\"},\"inLanguage\":\"fr-FR\",\"potentialAction\":[{\"@type\":\"ReadAction\",\"target\":[\"https:\/\/theplayoffs.news\/fr\/actualite-nfl\/trade-nfl-les-saints-acquierent-devaughn-vele-des-broncos\/\"]}]},{\"@type\":\"ImageObject\",\"inLanguage\":\"fr-FR\",\"@id\":\"https:\/\/theplayoffs.news\/fr\/actualite-nfl\/trade-nfl-les-saints-acquierent-devaughn-vele-des-broncos\/#primaryimage\",\"url\":\"https:\/\/theplayoffs.news\/fr\/wp-content\/uploads\/2025\/08\/USATSI_25172903.jpg\",\"contentUrl\":\"https:\/\/theplayoffs.news\/fr\/wp-content\/uploads\/2025\/08\/USATSI_25172903.jpg\",\"width\":1920,\"height\":1363,\"caption\":\"Jan 12, 2025; Orchard Park, New York, USA; Denver Broncos wide receiver Devaughn Vele (17) warms up before a game against the Buffalo Bills in an AFC wild card game at Highmark Stadium. Mandatory Credit: Gregory Fisher-Imagn Images\"},{\"@type\":\"BreadcrumbList\",\"@id\":\"https:\/\/theplayoffs.news\/fr\/actualite-nfl\/trade-nfl-les-saints-acquierent-devaughn-vele-des-broncos\/#breadcrumb\",\"itemListElement\":[{\"@type\":\"ListItem\",\"position\":1,\"name\":\"Accueil\",\"item\":\"https:\/\/theplayoffs.news\/fr\/\"},{\"@type\":\"ListItem\",\"position\":2,\"name\":\"Trade NFL: Les Saints acqui\u00e8rent Devaughn Vele des Broncos\"}]},{\"@type\":\"WebSite\",\"@id\":\"https:\/\/theplayoffs.news\/fr\/#website\",\"url\":\"https:\/\/theplayoffs.news\/fr\/\",\"name\":\"The Playoffs FR\",\"description\":\"NBA-NFL-NHL-MLB\",\"potentialAction\":[{\"@type\":\"SearchAction\",\"target\":{\"@type\":\"EntryPoint\",\"urlTemplate\":\"https:\/\/theplayoffs.news\/fr\/?s={search_term_string}\"},\"query-input\":{\"@type\":\"PropertyValueSpecification\",\"valueRequired\":true,\"valueName\":\"search_term_string\"}}],\"inLanguage\":\"fr-FR\"},{\"@type\":\"Person\",\"@id\":\"https:\/\/theplayoffs.news\/fr\/#\/schema\/person\/def63bc6746dc5957469b75feb99e66d\",\"name\":\"Flavien Jumeau\",\"image\":{\"@type\":\"ImageObject\",\"inLanguage\":\"fr-FR\",\"@id\":\"https:\/\/theplayoffs.news\/fr\/#\/schema\/person\/image\/\",\"url\":\"https:\/\/secure.gravatar.com\/avatar\/e7fa8ba5a4b7e4ce35fe152f083f352db28ad0acce692004ed88a7a7d78893f7?s=96&d=mm&r=g\",\"contentUrl\":\"https:\/\/secure.gravatar.com\/avatar\/e7fa8ba5a4b7e4ce35fe152f083f352db28ad0acce692004ed88a7a7d78893f7?s=96&d=mm&r=g\",\"caption\":\"Flavien Jumeau\"},\"description\":\"Amoureux du sport (et de vraiment tous les sports) depuis mon plus jeune \u00e2ge, j\u2019ai longtemps h\u00e9site entre le snooker et le curling. Finalement c\u2019est le foot US que j\u2019ai d\u00e9cid\u00e9 de choisir! Responsable foot US sur TPO et animateur du podcast Tailgate j\u2019ai pour mission de vous faire d\u00e9couvrir ce sport passionnant si ce n\u2019est pas encore fait et de vous donner les derni\u00e8res actus. Le tout dans la bonne humeur et avec toujours un jeu de mots ou deux savamment distill\u00e9s! Fan des Saints, pour moi Drew Brees est le vrai GOAT!\",\"url\":\"https:\/\/theplayoffs.news\/fr\/author\/flavien-jumeaugmail-com\/\"}]}<\/script>\n<!-- \/ Yoast SEO plugin. -->","yoast_head_json":{"title":"Trade NFL: Les Saints acqui&egrave;rent Devaughn Vele des Broncos - The Playoffs FR","robots":{"index":"index","follow":"follow","max-snippet":"max-snippet:-1","max-image-preview":"max-image-preview:large","max-video-preview":"max-video-preview:-1"},"canonical":"https:\/\/theplayoffs.news\/fr\/actualite-nfl\/trade-nfl-les-saints-acquierent-devaughn-vele-des-broncos\/","og_locale":"fr_FR","og_type":"article","og_title":"Trade NFL: Les Saints acqui&egrave;rent Devaughn Vele des Broncos - The Playoffs FR","og_description":"NFL - Les Saints ont renforc&eacute; leur corps de receveur avec l&#039;arriv&eacute;e de Devaughn Vele","og_url":"https:\/\/theplayoffs.news\/fr\/actualite-nfl\/trade-nfl-les-saints-acquierent-devaughn-vele-des-broncos\/","og_site_name":"The Playoffs FR","article_publisher":"https:\/\/www.facebook.com\/TheFreeAgentFR\/","article_modified_time":"2025-08-21T06:09:52+00:00","og_image":[{"width":1920,"height":1363,"url":"https:\/\/theplayoffs.news\/fr\/wp-content\/uploads\/2025\/08\/USATSI_25172903.jpg","type":"image\/jpeg"}],"author":"Flavien Jumeau","twitter_card":"summary_large_image","twitter_creator":"@TheFreeAgentFR","twitter_site":"@TheFreeAgentFR","twitter_misc":{"\u00c9crit par":"Flavien Jumeau","Dur\u00e9e de lecture estim\u00e9e":"2 minutes"},"schema":{"@context":"https:\/\/schema.org","@graph":[{"@type":"WebPage","@id":"https:\/\/theplayoffs.news\/fr\/actualite-nfl\/trade-nfl-les-saints-acquierent-devaughn-vele-des-broncos\/","url":"https:\/\/theplayoffs.news\/fr\/actualite-nfl\/trade-nfl-les-saints-acquierent-devaughn-vele-des-broncos\/","name":"Trade NFL: Les Saints acqui\u00e8rent Devaughn Vele des Broncos - The Playoffs FR","isPartOf":{"@id":"https:\/\/theplayoffs.news\/fr\/#website"},"primaryImageOfPage":{"@id":"https:\/\/theplayoffs.news\/fr\/actualite-nfl\/trade-nfl-les-saints-acquierent-devaughn-vele-des-broncos\/#primaryimage"},"image":{"@id":"https:\/\/theplayoffs.news\/fr\/actualite-nfl\/trade-nfl-les-saints-acquierent-devaughn-vele-des-broncos\/#primaryimage"},"thumbnailUrl":"https:\/\/theplayoffs.news\/fr\/wp-content\/uploads\/2025\/08\/USATSI_25172903.jpg","datePublished":"2025-08-21T06:09:43+00:00","dateModified":"2025-08-21T06:09:52+00:00","author":{"@id":"https:\/\/theplayoffs.news\/fr\/#\/schema\/person\/def63bc6746dc5957469b75feb99e66d"},"breadcrumb":{"@id":"https:\/\/theplayoffs.news\/fr\/actualite-nfl\/trade-nfl-les-saints-acquierent-devaughn-vele-des-broncos\/#breadcrumb"},"inLanguage":"fr-FR","potentialAction":[{"@type":"ReadAction","target":["https:\/\/theplayoffs.news\/fr\/actualite-nfl\/trade-nfl-les-saints-acquierent-devaughn-vele-des-broncos\/"]}]},{"@type":"ImageObject","inLanguage":"fr-FR","@id":"https:\/\/theplayoffs.news\/fr\/actualite-nfl\/trade-nfl-les-saints-acquierent-devaughn-vele-des-broncos\/#primaryimage","url":"https:\/\/theplayoffs.news\/fr\/wp-content\/uploads\/2025\/08\/USATSI_25172903.jpg","contentUrl":"https:\/\/theplayoffs.news\/fr\/wp-content\/uploads\/2025\/08\/USATSI_25172903.jpg","width":1920,"height":1363,"caption":"Jan 12, 2025; Orchard Park, New York, USA; Denver Broncos wide receiver Devaughn Vele (17) warms up before a game against the Buffalo Bills in an AFC wild card game at Highmark Stadium. Mandatory Credit: Gregory Fisher-Imagn Images"},{"@type":"BreadcrumbList","@id":"https:\/\/theplayoffs.news\/fr\/actualite-nfl\/trade-nfl-les-saints-acquierent-devaughn-vele-des-broncos\/#breadcrumb","itemListElement":[{"@type":"ListItem","position":1,"name":"Accueil","item":"https:\/\/theplayoffs.news\/fr\/"},{"@type":"ListItem","position":2,"name":"Trade NFL: Les Saints acqui\u00e8rent Devaughn Vele des Broncos"}]},{"@type":"WebSite","@id":"https:\/\/theplayoffs.news\/fr\/#website","url":"https:\/\/theplayoffs.news\/fr\/","name":"The Playoffs FR","description":"NBA-NFL-NHL-MLB","potentialAction":[{"@type":"SearchAction","target":{"@type":"EntryPoint","urlTemplate":"https:\/\/theplayoffs.news\/fr\/?s={search_term_string}"},"query-input":{"@type":"PropertyValueSpecification","valueRequired":true,"valueName":"search_term_string"}}],"inLanguage":"fr-FR"},{"@type":"Person","@id":"https:\/\/theplayoffs.news\/fr\/#\/schema\/person\/def63bc6746dc5957469b75feb99e66d","name":"Flavien Jumeau","image":{"@type":"ImageObject","inLanguage":"fr-FR","@id":"https:\/\/theplayoffs.news\/fr\/#\/schema\/person\/image\/","url":"https:\/\/secure.gravatar.com\/avatar\/e7fa8ba5a4b7e4ce35fe152f083f352db28ad0acce692004ed88a7a7d78893f7?s=96&d=mm&r=g","contentUrl":"https:\/\/secure.gravatar.com\/avatar\/e7fa8ba5a4b7e4ce35fe152f083f352db28ad0acce692004ed88a7a7d78893f7?s=96&d=mm&r=g","caption":"Flavien Jumeau"},"description":"Amoureux du sport (et de vraiment tous les sports) depuis mon plus jeune \u00e2ge, j\u2019ai longtemps h\u00e9site entre le snooker et le curling. Finalement c\u2019est le foot US que j\u2019ai d\u00e9cid\u00e9 de choisir! Responsable foot US sur TPO et animateur du podcast Tailgate j\u2019ai pour mission de vous faire d\u00e9couvrir ce sport passionnant si ce n\u2019est pas encore fait et de vous donner les derni\u00e8res actus. Le tout dans la bonne humeur et avec toujours un jeu de mots ou deux savamment distill\u00e9s! Fan des Saints, pour moi Drew Brees est le vrai GOAT!","url":"https:\/\/theplayoffs.news\/fr\/author\/flavien-jumeaugmail-com\/"}]}},"_links":{"self":[{"href":"https:\/\/theplayoffs.news\/fr\/wp-json\/wp\/v2\/posts\/1499413","targetHints":{"allow":["GET"]}}],"collection":[{"href":"https:\/\/theplayoffs.news\/fr\/wp-json\/wp\/v2\/posts"}],"about":[{"href":"https:\/\/theplayoffs.news\/fr\/wp-json\/wp\/v2\/types\/post"}],"author":[{"embeddable":true,"href":"https:\/\/theplayoffs.news\/fr\/wp-json\/wp\/v2\/users\/180309964"}],"replies":[{"embeddable":true,"href":"https:\/\/theplayoffs.news\/fr\/wp-json\/wp\/v2\/comments?post=1499413"}],"version-history":[{"count":1,"href":"https:\/\/theplayoffs.news\/fr\/wp-json\/wp\/v2\/posts\/1499413\/revisions"}],"predecessor-version":[{"id":1499415,"href":"https:\/\/theplayoffs.news\/fr\/wp-json\/wp\/v2\/posts\/1499413\/revisions\/1499415"}],"wp:featuredmedia":[{"embeddable":true,"href":"https:\/\/theplayoffs.news\/fr\/wp-json\/wp\/v2\/media\/1499414"}],"wp:attachment":[{"href":"https:\/\/theplayoffs.news\/fr\/wp-json\/wp\/v2\/media?parent=1499413"}],"wp:term":[{"taxonomy":"category","embeddable":true,"href":"https:\/\/theplayoffs.news\/fr\/wp-json\/wp\/v2\/categories?post=1499413"},{"taxonomy":"post_tag","embeddable":true,"href":"https:\/\/theplayoffs.news\/fr\/wp-json\/wp\/v2\/tags?post=1499413"},{"taxonomy":"sport","embeddable":true,"href":"https:\/\/theplayoffs.news\/fr\/wp-json\/wp\/v2\/sport?post=1499413"},{"taxonomy":"saison","embeddable":true,"href":"https:\/\/theplayoffs.news\/fr\/wp-json\/wp\/v2\/saison?post=1499413"}],"curies":[{"name":"wp","href":"https:\/\/api.w.org\/{rel}","templated":true}]}}