{"id":1499128,"date":"2025-08-18T08:34:07","date_gmt":"2025-08-18T06:34:07","guid":{"rendered":"https:\/\/theplayoffs.news\/fr\/uncategorized\/\/"},"modified":"2025-08-18T08:34:21","modified_gmt":"2025-08-18T06:34:21","slug":"nazem-kadri-canada-jeux-olympiques-2026","status":"publish","type":"post","link":"https:\/\/theplayoffs.news\/fr\/actualite-nhl\/nazem-kadri-canada-jeux-olympiques-2026\/","title":{"rendered":"Nazem Kadri : \u201cJe m\u00e9rite une chance d\u2019\u00eatre dans l\u2019\u00e9quipe olympique\u201d"},"content":{"rendered":"<p>Nazem Kadri, attaquant des Calgary Flames, estime avoir &eacute;t&eacute; injustement &eacute;cart&eacute; du groupe de 42 joueurs convoqu&eacute;s pour un camp en ao&ucirc;t, qui sert de pr&eacute;-s&eacute;lection en vue des Jeux olympiques d&rsquo;hiver de 2026.<\/p><p>&laquo; Je sens que je m&eacute;rite une chance. Je pense que, ces derni&egrave;res saisons, j&rsquo;ai prouv&eacute; ma valeur par mes statistiques et mon palmar&egrave;s. &Ccedil;a parle de soi-m&ecirc;me &raquo;, a d&eacute;clar&eacute; Kadri, cit&eacute; par Julian MacKenzie (The Athletic). Son m&eacute;contentement est apparu clairement dans un commentaire publi&eacute; sous un post d&rsquo;Hockey Canada sur Instagram.<\/p><figure class=\"wp-block-embed is-type-rich is-provider-twitter wp-block-embed-twitter\"><div class=\"wp-block-embed__wrapper\">\n<blockquote class=\"twitter-tweet\" data-width=\"500\" data-dnt=\"true\"><p lang=\"en\" dir=\"ltr\">Nazem Kadri comments on being left off Canada's Orientation Camp roster.<br><br>HT (IG\/43kadri) <a href=\"https:\/\/t.co\/5O4MoEjIb7\" class=\"trk-cta-link\" data-cta-trk='{\"ctaType\":\"Link\",\"ctaSubType\":\"main\"}'>pic.twitter.com\/5O4MoEjIb7<\/a><\/p>&mdash; BarDown (@BarDown) <a href=\"https:\/\/twitter.com\/BarDown\/status\/1951455009419436154?ref_src=twsrc%5Etfw\" class=\"trk-cta-link\" data-cta-trk='{\"ctaType\":\"Link\",\"ctaSubType\":\"main\"}'>August 2, 2025<\/a><\/blockquote><script async src=\"https:\/\/platform.twitter.com\/widgets.js\" charset=\"utf-8\"><\/script>\n<\/div><\/figure><p>&laquo; Qui s&rsquo;en soucie ? &Ccedil;a peut aider ou nuire, je ne sais pas. Ce n&rsquo;est pas aussi s&eacute;rieux que beaucoup de gens le pensent. J&rsquo;ai juste voulu cr&eacute;er un peu de bruit. Comme je l&rsquo;ai dit, j&rsquo;aimerais vraiment faire partie de cette &eacute;quipe. Je pense que je devrais &ecirc;tre consid&eacute;r&eacute; &raquo;, a-t-il expliqu&eacute; lorsqu&rsquo;on lui a demand&eacute; si ce commentaire pouvait compromettre ses chances de rejoindre la s&eacute;lection canadienne.<\/p><p>La saison derni&egrave;re, Kadri a inscrit 35 buts et totalis&eacute; 67 points en 82 matchs. Il n&rsquo;a plus disput&eacute; les s&eacute;ries &eacute;liminatoires depuis 2022, ann&eacute;e o&ugrave; il &eacute;voluait avec l&rsquo;Avalanche du Colorado. En playoffs, le v&eacute;t&eacute;ran affiche 19 buts et 44 points en 52 rencontres.<\/p><p>&Acirc;g&eacute; de 34 ans, l&rsquo;attaquant pourrait bien avoir laiss&eacute; passer sa derni&egrave;re opportunit&eacute; de repr&eacute;senter le Canada aux Jeux olympiques : apr&egrave;s 2026, la prochaine &eacute;dition aura lieu en 2030 en France, alors que Kadri aura 39 ans. Il a d&eacute;j&agrave; port&eacute; les couleurs canadiennes lors du Championnat du monde de hockey en 2014, o&ugrave; le pays avait termin&eacute; &agrave; la 5e place.<\/p><p>&laquo; Honn&ecirc;tement, ce serait un r&ecirc;ve devenu r&eacute;alit&eacute; d&rsquo;int&eacute;grer cette &eacute;quipe. J&rsquo;ai d&eacute;j&agrave; &eacute;t&eacute; consid&eacute;r&eacute; comme un outsider par le pass&eacute;. J&rsquo;ai h&acirc;te de me donner une opportunit&eacute;, mais je comprends que je vais devoir bien jouer &raquo;, a affirm&eacute; Kadri, qui estime &eacute;voluer actuellement au meilleur niveau de sa carri&egrave;re.<\/p><p>Les effectifs d&eacute;finitifs pour les Jeux de 2026 seront annonc&eacute;s au d&eacute;but de l&rsquo;ann&eacute;e prochaine, le tournoi de hockey d&eacute;butant le 11 f&eacute;vrier. Ce sera la premi&egrave;re Olympiade avec la participation des joueurs de <a href=\"https:\/\/theplayoffs.news\/fr\/category\/sports\/hockey-sur-glace\/nhl\/\" target=\"_blank\" rel=\"noreferrer noopener\" class=\"trk-cta-link\" data-cta-trk='{\"ctaType\":\"Link\",\"ctaSubType\":\"main\"}'>NHL<\/a> depuis 2014, &agrave; Sotchi.<\/p><p><\/p><p>Credit Photo : Sergei Belski-Imagn Images<\/p>\n","protected":false},"excerpt":{"rendered":"","protected":false},"author":180309799,"featured_media":1499129,"comment_status":"closed","ping_status":"closed","sticky":false,"template":"","format":"standard","meta":{"inline_featured_image":false,"kia_subtitle":"","_mux_skip_reasons":[],"proofreadBy":0,"footnotes":""},"categories":[187,8412,26],"tags":[8851,2937],"sport":[],"saison":[],"class_list":["post-1499128","post","type-post","status-publish","format-standard","has-post-thumbnail","hentry","category-actualite-nhl","category-hockey-sur-glace","category-nhl","tag-jo-2026","tag-nazem-kadri"],"acf":[],"yoast_head":"<!-- This site is optimized with the Yoast SEO plugin v24.2 - https:\/\/yoast.com\/wordpress\/plugins\/seo\/ -->\n<title>Nazem Kadri r&eacute;clame sa place avec le Canada aux JO 2026 - The Playoffs FR<\/title>\n<meta name=\"description\" content=\"&Eacute;cart&eacute; de la pr&eacute;-s&eacute;lection d&rsquo;Hockey Canada, Nazem Kadri estime m&eacute;riter une place pour les Jeux olympiques d&rsquo;hiver 2026.\" \/>\n<meta name=\"robots\" content=\"index, follow, max-snippet:-1, max-image-preview:large, max-video-preview:-1\" \/>\n<link rel=\"canonical\" href=\"https:\/\/theplayoffs.news\/fr\/actualite-nhl\/nazem-kadri-canada-jeux-olympiques-2026\/\" \/>\n<meta property=\"og:locale\" content=\"fr_FR\" \/>\n<meta property=\"og:type\" content=\"article\" \/>\n<meta property=\"og:title\" content=\"Nazem Kadri r&eacute;clame sa place avec le Canada aux JO 2026 - The Playoffs FR\" \/>\n<meta property=\"og:description\" content=\"&Eacute;cart&eacute; de la pr&eacute;-s&eacute;lection d&rsquo;Hockey Canada, Nazem Kadri estime m&eacute;riter une place pour les Jeux olympiques d&rsquo;hiver 2026.\" \/>\n<meta property=\"og:url\" content=\"https:\/\/theplayoffs.news\/fr\/actualite-nhl\/nazem-kadri-canada-jeux-olympiques-2026\/\" \/>\n<meta property=\"og:site_name\" content=\"The Playoffs FR\" \/>\n<meta property=\"article:publisher\" content=\"https:\/\/www.facebook.com\/TheFreeAgentFR\/\" \/>\n<meta property=\"article:modified_time\" content=\"2025-08-18T08:34:21+02:00\" \/>\n<meta property=\"og:image\" content=\"https:\/\/theplayoffs.news\/fr\/wp-content\/uploads\/2025\/08\/Imagn-25917922.jpg\" \/>\n\t<meta property=\"og:image:width\" content=\"1920\" \/>\n\t<meta property=\"og:image:height\" content=\"1280\" \/>\n\t<meta property=\"og:image:type\" content=\"image\/jpeg\" \/>\n<meta name=\"author\" content=\"La r\u00e9daction\" \/>\n<meta name=\"twitter:card\" content=\"summary_large_image\" \/>\n<meta name=\"twitter:creator\" content=\"@TheFreeAgentFR\" \/>\n<meta name=\"twitter:site\" content=\"@TheFreeAgentFR\" \/>\n<meta name=\"twitter:label1\" content=\"\u00c9crit par\" \/>\n\t<meta name=\"twitter:data1\" content=\"La r\u00e9daction\" \/>\n\t<meta name=\"twitter:label2\" content=\"Dur\u00e9e de lecture estim\u00e9e\" \/>\n\t<meta name=\"twitter:data2\" content=\"3 minutes\" \/>\n<script type=\"application\/ld+json\" class=\"yoast-schema-graph\">{\"@context\":\"https:\/\/schema.org\",\"@graph\":[{\"@type\":\"WebPage\",\"@id\":\"https:\/\/theplayoffs.news\/fr\/actualite-nhl\/nazem-kadri-canada-jeux-olympiques-2026\/\",\"url\":\"https:\/\/theplayoffs.news\/fr\/actualite-nhl\/nazem-kadri-canada-jeux-olympiques-2026\/\",\"name\":\"Nazem Kadri r\u00e9clame sa place avec le Canada aux JO 2026 - The Playoffs FR\",\"isPartOf\":{\"@id\":\"https:\/\/theplayoffs.news\/fr\/#website\"},\"primaryImageOfPage\":{\"@id\":\"https:\/\/theplayoffs.news\/fr\/actualite-nhl\/nazem-kadri-canada-jeux-olympiques-2026\/#primaryimage\"},\"image\":{\"@id\":\"https:\/\/theplayoffs.news\/fr\/actualite-nhl\/nazem-kadri-canada-jeux-olympiques-2026\/#primaryimage\"},\"thumbnailUrl\":\"https:\/\/theplayoffs.news\/fr\/wp-content\/uploads\/2025\/08\/Imagn-25917922.jpg\",\"datePublished\":\"2025-08-18T06:34:07+00:00\",\"dateModified\":\"2025-08-18T06:34:21+00:00\",\"author\":{\"@id\":\"https:\/\/theplayoffs.news\/fr\/#\/schema\/person\/bb40426f4e478f9bd8cdbfeb4f2f9784\"},\"description\":\"\u00c9cart\u00e9 de la pr\u00e9-s\u00e9lection d\u2019Hockey Canada, Nazem Kadri estime m\u00e9riter une place pour les Jeux olympiques d\u2019hiver 2026.\",\"breadcrumb\":{\"@id\":\"https:\/\/theplayoffs.news\/fr\/actualite-nhl\/nazem-kadri-canada-jeux-olympiques-2026\/#breadcrumb\"},\"inLanguage\":\"fr-FR\",\"potentialAction\":[{\"@type\":\"ReadAction\",\"target\":[\"https:\/\/theplayoffs.news\/fr\/actualite-nhl\/nazem-kadri-canada-jeux-olympiques-2026\/\"]}]},{\"@type\":\"ImageObject\",\"inLanguage\":\"fr-FR\",\"@id\":\"https:\/\/theplayoffs.news\/fr\/actualite-nhl\/nazem-kadri-canada-jeux-olympiques-2026\/#primaryimage\",\"url\":\"https:\/\/theplayoffs.news\/fr\/wp-content\/uploads\/2025\/08\/Imagn-25917922.jpg\",\"contentUrl\":\"https:\/\/theplayoffs.news\/fr\/wp-content\/uploads\/2025\/08\/Imagn-25917922.jpg\",\"width\":1920,\"height\":1280,\"caption\":\"Apr 11, 2025; Calgary, Alberta, CAN; Calgary Flames center Nazem Kadri (91) against the Minnesota Wild during the second period at Scotiabank Saddledome. Mandatory Credit: Sergei Belski-Imagn Images\"},{\"@type\":\"BreadcrumbList\",\"@id\":\"https:\/\/theplayoffs.news\/fr\/actualite-nhl\/nazem-kadri-canada-jeux-olympiques-2026\/#breadcrumb\",\"itemListElement\":[{\"@type\":\"ListItem\",\"position\":1,\"name\":\"Accueil\",\"item\":\"https:\/\/theplayoffs.news\/fr\/\"},{\"@type\":\"ListItem\",\"position\":2,\"name\":\"Nazem Kadri : \u201cJe m\u00e9rite une chance d\u2019\u00eatre dans l\u2019\u00e9quipe olympique\u201d\"}]},{\"@type\":\"WebSite\",\"@id\":\"https:\/\/theplayoffs.news\/fr\/#website\",\"url\":\"https:\/\/theplayoffs.news\/fr\/\",\"name\":\"The Playoffs FR\",\"description\":\"NBA-NFL-NHL-MLB\",\"potentialAction\":[{\"@type\":\"SearchAction\",\"target\":{\"@type\":\"EntryPoint\",\"urlTemplate\":\"https:\/\/theplayoffs.news\/fr\/?s={search_term_string}\"},\"query-input\":{\"@type\":\"PropertyValueSpecification\",\"valueRequired\":true,\"valueName\":\"search_term_string\"}}],\"inLanguage\":\"fr-FR\"},{\"@type\":\"Person\",\"@id\":\"https:\/\/theplayoffs.news\/fr\/#\/schema\/person\/bb40426f4e478f9bd8cdbfeb4f2f9784\",\"name\":\"La r\u00e9daction\",\"image\":{\"@type\":\"ImageObject\",\"inLanguage\":\"fr-FR\",\"@id\":\"https:\/\/theplayoffs.news\/fr\/#\/schema\/person\/image\/\",\"url\":\"https:\/\/secure.gravatar.com\/avatar\/7e69b41460ab2c17d61c8c364b6a0ee006f957a70191383ef42be1f4733d6515?s=96&d=mm&r=g\",\"contentUrl\":\"https:\/\/secure.gravatar.com\/avatar\/7e69b41460ab2c17d61c8c364b6a0ee006f957a70191383ef42be1f4733d6515?s=96&d=mm&r=g\",\"caption\":\"La r\u00e9daction\"},\"description\":\"On dit qu\\\\'il faut un village pour s\\\\'occuper d\\\\'un enfant. Et bien c\\\\'est exactement ce dont il s\\\\'agit ici pour The Playoffs. La r\u00e9daction, ce sont vos r\u00e9dacteurs pr\u00e9f\u00e9r\u00e9s qui collaborent sur ces articles que vous lisez au quotidien.\u00a0\",\"url\":\"https:\/\/theplayoffs.news\/fr\/author\/freeagentfr\/\"}]}<\/script>\n<!-- \/ Yoast SEO plugin. -->","yoast_head_json":{"title":"Nazem Kadri r&eacute;clame sa place avec le Canada aux JO 2026 - The Playoffs FR","description":"&Eacute;cart&eacute; de la pr&eacute;-s&eacute;lection d&rsquo;Hockey Canada, Nazem Kadri estime m&eacute;riter une place pour les Jeux olympiques d&rsquo;hiver 2026.","robots":{"index":"index","follow":"follow","max-snippet":"max-snippet:-1","max-image-preview":"max-image-preview:large","max-video-preview":"max-video-preview:-1"},"canonical":"https:\/\/theplayoffs.news\/fr\/actualite-nhl\/nazem-kadri-canada-jeux-olympiques-2026\/","og_locale":"fr_FR","og_type":"article","og_title":"Nazem Kadri r&eacute;clame sa place avec le Canada aux JO 2026 - The Playoffs FR","og_description":"&Eacute;cart&eacute; de la pr&eacute;-s&eacute;lection d&rsquo;Hockey Canada, Nazem Kadri estime m&eacute;riter une place pour les Jeux olympiques d&rsquo;hiver 2026.","og_url":"https:\/\/theplayoffs.news\/fr\/actualite-nhl\/nazem-kadri-canada-jeux-olympiques-2026\/","og_site_name":"The Playoffs FR","article_publisher":"https:\/\/www.facebook.com\/TheFreeAgentFR\/","article_modified_time":"2025-08-18T06:34:21+00:00","og_image":[{"width":1920,"height":1280,"url":"https:\/\/theplayoffs.news\/fr\/wp-content\/uploads\/2025\/08\/Imagn-25917922.jpg","type":"image\/jpeg"}],"author":"La r\u00e9daction","twitter_card":"summary_large_image","twitter_creator":"@TheFreeAgentFR","twitter_site":"@TheFreeAgentFR","twitter_misc":{"\u00c9crit par":"La r\u00e9daction","Dur\u00e9e de lecture estim\u00e9e":"3 minutes"},"schema":{"@context":"https:\/\/schema.org","@graph":[{"@type":"WebPage","@id":"https:\/\/theplayoffs.news\/fr\/actualite-nhl\/nazem-kadri-canada-jeux-olympiques-2026\/","url":"https:\/\/theplayoffs.news\/fr\/actualite-nhl\/nazem-kadri-canada-jeux-olympiques-2026\/","name":"Nazem Kadri r\u00e9clame sa place avec le Canada aux JO 2026 - The Playoffs FR","isPartOf":{"@id":"https:\/\/theplayoffs.news\/fr\/#website"},"primaryImageOfPage":{"@id":"https:\/\/theplayoffs.news\/fr\/actualite-nhl\/nazem-kadri-canada-jeux-olympiques-2026\/#primaryimage"},"image":{"@id":"https:\/\/theplayoffs.news\/fr\/actualite-nhl\/nazem-kadri-canada-jeux-olympiques-2026\/#primaryimage"},"thumbnailUrl":"https:\/\/theplayoffs.news\/fr\/wp-content\/uploads\/2025\/08\/Imagn-25917922.jpg","datePublished":"2025-08-18T06:34:07+00:00","dateModified":"2025-08-18T06:34:21+00:00","author":{"@id":"https:\/\/theplayoffs.news\/fr\/#\/schema\/person\/bb40426f4e478f9bd8cdbfeb4f2f9784"},"description":"\u00c9cart\u00e9 de la pr\u00e9-s\u00e9lection d\u2019Hockey Canada, Nazem Kadri estime m\u00e9riter une place pour les Jeux olympiques d\u2019hiver 2026.","breadcrumb":{"@id":"https:\/\/theplayoffs.news\/fr\/actualite-nhl\/nazem-kadri-canada-jeux-olympiques-2026\/#breadcrumb"},"inLanguage":"fr-FR","potentialAction":[{"@type":"ReadAction","target":["https:\/\/theplayoffs.news\/fr\/actualite-nhl\/nazem-kadri-canada-jeux-olympiques-2026\/"]}]},{"@type":"ImageObject","inLanguage":"fr-FR","@id":"https:\/\/theplayoffs.news\/fr\/actualite-nhl\/nazem-kadri-canada-jeux-olympiques-2026\/#primaryimage","url":"https:\/\/theplayoffs.news\/fr\/wp-content\/uploads\/2025\/08\/Imagn-25917922.jpg","contentUrl":"https:\/\/theplayoffs.news\/fr\/wp-content\/uploads\/2025\/08\/Imagn-25917922.jpg","width":1920,"height":1280,"caption":"Apr 11, 2025; Calgary, Alberta, CAN; Calgary Flames center Nazem Kadri (91) against the Minnesota Wild during the second period at Scotiabank Saddledome. Mandatory Credit: Sergei Belski-Imagn Images"},{"@type":"BreadcrumbList","@id":"https:\/\/theplayoffs.news\/fr\/actualite-nhl\/nazem-kadri-canada-jeux-olympiques-2026\/#breadcrumb","itemListElement":[{"@type":"ListItem","position":1,"name":"Accueil","item":"https:\/\/theplayoffs.news\/fr\/"},{"@type":"ListItem","position":2,"name":"Nazem Kadri : \u201cJe m\u00e9rite une chance d\u2019\u00eatre dans l\u2019\u00e9quipe olympique\u201d"}]},{"@type":"WebSite","@id":"https:\/\/theplayoffs.news\/fr\/#website","url":"https:\/\/theplayoffs.news\/fr\/","name":"The Playoffs FR","description":"NBA-NFL-NHL-MLB","potentialAction":[{"@type":"SearchAction","target":{"@type":"EntryPoint","urlTemplate":"https:\/\/theplayoffs.news\/fr\/?s={search_term_string}"},"query-input":{"@type":"PropertyValueSpecification","valueRequired":true,"valueName":"search_term_string"}}],"inLanguage":"fr-FR"},{"@type":"Person","@id":"https:\/\/theplayoffs.news\/fr\/#\/schema\/person\/bb40426f4e478f9bd8cdbfeb4f2f9784","name":"La r\u00e9daction","image":{"@type":"ImageObject","inLanguage":"fr-FR","@id":"https:\/\/theplayoffs.news\/fr\/#\/schema\/person\/image\/","url":"https:\/\/secure.gravatar.com\/avatar\/7e69b41460ab2c17d61c8c364b6a0ee006f957a70191383ef42be1f4733d6515?s=96&d=mm&r=g","contentUrl":"https:\/\/secure.gravatar.com\/avatar\/7e69b41460ab2c17d61c8c364b6a0ee006f957a70191383ef42be1f4733d6515?s=96&d=mm&r=g","caption":"La r\u00e9daction"},"description":"On dit qu\\'il faut un village pour s\\'occuper d\\'un enfant. Et bien c\\'est exactement ce dont il s\\'agit ici pour The Playoffs. La r\u00e9daction, ce sont vos r\u00e9dacteurs pr\u00e9f\u00e9r\u00e9s qui collaborent sur ces articles que vous lisez au quotidien.\u00a0","url":"https:\/\/theplayoffs.news\/fr\/author\/freeagentfr\/"}]}},"_links":{"self":[{"href":"https:\/\/theplayoffs.news\/fr\/wp-json\/wp\/v2\/posts\/1499128","targetHints":{"allow":["GET"]}}],"collection":[{"href":"https:\/\/theplayoffs.news\/fr\/wp-json\/wp\/v2\/posts"}],"about":[{"href":"https:\/\/theplayoffs.news\/fr\/wp-json\/wp\/v2\/types\/post"}],"author":[{"embeddable":true,"href":"https:\/\/theplayoffs.news\/fr\/wp-json\/wp\/v2\/users\/180309799"}],"replies":[{"embeddable":true,"href":"https:\/\/theplayoffs.news\/fr\/wp-json\/wp\/v2\/comments?post=1499128"}],"version-history":[{"count":1,"href":"https:\/\/theplayoffs.news\/fr\/wp-json\/wp\/v2\/posts\/1499128\/revisions"}],"predecessor-version":[{"id":1499131,"href":"https:\/\/theplayoffs.news\/fr\/wp-json\/wp\/v2\/posts\/1499128\/revisions\/1499131"}],"wp:featuredmedia":[{"embeddable":true,"href":"https:\/\/theplayoffs.news\/fr\/wp-json\/wp\/v2\/media\/1499129"}],"wp:attachment":[{"href":"https:\/\/theplayoffs.news\/fr\/wp-json\/wp\/v2\/media?parent=1499128"}],"wp:term":[{"taxonomy":"category","embeddable":true,"href":"https:\/\/theplayoffs.news\/fr\/wp-json\/wp\/v2\/categories?post=1499128"},{"taxonomy":"post_tag","embeddable":true,"href":"https:\/\/theplayoffs.news\/fr\/wp-json\/wp\/v2\/tags?post=1499128"},{"taxonomy":"sport","embeddable":true,"href":"https:\/\/theplayoffs.news\/fr\/wp-json\/wp\/v2\/sport?post=1499128"},{"taxonomy":"saison","embeddable":true,"href":"https:\/\/theplayoffs.news\/fr\/wp-json\/wp\/v2\/saison?post=1499128"}],"curies":[{"name":"wp","href":"https:\/\/api.w.org\/{rel}","templated":true}]}}