{"id":1499051,"date":"2025-08-16T07:50:00","date_gmt":"2025-08-16T05:50:00","guid":{"rendered":"https:\/\/theplayoffs.news\/fr\/uncategorized\/\/"},"modified":"2025-08-16T07:50:27","modified_gmt":"2025-08-16T05:50:27","slug":"presaison-nfl-2025-week-2-cam-ward-sans-eclat-sur-sa-deuxieme-sortie","status":"publish","type":"post","link":"https:\/\/theplayoffs.news\/fr\/actualite-nfl\/presaison-nfl-2025-week-2-cam-ward-sans-eclat-sur-sa-deuxieme-sortie\/","title":{"rendered":"Pr\u00e9saison NFL 2025 (week 2): Cam Ward sans \u00e9clat sur sa deuxi\u00e8me sortie"},"content":{"rendered":"<p>Deux matchs &eacute;taient au programme de cette nuit de vendredi &agrave; samedi qui marquait ainsi le d&eacute;but de la <a href=\"https:\/\/theplayoffs.news\/fr\/actualite-nfl\/presaison-nfl-2025-week-2-le-programme-complet\/\" class=\"trk-cta-link\" data-cta-trk='{\"ctaType\":\"Link\",\"ctaSubType\":\"main\"}'>deuxi&egrave;me semaine de la pr&eacute;saison NFL 2025<\/a>. Parmi ces deux rencontres, le d&eacute;placement des Tennessee Titans sur le terrain des Atlanta Falcons allait &ecirc;tre particuli&egrave;rement scrut&eacute; en raison de la pr&eacute;sence sur le terrain du num&eacute;ro 1 de la derni&egrave;re draft NFL, Cam Ward. Apr&egrave;s un <a href=\"https:\/\/theplayoffs.news\/fr\/actualite-nfl\/presaison-nfl-2025-cam-ward-soigne-son-entree\/\" class=\"trk-cta-link\" data-cta-trk='{\"ctaType\":\"Link\",\"ctaSubType\":\"main\"}'>premier match plut&ocirc;t r&eacute;ussi la semaine derni&egrave;re<\/a>, Ward &eacute;tait attendu au tournant. Et m&ecirc;me s&rsquo;il ne s&rsquo;est pas compl&egrave;tement manqu&eacute;, sa prestation du jour fut moins enthousiasmante.<\/p><h2 class=\"wp-block-heading\">Un d&eacute;but fracassant<\/h2><p>Pourtant, cette deuxi&egrave;me apparition de Cam Ward sur les terrains NFL laissait pr&eacute;sager une tr&egrave;s belle soir&eacute;e pour l&rsquo;ancien quarterback de l&rsquo;universit&eacute; de Miami. Sur sa premi&egrave;re passe tent&eacute;e, le num&eacute;ro 1 de la derni&egrave;re draft NFL va parvenir &agrave; se connecter sur une jolie passe dans l&rsquo;axe du terrain avec Elic Ayomanor pour un gain de 35 yards qui conduira les Titans tout proche de la mi-terrain.<\/p><blockquote class=\"twitter-tweet\"><p lang=\"en\" dir=\"ltr\">Cam Ward connects with Elic Ayomanor for 35 yards &#128293;<br><br>&#128250; Watch NFL on Game Pass on DAZN | via <a href=\"https:\/\/twitter.com\/NFL?ref_src=twsrc%5Etfw\" class=\"trk-cta-link\" data-cta-trk='{\"ctaType\":\"Link\",\"ctaSubType\":\"main\"}'>@NFL<\/a> <a href=\"https:\/\/t.co\/DrlF5upN3e\" class=\"trk-cta-link\" data-cta-trk='{\"ctaType\":\"Link\",\"ctaSubType\":\"main\"}'>pic.twitter.com\/DrlF5upN3e<\/a><\/p>&mdash; NFL on DAZN (@NFLonDAZN) <a href=\"https:\/\/twitter.com\/NFLonDAZN\/status\/1956496997768192475?ref_src=twsrc%5Etfw\" class=\"trk-cta-link\" data-cta-trk='{\"ctaType\":\"Link\",\"ctaSubType\":\"main\"}'>August 15, 2025<\/a><\/blockquote><script async src=\"https:\/\/platform.twitter.com\/widgets.js\" charset=\"utf-8\"><\/script><p>Malheureusement pour Cam Ward, cet &eacute;clair dans la soir&eacute;e ne sera qu&rsquo;un flash lumineux qui va rapidement dispara&icirc;tre. Lors de la suite du drive, le jeune quarterback va tenter de se connecter sur de nouvelles longues passes avec Van Jefferson notamment mais ne trouvera jamais sa cible. Et lorsqu&rsquo;il parvient &agrave; la trouver, Van Jefferson ne parvient pas de son c&ocirc;t&eacute; &agrave; s&eacute;curiser la r&eacute;ception du ballon.<\/p><p>Une premi&egrave;re passe lumineuse qui ne sera donc jamais suivi d&rsquo;effet!<\/p><h2 class=\"wp-block-heading\">3 drives et 0 point pour Cam Ward<\/h2><p>Il faut le dire, le bilan de Cam Ward est plut&ocirc;t maigre dans cette deuxi&egrave;me journ&eacute;e de pr&eacute;saison NFL m&ecirc;me si l&rsquo;&eacute;chantillon est une nouvelle fois peu concluant puisque le jeune quarterback n&rsquo;a jou&eacute; qu&rsquo;un petit peu plus d&rsquo;un quart-temps. Sur l&rsquo;ensemble de sa prestation, Ward va compl&eacute;ter seulement 2 passes sur 7 tent&eacute;es pour un total de 42 yards &agrave; la passe. Notons tout de m&ecirc;me dans les points positifs que la nouvelle p&eacute;pite du Tennessee n&rsquo;a pas lanc&eacute; la moindre interception et qu&rsquo;il ne fut pas mis au sol pendant toute la partie.<\/p><p>Au total, Cam Ward aura &eacute;t&eacute; au centre de l&rsquo;attaque du Tennessee pendant trois drives dans cette deuxi&egrave;me journ&eacute;e de la pr&eacute;saison NFL. Lors de ces trois drives, jamais le quarterback ne parviendra &agrave; amener son &eacute;quipe en position de marquer des points. Pire encore, il ne conduira jamais les Titans jusque dans la moiti&eacute; de terrain des Falcons. <\/p><p>Une performance mitig&eacute;e qui n&rsquo;emp&ecirc;chera pas les Tennessee Titans d&rsquo;aller chercher un premier succ&egrave;s dans cette pr&eacute;saison NFL (<a href=\"https:\/\/www.espn.com\/nfl\/playbyplay\/_\/gameId\/401773017\" class=\"trk-cta-link\" data-cta-trk='{\"ctaType\":\"Link\",\"ctaSubType\":\"main\"}'>23-20<\/a>). Mais une performance mi-figue mi-raisin qui permet de mesurer encore le travail &agrave; faire pour le staff des Titans avant l&rsquo;ouverture de la saison NFL sur le terrain des Denver Broncos.<\/p><p>Cr&eacute;dit photo: &copy; Mark Zaleski \/ The Tennessean \/ USA TODAY NETWORK via Imagn Images<\/p>\n","protected":false},"excerpt":{"rendered":"<p>NFL &#8211; Cam Ward n&rsquo;a pas beaucoup brill\u00e9 dans sa deuxi\u00e8me sortie en pr\u00e9saison NFL avec les Titans<\/p>\n","protected":false},"author":180309964,"featured_media":1499052,"comment_status":"closed","ping_status":"closed","sticky":false,"template":"","format":"standard","meta":{"inline_featured_image":false,"kia_subtitle":"NFL - Cam Ward n'a pas beaucoup brill\u00e9 dans sa deuxi\u00e8me sortie en pr\u00e9saison NFL avec les Titans","_mux_skip_reasons":[],"proofreadBy":0,"footnotes":""},"categories":[118,8410,40,8408],"tags":[8076,136],"sport":[2785],"saison":[7475],"class_list":["post-1499051","post","type-post","status-publish","format-standard","has-post-thumbnail","hentry","category-actualite-nfl","category-football-americain","category-nfl","category-sports","tag-cam-ward","tag-tennessee-titans","sport-nfl","saison-7475"],"acf":[],"yoast_head":"<!-- This site is optimized with the Yoast SEO plugin v24.2 - https:\/\/yoast.com\/wordpress\/plugins\/seo\/ -->\n<title>Pr&eacute;saison NFL 2025 (week 2): Cam Ward sans &eacute;clat sur sa deuxi&egrave;me sortie - The Playoffs FR<\/title>\n<meta name=\"robots\" content=\"index, follow, max-snippet:-1, max-image-preview:large, max-video-preview:-1\" \/>\n<link rel=\"canonical\" href=\"https:\/\/theplayoffs.news\/fr\/actualite-nfl\/presaison-nfl-2025-week-2-cam-ward-sans-eclat-sur-sa-deuxieme-sortie\/\" \/>\n<meta property=\"og:locale\" content=\"fr_FR\" \/>\n<meta property=\"og:type\" content=\"article\" \/>\n<meta property=\"og:title\" content=\"Pr&eacute;saison NFL 2025 (week 2): Cam Ward sans &eacute;clat sur sa deuxi&egrave;me sortie - The Playoffs FR\" \/>\n<meta property=\"og:description\" content=\"NFL - Cam Ward n&#039;a pas beaucoup brill&eacute; dans sa deuxi&egrave;me sortie en pr&eacute;saison NFL avec les Titans\" \/>\n<meta property=\"og:url\" content=\"https:\/\/theplayoffs.news\/fr\/actualite-nfl\/presaison-nfl-2025-week-2-cam-ward-sans-eclat-sur-sa-deuxieme-sortie\/\" \/>\n<meta property=\"og:site_name\" content=\"The Playoffs FR\" \/>\n<meta property=\"article:publisher\" content=\"https:\/\/www.facebook.com\/TheFreeAgentFR\/\" \/>\n<meta property=\"article:modified_time\" content=\"2025-08-16T07:50:27+02:00\" \/>\n<meta property=\"og:image\" content=\"https:\/\/theplayoffs.news\/fr\/wp-content\/uploads\/2025\/08\/USATSI_26714958.jpg\" \/>\n\t<meta property=\"og:image:width\" content=\"1920\" \/>\n\t<meta property=\"og:image:height\" content=\"1271\" \/>\n\t<meta property=\"og:image:type\" content=\"image\/jpeg\" \/>\n<meta name=\"author\" content=\"Flavien Jumeau\" \/>\n<meta name=\"twitter:card\" content=\"summary_large_image\" \/>\n<meta name=\"twitter:creator\" content=\"@TheFreeAgentFR\" \/>\n<meta name=\"twitter:site\" content=\"@TheFreeAgentFR\" \/>\n<meta name=\"twitter:label1\" content=\"\u00c9crit par\" \/>\n\t<meta name=\"twitter:data1\" content=\"Flavien Jumeau\" \/>\n\t<meta name=\"twitter:label2\" content=\"Dur\u00e9e de lecture estim\u00e9e\" \/>\n\t<meta name=\"twitter:data2\" content=\"3 minutes\" \/>\n<script type=\"application\/ld+json\" class=\"yoast-schema-graph\">{\"@context\":\"https:\/\/schema.org\",\"@graph\":[{\"@type\":\"WebPage\",\"@id\":\"https:\/\/theplayoffs.news\/fr\/actualite-nfl\/presaison-nfl-2025-week-2-cam-ward-sans-eclat-sur-sa-deuxieme-sortie\/\",\"url\":\"https:\/\/theplayoffs.news\/fr\/actualite-nfl\/presaison-nfl-2025-week-2-cam-ward-sans-eclat-sur-sa-deuxieme-sortie\/\",\"name\":\"Pr\u00e9saison NFL 2025 (week 2): Cam Ward sans \u00e9clat sur sa deuxi\u00e8me sortie - The Playoffs FR\",\"isPartOf\":{\"@id\":\"https:\/\/theplayoffs.news\/fr\/#website\"},\"primaryImageOfPage\":{\"@id\":\"https:\/\/theplayoffs.news\/fr\/actualite-nfl\/presaison-nfl-2025-week-2-cam-ward-sans-eclat-sur-sa-deuxieme-sortie\/#primaryimage\"},\"image\":{\"@id\":\"https:\/\/theplayoffs.news\/fr\/actualite-nfl\/presaison-nfl-2025-week-2-cam-ward-sans-eclat-sur-sa-deuxieme-sortie\/#primaryimage\"},\"thumbnailUrl\":\"https:\/\/theplayoffs.news\/fr\/wp-content\/uploads\/2025\/08\/USATSI_26714958.jpg\",\"datePublished\":\"2025-08-16T05:50:00+00:00\",\"dateModified\":\"2025-08-16T05:50:27+00:00\",\"author\":{\"@id\":\"https:\/\/theplayoffs.news\/fr\/#\/schema\/person\/def63bc6746dc5957469b75feb99e66d\"},\"breadcrumb\":{\"@id\":\"https:\/\/theplayoffs.news\/fr\/actualite-nfl\/presaison-nfl-2025-week-2-cam-ward-sans-eclat-sur-sa-deuxieme-sortie\/#breadcrumb\"},\"inLanguage\":\"fr-FR\",\"potentialAction\":[{\"@type\":\"ReadAction\",\"target\":[\"https:\/\/theplayoffs.news\/fr\/actualite-nfl\/presaison-nfl-2025-week-2-cam-ward-sans-eclat-sur-sa-deuxieme-sortie\/\"]}]},{\"@type\":\"ImageObject\",\"inLanguage\":\"fr-FR\",\"@id\":\"https:\/\/theplayoffs.news\/fr\/actualite-nfl\/presaison-nfl-2025-week-2-cam-ward-sans-eclat-sur-sa-deuxieme-sortie\/#primaryimage\",\"url\":\"https:\/\/theplayoffs.news\/fr\/wp-content\/uploads\/2025\/08\/USATSI_26714958.jpg\",\"contentUrl\":\"https:\/\/theplayoffs.news\/fr\/wp-content\/uploads\/2025\/08\/USATSI_26714958.jpg\",\"width\":1920,\"height\":1271,\"caption\":\"Tennessee Titans quarterback Cam Ward (1) walks to the field for a \u201cBack Together Weekend\u201d training camp practice at Nissan Stadium Saturday, July 26, 2025, in Nashville, Tenn.\"},{\"@type\":\"BreadcrumbList\",\"@id\":\"https:\/\/theplayoffs.news\/fr\/actualite-nfl\/presaison-nfl-2025-week-2-cam-ward-sans-eclat-sur-sa-deuxieme-sortie\/#breadcrumb\",\"itemListElement\":[{\"@type\":\"ListItem\",\"position\":1,\"name\":\"Accueil\",\"item\":\"https:\/\/theplayoffs.news\/fr\/\"},{\"@type\":\"ListItem\",\"position\":2,\"name\":\"Pr\u00e9saison NFL 2025 (week 2): Cam Ward sans \u00e9clat sur sa deuxi\u00e8me sortie\"}]},{\"@type\":\"WebSite\",\"@id\":\"https:\/\/theplayoffs.news\/fr\/#website\",\"url\":\"https:\/\/theplayoffs.news\/fr\/\",\"name\":\"The Playoffs FR\",\"description\":\"NBA-NFL-NHL-MLB\",\"potentialAction\":[{\"@type\":\"SearchAction\",\"target\":{\"@type\":\"EntryPoint\",\"urlTemplate\":\"https:\/\/theplayoffs.news\/fr\/?s={search_term_string}\"},\"query-input\":{\"@type\":\"PropertyValueSpecification\",\"valueRequired\":true,\"valueName\":\"search_term_string\"}}],\"inLanguage\":\"fr-FR\"},{\"@type\":\"Person\",\"@id\":\"https:\/\/theplayoffs.news\/fr\/#\/schema\/person\/def63bc6746dc5957469b75feb99e66d\",\"name\":\"Flavien Jumeau\",\"image\":{\"@type\":\"ImageObject\",\"inLanguage\":\"fr-FR\",\"@id\":\"https:\/\/theplayoffs.news\/fr\/#\/schema\/person\/image\/\",\"url\":\"https:\/\/secure.gravatar.com\/avatar\/e7fa8ba5a4b7e4ce35fe152f083f352db28ad0acce692004ed88a7a7d78893f7?s=96&d=mm&r=g\",\"contentUrl\":\"https:\/\/secure.gravatar.com\/avatar\/e7fa8ba5a4b7e4ce35fe152f083f352db28ad0acce692004ed88a7a7d78893f7?s=96&d=mm&r=g\",\"caption\":\"Flavien Jumeau\"},\"description\":\"Amoureux du sport (et de vraiment tous les sports) depuis mon plus jeune \u00e2ge, j\u2019ai longtemps h\u00e9site entre le snooker et le curling. Finalement c\u2019est le foot US que j\u2019ai d\u00e9cid\u00e9 de choisir! Responsable foot US sur TPO et animateur du podcast Tailgate j\u2019ai pour mission de vous faire d\u00e9couvrir ce sport passionnant si ce n\u2019est pas encore fait et de vous donner les derni\u00e8res actus. Le tout dans la bonne humeur et avec toujours un jeu de mots ou deux savamment distill\u00e9s! Fan des Saints, pour moi Drew Brees est le vrai GOAT!\",\"url\":\"https:\/\/theplayoffs.news\/fr\/author\/flavien-jumeaugmail-com\/\"}]}<\/script>\n<!-- \/ Yoast SEO plugin. -->","yoast_head_json":{"title":"Pr&eacute;saison NFL 2025 (week 2): Cam Ward sans &eacute;clat sur sa deuxi&egrave;me sortie - The Playoffs FR","robots":{"index":"index","follow":"follow","max-snippet":"max-snippet:-1","max-image-preview":"max-image-preview:large","max-video-preview":"max-video-preview:-1"},"canonical":"https:\/\/theplayoffs.news\/fr\/actualite-nfl\/presaison-nfl-2025-week-2-cam-ward-sans-eclat-sur-sa-deuxieme-sortie\/","og_locale":"fr_FR","og_type":"article","og_title":"Pr&eacute;saison NFL 2025 (week 2): Cam Ward sans &eacute;clat sur sa deuxi&egrave;me sortie - The Playoffs FR","og_description":"NFL - Cam Ward n&#039;a pas beaucoup brill&eacute; dans sa deuxi&egrave;me sortie en pr&eacute;saison NFL avec les Titans","og_url":"https:\/\/theplayoffs.news\/fr\/actualite-nfl\/presaison-nfl-2025-week-2-cam-ward-sans-eclat-sur-sa-deuxieme-sortie\/","og_site_name":"The Playoffs FR","article_publisher":"https:\/\/www.facebook.com\/TheFreeAgentFR\/","article_modified_time":"2025-08-16T05:50:27+00:00","og_image":[{"width":1920,"height":1271,"url":"https:\/\/theplayoffs.news\/fr\/wp-content\/uploads\/2025\/08\/USATSI_26714958.jpg","type":"image\/jpeg"}],"author":"Flavien Jumeau","twitter_card":"summary_large_image","twitter_creator":"@TheFreeAgentFR","twitter_site":"@TheFreeAgentFR","twitter_misc":{"\u00c9crit par":"Flavien Jumeau","Dur\u00e9e de lecture estim\u00e9e":"3 minutes"},"schema":{"@context":"https:\/\/schema.org","@graph":[{"@type":"WebPage","@id":"https:\/\/theplayoffs.news\/fr\/actualite-nfl\/presaison-nfl-2025-week-2-cam-ward-sans-eclat-sur-sa-deuxieme-sortie\/","url":"https:\/\/theplayoffs.news\/fr\/actualite-nfl\/presaison-nfl-2025-week-2-cam-ward-sans-eclat-sur-sa-deuxieme-sortie\/","name":"Pr\u00e9saison NFL 2025 (week 2): Cam Ward sans \u00e9clat sur sa deuxi\u00e8me sortie - The Playoffs FR","isPartOf":{"@id":"https:\/\/theplayoffs.news\/fr\/#website"},"primaryImageOfPage":{"@id":"https:\/\/theplayoffs.news\/fr\/actualite-nfl\/presaison-nfl-2025-week-2-cam-ward-sans-eclat-sur-sa-deuxieme-sortie\/#primaryimage"},"image":{"@id":"https:\/\/theplayoffs.news\/fr\/actualite-nfl\/presaison-nfl-2025-week-2-cam-ward-sans-eclat-sur-sa-deuxieme-sortie\/#primaryimage"},"thumbnailUrl":"https:\/\/theplayoffs.news\/fr\/wp-content\/uploads\/2025\/08\/USATSI_26714958.jpg","datePublished":"2025-08-16T05:50:00+00:00","dateModified":"2025-08-16T05:50:27+00:00","author":{"@id":"https:\/\/theplayoffs.news\/fr\/#\/schema\/person\/def63bc6746dc5957469b75feb99e66d"},"breadcrumb":{"@id":"https:\/\/theplayoffs.news\/fr\/actualite-nfl\/presaison-nfl-2025-week-2-cam-ward-sans-eclat-sur-sa-deuxieme-sortie\/#breadcrumb"},"inLanguage":"fr-FR","potentialAction":[{"@type":"ReadAction","target":["https:\/\/theplayoffs.news\/fr\/actualite-nfl\/presaison-nfl-2025-week-2-cam-ward-sans-eclat-sur-sa-deuxieme-sortie\/"]}]},{"@type":"ImageObject","inLanguage":"fr-FR","@id":"https:\/\/theplayoffs.news\/fr\/actualite-nfl\/presaison-nfl-2025-week-2-cam-ward-sans-eclat-sur-sa-deuxieme-sortie\/#primaryimage","url":"https:\/\/theplayoffs.news\/fr\/wp-content\/uploads\/2025\/08\/USATSI_26714958.jpg","contentUrl":"https:\/\/theplayoffs.news\/fr\/wp-content\/uploads\/2025\/08\/USATSI_26714958.jpg","width":1920,"height":1271,"caption":"Tennessee Titans quarterback Cam Ward (1) walks to the field for a \u201cBack Together Weekend\u201d training camp practice at Nissan Stadium Saturday, July 26, 2025, in Nashville, Tenn."},{"@type":"BreadcrumbList","@id":"https:\/\/theplayoffs.news\/fr\/actualite-nfl\/presaison-nfl-2025-week-2-cam-ward-sans-eclat-sur-sa-deuxieme-sortie\/#breadcrumb","itemListElement":[{"@type":"ListItem","position":1,"name":"Accueil","item":"https:\/\/theplayoffs.news\/fr\/"},{"@type":"ListItem","position":2,"name":"Pr\u00e9saison NFL 2025 (week 2): Cam Ward sans \u00e9clat sur sa deuxi\u00e8me sortie"}]},{"@type":"WebSite","@id":"https:\/\/theplayoffs.news\/fr\/#website","url":"https:\/\/theplayoffs.news\/fr\/","name":"The Playoffs FR","description":"NBA-NFL-NHL-MLB","potentialAction":[{"@type":"SearchAction","target":{"@type":"EntryPoint","urlTemplate":"https:\/\/theplayoffs.news\/fr\/?s={search_term_string}"},"query-input":{"@type":"PropertyValueSpecification","valueRequired":true,"valueName":"search_term_string"}}],"inLanguage":"fr-FR"},{"@type":"Person","@id":"https:\/\/theplayoffs.news\/fr\/#\/schema\/person\/def63bc6746dc5957469b75feb99e66d","name":"Flavien Jumeau","image":{"@type":"ImageObject","inLanguage":"fr-FR","@id":"https:\/\/theplayoffs.news\/fr\/#\/schema\/person\/image\/","url":"https:\/\/secure.gravatar.com\/avatar\/e7fa8ba5a4b7e4ce35fe152f083f352db28ad0acce692004ed88a7a7d78893f7?s=96&d=mm&r=g","contentUrl":"https:\/\/secure.gravatar.com\/avatar\/e7fa8ba5a4b7e4ce35fe152f083f352db28ad0acce692004ed88a7a7d78893f7?s=96&d=mm&r=g","caption":"Flavien Jumeau"},"description":"Amoureux du sport (et de vraiment tous les sports) depuis mon plus jeune \u00e2ge, j\u2019ai longtemps h\u00e9site entre le snooker et le curling. Finalement c\u2019est le foot US que j\u2019ai d\u00e9cid\u00e9 de choisir! Responsable foot US sur TPO et animateur du podcast Tailgate j\u2019ai pour mission de vous faire d\u00e9couvrir ce sport passionnant si ce n\u2019est pas encore fait et de vous donner les derni\u00e8res actus. Le tout dans la bonne humeur et avec toujours un jeu de mots ou deux savamment distill\u00e9s! Fan des Saints, pour moi Drew Brees est le vrai GOAT!","url":"https:\/\/theplayoffs.news\/fr\/author\/flavien-jumeaugmail-com\/"}]}},"_links":{"self":[{"href":"https:\/\/theplayoffs.news\/fr\/wp-json\/wp\/v2\/posts\/1499051","targetHints":{"allow":["GET"]}}],"collection":[{"href":"https:\/\/theplayoffs.news\/fr\/wp-json\/wp\/v2\/posts"}],"about":[{"href":"https:\/\/theplayoffs.news\/fr\/wp-json\/wp\/v2\/types\/post"}],"author":[{"embeddable":true,"href":"https:\/\/theplayoffs.news\/fr\/wp-json\/wp\/v2\/users\/180309964"}],"replies":[{"embeddable":true,"href":"https:\/\/theplayoffs.news\/fr\/wp-json\/wp\/v2\/comments?post=1499051"}],"version-history":[{"count":1,"href":"https:\/\/theplayoffs.news\/fr\/wp-json\/wp\/v2\/posts\/1499051\/revisions"}],"predecessor-version":[{"id":1499053,"href":"https:\/\/theplayoffs.news\/fr\/wp-json\/wp\/v2\/posts\/1499051\/revisions\/1499053"}],"wp:featuredmedia":[{"embeddable":true,"href":"https:\/\/theplayoffs.news\/fr\/wp-json\/wp\/v2\/media\/1499052"}],"wp:attachment":[{"href":"https:\/\/theplayoffs.news\/fr\/wp-json\/wp\/v2\/media?parent=1499051"}],"wp:term":[{"taxonomy":"category","embeddable":true,"href":"https:\/\/theplayoffs.news\/fr\/wp-json\/wp\/v2\/categories?post=1499051"},{"taxonomy":"post_tag","embeddable":true,"href":"https:\/\/theplayoffs.news\/fr\/wp-json\/wp\/v2\/tags?post=1499051"},{"taxonomy":"sport","embeddable":true,"href":"https:\/\/theplayoffs.news\/fr\/wp-json\/wp\/v2\/sport?post=1499051"},{"taxonomy":"saison","embeddable":true,"href":"https:\/\/theplayoffs.news\/fr\/wp-json\/wp\/v2\/saison?post=1499051"}],"curies":[{"name":"wp","href":"https:\/\/api.w.org\/{rel}","templated":true}]}}