{"id":1499027,"date":"2025-08-15T10:08:00","date_gmt":"2025-08-15T08:08:00","guid":{"rendered":"https:\/\/theplayoffs.news\/fr\/uncategorized\/\/"},"modified":"2025-08-15T10:08:22","modified_gmt":"2025-08-15T08:08:22","slug":"jets-breece-hall-pense-quil-ne-merite-pas-une-prolongation-de-contrat-comme-james-cook","status":"publish","type":"post","link":"https:\/\/theplayoffs.news\/fr\/actualite-nfl\/jets-breece-hall-pense-quil-ne-merite-pas-une-prolongation-de-contrat-comme-james-cook\/","title":{"rendered":"Jets: Breece Hall pense qu&rsquo;il \u00ab\u00a0ne m\u00e9rite pas une prolongation de contrat comme James Cook\u00a0\u00bb"},"content":{"rendered":"<p>Breece Hall, running back des New York Jets, a tenu un discours &eacute;tonnamment lucide sur sa situation contractuelle. Interrog&eacute; mercredi sur les r&eacute;centes prolongations de Kyren Williams (Rams) et <a href=\"https:\/\/theplayoffs.news\/fr\/actualite-nfl\/bills-james-cook-tient-sa-prolongation\/\" class=\"trk-cta-link\" data-cta-trk='{\"ctaType\":\"Link\",\"ctaSubType\":\"main\"}'>James Cook (Bills)<\/a>, Hall a estim&eacute; qu&rsquo;il n&rsquo;avait pas encore m&eacute;rit&eacute; un accord similaire.<\/p><blockquote class=\"wp-block-quote is-layout-flow wp-block-quote-is-layout-flow\">\n<p>&laquo; Ils ont fait beaucoup plus que moi dans la ligue&nbsp;&raquo; a <a href=\"https:\/\/www.thescore.com\/nfl\/news\/3324938\/jets-hall-i-havent-earned-an-extension-like-williams-cook-signed\" class=\"trk-cta-link\" data-cta-trk='{\"ctaType\":\"Link\",\"ctaSubType\":\"main\"}'>confi&eacute; Hall au <em>New York Daily News<\/em><\/a>. &laquo;&nbsp;Ils ont &eacute;volu&eacute; dans de meilleures situations et sont tous les deux d&rsquo;excellents joueurs. Je me sens aussi talentueux que n&rsquo;importe qui, mais ces gars-l&agrave; m&eacute;ritent leur r&eacute;compense, et je suis heureux pour eux. &raquo;<\/p>\n<\/blockquote><h2 class=\"wp-block-heading\">Des camarades de promotions de la draft 2022<\/h2><p>En d&eacute;but de mois, Kyren Williams a sign&eacute; une prolongation de 3 ans pour 33 millions de dollars (dont 23 millions garantis), tandis que James Cook a obtenu 4 ans et 48 millions de dollars, avec 30 millions garantis. Breece Hall, s&eacute;lectionn&eacute; comme les deux autres joueurs en 2022 au 36e choix apr&egrave;s un &eacute;change des Jets, entre lui aussi dans la derni&egrave;re ann&eacute;e de son contrat rookie.<\/p><p>Son parcours a toutefois &eacute;t&eacute; frein&eacute; par une grave blessure au genou d&egrave;s sa saison rookie: rupture du ligament crois&eacute; ant&eacute;rieur et l&eacute;sion du m&eacute;nisque apr&egrave;s seulement sept matchs. S&rsquo;il est revenu sur les terrains, ses performances n&rsquo;ont pas toujours r&eacute;pondu aux attentes, dans une attaque terrestre new-yorkaise en difficult&eacute;.<\/p><h2 class=\"wp-block-heading\">Le parcours de Breece Hall avec les Jets<\/h2><p>En 40 matchs avec les Jets, Hall totalise 3 625 yards cumul&eacute;s et 22 touchdowns sur 664 touches. Mais l&rsquo;escouade au sol de New York s&rsquo;est class&eacute;e 28e de la NFL en efficacit&eacute; (EPA\/course) et en taux de succ&egrave;s au sol sur les deux derni&egrave;res saisons.<\/p><p>Hall admet que son statut m&eacute;diatique peut amplifier les critiques :<\/p><blockquote class=\"wp-block-quote is-layout-flow wp-block-quote-is-layout-flow\">\n<p>&laquo; Quand vous &ecirc;tes l&rsquo;un des meilleurs joueurs de l&rsquo;&eacute;quipe ou l&rsquo;un de ses visages, quand &ccedil;a ne va pas, c&rsquo;est souvent vers vous que les regards se tournent. Mais je reste le m&ecirc;me danger que j&rsquo;ai toujours &eacute;t&eacute;. &raquo;<\/p>\n<\/blockquote><p>En camp d&rsquo;entra&icirc;nement, Breece Hall est en concurrence avec Braelon Allen, choix de 4e tour en 2024, auteur de 334 yards et deux touchdowns l&rsquo;an dernier. Les prochains mois pourraient d&eacute;terminer si Hall se rapproche&hellip; ou non, d&rsquo;un futur gros contrat.<\/p><p>Cr&eacute;dit photo: &copy; John Jones-Imagn Images<\/p>\n","protected":false},"excerpt":{"rendered":"<p>NFL &#8211; Breece Hall s&rsquo;est montr\u00e9 lucide sur son futur contrat<\/p>\n","protected":false},"author":180309964,"featured_media":1499028,"comment_status":"closed","ping_status":"closed","sticky":false,"template":"","format":"standard","meta":{"inline_featured_image":false,"kia_subtitle":"NFL - Breece Hall s'est montr\u00e9 lucide sur son futur contrat","_mux_skip_reasons":[],"proofreadBy":0,"footnotes":""},"categories":[118,8410,40,8408],"tags":[4945,732],"sport":[2785],"saison":[7475],"class_list":["post-1499027","post","type-post","status-publish","format-standard","has-post-thumbnail","hentry","category-actualite-nfl","category-football-americain","category-nfl","category-sports","tag-breece-hall","tag-new-york-jets","sport-nfl","saison-7475"],"acf":[],"yoast_head":"<!-- This site is optimized with the Yoast SEO plugin v24.2 - https:\/\/yoast.com\/wordpress\/plugins\/seo\/ -->\n<title>Jets: Breece Hall pense qu&#039;il &quot;ne m&eacute;rite pas une prolongation de contrat comme James Cook&quot; - The Playoffs FR<\/title>\n<meta name=\"robots\" content=\"index, follow, max-snippet:-1, max-image-preview:large, max-video-preview:-1\" \/>\n<link rel=\"canonical\" href=\"https:\/\/theplayoffs.news\/fr\/actualite-nfl\/jets-breece-hall-pense-quil-ne-merite-pas-une-prolongation-de-contrat-comme-james-cook\/\" \/>\n<meta property=\"og:locale\" content=\"fr_FR\" \/>\n<meta property=\"og:type\" content=\"article\" \/>\n<meta property=\"og:title\" content=\"Jets: Breece Hall pense qu&#039;il &quot;ne m&eacute;rite pas une prolongation de contrat comme James Cook&quot; - The Playoffs FR\" \/>\n<meta property=\"og:description\" content=\"NFL - Breece Hall s&#039;est montr&eacute; lucide sur son futur contrat\" \/>\n<meta property=\"og:url\" content=\"https:\/\/theplayoffs.news\/fr\/actualite-nfl\/jets-breece-hall-pense-quil-ne-merite-pas-une-prolongation-de-contrat-comme-james-cook\/\" \/>\n<meta property=\"og:site_name\" content=\"The Playoffs FR\" \/>\n<meta property=\"article:publisher\" content=\"https:\/\/www.facebook.com\/TheFreeAgentFR\/\" \/>\n<meta property=\"article:modified_time\" content=\"2025-08-15T10:08:22+02:00\" \/>\n<meta property=\"og:image\" content=\"https:\/\/theplayoffs.news\/fr\/wp-content\/uploads\/2025\/08\/USATSI_26424847.jpg\" \/>\n\t<meta property=\"og:image:width\" content=\"1920\" \/>\n\t<meta property=\"og:image:height\" content=\"1280\" \/>\n\t<meta property=\"og:image:type\" content=\"image\/jpeg\" \/>\n<meta name=\"author\" content=\"Flavien Jumeau\" \/>\n<meta name=\"twitter:card\" content=\"summary_large_image\" \/>\n<meta name=\"twitter:creator\" content=\"@TheFreeAgentFR\" \/>\n<meta name=\"twitter:site\" content=\"@TheFreeAgentFR\" \/>\n<meta name=\"twitter:label1\" content=\"\u00c9crit par\" \/>\n\t<meta name=\"twitter:data1\" content=\"Flavien Jumeau\" \/>\n\t<meta name=\"twitter:label2\" content=\"Dur\u00e9e de lecture estim\u00e9e\" \/>\n\t<meta name=\"twitter:data2\" content=\"2 minutes\" \/>\n<script type=\"application\/ld+json\" class=\"yoast-schema-graph\">{\"@context\":\"https:\/\/schema.org\",\"@graph\":[{\"@type\":\"WebPage\",\"@id\":\"https:\/\/theplayoffs.news\/fr\/actualite-nfl\/jets-breece-hall-pense-quil-ne-merite-pas-une-prolongation-de-contrat-comme-james-cook\/\",\"url\":\"https:\/\/theplayoffs.news\/fr\/actualite-nfl\/jets-breece-hall-pense-quil-ne-merite-pas-une-prolongation-de-contrat-comme-james-cook\/\",\"name\":\"Jets: Breece Hall pense qu\\\\'il \\\\\\\"ne m\u00e9rite pas une prolongation de contrat comme James Cook\\\\\\\" - The Playoffs FR\",\"isPartOf\":{\"@id\":\"https:\/\/theplayoffs.news\/fr\/#website\"},\"primaryImageOfPage\":{\"@id\":\"https:\/\/theplayoffs.news\/fr\/actualite-nfl\/jets-breece-hall-pense-quil-ne-merite-pas-une-prolongation-de-contrat-comme-james-cook\/#primaryimage\"},\"image\":{\"@id\":\"https:\/\/theplayoffs.news\/fr\/actualite-nfl\/jets-breece-hall-pense-quil-ne-merite-pas-une-prolongation-de-contrat-comme-james-cook\/#primaryimage\"},\"thumbnailUrl\":\"https:\/\/theplayoffs.news\/fr\/wp-content\/uploads\/2025\/08\/USATSI_26424847.jpg\",\"datePublished\":\"2025-08-15T08:08:00+00:00\",\"dateModified\":\"2025-08-15T08:08:22+00:00\",\"author\":{\"@id\":\"https:\/\/theplayoffs.news\/fr\/#\/schema\/person\/def63bc6746dc5957469b75feb99e66d\"},\"breadcrumb\":{\"@id\":\"https:\/\/theplayoffs.news\/fr\/actualite-nfl\/jets-breece-hall-pense-quil-ne-merite-pas-une-prolongation-de-contrat-comme-james-cook\/#breadcrumb\"},\"inLanguage\":\"fr-FR\",\"potentialAction\":[{\"@type\":\"ReadAction\",\"target\":[\"https:\/\/theplayoffs.news\/fr\/actualite-nfl\/jets-breece-hall-pense-quil-ne-merite-pas-une-prolongation-de-contrat-comme-james-cook\/\"]}]},{\"@type\":\"ImageObject\",\"inLanguage\":\"fr-FR\",\"@id\":\"https:\/\/theplayoffs.news\/fr\/actualite-nfl\/jets-breece-hall-pense-quil-ne-merite-pas-une-prolongation-de-contrat-comme-james-cook\/#primaryimage\",\"url\":\"https:\/\/theplayoffs.news\/fr\/wp-content\/uploads\/2025\/08\/USATSI_26424847.jpg\",\"contentUrl\":\"https:\/\/theplayoffs.news\/fr\/wp-content\/uploads\/2025\/08\/USATSI_26424847.jpg\",\"width\":1920,\"height\":1280,\"caption\":\"Jun 11, 2025; Florham Park, NY, USA; New York Jets running back Breece Hall (20) speaks at a press conference during minicamp at Atlantic Health Jets Training Center. Mandatory Credit: John Jones-Imagn Images\"},{\"@type\":\"BreadcrumbList\",\"@id\":\"https:\/\/theplayoffs.news\/fr\/actualite-nfl\/jets-breece-hall-pense-quil-ne-merite-pas-une-prolongation-de-contrat-comme-james-cook\/#breadcrumb\",\"itemListElement\":[{\"@type\":\"ListItem\",\"position\":1,\"name\":\"Accueil\",\"item\":\"https:\/\/theplayoffs.news\/fr\/\"},{\"@type\":\"ListItem\",\"position\":2,\"name\":\"Jets: Breece Hall pense qu&#8217;il &#8220;ne m\u00e9rite pas une prolongation de contrat comme James Cook&#8221;\"}]},{\"@type\":\"WebSite\",\"@id\":\"https:\/\/theplayoffs.news\/fr\/#website\",\"url\":\"https:\/\/theplayoffs.news\/fr\/\",\"name\":\"The Playoffs FR\",\"description\":\"NBA-NFL-NHL-MLB\",\"potentialAction\":[{\"@type\":\"SearchAction\",\"target\":{\"@type\":\"EntryPoint\",\"urlTemplate\":\"https:\/\/theplayoffs.news\/fr\/?s={search_term_string}\"},\"query-input\":{\"@type\":\"PropertyValueSpecification\",\"valueRequired\":true,\"valueName\":\"search_term_string\"}}],\"inLanguage\":\"fr-FR\"},{\"@type\":\"Person\",\"@id\":\"https:\/\/theplayoffs.news\/fr\/#\/schema\/person\/def63bc6746dc5957469b75feb99e66d\",\"name\":\"Flavien Jumeau\",\"image\":{\"@type\":\"ImageObject\",\"inLanguage\":\"fr-FR\",\"@id\":\"https:\/\/theplayoffs.news\/fr\/#\/schema\/person\/image\/\",\"url\":\"https:\/\/secure.gravatar.com\/avatar\/e7fa8ba5a4b7e4ce35fe152f083f352db28ad0acce692004ed88a7a7d78893f7?s=96&d=mm&r=g\",\"contentUrl\":\"https:\/\/secure.gravatar.com\/avatar\/e7fa8ba5a4b7e4ce35fe152f083f352db28ad0acce692004ed88a7a7d78893f7?s=96&d=mm&r=g\",\"caption\":\"Flavien Jumeau\"},\"description\":\"Amoureux du sport (et de vraiment tous les sports) depuis mon plus jeune \u00e2ge, j\u2019ai longtemps h\u00e9site entre le snooker et le curling. Finalement c\u2019est le foot US que j\u2019ai d\u00e9cid\u00e9 de choisir! Responsable foot US sur TPO et animateur du podcast Tailgate j\u2019ai pour mission de vous faire d\u00e9couvrir ce sport passionnant si ce n\u2019est pas encore fait et de vous donner les derni\u00e8res actus. Le tout dans la bonne humeur et avec toujours un jeu de mots ou deux savamment distill\u00e9s! Fan des Saints, pour moi Drew Brees est le vrai GOAT!\",\"url\":\"https:\/\/theplayoffs.news\/fr\/author\/flavien-jumeaugmail-com\/\"}]}<\/script>\n<!-- \/ Yoast SEO plugin. -->","yoast_head_json":{"title":"Jets: Breece Hall pense qu&#039;il &quot;ne m&eacute;rite pas une prolongation de contrat comme James Cook&quot; - The Playoffs FR","robots":{"index":"index","follow":"follow","max-snippet":"max-snippet:-1","max-image-preview":"max-image-preview:large","max-video-preview":"max-video-preview:-1"},"canonical":"https:\/\/theplayoffs.news\/fr\/actualite-nfl\/jets-breece-hall-pense-quil-ne-merite-pas-une-prolongation-de-contrat-comme-james-cook\/","og_locale":"fr_FR","og_type":"article","og_title":"Jets: Breece Hall pense qu&#039;il &quot;ne m&eacute;rite pas une prolongation de contrat comme James Cook&quot; - The Playoffs FR","og_description":"NFL - Breece Hall s&#039;est montr&eacute; lucide sur son futur contrat","og_url":"https:\/\/theplayoffs.news\/fr\/actualite-nfl\/jets-breece-hall-pense-quil-ne-merite-pas-une-prolongation-de-contrat-comme-james-cook\/","og_site_name":"The Playoffs FR","article_publisher":"https:\/\/www.facebook.com\/TheFreeAgentFR\/","article_modified_time":"2025-08-15T08:08:22+00:00","og_image":[{"width":1920,"height":1280,"url":"https:\/\/theplayoffs.news\/fr\/wp-content\/uploads\/2025\/08\/USATSI_26424847.jpg","type":"image\/jpeg"}],"author":"Flavien Jumeau","twitter_card":"summary_large_image","twitter_creator":"@TheFreeAgentFR","twitter_site":"@TheFreeAgentFR","twitter_misc":{"\u00c9crit par":"Flavien Jumeau","Dur\u00e9e de lecture estim\u00e9e":"2 minutes"},"schema":{"@context":"https:\/\/schema.org","@graph":[{"@type":"WebPage","@id":"https:\/\/theplayoffs.news\/fr\/actualite-nfl\/jets-breece-hall-pense-quil-ne-merite-pas-une-prolongation-de-contrat-comme-james-cook\/","url":"https:\/\/theplayoffs.news\/fr\/actualite-nfl\/jets-breece-hall-pense-quil-ne-merite-pas-une-prolongation-de-contrat-comme-james-cook\/","name":"Jets: Breece Hall pense qu\\'il \\\"ne m\u00e9rite pas une prolongation de contrat comme James Cook\\\" - The Playoffs FR","isPartOf":{"@id":"https:\/\/theplayoffs.news\/fr\/#website"},"primaryImageOfPage":{"@id":"https:\/\/theplayoffs.news\/fr\/actualite-nfl\/jets-breece-hall-pense-quil-ne-merite-pas-une-prolongation-de-contrat-comme-james-cook\/#primaryimage"},"image":{"@id":"https:\/\/theplayoffs.news\/fr\/actualite-nfl\/jets-breece-hall-pense-quil-ne-merite-pas-une-prolongation-de-contrat-comme-james-cook\/#primaryimage"},"thumbnailUrl":"https:\/\/theplayoffs.news\/fr\/wp-content\/uploads\/2025\/08\/USATSI_26424847.jpg","datePublished":"2025-08-15T08:08:00+00:00","dateModified":"2025-08-15T08:08:22+00:00","author":{"@id":"https:\/\/theplayoffs.news\/fr\/#\/schema\/person\/def63bc6746dc5957469b75feb99e66d"},"breadcrumb":{"@id":"https:\/\/theplayoffs.news\/fr\/actualite-nfl\/jets-breece-hall-pense-quil-ne-merite-pas-une-prolongation-de-contrat-comme-james-cook\/#breadcrumb"},"inLanguage":"fr-FR","potentialAction":[{"@type":"ReadAction","target":["https:\/\/theplayoffs.news\/fr\/actualite-nfl\/jets-breece-hall-pense-quil-ne-merite-pas-une-prolongation-de-contrat-comme-james-cook\/"]}]},{"@type":"ImageObject","inLanguage":"fr-FR","@id":"https:\/\/theplayoffs.news\/fr\/actualite-nfl\/jets-breece-hall-pense-quil-ne-merite-pas-une-prolongation-de-contrat-comme-james-cook\/#primaryimage","url":"https:\/\/theplayoffs.news\/fr\/wp-content\/uploads\/2025\/08\/USATSI_26424847.jpg","contentUrl":"https:\/\/theplayoffs.news\/fr\/wp-content\/uploads\/2025\/08\/USATSI_26424847.jpg","width":1920,"height":1280,"caption":"Jun 11, 2025; Florham Park, NY, USA; New York Jets running back Breece Hall (20) speaks at a press conference during minicamp at Atlantic Health Jets Training Center. Mandatory Credit: John Jones-Imagn Images"},{"@type":"BreadcrumbList","@id":"https:\/\/theplayoffs.news\/fr\/actualite-nfl\/jets-breece-hall-pense-quil-ne-merite-pas-une-prolongation-de-contrat-comme-james-cook\/#breadcrumb","itemListElement":[{"@type":"ListItem","position":1,"name":"Accueil","item":"https:\/\/theplayoffs.news\/fr\/"},{"@type":"ListItem","position":2,"name":"Jets: Breece Hall pense qu&#8217;il &#8220;ne m\u00e9rite pas une prolongation de contrat comme James Cook&#8221;"}]},{"@type":"WebSite","@id":"https:\/\/theplayoffs.news\/fr\/#website","url":"https:\/\/theplayoffs.news\/fr\/","name":"The Playoffs FR","description":"NBA-NFL-NHL-MLB","potentialAction":[{"@type":"SearchAction","target":{"@type":"EntryPoint","urlTemplate":"https:\/\/theplayoffs.news\/fr\/?s={search_term_string}"},"query-input":{"@type":"PropertyValueSpecification","valueRequired":true,"valueName":"search_term_string"}}],"inLanguage":"fr-FR"},{"@type":"Person","@id":"https:\/\/theplayoffs.news\/fr\/#\/schema\/person\/def63bc6746dc5957469b75feb99e66d","name":"Flavien Jumeau","image":{"@type":"ImageObject","inLanguage":"fr-FR","@id":"https:\/\/theplayoffs.news\/fr\/#\/schema\/person\/image\/","url":"https:\/\/secure.gravatar.com\/avatar\/e7fa8ba5a4b7e4ce35fe152f083f352db28ad0acce692004ed88a7a7d78893f7?s=96&d=mm&r=g","contentUrl":"https:\/\/secure.gravatar.com\/avatar\/e7fa8ba5a4b7e4ce35fe152f083f352db28ad0acce692004ed88a7a7d78893f7?s=96&d=mm&r=g","caption":"Flavien Jumeau"},"description":"Amoureux du sport (et de vraiment tous les sports) depuis mon plus jeune \u00e2ge, j\u2019ai longtemps h\u00e9site entre le snooker et le curling. Finalement c\u2019est le foot US que j\u2019ai d\u00e9cid\u00e9 de choisir! Responsable foot US sur TPO et animateur du podcast Tailgate j\u2019ai pour mission de vous faire d\u00e9couvrir ce sport passionnant si ce n\u2019est pas encore fait et de vous donner les derni\u00e8res actus. Le tout dans la bonne humeur et avec toujours un jeu de mots ou deux savamment distill\u00e9s! Fan des Saints, pour moi Drew Brees est le vrai GOAT!","url":"https:\/\/theplayoffs.news\/fr\/author\/flavien-jumeaugmail-com\/"}]}},"_links":{"self":[{"href":"https:\/\/theplayoffs.news\/fr\/wp-json\/wp\/v2\/posts\/1499027","targetHints":{"allow":["GET"]}}],"collection":[{"href":"https:\/\/theplayoffs.news\/fr\/wp-json\/wp\/v2\/posts"}],"about":[{"href":"https:\/\/theplayoffs.news\/fr\/wp-json\/wp\/v2\/types\/post"}],"author":[{"embeddable":true,"href":"https:\/\/theplayoffs.news\/fr\/wp-json\/wp\/v2\/users\/180309964"}],"replies":[{"embeddable":true,"href":"https:\/\/theplayoffs.news\/fr\/wp-json\/wp\/v2\/comments?post=1499027"}],"version-history":[{"count":1,"href":"https:\/\/theplayoffs.news\/fr\/wp-json\/wp\/v2\/posts\/1499027\/revisions"}],"predecessor-version":[{"id":1499029,"href":"https:\/\/theplayoffs.news\/fr\/wp-json\/wp\/v2\/posts\/1499027\/revisions\/1499029"}],"wp:featuredmedia":[{"embeddable":true,"href":"https:\/\/theplayoffs.news\/fr\/wp-json\/wp\/v2\/media\/1499028"}],"wp:attachment":[{"href":"https:\/\/theplayoffs.news\/fr\/wp-json\/wp\/v2\/media?parent=1499027"}],"wp:term":[{"taxonomy":"category","embeddable":true,"href":"https:\/\/theplayoffs.news\/fr\/wp-json\/wp\/v2\/categories?post=1499027"},{"taxonomy":"post_tag","embeddable":true,"href":"https:\/\/theplayoffs.news\/fr\/wp-json\/wp\/v2\/tags?post=1499027"},{"taxonomy":"sport","embeddable":true,"href":"https:\/\/theplayoffs.news\/fr\/wp-json\/wp\/v2\/sport?post=1499027"},{"taxonomy":"saison","embeddable":true,"href":"https:\/\/theplayoffs.news\/fr\/wp-json\/wp\/v2\/saison?post=1499027"}],"curies":[{"name":"wp","href":"https:\/\/api.w.org\/{rel}","templated":true}]}}