{"id":1498913,"date":"2025-08-13T08:54:00","date_gmt":"2025-08-13T06:54:00","guid":{"rendered":"https:\/\/theplayoffs.news\/fr\/uncategorized\/\/"},"modified":"2025-08-13T08:54:10","modified_gmt":"2025-08-13T06:54:10","slug":"chargers-najee-harris-sentraine-enfin","status":"publish","type":"post","link":"https:\/\/theplayoffs.news\/fr\/actualite-nfl\/chargers-najee-harris-sentraine-enfin\/","title":{"rendered":"Chargers: Najee Harris s&rsquo;entra\u00eene (enfin)"},"content":{"rendered":"<p>Les <a href=\"https:\/\/theplayoffs.news\/fr\/actualite-nfl\/preview-nfl-2025-los-angeles-chargers\/\" class=\"trk-cta-link\" data-cta-trk='{\"ctaType\":\"Link\",\"ctaSubType\":\"main\"}'>Los Angeles Chargers<\/a> ont enfin aper&ccedil;u Najee Harris avec un ballon entre les mains &agrave; l&rsquo;entra&icirc;nement. Mardi, le coureur vedette a <a href=\"https:\/\/www.espn.com\/nfl\/story\/_\/id\/45960696\/najee-harris-back-running-doing-drills-chargers-practice\" class=\"trk-cta-link\" data-cta-trk='{\"ctaType\":\"Link\",\"ctaSubType\":\"main\"}'>effectu&eacute; ses premiers exercices de course<\/a> et de manipulation de balle de ce camp d&rsquo;&eacute;t&eacute;, accompagn&eacute; d&rsquo;un pr&eacute;parateur physique et &agrave; l&rsquo;&eacute;cart du groupe principal.<\/p><h2 class=\"wp-block-heading\">La blessure &eacute;nigmatique de Najee Harris<\/h2><p>Najee Harris n&rsquo;avait pas encore particip&eacute; aux s&eacute;ances collectives depuis le d&eacute;but du camp, apr&egrave;s avoir &eacute;t&eacute; plac&eacute; sur la liste des blessures\/maladies non li&eacute;es au football. Son agent, Doug Hendrickson, avait r&eacute;v&eacute;l&eacute; qu&rsquo;il souffrait d&rsquo;une &laquo; blessure superficielle &agrave; l&rsquo;&oelig;il &raquo; provoqu&eacute;e par un accident de feux d&rsquo;artifice le 4 juillet, jour de la f&ecirc;te nationale am&eacute;ricaine. Malgr&eacute; cet incident inhabituel, Hendrickson s&rsquo;est montr&eacute; optimiste quant &agrave; la disponibilit&eacute; de son client pour la saison r&eacute;guli&egrave;re.<\/p><p>Fid&egrave;le &agrave; ses habitudes, l&rsquo;entra&icirc;neur principal Jim Harbaugh n&rsquo;a pas d&eacute;taill&eacute; la nature exacte de la blessure, profitant de l&rsquo;absence d&rsquo;obligation de communication m&eacute;dicale en pr&eacute;saison. Il reste toutefois prudent sur une &eacute;ventuelle pr&eacute;sence du running back pour le match d&rsquo;ouverture face aux Kansas City Chiefs, pr&eacute;vu au Br&eacute;sil. Interrog&eacute; sur la possibilit&eacute; que Harris ne soit pas pr&ecirc;t, Harbaugh a simplement r&eacute;pondu : &laquo; Il y a une chance qu&rsquo;il le soit. &raquo;<\/p><h2 class=\"wp-block-heading\">Un comit&eacute; de coureur avec Omarion Hampton?<\/h2><p>Ces derni&egrave;res semaines, Harris se contentait de marcher autour du terrain avec un casque et un gilet lest&eacute;. Une photo publi&eacute;e sur son Snapchat le 6 ao&ucirc;t, montrant son &oelig;il gauche totalement ferm&eacute;, avait inqui&eacute;t&eacute; les supporters. Mais Harbaugh a assur&eacute; vendredi dernier que le joueur pouvait d&eacute;sormais l&rsquo;ouvrir.<\/p><p>En cas d&rsquo;absence prolong&eacute;e, le coordinateur offensif Greg Roman a d&eacute;j&agrave; pr&eacute;vu d&rsquo;int&eacute;grer le rookie Omarion Hampton dans une rotation, avec un poste de troisi&egrave;me coureur encore ind&eacute;cis. Kimani Vidal, Raheim Sanders, Hassan Haskins et Nyheim Miller-Hines se disputent actuellement cette place, tandis que Jaret Patterson reste &agrave; l&rsquo;&eacute;cart depuis le 7 ao&ucirc;t pour une blessure non r&eacute;v&eacute;l&eacute;e.<\/p><p>Si la progression observ&eacute;e mardi se confirme, les Chargers pourraient r&eacute;cup&eacute;rer leur atout offensif &agrave; temps. Mais, &agrave; ce stade, la prudence reste de mise dans un dossier aussi sensible que celui de Najee Harris.<\/p><p>Cr&eacute;dit photo: &copy; Kirby Lee-Imagn Images<\/p>\n","protected":false},"excerpt":{"rendered":"<p>NFL &#8211; Le running back Najee Harris a particip\u00e9 \u00e0 sa premi\u00e8re s\u00e9ance collective hier<\/p>\n","protected":false},"author":180309964,"featured_media":1498914,"comment_status":"closed","ping_status":"closed","sticky":false,"template":"","format":"standard","meta":{"inline_featured_image":false,"kia_subtitle":"NFL - Le running back Najee Harris a particip\u00e9 \u00e0 sa premi\u00e8re s\u00e9ance collective hier","_mux_skip_reasons":[],"proofreadBy":0,"footnotes":""},"categories":[118,8410,40,8408],"tags":[759,2529],"sport":[2785],"saison":[7475],"class_list":["post-1498913","post","type-post","status-publish","format-standard","has-post-thumbnail","hentry","category-actualite-nfl","category-football-americain","category-nfl","category-sports","tag-los-angeles-chargers","tag-najee-harris","sport-nfl","saison-7475"],"acf":[],"yoast_head":"<!-- This site is optimized with the Yoast SEO plugin v24.2 - https:\/\/yoast.com\/wordpress\/plugins\/seo\/ -->\n<title>Chargers: Najee Harris s&#039;entra&icirc;ne (enfin) - The Playoffs FR<\/title>\n<meta name=\"robots\" content=\"index, follow, max-snippet:-1, max-image-preview:large, max-video-preview:-1\" \/>\n<link rel=\"canonical\" href=\"https:\/\/theplayoffs.news\/fr\/actualite-nfl\/chargers-najee-harris-sentraine-enfin\/\" \/>\n<meta property=\"og:locale\" content=\"fr_FR\" \/>\n<meta property=\"og:type\" content=\"article\" \/>\n<meta property=\"og:title\" content=\"Chargers: Najee Harris s&#039;entra&icirc;ne (enfin) - The Playoffs FR\" \/>\n<meta property=\"og:description\" content=\"NFL - Le running back Najee Harris a particip&eacute; &agrave; sa premi&egrave;re s&eacute;ance collective hier\" \/>\n<meta property=\"og:url\" content=\"https:\/\/theplayoffs.news\/fr\/actualite-nfl\/chargers-najee-harris-sentraine-enfin\/\" \/>\n<meta property=\"og:site_name\" content=\"The Playoffs FR\" \/>\n<meta property=\"article:publisher\" content=\"https:\/\/www.facebook.com\/TheFreeAgentFR\/\" \/>\n<meta property=\"article:modified_time\" content=\"2025-08-13T08:54:10+02:00\" \/>\n<meta property=\"og:image\" content=\"https:\/\/theplayoffs.news\/fr\/wp-content\/uploads\/2025\/08\/USATSI_26802257.jpg\" \/>\n\t<meta property=\"og:image:width\" content=\"1920\" \/>\n\t<meta property=\"og:image:height\" content=\"1280\" \/>\n\t<meta property=\"og:image:type\" content=\"image\/jpeg\" \/>\n<meta name=\"author\" content=\"Flavien Jumeau\" \/>\n<meta name=\"twitter:card\" content=\"summary_large_image\" \/>\n<meta name=\"twitter:creator\" content=\"@TheFreeAgentFR\" \/>\n<meta name=\"twitter:site\" content=\"@TheFreeAgentFR\" \/>\n<meta name=\"twitter:label1\" content=\"\u00c9crit par\" \/>\n\t<meta name=\"twitter:data1\" content=\"Flavien Jumeau\" \/>\n\t<meta name=\"twitter:label2\" content=\"Dur\u00e9e de lecture estim\u00e9e\" \/>\n\t<meta name=\"twitter:data2\" content=\"3 minutes\" \/>\n<script type=\"application\/ld+json\" class=\"yoast-schema-graph\">{\"@context\":\"https:\/\/schema.org\",\"@graph\":[{\"@type\":\"WebPage\",\"@id\":\"https:\/\/theplayoffs.news\/fr\/actualite-nfl\/chargers-najee-harris-sentraine-enfin\/\",\"url\":\"https:\/\/theplayoffs.news\/fr\/actualite-nfl\/chargers-najee-harris-sentraine-enfin\/\",\"name\":\"Chargers: Najee Harris s\\\\'entra\u00eene (enfin) - The Playoffs FR\",\"isPartOf\":{\"@id\":\"https:\/\/theplayoffs.news\/fr\/#website\"},\"primaryImageOfPage\":{\"@id\":\"https:\/\/theplayoffs.news\/fr\/actualite-nfl\/chargers-najee-harris-sentraine-enfin\/#primaryimage\"},\"image\":{\"@id\":\"https:\/\/theplayoffs.news\/fr\/actualite-nfl\/chargers-najee-harris-sentraine-enfin\/#primaryimage\"},\"thumbnailUrl\":\"https:\/\/theplayoffs.news\/fr\/wp-content\/uploads\/2025\/08\/USATSI_26802257.jpg\",\"datePublished\":\"2025-08-13T06:54:00+00:00\",\"dateModified\":\"2025-08-13T06:54:10+00:00\",\"author\":{\"@id\":\"https:\/\/theplayoffs.news\/fr\/#\/schema\/person\/def63bc6746dc5957469b75feb99e66d\"},\"breadcrumb\":{\"@id\":\"https:\/\/theplayoffs.news\/fr\/actualite-nfl\/chargers-najee-harris-sentraine-enfin\/#breadcrumb\"},\"inLanguage\":\"fr-FR\",\"potentialAction\":[{\"@type\":\"ReadAction\",\"target\":[\"https:\/\/theplayoffs.news\/fr\/actualite-nfl\/chargers-najee-harris-sentraine-enfin\/\"]}]},{\"@type\":\"ImageObject\",\"inLanguage\":\"fr-FR\",\"@id\":\"https:\/\/theplayoffs.news\/fr\/actualite-nfl\/chargers-najee-harris-sentraine-enfin\/#primaryimage\",\"url\":\"https:\/\/theplayoffs.news\/fr\/wp-content\/uploads\/2025\/08\/USATSI_26802257.jpg\",\"contentUrl\":\"https:\/\/theplayoffs.news\/fr\/wp-content\/uploads\/2025\/08\/USATSI_26802257.jpg\",\"width\":1920,\"height\":1280,\"caption\":\"Aug 7, 2025; El Segundo, CA, USA; Los Angeles Chargers running back Najee Harris (22) during training camp at The Bolt. Mandatory Credit: Kirby Lee-Imagn Images\"},{\"@type\":\"BreadcrumbList\",\"@id\":\"https:\/\/theplayoffs.news\/fr\/actualite-nfl\/chargers-najee-harris-sentraine-enfin\/#breadcrumb\",\"itemListElement\":[{\"@type\":\"ListItem\",\"position\":1,\"name\":\"Accueil\",\"item\":\"https:\/\/theplayoffs.news\/fr\/\"},{\"@type\":\"ListItem\",\"position\":2,\"name\":\"Chargers: Najee Harris s&#8217;entra\u00eene (enfin)\"}]},{\"@type\":\"WebSite\",\"@id\":\"https:\/\/theplayoffs.news\/fr\/#website\",\"url\":\"https:\/\/theplayoffs.news\/fr\/\",\"name\":\"The Playoffs FR\",\"description\":\"NBA-NFL-NHL-MLB\",\"potentialAction\":[{\"@type\":\"SearchAction\",\"target\":{\"@type\":\"EntryPoint\",\"urlTemplate\":\"https:\/\/theplayoffs.news\/fr\/?s={search_term_string}\"},\"query-input\":{\"@type\":\"PropertyValueSpecification\",\"valueRequired\":true,\"valueName\":\"search_term_string\"}}],\"inLanguage\":\"fr-FR\"},{\"@type\":\"Person\",\"@id\":\"https:\/\/theplayoffs.news\/fr\/#\/schema\/person\/def63bc6746dc5957469b75feb99e66d\",\"name\":\"Flavien Jumeau\",\"image\":{\"@type\":\"ImageObject\",\"inLanguage\":\"fr-FR\",\"@id\":\"https:\/\/theplayoffs.news\/fr\/#\/schema\/person\/image\/\",\"url\":\"https:\/\/secure.gravatar.com\/avatar\/e7fa8ba5a4b7e4ce35fe152f083f352db28ad0acce692004ed88a7a7d78893f7?s=96&d=mm&r=g\",\"contentUrl\":\"https:\/\/secure.gravatar.com\/avatar\/e7fa8ba5a4b7e4ce35fe152f083f352db28ad0acce692004ed88a7a7d78893f7?s=96&d=mm&r=g\",\"caption\":\"Flavien Jumeau\"},\"description\":\"Amoureux du sport (et de vraiment tous les sports) depuis mon plus jeune \u00e2ge, j\u2019ai longtemps h\u00e9site entre le snooker et le curling. Finalement c\u2019est le foot US que j\u2019ai d\u00e9cid\u00e9 de choisir! Responsable foot US sur TPO et animateur du podcast Tailgate j\u2019ai pour mission de vous faire d\u00e9couvrir ce sport passionnant si ce n\u2019est pas encore fait et de vous donner les derni\u00e8res actus. Le tout dans la bonne humeur et avec toujours un jeu de mots ou deux savamment distill\u00e9s! Fan des Saints, pour moi Drew Brees est le vrai GOAT!\",\"url\":\"https:\/\/theplayoffs.news\/fr\/author\/flavien-jumeaugmail-com\/\"}]}<\/script>\n<!-- \/ Yoast SEO plugin. -->","yoast_head_json":{"title":"Chargers: Najee Harris s&#039;entra&icirc;ne (enfin) - The Playoffs FR","robots":{"index":"index","follow":"follow","max-snippet":"max-snippet:-1","max-image-preview":"max-image-preview:large","max-video-preview":"max-video-preview:-1"},"canonical":"https:\/\/theplayoffs.news\/fr\/actualite-nfl\/chargers-najee-harris-sentraine-enfin\/","og_locale":"fr_FR","og_type":"article","og_title":"Chargers: Najee Harris s&#039;entra&icirc;ne (enfin) - The Playoffs FR","og_description":"NFL - Le running back Najee Harris a particip&eacute; &agrave; sa premi&egrave;re s&eacute;ance collective hier","og_url":"https:\/\/theplayoffs.news\/fr\/actualite-nfl\/chargers-najee-harris-sentraine-enfin\/","og_site_name":"The Playoffs FR","article_publisher":"https:\/\/www.facebook.com\/TheFreeAgentFR\/","article_modified_time":"2025-08-13T06:54:10+00:00","og_image":[{"width":1920,"height":1280,"url":"https:\/\/theplayoffs.news\/fr\/wp-content\/uploads\/2025\/08\/USATSI_26802257.jpg","type":"image\/jpeg"}],"author":"Flavien Jumeau","twitter_card":"summary_large_image","twitter_creator":"@TheFreeAgentFR","twitter_site":"@TheFreeAgentFR","twitter_misc":{"\u00c9crit par":"Flavien Jumeau","Dur\u00e9e de lecture estim\u00e9e":"3 minutes"},"schema":{"@context":"https:\/\/schema.org","@graph":[{"@type":"WebPage","@id":"https:\/\/theplayoffs.news\/fr\/actualite-nfl\/chargers-najee-harris-sentraine-enfin\/","url":"https:\/\/theplayoffs.news\/fr\/actualite-nfl\/chargers-najee-harris-sentraine-enfin\/","name":"Chargers: Najee Harris s\\'entra\u00eene (enfin) - The Playoffs FR","isPartOf":{"@id":"https:\/\/theplayoffs.news\/fr\/#website"},"primaryImageOfPage":{"@id":"https:\/\/theplayoffs.news\/fr\/actualite-nfl\/chargers-najee-harris-sentraine-enfin\/#primaryimage"},"image":{"@id":"https:\/\/theplayoffs.news\/fr\/actualite-nfl\/chargers-najee-harris-sentraine-enfin\/#primaryimage"},"thumbnailUrl":"https:\/\/theplayoffs.news\/fr\/wp-content\/uploads\/2025\/08\/USATSI_26802257.jpg","datePublished":"2025-08-13T06:54:00+00:00","dateModified":"2025-08-13T06:54:10+00:00","author":{"@id":"https:\/\/theplayoffs.news\/fr\/#\/schema\/person\/def63bc6746dc5957469b75feb99e66d"},"breadcrumb":{"@id":"https:\/\/theplayoffs.news\/fr\/actualite-nfl\/chargers-najee-harris-sentraine-enfin\/#breadcrumb"},"inLanguage":"fr-FR","potentialAction":[{"@type":"ReadAction","target":["https:\/\/theplayoffs.news\/fr\/actualite-nfl\/chargers-najee-harris-sentraine-enfin\/"]}]},{"@type":"ImageObject","inLanguage":"fr-FR","@id":"https:\/\/theplayoffs.news\/fr\/actualite-nfl\/chargers-najee-harris-sentraine-enfin\/#primaryimage","url":"https:\/\/theplayoffs.news\/fr\/wp-content\/uploads\/2025\/08\/USATSI_26802257.jpg","contentUrl":"https:\/\/theplayoffs.news\/fr\/wp-content\/uploads\/2025\/08\/USATSI_26802257.jpg","width":1920,"height":1280,"caption":"Aug 7, 2025; El Segundo, CA, USA; Los Angeles Chargers running back Najee Harris (22) during training camp at The Bolt. Mandatory Credit: Kirby Lee-Imagn Images"},{"@type":"BreadcrumbList","@id":"https:\/\/theplayoffs.news\/fr\/actualite-nfl\/chargers-najee-harris-sentraine-enfin\/#breadcrumb","itemListElement":[{"@type":"ListItem","position":1,"name":"Accueil","item":"https:\/\/theplayoffs.news\/fr\/"},{"@type":"ListItem","position":2,"name":"Chargers: Najee Harris s&#8217;entra\u00eene (enfin)"}]},{"@type":"WebSite","@id":"https:\/\/theplayoffs.news\/fr\/#website","url":"https:\/\/theplayoffs.news\/fr\/","name":"The Playoffs FR","description":"NBA-NFL-NHL-MLB","potentialAction":[{"@type":"SearchAction","target":{"@type":"EntryPoint","urlTemplate":"https:\/\/theplayoffs.news\/fr\/?s={search_term_string}"},"query-input":{"@type":"PropertyValueSpecification","valueRequired":true,"valueName":"search_term_string"}}],"inLanguage":"fr-FR"},{"@type":"Person","@id":"https:\/\/theplayoffs.news\/fr\/#\/schema\/person\/def63bc6746dc5957469b75feb99e66d","name":"Flavien Jumeau","image":{"@type":"ImageObject","inLanguage":"fr-FR","@id":"https:\/\/theplayoffs.news\/fr\/#\/schema\/person\/image\/","url":"https:\/\/secure.gravatar.com\/avatar\/e7fa8ba5a4b7e4ce35fe152f083f352db28ad0acce692004ed88a7a7d78893f7?s=96&d=mm&r=g","contentUrl":"https:\/\/secure.gravatar.com\/avatar\/e7fa8ba5a4b7e4ce35fe152f083f352db28ad0acce692004ed88a7a7d78893f7?s=96&d=mm&r=g","caption":"Flavien Jumeau"},"description":"Amoureux du sport (et de vraiment tous les sports) depuis mon plus jeune \u00e2ge, j\u2019ai longtemps h\u00e9site entre le snooker et le curling. Finalement c\u2019est le foot US que j\u2019ai d\u00e9cid\u00e9 de choisir! Responsable foot US sur TPO et animateur du podcast Tailgate j\u2019ai pour mission de vous faire d\u00e9couvrir ce sport passionnant si ce n\u2019est pas encore fait et de vous donner les derni\u00e8res actus. Le tout dans la bonne humeur et avec toujours un jeu de mots ou deux savamment distill\u00e9s! Fan des Saints, pour moi Drew Brees est le vrai GOAT!","url":"https:\/\/theplayoffs.news\/fr\/author\/flavien-jumeaugmail-com\/"}]}},"_links":{"self":[{"href":"https:\/\/theplayoffs.news\/fr\/wp-json\/wp\/v2\/posts\/1498913","targetHints":{"allow":["GET"]}}],"collection":[{"href":"https:\/\/theplayoffs.news\/fr\/wp-json\/wp\/v2\/posts"}],"about":[{"href":"https:\/\/theplayoffs.news\/fr\/wp-json\/wp\/v2\/types\/post"}],"author":[{"embeddable":true,"href":"https:\/\/theplayoffs.news\/fr\/wp-json\/wp\/v2\/users\/180309964"}],"replies":[{"embeddable":true,"href":"https:\/\/theplayoffs.news\/fr\/wp-json\/wp\/v2\/comments?post=1498913"}],"version-history":[{"count":1,"href":"https:\/\/theplayoffs.news\/fr\/wp-json\/wp\/v2\/posts\/1498913\/revisions"}],"predecessor-version":[{"id":1498915,"href":"https:\/\/theplayoffs.news\/fr\/wp-json\/wp\/v2\/posts\/1498913\/revisions\/1498915"}],"wp:featuredmedia":[{"embeddable":true,"href":"https:\/\/theplayoffs.news\/fr\/wp-json\/wp\/v2\/media\/1498914"}],"wp:attachment":[{"href":"https:\/\/theplayoffs.news\/fr\/wp-json\/wp\/v2\/media?parent=1498913"}],"wp:term":[{"taxonomy":"category","embeddable":true,"href":"https:\/\/theplayoffs.news\/fr\/wp-json\/wp\/v2\/categories?post=1498913"},{"taxonomy":"post_tag","embeddable":true,"href":"https:\/\/theplayoffs.news\/fr\/wp-json\/wp\/v2\/tags?post=1498913"},{"taxonomy":"sport","embeddable":true,"href":"https:\/\/theplayoffs.news\/fr\/wp-json\/wp\/v2\/sport?post=1498913"},{"taxonomy":"saison","embeddable":true,"href":"https:\/\/theplayoffs.news\/fr\/wp-json\/wp\/v2\/saison?post=1498913"}],"curies":[{"name":"wp","href":"https:\/\/api.w.org\/{rel}","templated":true}]}}