{"id":1498513,"date":"2025-08-06T09:54:03","date_gmt":"2025-08-06T07:54:03","guid":{"rendered":"https:\/\/theplayoffs.news\/fr\/uncategorized\/\/"},"modified":"2025-08-06T09:54:10","modified_gmt":"2025-08-06T07:54:10","slug":"pour-rick-carlisle-pacers-lere-des-superteams-touche-a-sa-fin","status":"publish","type":"post","link":"https:\/\/theplayoffs.news\/fr\/actualite-nba\/pour-rick-carlisle-pacers-lere-des-superteams-touche-a-sa-fin\/","title":{"rendered":"Pour Rick carlisle (Pacers), l&rsquo;\u00e8re des superteams \u00ab\u00a0touche \u00e0 sa fin\u00a0\u00bb"},"content":{"rendered":"<p>Si les deux derniers finalistes, Indiana et OKC, ont pu compter sur leurs stars pour se hisser au dernier stade des <strong>Playoffs<\/strong>, ils se sont surtout appuy&eacute;s sur la profondeur de leur roster pour briller dans la comp&eacute;tition. Ainsi pour <strong>Rick Carlisle<\/strong>, l&rsquo;entra&icirc;neur principal des Pacers, la <a href=\"https:\/\/theplayoffs.news\/fr\/category\/sports\/basketball-sports\/nba\/\" target=\"_blank\" rel=\"noreferrer noopener\" class=\"trk-cta-link\" data-cta-trk='{\"ctaType\":\"Link\",\"ctaSubType\":\"main\"}'>NBA<\/a> est en train de vivre une v&eacute;ritable transition dans la mani&egrave;re de construire les effectifs. <\/p><p>Dans une interview accord&eacute;e &agrave; la journaliste <strong>Caitlin Cooper<\/strong>, publi&eacute;e mardi, le coach a estim&eacute; que la tendance &agrave; r&eacute;unir plusieurs superstars au sein d&rsquo;une seule &eacute;quipe &eacute;tait en perte de vitesse, notamment chez les franchises les plus performantes.<\/p><blockquote class=\"wp-block-quote is-layout-flow wp-block-quote-is-layout-flow\">\n<p>La NBA est devenue une ligue o&ugrave; le jeu est rude. Il ne s&rsquo;agit plus seulement d&rsquo;empiler les stars. La construction des effectifs est en pleine &eacute;volution. Il devient plus important d&rsquo;avoir plusieurs bons joueurs que de d&eacute;pendre uniquement de deux ou trois stars qui monopolisent les possessions.<\/p>\n<\/blockquote><figure class=\"wp-block-embed is-type-rich is-provider-twitter wp-block-embed-twitter\"><div class=\"wp-block-embed__wrapper\">\n<blockquote class=\"twitter-tweet\" data-width=\"500\" data-dnt=\"true\"><p lang=\"en\" dir=\"ltr\">Your 2024-25 Eastern Conference champs: THE INDIANA PACERS!!<br><br>They celebrate with the Bob Cousy Trophy &#127942; <a href=\"https:\/\/t.co\/IuuSy8Pm8I\" class=\"trk-cta-link\" data-cta-trk='{\"ctaType\":\"Link\",\"ctaSubType\":\"main\"}'>pic.twitter.com\/IuuSy8Pm8I<\/a><\/p>&mdash; NBA (@NBA) <a href=\"https:\/\/twitter.com\/NBA\/status\/1929007607223554181?ref_src=twsrc%5Etfw\" class=\"trk-cta-link\" data-cta-trk='{\"ctaType\":\"Link\",\"ctaSubType\":\"main\"}'>June 1, 2025<\/a><\/blockquote><script async src=\"https:\/\/platform.twitter.com\/widgets.js\" charset=\"utf-8\"><\/script>\n<\/div><\/figure><p><strong>Un mod&egrave;le appliqu&eacute; avec succ&egrave;s par les Pacers<\/strong><\/p><p>Cette vision, Carlisle l&rsquo;a incarn&eacute;e avec brio lors de la saison 2024-2025. Men&eacute; par son duo <strong>Tyrese Haliburton &ndash; Pascal Siakam<\/strong>, mais sans v&eacute;ritable superstar dans son effectif, Indiana a r&eacute;alis&eacute; une campagne historique en atteignant les Finales <a href=\"https:\/\/theplayoffs.news\/fr\/category\/sports\/basketball-sports\/nba\/\" target=\"_blank\" rel=\"noreferrer noopener\" class=\"trk-cta-link\" data-cta-trk='{\"ctaType\":\"Link\",\"ctaSubType\":\"main\"}'>NBA <\/a>pour la premi&egrave;re fois depuis 2000. Les Pacers ont termin&eacute; la saison r&eacute;guli&egrave;re avec un bilan de 52 victoires pour 30 d&eacute;faites, soit leur meilleure performance depuis la saison 2013-2014.<\/p><p>Huit joueurs ont termin&eacute; la saison avec une moyenne de neuf points par match ou plus, illustrant la grande r&eacute;partition des responsabilit&eacute;s au sein de l&rsquo;effectif. En playoffs, la formation d&rsquo;Indianapolis a d&eacute;jou&eacute; tous les pronostics en &eacute;liminant successivement les Milwaukee Bucks, les Cleveland Cavaliers et les New York Knicks pour remporter le titre de la Conf&eacute;rence Est.<\/p><div class=\"related-slider related-slider--loading\">\n    <div class=\"related-slider__header\">\n        <div class=\"related-slider__header__title\">Vous aimerez aussi<\/div>\n        <div class=\"related-slider__header__buttons\">\n            <div class=\"swiper-button-prev\"><\/div>\n            <div class=\"swiper-button-next\"><\/div>\n        <\/div>\n    <\/div>\n    <div class=\"swiper-container\">\n        <div class=\"swiper-wrapper\">\n                            <div class=\"swiper-slide\">\n                    <a class=\"related-slider-card  trk-cta-img\" href=\"https:\/\/theplayoffs.news\/fr\/actualite-nba\/resultats-nba-18-12-les-mavs-douchent-les-pistons-maxime-raynaud-superstar\/\" title=\"R&eacute;sultats NBA (18\/12): les Mavs douchent les Pistons, Maxime Raynaud superstar !\" data-cta-trk='{\"ctaType\":\"Image\",\"ctaSubType\":\"main\"}'>\n    <div class=\"related-slider-card__image\">\n        <img loading=\"lazy\" decoding=\"async\" width=\"600\" height=\"400\" src=\"https:\/\/theplayoffs.news\/fr\/wp-content\/uploads\/2025\/12\/USATSI_27848729_168402440_lowres-600x400.jpg\" class=\"attachment-medium size-medium wp-post-image\" alt=\"NBA Cooper Flagg Nikola Jokic Maxime Raynaud Cade Cunningham\" srcset=\"https:\/\/theplayoffs.news\/fr\/wp-content\/uploads\/2025\/12\/USATSI_27848729_168402440_lowres-600x400.jpg 600w, https:\/\/theplayoffs.news\/fr\/wp-content\/uploads\/2025\/12\/USATSI_27848729_168402440_lowres-1200x800.jpg 1200w, https:\/\/theplayoffs.news\/fr\/wp-content\/uploads\/2025\/12\/USATSI_27848729_168402440_lowres-768x512.jpg 768w, https:\/\/theplayoffs.news\/fr\/wp-content\/uploads\/2025\/12\/USATSI_27848729_168402440_lowres-1536x1024.jpg 1536w, https:\/\/theplayoffs.news\/fr\/wp-content\/uploads\/2025\/12\/USATSI_27848729_168402440_lowres-1320x880.jpg 1320w, https:\/\/theplayoffs.news\/fr\/wp-content\/uploads\/2025\/12\/USATSI_27848729_168402440_lowres.jpg 1920w\" sizes=\"auto, (max-width: 600px) 100vw, 600px\">\n                            <\/div>\n    <div class=\"related-slider-card__content\">\n        <div class=\"related-slider-card__content__tags\">\n                            <div class=\"related-slider-card__content__tags__category\">\n                    Actualit&eacute; NBA\n                <\/div>\n                        <div class=\"related-slider-card__content__tags__date\" data-dynamic-date=\"2025-12-19T09:45:57+01:00\">\n                19 d&eacute;cembre 2025\n            <\/div>\n        <\/div>\n        <div class=\"related-slider-card__content__title\">\n            R&eacute;sultats NBA (18\/12): les Mavs douchent les Pistons, Maxime Raynaud superstar !\n        <\/div>\n                    <div class=\"related-slider-card__content__read-more\">\n                Voir plus\n                <i>\n                    <svg width=\"17\" height=\"15\" viewbox=\"0 0 17 15\" fill=\"none\" xmlns=\"http:\/\/www.w3.org\/2000\/svg\">\n<path d=\"M1 6.5C0.447715 6.5 0 6.94772 0 7.5C0 8.05228 0.447715 8.5 1 8.5V6.5ZM16.7071 8.20711C17.0976 7.81658 17.0976 7.18342 16.7071 6.79289L10.3431 0.428932C9.95262 0.0384078 9.31946 0.0384078 8.92893 0.428932C8.53841 0.819457 8.53841 1.45262 8.92893 1.84315L14.5858 7.5L8.92893 13.1569C8.53841 13.5474 8.53841 14.1805 8.92893 14.5711C9.31946 14.9616 9.95262 14.9616 10.3431 14.5711L16.7071 8.20711ZM1 7.5V8.5H8.5V7.5V6.5H1V7.5ZM8.5 7.5V8.5H16V7.5V6.5H8.5V7.5Z\" fill=\"white\"><\/path>\n<\/svg>\n\n                <\/i>\n            <\/div>\n            <\/div>\n<\/a>\n\n                <\/div>\n                            <div class=\"swiper-slide\">\n                    <a class=\"related-slider-card  trk-cta-img\" href=\"https:\/\/theplayoffs.news\/fr\/actualite-nba\/resultats-nba-17-12-chicago-enfonce-les-cavs-memphis-en-patron-dans-le-minnesota\/\" title=\"R&eacute;sultats NBA (17\/12): Chicago enfonce les Cavs, Memphis en patron dans le Minnesota !\" data-cta-trk='{\"ctaType\":\"Image\",\"ctaSubType\":\"main\"}'>\n    <div class=\"related-slider-card__image\">\n        <img loading=\"lazy\" decoding=\"async\" width=\"600\" height=\"400\" src=\"https:\/\/theplayoffs.news\/fr\/wp-content\/uploads\/2025\/12\/USATSI_27840419_168402440_lowres-600x400.jpg\" class=\"attachment-medium size-medium wp-post-image\" alt=\"NBA Minnesota Timberwolves Ja Morant Anthony Edwards Rudy Gobert Julius Randle Josh Giddey\" srcset=\"https:\/\/theplayoffs.news\/fr\/wp-content\/uploads\/2025\/12\/USATSI_27840419_168402440_lowres-600x400.jpg 600w, https:\/\/theplayoffs.news\/fr\/wp-content\/uploads\/2025\/12\/USATSI_27840419_168402440_lowres-1200x799.jpg 1200w, https:\/\/theplayoffs.news\/fr\/wp-content\/uploads\/2025\/12\/USATSI_27840419_168402440_lowres-768x512.jpg 768w, https:\/\/theplayoffs.news\/fr\/wp-content\/uploads\/2025\/12\/USATSI_27840419_168402440_lowres-1536x1023.jpg 1536w, https:\/\/theplayoffs.news\/fr\/wp-content\/uploads\/2025\/12\/USATSI_27840419_168402440_lowres-1320x879.jpg 1320w, https:\/\/theplayoffs.news\/fr\/wp-content\/uploads\/2025\/12\/USATSI_27840419_168402440_lowres.jpg 1920w\" sizes=\"auto, (max-width: 600px) 100vw, 600px\">\n                            <\/div>\n    <div class=\"related-slider-card__content\">\n        <div class=\"related-slider-card__content__tags\">\n                            <div class=\"related-slider-card__content__tags__category\">\n                    Actualit&eacute; NBA\n                <\/div>\n                        <div class=\"related-slider-card__content__tags__date\" data-dynamic-date=\"2025-12-18T14:27:38+01:00\">\n                18 d&eacute;cembre 2025\n            <\/div>\n        <\/div>\n        <div class=\"related-slider-card__content__title\">\n            R&eacute;sultats NBA (17\/12): Chicago enfonce les Cavs, Memphis en patron dans le Minnesota !\n        <\/div>\n                    <div class=\"related-slider-card__content__read-more\">\n                Voir plus\n                <i>\n                    <svg width=\"17\" height=\"15\" viewbox=\"0 0 17 15\" fill=\"none\" xmlns=\"http:\/\/www.w3.org\/2000\/svg\">\n<path d=\"M1 6.5C0.447715 6.5 0 6.94772 0 7.5C0 8.05228 0.447715 8.5 1 8.5V6.5ZM16.7071 8.20711C17.0976 7.81658 17.0976 7.18342 16.7071 6.79289L10.3431 0.428932C9.95262 0.0384078 9.31946 0.0384078 8.92893 0.428932C8.53841 0.819457 8.53841 1.45262 8.92893 1.84315L14.5858 7.5L8.92893 13.1569C8.53841 13.5474 8.53841 14.1805 8.92893 14.5711C9.31946 14.9616 9.95262 14.9616 10.3431 14.5711L16.7071 8.20711ZM1 7.5V8.5H8.5V7.5V6.5H1V7.5ZM8.5 7.5V8.5H16V7.5V6.5H8.5V7.5Z\" fill=\"white\"><\/path>\n<\/svg>\n\n                <\/i>\n            <\/div>\n            <\/div>\n<\/a>\n\n                <\/div>\n                            <div class=\"swiper-slide\">\n                    <a class=\"related-slider-card  trk-cta-img\" href=\"https:\/\/theplayoffs.news\/fr\/actualite-nba\/resultats-nba-cup-16-12-jalen-brunson-mvp-les-knicks-soffrent-un-premier-trophee-depuis-1973\/\" title=\"R&eacute;sultats NBA Cup (16\/12): Jalen Brunson MVP, les Knicks s&rsquo;offrent un premier troph&eacute;e depuis 1973 !\" data-cta-trk='{\"ctaType\":\"Image\",\"ctaSubType\":\"main\"}'>\n    <div class=\"related-slider-card__image\">\n        <img loading=\"lazy\" decoding=\"async\" width=\"600\" height=\"450\" src=\"https:\/\/theplayoffs.news\/fr\/wp-content\/uploads\/2025\/12\/USATSI_27835319_168402440_lowres-600x450.jpg\" class=\"attachment-medium size-medium wp-post-image\" alt=\"Jalen Brunson Victor Wembanyama Knicks Spurs NBA Cup\" srcset=\"https:\/\/theplayoffs.news\/fr\/wp-content\/uploads\/2025\/12\/USATSI_27835319_168402440_lowres-600x450.jpg 600w, https:\/\/theplayoffs.news\/fr\/wp-content\/uploads\/2025\/12\/USATSI_27835319_168402440_lowres-1200x900.jpg 1200w, https:\/\/theplayoffs.news\/fr\/wp-content\/uploads\/2025\/12\/USATSI_27835319_168402440_lowres-768x576.jpg 768w, https:\/\/theplayoffs.news\/fr\/wp-content\/uploads\/2025\/12\/USATSI_27835319_168402440_lowres-1536x1152.jpg 1536w, https:\/\/theplayoffs.news\/fr\/wp-content\/uploads\/2025\/12\/USATSI_27835319_168402440_lowres-1320x990.jpg 1320w, https:\/\/theplayoffs.news\/fr\/wp-content\/uploads\/2025\/12\/USATSI_27835319_168402440_lowres.jpg 1920w\" sizes=\"auto, (max-width: 600px) 100vw, 600px\">\n                            <\/div>\n    <div class=\"related-slider-card__content\">\n        <div class=\"related-slider-card__content__tags\">\n                            <div class=\"related-slider-card__content__tags__category\">\n                    Actualit&eacute; NBA\n                <\/div>\n                        <div class=\"related-slider-card__content__tags__date\" data-dynamic-date=\"2025-12-17T09:44:05+01:00\">\n                17 d&eacute;cembre 2025\n            <\/div>\n        <\/div>\n        <div class=\"related-slider-card__content__title\">\n            R&eacute;sultats NBA Cup (16\/12): Jalen Brunson MVP, les Knicks s&rsquo;offrent un premier troph&eacute;e depuis 1973 !\n        <\/div>\n                    <div class=\"related-slider-card__content__read-more\">\n                Voir plus\n                <i>\n                    <svg width=\"17\" height=\"15\" viewbox=\"0 0 17 15\" fill=\"none\" xmlns=\"http:\/\/www.w3.org\/2000\/svg\">\n<path d=\"M1 6.5C0.447715 6.5 0 6.94772 0 7.5C0 8.05228 0.447715 8.5 1 8.5V6.5ZM16.7071 8.20711C17.0976 7.81658 17.0976 7.18342 16.7071 6.79289L10.3431 0.428932C9.95262 0.0384078 9.31946 0.0384078 8.92893 0.428932C8.53841 0.819457 8.53841 1.45262 8.92893 1.84315L14.5858 7.5L8.92893 13.1569C8.53841 13.5474 8.53841 14.1805 8.92893 14.5711C9.31946 14.9616 9.95262 14.9616 10.3431 14.5711L16.7071 8.20711ZM1 7.5V8.5H8.5V7.5V6.5H1V7.5ZM8.5 7.5V8.5H16V7.5V6.5H8.5V7.5Z\" fill=\"white\"><\/path>\n<\/svg>\n\n                <\/i>\n            <\/div>\n            <\/div>\n<\/a>\n\n                <\/div>\n                            <div class=\"swiper-slide\">\n                    <a class=\"related-slider-card  trk-cta-img\" href=\"https:\/\/theplayoffs.news\/fr\/actualite-nba\/pour-deaaron-fox-lherbe-est-plus-verte-a-san-antonio\/\" title=\"Pour De&rsquo;Aaron Fox, &laquo;&nbsp;l&rsquo;herbe est plus verte&nbsp;&raquo; &agrave; San Antonio\" data-cta-trk='{\"ctaType\":\"Image\",\"ctaSubType\":\"main\"}'>\n    <div class=\"related-slider-card__image\">\n        <img loading=\"lazy\" decoding=\"async\" width=\"600\" height=\"400\" src=\"https:\/\/theplayoffs.news\/fr\/wp-content\/uploads\/2025\/12\/USATSI_27813133_168402440_lowres-600x400.jpg\" class=\"attachment-medium size-medium wp-post-image\" alt=\"NBA De'Aaron Fox Victor Wembanyama Spurs Knicks\" srcset=\"https:\/\/theplayoffs.news\/fr\/wp-content\/uploads\/2025\/12\/USATSI_27813133_168402440_lowres-600x400.jpg 600w, https:\/\/theplayoffs.news\/fr\/wp-content\/uploads\/2025\/12\/USATSI_27813133_168402440_lowres-1200x800.jpg 1200w, https:\/\/theplayoffs.news\/fr\/wp-content\/uploads\/2025\/12\/USATSI_27813133_168402440_lowres-768x512.jpg 768w, https:\/\/theplayoffs.news\/fr\/wp-content\/uploads\/2025\/12\/USATSI_27813133_168402440_lowres-1536x1024.jpg 1536w, https:\/\/theplayoffs.news\/fr\/wp-content\/uploads\/2025\/12\/USATSI_27813133_168402440_lowres-1320x880.jpg 1320w, https:\/\/theplayoffs.news\/fr\/wp-content\/uploads\/2025\/12\/USATSI_27813133_168402440_lowres.jpg 1920w\" sizes=\"auto, (max-width: 600px) 100vw, 600px\">\n                            <\/div>\n    <div class=\"related-slider-card__content\">\n        <div class=\"related-slider-card__content__tags\">\n                            <div class=\"related-slider-card__content__tags__category\">\n                    Actualit&eacute; NBA\n                <\/div>\n                        <div class=\"related-slider-card__content__tags__date\" data-dynamic-date=\"2025-12-16T12:47:20+01:00\">\n                16 d&eacute;cembre 2025\n            <\/div>\n        <\/div>\n        <div class=\"related-slider-card__content__title\">\n            Pour De&rsquo;Aaron Fox, &laquo;&nbsp;l&rsquo;herbe est plus verte&nbsp;&raquo; &agrave; San Antonio\n        <\/div>\n                    <div class=\"related-slider-card__content__read-more\">\n                Voir plus\n                <i>\n                    <svg width=\"17\" height=\"15\" viewbox=\"0 0 17 15\" fill=\"none\" xmlns=\"http:\/\/www.w3.org\/2000\/svg\">\n<path d=\"M1 6.5C0.447715 6.5 0 6.94772 0 7.5C0 8.05228 0.447715 8.5 1 8.5V6.5ZM16.7071 8.20711C17.0976 7.81658 17.0976 7.18342 16.7071 6.79289L10.3431 0.428932C9.95262 0.0384078 9.31946 0.0384078 8.92893 0.428932C8.53841 0.819457 8.53841 1.45262 8.92893 1.84315L14.5858 7.5L8.92893 13.1569C8.53841 13.5474 8.53841 14.1805 8.92893 14.5711C9.31946 14.9616 9.95262 14.9616 10.3431 14.5711L16.7071 8.20711ZM1 7.5V8.5H8.5V7.5V6.5H1V7.5ZM8.5 7.5V8.5H16V7.5V6.5H8.5V7.5Z\" fill=\"white\"><\/path>\n<\/svg>\n\n                <\/i>\n            <\/div>\n            <\/div>\n<\/a>\n\n                <\/div>\n                    <\/div>\n    <\/div>\n<\/div><p>En finale, les Pacers ont affront&eacute; le <strong>Thunder d&rsquo;Oklahoma City<\/strong>, autre &eacute;quipe r&eacute;put&eacute;e pour la qualit&eacute; et l&rsquo;&eacute;quilibre de son effectif. Donn&eacute;s largement perdants, ils ont pourtant pouss&eacute; la s&eacute;rie jusqu&rsquo;au match 7, ne s&rsquo;inclinant qu&rsquo;au terme d&rsquo;une bataille intense.<\/p><p><strong>Une intersaison douloureuse pour Indiana<\/strong><\/p><p>Mais la dynamique positive de la franchise a subi un coup dur d&egrave;s le premier quart-temps du match 7 face &agrave; OKC. <strong><a href=\"https:\/\/www.basketball-reference.com\/players\/h\/halibty01.html\" target=\"_blank\" rel=\"noreferrer noopener\" class=\"trk-cta-link\" data-cta-trk='{\"ctaType\":\"Link\",\"ctaSubType\":\"main\"}'>Tyrese Haliburton<\/a><\/strong>, l&rsquo;un des leaders du groupe, s&rsquo;est gravement bless&eacute; au tendon d&rsquo;Achille et manquera l&rsquo;int&eacute;gralit&eacute; de la prochaine saison.<\/p><figure class=\"wp-block-embed is-type-rich is-provider-twitter wp-block-embed-twitter\"><div class=\"wp-block-embed__wrapper\">\n<blockquote class=\"twitter-tweet\" data-width=\"500\" data-dnt=\"true\"><p lang=\"fr\" dir=\"ltr\">[&#128250; LIVE] &#127936; <a href=\"https:\/\/twitter.com\/hashtag\/NBA?src=hash&amp;ref_src=twsrc%5Etfw\" class=\"trk-cta-link\" data-cta-trk='{\"ctaType\":\"Link\",\"ctaSubType\":\"main\"}'>#NBA<\/a><br>&#128532; La blessure de Haliburton&hellip; &Ccedil;a semble grave et le joueur des Pacers retourne aux vestiaires sur une jambe.<a href=\"https:\/\/twitter.com\/hashtag\/NBAextra?src=hash&amp;ref_src=twsrc%5Etfw\" class=\"trk-cta-link\" data-cta-trk='{\"ctaType\":\"Link\",\"ctaSubType\":\"main\"}'>#NBAextra<\/a> <a href=\"https:\/\/t.co\/5b4O0fV91p\" class=\"trk-cta-link\" data-cta-trk='{\"ctaType\":\"Link\",\"ctaSubType\":\"main\"}'>pic.twitter.com\/5b4O0fV91p<\/a><\/p>&mdash; NBAextra (@NBAextra) <a href=\"https:\/\/twitter.com\/NBAextra\/status\/1936944126534004852?ref_src=twsrc%5Etfw\" class=\"trk-cta-link\" data-cta-trk='{\"ctaType\":\"Link\",\"ctaSubType\":\"main\"}'>June 23, 2025<\/a><\/blockquote><script async src=\"https:\/\/platform.twitter.com\/widgets.js\" charset=\"utf-8\"><\/script>\n<\/div><\/figure><p>Comme si cela ne suffisait pas, le pivot <strong>Myles Turner<\/strong> &mdash; titulaire au poste 5 depuis dix ans &mdash; a quitt&eacute; les Pacers pour rejoindre les Milwaukee Bucks durant l&rsquo;intersaison. Deux pertes majeures dans le cinq de d&eacute;part, qui laissent Rick Carlisle face &agrave; un d&eacute;fi de taille : reconstruire un collectif comp&eacute;titif dans une Conf&eacute;rence Est toujours plus relev&eacute;e.<\/p><p>Credit : &copy; Alonzo Adams-Imagn Images<\/p>\n","protected":false},"excerpt":{"rendered":"","protected":false},"author":180309799,"featured_media":1498515,"comment_status":"closed","ping_status":"closed","sticky":false,"template":"","format":"standard","meta":{"inline_featured_image":false,"kia_subtitle":"","_mux_skip_reasons":[],"proofreadBy":0,"footnotes":""},"categories":[110],"tags":[617,648,2189,2641,7996],"sport":[2783],"saison":[],"class_list":["post-1498513","post","type-post","status-publish","format-standard","has-post-thumbnail","hentry","category-actualite-nba","tag-indiana-pacers","tag-oklahoma-city-thunder","tag-pascal-siakam","tag-rick-carlisle","tag-tyrese-haliburton-2","sport-nba"],"acf":[],"yoast_head":"<!-- This site is optimized with the Yoast SEO plugin v24.2 - https:\/\/yoast.com\/wordpress\/plugins\/seo\/ -->\n<title>Pour Rick carlisle (Pacers), l&#039;&egrave;re des superteams &quot;touche &agrave; sa fin&quot;<\/title>\n<meta name=\"description\" content=\"Pass&eacute; &agrave; deux doigts du titre en juin sans la moindre superstar, Rick Carlisle, le coach des Pacers, croit en la profondeur d&#039;effectif pour gagner en NBA.\" \/>\n<meta name=\"robots\" content=\"index, follow, max-snippet:-1, max-image-preview:large, max-video-preview:-1\" \/>\n<link rel=\"canonical\" href=\"https:\/\/theplayoffs.news\/fr\/actualite-nba\/pour-rick-carlisle-pacers-lere-des-superteams-touche-a-sa-fin\/\" \/>\n<meta property=\"og:locale\" content=\"fr_FR\" \/>\n<meta property=\"og:type\" content=\"article\" \/>\n<meta property=\"og:title\" content=\"Pour Rick carlisle (Pacers), l&#039;&egrave;re des superteams &quot;touche &agrave; sa fin&quot;\" \/>\n<meta property=\"og:description\" content=\"Pass&eacute; &agrave; deux doigts du titre en juin sans la moindre superstar, Rick Carlisle, le coach des Pacers, croit en la profondeur d&#039;effectif pour gagner en NBA.\" \/>\n<meta property=\"og:url\" content=\"https:\/\/theplayoffs.news\/fr\/actualite-nba\/pour-rick-carlisle-pacers-lere-des-superteams-touche-a-sa-fin\/\" \/>\n<meta property=\"og:site_name\" content=\"The Playoffs FR\" \/>\n<meta property=\"article:publisher\" content=\"https:\/\/www.facebook.com\/TheFreeAgentFR\/\" \/>\n<meta property=\"article:modified_time\" content=\"2025-08-06T09:54:10+02:00\" \/>\n<meta property=\"og:image\" content=\"https:\/\/theplayoffs.news\/fr\/wp-content\/uploads\/2025\/08\/USATSI_26472300_168402440_lowres.jpg\" \/>\n\t<meta property=\"og:image:width\" content=\"1440\" \/>\n\t<meta property=\"og:image:height\" content=\"960\" \/>\n\t<meta property=\"og:image:type\" content=\"image\/jpeg\" \/>\n<meta name=\"author\" content=\"La r\u00e9daction\" \/>\n<meta name=\"twitter:card\" content=\"summary_large_image\" \/>\n<meta name=\"twitter:creator\" content=\"@TheFreeAgentFR\" \/>\n<meta name=\"twitter:site\" content=\"@TheFreeAgentFR\" \/>\n<meta name=\"twitter:label1\" content=\"\u00c9crit par\" \/>\n\t<meta name=\"twitter:data1\" content=\"La r\u00e9daction\" \/>\n\t<meta name=\"twitter:label2\" content=\"Dur\u00e9e de lecture estim\u00e9e\" \/>\n\t<meta name=\"twitter:data2\" content=\"3 minutes\" \/>\n<script type=\"application\/ld+json\" class=\"yoast-schema-graph\">{\"@context\":\"https:\/\/schema.org\",\"@graph\":[{\"@type\":\"WebPage\",\"@id\":\"https:\/\/theplayoffs.news\/fr\/actualite-nba\/pour-rick-carlisle-pacers-lere-des-superteams-touche-a-sa-fin\/\",\"url\":\"https:\/\/theplayoffs.news\/fr\/actualite-nba\/pour-rick-carlisle-pacers-lere-des-superteams-touche-a-sa-fin\/\",\"name\":\"Pour Rick carlisle (Pacers), l\\\\'\u00e8re des superteams \\\\\\\"touche \u00e0 sa fin\\\\\\\"\",\"isPartOf\":{\"@id\":\"https:\/\/theplayoffs.news\/fr\/#website\"},\"primaryImageOfPage\":{\"@id\":\"https:\/\/theplayoffs.news\/fr\/actualite-nba\/pour-rick-carlisle-pacers-lere-des-superteams-touche-a-sa-fin\/#primaryimage\"},\"image\":{\"@id\":\"https:\/\/theplayoffs.news\/fr\/actualite-nba\/pour-rick-carlisle-pacers-lere-des-superteams-touche-a-sa-fin\/#primaryimage\"},\"thumbnailUrl\":\"https:\/\/theplayoffs.news\/fr\/wp-content\/uploads\/2025\/08\/USATSI_26472300_168402440_lowres.jpg\",\"datePublished\":\"2025-08-06T07:54:03+00:00\",\"dateModified\":\"2025-08-06T07:54:10+00:00\",\"author\":{\"@id\":\"https:\/\/theplayoffs.news\/fr\/#\/schema\/person\/bb40426f4e478f9bd8cdbfeb4f2f9784\"},\"description\":\"Pass\u00e9 \u00e0 deux doigts du titre en juin sans la moindre superstar, Rick Carlisle, le coach des Pacers, croit en la profondeur d\\\\'effectif pour gagner en NBA.\",\"breadcrumb\":{\"@id\":\"https:\/\/theplayoffs.news\/fr\/actualite-nba\/pour-rick-carlisle-pacers-lere-des-superteams-touche-a-sa-fin\/#breadcrumb\"},\"inLanguage\":\"fr-FR\",\"potentialAction\":[{\"@type\":\"ReadAction\",\"target\":[\"https:\/\/theplayoffs.news\/fr\/actualite-nba\/pour-rick-carlisle-pacers-lere-des-superteams-touche-a-sa-fin\/\"]}]},{\"@type\":\"ImageObject\",\"inLanguage\":\"fr-FR\",\"@id\":\"https:\/\/theplayoffs.news\/fr\/actualite-nba\/pour-rick-carlisle-pacers-lere-des-superteams-touche-a-sa-fin\/#primaryimage\",\"url\":\"https:\/\/theplayoffs.news\/fr\/wp-content\/uploads\/2025\/08\/USATSI_26472300_168402440_lowres.jpg\",\"contentUrl\":\"https:\/\/theplayoffs.news\/fr\/wp-content\/uploads\/2025\/08\/USATSI_26472300_168402440_lowres.jpg\",\"width\":1440,\"height\":960,\"caption\":\"Rick Carlisle Pacers NBA\"},{\"@type\":\"BreadcrumbList\",\"@id\":\"https:\/\/theplayoffs.news\/fr\/actualite-nba\/pour-rick-carlisle-pacers-lere-des-superteams-touche-a-sa-fin\/#breadcrumb\",\"itemListElement\":[{\"@type\":\"ListItem\",\"position\":1,\"name\":\"Accueil\",\"item\":\"https:\/\/theplayoffs.news\/fr\/\"},{\"@type\":\"ListItem\",\"position\":2,\"name\":\"Pour Rick carlisle (Pacers), l&#8217;\u00e8re des superteams &#8220;touche \u00e0 sa fin&#8221;\"}]},{\"@type\":\"WebSite\",\"@id\":\"https:\/\/theplayoffs.news\/fr\/#website\",\"url\":\"https:\/\/theplayoffs.news\/fr\/\",\"name\":\"The Playoffs FR\",\"description\":\"NBA-NFL-NHL-MLB\",\"potentialAction\":[{\"@type\":\"SearchAction\",\"target\":{\"@type\":\"EntryPoint\",\"urlTemplate\":\"https:\/\/theplayoffs.news\/fr\/?s={search_term_string}\"},\"query-input\":{\"@type\":\"PropertyValueSpecification\",\"valueRequired\":true,\"valueName\":\"search_term_string\"}}],\"inLanguage\":\"fr-FR\"},{\"@type\":\"Person\",\"@id\":\"https:\/\/theplayoffs.news\/fr\/#\/schema\/person\/bb40426f4e478f9bd8cdbfeb4f2f9784\",\"name\":\"La r\u00e9daction\",\"image\":{\"@type\":\"ImageObject\",\"inLanguage\":\"fr-FR\",\"@id\":\"https:\/\/theplayoffs.news\/fr\/#\/schema\/person\/image\/\",\"url\":\"https:\/\/secure.gravatar.com\/avatar\/7e69b41460ab2c17d61c8c364b6a0ee006f957a70191383ef42be1f4733d6515?s=96&d=mm&r=g\",\"contentUrl\":\"https:\/\/secure.gravatar.com\/avatar\/7e69b41460ab2c17d61c8c364b6a0ee006f957a70191383ef42be1f4733d6515?s=96&d=mm&r=g\",\"caption\":\"La r\u00e9daction\"},\"description\":\"On dit qu\\\\'il faut un village pour s\\\\'occuper d\\\\'un enfant. Et bien c\\\\'est exactement ce dont il s\\\\'agit ici pour The Playoffs. La r\u00e9daction, ce sont vos r\u00e9dacteurs pr\u00e9f\u00e9r\u00e9s qui collaborent sur ces articles que vous lisez au quotidien.\u00a0\",\"url\":\"https:\/\/theplayoffs.news\/fr\/author\/freeagentfr\/\"}]}<\/script>\n<!-- \/ Yoast SEO plugin. -->","yoast_head_json":{"title":"Pour Rick carlisle (Pacers), l&#039;&egrave;re des superteams &quot;touche &agrave; sa fin&quot;","description":"Pass&eacute; &agrave; deux doigts du titre en juin sans la moindre superstar, Rick Carlisle, le coach des Pacers, croit en la profondeur d&#039;effectif pour gagner en NBA.","robots":{"index":"index","follow":"follow","max-snippet":"max-snippet:-1","max-image-preview":"max-image-preview:large","max-video-preview":"max-video-preview:-1"},"canonical":"https:\/\/theplayoffs.news\/fr\/actualite-nba\/pour-rick-carlisle-pacers-lere-des-superteams-touche-a-sa-fin\/","og_locale":"fr_FR","og_type":"article","og_title":"Pour Rick carlisle (Pacers), l&#039;&egrave;re des superteams &quot;touche &agrave; sa fin&quot;","og_description":"Pass&eacute; &agrave; deux doigts du titre en juin sans la moindre superstar, Rick Carlisle, le coach des Pacers, croit en la profondeur d&#039;effectif pour gagner en NBA.","og_url":"https:\/\/theplayoffs.news\/fr\/actualite-nba\/pour-rick-carlisle-pacers-lere-des-superteams-touche-a-sa-fin\/","og_site_name":"The Playoffs FR","article_publisher":"https:\/\/www.facebook.com\/TheFreeAgentFR\/","article_modified_time":"2025-08-06T07:54:10+00:00","og_image":[{"width":1440,"height":960,"url":"https:\/\/theplayoffs.news\/fr\/wp-content\/uploads\/2025\/08\/USATSI_26472300_168402440_lowres.jpg","type":"image\/jpeg"}],"author":"La r\u00e9daction","twitter_card":"summary_large_image","twitter_creator":"@TheFreeAgentFR","twitter_site":"@TheFreeAgentFR","twitter_misc":{"\u00c9crit par":"La r\u00e9daction","Dur\u00e9e de lecture estim\u00e9e":"3 minutes"},"schema":{"@context":"https:\/\/schema.org","@graph":[{"@type":"WebPage","@id":"https:\/\/theplayoffs.news\/fr\/actualite-nba\/pour-rick-carlisle-pacers-lere-des-superteams-touche-a-sa-fin\/","url":"https:\/\/theplayoffs.news\/fr\/actualite-nba\/pour-rick-carlisle-pacers-lere-des-superteams-touche-a-sa-fin\/","name":"Pour Rick carlisle (Pacers), l\\'\u00e8re des superteams \\\"touche \u00e0 sa fin\\\"","isPartOf":{"@id":"https:\/\/theplayoffs.news\/fr\/#website"},"primaryImageOfPage":{"@id":"https:\/\/theplayoffs.news\/fr\/actualite-nba\/pour-rick-carlisle-pacers-lere-des-superteams-touche-a-sa-fin\/#primaryimage"},"image":{"@id":"https:\/\/theplayoffs.news\/fr\/actualite-nba\/pour-rick-carlisle-pacers-lere-des-superteams-touche-a-sa-fin\/#primaryimage"},"thumbnailUrl":"https:\/\/theplayoffs.news\/fr\/wp-content\/uploads\/2025\/08\/USATSI_26472300_168402440_lowres.jpg","datePublished":"2025-08-06T07:54:03+00:00","dateModified":"2025-08-06T07:54:10+00:00","author":{"@id":"https:\/\/theplayoffs.news\/fr\/#\/schema\/person\/bb40426f4e478f9bd8cdbfeb4f2f9784"},"description":"Pass\u00e9 \u00e0 deux doigts du titre en juin sans la moindre superstar, Rick Carlisle, le coach des Pacers, croit en la profondeur d\\'effectif pour gagner en NBA.","breadcrumb":{"@id":"https:\/\/theplayoffs.news\/fr\/actualite-nba\/pour-rick-carlisle-pacers-lere-des-superteams-touche-a-sa-fin\/#breadcrumb"},"inLanguage":"fr-FR","potentialAction":[{"@type":"ReadAction","target":["https:\/\/theplayoffs.news\/fr\/actualite-nba\/pour-rick-carlisle-pacers-lere-des-superteams-touche-a-sa-fin\/"]}]},{"@type":"ImageObject","inLanguage":"fr-FR","@id":"https:\/\/theplayoffs.news\/fr\/actualite-nba\/pour-rick-carlisle-pacers-lere-des-superteams-touche-a-sa-fin\/#primaryimage","url":"https:\/\/theplayoffs.news\/fr\/wp-content\/uploads\/2025\/08\/USATSI_26472300_168402440_lowres.jpg","contentUrl":"https:\/\/theplayoffs.news\/fr\/wp-content\/uploads\/2025\/08\/USATSI_26472300_168402440_lowres.jpg","width":1440,"height":960,"caption":"Rick Carlisle Pacers NBA"},{"@type":"BreadcrumbList","@id":"https:\/\/theplayoffs.news\/fr\/actualite-nba\/pour-rick-carlisle-pacers-lere-des-superteams-touche-a-sa-fin\/#breadcrumb","itemListElement":[{"@type":"ListItem","position":1,"name":"Accueil","item":"https:\/\/theplayoffs.news\/fr\/"},{"@type":"ListItem","position":2,"name":"Pour Rick carlisle (Pacers), l&#8217;\u00e8re des superteams &#8220;touche \u00e0 sa fin&#8221;"}]},{"@type":"WebSite","@id":"https:\/\/theplayoffs.news\/fr\/#website","url":"https:\/\/theplayoffs.news\/fr\/","name":"The Playoffs FR","description":"NBA-NFL-NHL-MLB","potentialAction":[{"@type":"SearchAction","target":{"@type":"EntryPoint","urlTemplate":"https:\/\/theplayoffs.news\/fr\/?s={search_term_string}"},"query-input":{"@type":"PropertyValueSpecification","valueRequired":true,"valueName":"search_term_string"}}],"inLanguage":"fr-FR"},{"@type":"Person","@id":"https:\/\/theplayoffs.news\/fr\/#\/schema\/person\/bb40426f4e478f9bd8cdbfeb4f2f9784","name":"La r\u00e9daction","image":{"@type":"ImageObject","inLanguage":"fr-FR","@id":"https:\/\/theplayoffs.news\/fr\/#\/schema\/person\/image\/","url":"https:\/\/secure.gravatar.com\/avatar\/7e69b41460ab2c17d61c8c364b6a0ee006f957a70191383ef42be1f4733d6515?s=96&d=mm&r=g","contentUrl":"https:\/\/secure.gravatar.com\/avatar\/7e69b41460ab2c17d61c8c364b6a0ee006f957a70191383ef42be1f4733d6515?s=96&d=mm&r=g","caption":"La r\u00e9daction"},"description":"On dit qu\\'il faut un village pour s\\'occuper d\\'un enfant. Et bien c\\'est exactement ce dont il s\\'agit ici pour The Playoffs. La r\u00e9daction, ce sont vos r\u00e9dacteurs pr\u00e9f\u00e9r\u00e9s qui collaborent sur ces articles que vous lisez au quotidien.\u00a0","url":"https:\/\/theplayoffs.news\/fr\/author\/freeagentfr\/"}]}},"_links":{"self":[{"href":"https:\/\/theplayoffs.news\/fr\/wp-json\/wp\/v2\/posts\/1498513","targetHints":{"allow":["GET"]}}],"collection":[{"href":"https:\/\/theplayoffs.news\/fr\/wp-json\/wp\/v2\/posts"}],"about":[{"href":"https:\/\/theplayoffs.news\/fr\/wp-json\/wp\/v2\/types\/post"}],"author":[{"embeddable":true,"href":"https:\/\/theplayoffs.news\/fr\/wp-json\/wp\/v2\/users\/180309799"}],"replies":[{"embeddable":true,"href":"https:\/\/theplayoffs.news\/fr\/wp-json\/wp\/v2\/comments?post=1498513"}],"version-history":[{"count":2,"href":"https:\/\/theplayoffs.news\/fr\/wp-json\/wp\/v2\/posts\/1498513\/revisions"}],"predecessor-version":[{"id":1498516,"href":"https:\/\/theplayoffs.news\/fr\/wp-json\/wp\/v2\/posts\/1498513\/revisions\/1498516"}],"wp:featuredmedia":[{"embeddable":true,"href":"https:\/\/theplayoffs.news\/fr\/wp-json\/wp\/v2\/media\/1498515"}],"wp:attachment":[{"href":"https:\/\/theplayoffs.news\/fr\/wp-json\/wp\/v2\/media?parent=1498513"}],"wp:term":[{"taxonomy":"category","embeddable":true,"href":"https:\/\/theplayoffs.news\/fr\/wp-json\/wp\/v2\/categories?post=1498513"},{"taxonomy":"post_tag","embeddable":true,"href":"https:\/\/theplayoffs.news\/fr\/wp-json\/wp\/v2\/tags?post=1498513"},{"taxonomy":"sport","embeddable":true,"href":"https:\/\/theplayoffs.news\/fr\/wp-json\/wp\/v2\/sport?post=1498513"},{"taxonomy":"saison","embeddable":true,"href":"https:\/\/theplayoffs.news\/fr\/wp-json\/wp\/v2\/saison?post=1498513"}],"curies":[{"name":"wp","href":"https:\/\/api.w.org\/{rel}","templated":true}]}}