{"id":1498505,"date":"2025-08-06T09:54:00","date_gmt":"2025-08-06T07:54:00","guid":{"rendered":"https:\/\/theplayoffs.news\/fr\/uncategorized\/\/"},"modified":"2025-08-06T09:54:10","modified_gmt":"2025-08-06T07:54:10","slug":"anthony-barr-ex-vikings-prend-sa-retraite","status":"publish","type":"post","link":"https:\/\/theplayoffs.news\/fr\/actualite-nfl\/anthony-barr-ex-vikings-prend-sa-retraite\/","title":{"rendered":"Anthony Barr (ex-Vikings) prend sa retraite"},"content":{"rendered":"<p>Sans jouer en NFL depuis 2023, le linebacker Anthony Barr, ancien joueur des <a href=\"https:\/\/theplayoffs.news\/fr\/actualite-nfl\/preview-nfl-2025-minnesota-vikings\/\" class=\"trk-cta-link\" data-cta-trk='{\"ctaType\":\"Link\",\"ctaSubType\":\"main\"}'>Minnesota Vikings<\/a>, a officiellement pris sa retraite ce mardi. La fondation de l&rsquo;ex-joueur, <em>Raise the Barr<\/em>, a annonc&eacute; la nouvelle via une publication sur ses r&eacute;seaux sociaux. &Acirc;g&eacute; de 33 ans, Barr a disput&eacute; ses derniers matchs en NFL avec les Vikings, lors d&rsquo;un second passage au sein de la franchise.<\/p><p>S&eacute;lectionn&eacute; par Minnesota en neuvi&egrave;me position de la Draft 2014, devant des noms comme Aaron Donald ou Odell Beckham Jr., le d&eacute;fenseur a port&eacute; les couleurs de la franchise pendant les huit premi&egrave;res saisons de sa carri&egrave;re. Durant cette p&eacute;riode, il a &eacute;t&eacute; s&eacute;lectionn&eacute; quatre fois au Pro Bowl, entre 2015 et 2018.<\/p><blockquote class=\"twitter-tweet\"><p lang=\"en\" dir=\"ltr\">This was Anthony Barr's best game as a Minnesota Viking:<br><br>&bull; 3 pressures, plus a sack called back on penalty<br>&bull; A safety<br>&bull; Two key third down stops<br>&bull; The game-sealing interception <a href=\"https:\/\/t.co\/oTtlc89KLB\" class=\"trk-cta-link\" data-cta-trk='{\"ctaType\":\"Link\",\"ctaSubType\":\"main\"}'>pic.twitter.com\/oTtlc89KLB<\/a><\/p>&mdash; Nick Olson (@NickOlsonNFL) <a href=\"https:\/\/twitter.com\/NickOlsonNFL\/status\/1181056051585650688?ref_src=twsrc%5Etfw\" class=\"trk-cta-link\" data-cta-trk='{\"ctaType\":\"Link\",\"ctaSubType\":\"main\"}'>October 7, 2019<\/a><\/blockquote><script async src=\"https:\/\/platform.twitter.com\/widgets.js\" charset=\"utf-8\"><\/script><p>Son meilleur exercice &agrave; Minneapolis remonte &agrave; sa deuxi&egrave;me saison en NFL, lorsqu&rsquo;il a sign&eacute; 3,5 sacks, provoqu&eacute; trois fumbles, intercept&eacute; une passe, r&eacute;alis&eacute; 68 plaquages au total, et d&eacute;fendu sept passes, en 14 matchs disput&eacute;s.<\/p><p>En 2021, les Vikings ont licenci&eacute; l&rsquo;entra&icirc;neur Mike Zimmer, qui avait &eacute;t&eacute; &agrave; l&rsquo;origine de sa s&eacute;lection. Un an plus tard, Barr a quitt&eacute; la franchise et a jou&eacute; une saison avec les Dallas Cowboys. En 2023, il a effectu&eacute; un dernier retour &agrave; Minnesota, pour ce qui serait la derni&egrave;re saison de sa carri&egrave;re, au cours de laquelle il a particip&eacute; &agrave; quatre rencontres.<\/p><p>Malgr&eacute; de nombreuses blessures tout au long de sa carri&egrave;re, le linebacker a disput&eacute; 116 matchs en neuf saisons de NFL, cumulant 554 plaquages, 18,5 sacks, 8 fumbles provoqu&eacute;s, 10 fumbles r&eacute;cup&eacute;r&eacute;s, 5 interceptions et 1 touchdown.<\/p><p>Cr&eacute;dit photo: <\/p>\n","protected":false},"excerpt":{"rendered":"<p>NFL &#8211; L&rsquo;ancien linebacker des Minnesota Vikings, Anthony Barr, a annonc\u00e9 sa retraite sportive ce mardi<\/p>\n","protected":false},"author":180309799,"featured_media":1498506,"comment_status":"closed","ping_status":"closed","sticky":false,"template":"","format":"standard","meta":{"inline_featured_image":false,"kia_subtitle":"NFL - L'ancien linebacker des Minnesota Vikings, Anthony Barr, a annonc\u00e9 sa retraite sportive ce mardi","_mux_skip_reasons":[],"proofreadBy":0,"footnotes":""},"categories":[118,8410,40,8408],"tags":[4657,744],"sport":[2785],"saison":[7475],"class_list":["post-1498505","post","type-post","status-publish","format-standard","has-post-thumbnail","hentry","category-actualite-nfl","category-football-americain","category-nfl","category-sports","tag-anthony-barr","tag-minnesota-vikings","sport-nfl","saison-7475"],"acf":[],"yoast_head":"<!-- This site is optimized with the Yoast SEO plugin v24.2 - https:\/\/yoast.com\/wordpress\/plugins\/seo\/ -->\n<title>Anthony Barr (ex-Vikings) prend sa retraite - The Playoffs FR<\/title>\n<meta name=\"robots\" content=\"index, follow, max-snippet:-1, max-image-preview:large, max-video-preview:-1\" \/>\n<link rel=\"canonical\" href=\"https:\/\/theplayoffs.news\/fr\/actualite-nfl\/anthony-barr-ex-vikings-prend-sa-retraite\/\" \/>\n<meta property=\"og:locale\" content=\"fr_FR\" \/>\n<meta property=\"og:type\" content=\"article\" \/>\n<meta property=\"og:title\" content=\"Anthony Barr (ex-Vikings) prend sa retraite - The Playoffs FR\" \/>\n<meta property=\"og:description\" content=\"NFL - L&#039;ancien linebacker des Minnesota Vikings, Anthony Barr, a annonc&eacute; sa retraite sportive ce mardi\" \/>\n<meta property=\"og:url\" content=\"https:\/\/theplayoffs.news\/fr\/actualite-nfl\/anthony-barr-ex-vikings-prend-sa-retraite\/\" \/>\n<meta property=\"og:site_name\" content=\"The Playoffs FR\" \/>\n<meta property=\"article:publisher\" content=\"https:\/\/www.facebook.com\/TheFreeAgentFR\/\" \/>\n<meta property=\"article:modified_time\" content=\"2025-08-06T09:54:10+02:00\" \/>\n<meta property=\"og:image\" content=\"https:\/\/theplayoffs.news\/fr\/wp-content\/uploads\/2025\/08\/USATSI_16490249.jpg\" \/>\n\t<meta property=\"og:image:width\" content=\"1920\" \/>\n\t<meta property=\"og:image:height\" content=\"1280\" \/>\n\t<meta property=\"og:image:type\" content=\"image\/jpeg\" \/>\n<meta name=\"author\" content=\"La r\u00e9daction\" \/>\n<meta name=\"twitter:card\" content=\"summary_large_image\" \/>\n<meta name=\"twitter:creator\" content=\"@TheFreeAgentFR\" \/>\n<meta name=\"twitter:site\" content=\"@TheFreeAgentFR\" \/>\n<meta name=\"twitter:label1\" content=\"\u00c9crit par\" \/>\n\t<meta name=\"twitter:data1\" content=\"La r\u00e9daction\" \/>\n\t<meta name=\"twitter:label2\" content=\"Dur\u00e9e de lecture estim\u00e9e\" \/>\n\t<meta name=\"twitter:data2\" content=\"2 minutes\" \/>\n<script type=\"application\/ld+json\" class=\"yoast-schema-graph\">{\"@context\":\"https:\/\/schema.org\",\"@graph\":[{\"@type\":\"WebPage\",\"@id\":\"https:\/\/theplayoffs.news\/fr\/actualite-nfl\/anthony-barr-ex-vikings-prend-sa-retraite\/\",\"url\":\"https:\/\/theplayoffs.news\/fr\/actualite-nfl\/anthony-barr-ex-vikings-prend-sa-retraite\/\",\"name\":\"Anthony Barr (ex-Vikings) prend sa retraite - The Playoffs FR\",\"isPartOf\":{\"@id\":\"https:\/\/theplayoffs.news\/fr\/#website\"},\"primaryImageOfPage\":{\"@id\":\"https:\/\/theplayoffs.news\/fr\/actualite-nfl\/anthony-barr-ex-vikings-prend-sa-retraite\/#primaryimage\"},\"image\":{\"@id\":\"https:\/\/theplayoffs.news\/fr\/actualite-nfl\/anthony-barr-ex-vikings-prend-sa-retraite\/#primaryimage\"},\"thumbnailUrl\":\"https:\/\/theplayoffs.news\/fr\/wp-content\/uploads\/2025\/08\/USATSI_16490249.jpg\",\"datePublished\":\"2025-08-06T07:54:00+00:00\",\"dateModified\":\"2025-08-06T07:54:10+00:00\",\"author\":{\"@id\":\"https:\/\/theplayoffs.news\/fr\/#\/schema\/person\/bb40426f4e478f9bd8cdbfeb4f2f9784\"},\"breadcrumb\":{\"@id\":\"https:\/\/theplayoffs.news\/fr\/actualite-nfl\/anthony-barr-ex-vikings-prend-sa-retraite\/#breadcrumb\"},\"inLanguage\":\"fr-FR\",\"potentialAction\":[{\"@type\":\"ReadAction\",\"target\":[\"https:\/\/theplayoffs.news\/fr\/actualite-nfl\/anthony-barr-ex-vikings-prend-sa-retraite\/\"]}]},{\"@type\":\"ImageObject\",\"inLanguage\":\"fr-FR\",\"@id\":\"https:\/\/theplayoffs.news\/fr\/actualite-nfl\/anthony-barr-ex-vikings-prend-sa-retraite\/#primaryimage\",\"url\":\"https:\/\/theplayoffs.news\/fr\/wp-content\/uploads\/2025\/08\/USATSI_16490249.jpg\",\"contentUrl\":\"https:\/\/theplayoffs.news\/fr\/wp-content\/uploads\/2025\/08\/USATSI_16490249.jpg\",\"width\":1920,\"height\":1280,\"caption\":\"Jul 30, 2021; Eagan, MN, United States; Minnesota Vikings linebacker Anthony Barr (55) participates in drills at training camp at TCO Performance Center. Mandatory Credit: Brad Rempel-USA TODAY Sports\"},{\"@type\":\"BreadcrumbList\",\"@id\":\"https:\/\/theplayoffs.news\/fr\/actualite-nfl\/anthony-barr-ex-vikings-prend-sa-retraite\/#breadcrumb\",\"itemListElement\":[{\"@type\":\"ListItem\",\"position\":1,\"name\":\"Accueil\",\"item\":\"https:\/\/theplayoffs.news\/fr\/\"},{\"@type\":\"ListItem\",\"position\":2,\"name\":\"Anthony Barr (ex-Vikings) prend sa retraite\"}]},{\"@type\":\"WebSite\",\"@id\":\"https:\/\/theplayoffs.news\/fr\/#website\",\"url\":\"https:\/\/theplayoffs.news\/fr\/\",\"name\":\"The Playoffs FR\",\"description\":\"NBA-NFL-NHL-MLB\",\"potentialAction\":[{\"@type\":\"SearchAction\",\"target\":{\"@type\":\"EntryPoint\",\"urlTemplate\":\"https:\/\/theplayoffs.news\/fr\/?s={search_term_string}\"},\"query-input\":{\"@type\":\"PropertyValueSpecification\",\"valueRequired\":true,\"valueName\":\"search_term_string\"}}],\"inLanguage\":\"fr-FR\"},{\"@type\":\"Person\",\"@id\":\"https:\/\/theplayoffs.news\/fr\/#\/schema\/person\/bb40426f4e478f9bd8cdbfeb4f2f9784\",\"name\":\"La r\u00e9daction\",\"image\":{\"@type\":\"ImageObject\",\"inLanguage\":\"fr-FR\",\"@id\":\"https:\/\/theplayoffs.news\/fr\/#\/schema\/person\/image\/\",\"url\":\"https:\/\/secure.gravatar.com\/avatar\/7e69b41460ab2c17d61c8c364b6a0ee006f957a70191383ef42be1f4733d6515?s=96&d=mm&r=g\",\"contentUrl\":\"https:\/\/secure.gravatar.com\/avatar\/7e69b41460ab2c17d61c8c364b6a0ee006f957a70191383ef42be1f4733d6515?s=96&d=mm&r=g\",\"caption\":\"La r\u00e9daction\"},\"description\":\"On dit qu\\\\'il faut un village pour s\\\\'occuper d\\\\'un enfant. Et bien c\\\\'est exactement ce dont il s\\\\'agit ici pour The Playoffs. La r\u00e9daction, ce sont vos r\u00e9dacteurs pr\u00e9f\u00e9r\u00e9s qui collaborent sur ces articles que vous lisez au quotidien.\u00a0\",\"url\":\"https:\/\/theplayoffs.news\/fr\/author\/freeagentfr\/\"}]}<\/script>\n<!-- \/ Yoast SEO plugin. -->","yoast_head_json":{"title":"Anthony Barr (ex-Vikings) prend sa retraite - The Playoffs FR","robots":{"index":"index","follow":"follow","max-snippet":"max-snippet:-1","max-image-preview":"max-image-preview:large","max-video-preview":"max-video-preview:-1"},"canonical":"https:\/\/theplayoffs.news\/fr\/actualite-nfl\/anthony-barr-ex-vikings-prend-sa-retraite\/","og_locale":"fr_FR","og_type":"article","og_title":"Anthony Barr (ex-Vikings) prend sa retraite - The Playoffs FR","og_description":"NFL - L&#039;ancien linebacker des Minnesota Vikings, Anthony Barr, a annonc&eacute; sa retraite sportive ce mardi","og_url":"https:\/\/theplayoffs.news\/fr\/actualite-nfl\/anthony-barr-ex-vikings-prend-sa-retraite\/","og_site_name":"The Playoffs FR","article_publisher":"https:\/\/www.facebook.com\/TheFreeAgentFR\/","article_modified_time":"2025-08-06T07:54:10+00:00","og_image":[{"width":1920,"height":1280,"url":"https:\/\/theplayoffs.news\/fr\/wp-content\/uploads\/2025\/08\/USATSI_16490249.jpg","type":"image\/jpeg"}],"author":"La r\u00e9daction","twitter_card":"summary_large_image","twitter_creator":"@TheFreeAgentFR","twitter_site":"@TheFreeAgentFR","twitter_misc":{"\u00c9crit par":"La r\u00e9daction","Dur\u00e9e de lecture estim\u00e9e":"2 minutes"},"schema":{"@context":"https:\/\/schema.org","@graph":[{"@type":"WebPage","@id":"https:\/\/theplayoffs.news\/fr\/actualite-nfl\/anthony-barr-ex-vikings-prend-sa-retraite\/","url":"https:\/\/theplayoffs.news\/fr\/actualite-nfl\/anthony-barr-ex-vikings-prend-sa-retraite\/","name":"Anthony Barr (ex-Vikings) prend sa retraite - The Playoffs FR","isPartOf":{"@id":"https:\/\/theplayoffs.news\/fr\/#website"},"primaryImageOfPage":{"@id":"https:\/\/theplayoffs.news\/fr\/actualite-nfl\/anthony-barr-ex-vikings-prend-sa-retraite\/#primaryimage"},"image":{"@id":"https:\/\/theplayoffs.news\/fr\/actualite-nfl\/anthony-barr-ex-vikings-prend-sa-retraite\/#primaryimage"},"thumbnailUrl":"https:\/\/theplayoffs.news\/fr\/wp-content\/uploads\/2025\/08\/USATSI_16490249.jpg","datePublished":"2025-08-06T07:54:00+00:00","dateModified":"2025-08-06T07:54:10+00:00","author":{"@id":"https:\/\/theplayoffs.news\/fr\/#\/schema\/person\/bb40426f4e478f9bd8cdbfeb4f2f9784"},"breadcrumb":{"@id":"https:\/\/theplayoffs.news\/fr\/actualite-nfl\/anthony-barr-ex-vikings-prend-sa-retraite\/#breadcrumb"},"inLanguage":"fr-FR","potentialAction":[{"@type":"ReadAction","target":["https:\/\/theplayoffs.news\/fr\/actualite-nfl\/anthony-barr-ex-vikings-prend-sa-retraite\/"]}]},{"@type":"ImageObject","inLanguage":"fr-FR","@id":"https:\/\/theplayoffs.news\/fr\/actualite-nfl\/anthony-barr-ex-vikings-prend-sa-retraite\/#primaryimage","url":"https:\/\/theplayoffs.news\/fr\/wp-content\/uploads\/2025\/08\/USATSI_16490249.jpg","contentUrl":"https:\/\/theplayoffs.news\/fr\/wp-content\/uploads\/2025\/08\/USATSI_16490249.jpg","width":1920,"height":1280,"caption":"Jul 30, 2021; Eagan, MN, United States; Minnesota Vikings linebacker Anthony Barr (55) participates in drills at training camp at TCO Performance Center. Mandatory Credit: Brad Rempel-USA TODAY Sports"},{"@type":"BreadcrumbList","@id":"https:\/\/theplayoffs.news\/fr\/actualite-nfl\/anthony-barr-ex-vikings-prend-sa-retraite\/#breadcrumb","itemListElement":[{"@type":"ListItem","position":1,"name":"Accueil","item":"https:\/\/theplayoffs.news\/fr\/"},{"@type":"ListItem","position":2,"name":"Anthony Barr (ex-Vikings) prend sa retraite"}]},{"@type":"WebSite","@id":"https:\/\/theplayoffs.news\/fr\/#website","url":"https:\/\/theplayoffs.news\/fr\/","name":"The Playoffs FR","description":"NBA-NFL-NHL-MLB","potentialAction":[{"@type":"SearchAction","target":{"@type":"EntryPoint","urlTemplate":"https:\/\/theplayoffs.news\/fr\/?s={search_term_string}"},"query-input":{"@type":"PropertyValueSpecification","valueRequired":true,"valueName":"search_term_string"}}],"inLanguage":"fr-FR"},{"@type":"Person","@id":"https:\/\/theplayoffs.news\/fr\/#\/schema\/person\/bb40426f4e478f9bd8cdbfeb4f2f9784","name":"La r\u00e9daction","image":{"@type":"ImageObject","inLanguage":"fr-FR","@id":"https:\/\/theplayoffs.news\/fr\/#\/schema\/person\/image\/","url":"https:\/\/secure.gravatar.com\/avatar\/7e69b41460ab2c17d61c8c364b6a0ee006f957a70191383ef42be1f4733d6515?s=96&d=mm&r=g","contentUrl":"https:\/\/secure.gravatar.com\/avatar\/7e69b41460ab2c17d61c8c364b6a0ee006f957a70191383ef42be1f4733d6515?s=96&d=mm&r=g","caption":"La r\u00e9daction"},"description":"On dit qu\\'il faut un village pour s\\'occuper d\\'un enfant. Et bien c\\'est exactement ce dont il s\\'agit ici pour The Playoffs. La r\u00e9daction, ce sont vos r\u00e9dacteurs pr\u00e9f\u00e9r\u00e9s qui collaborent sur ces articles que vous lisez au quotidien.\u00a0","url":"https:\/\/theplayoffs.news\/fr\/author\/freeagentfr\/"}]}},"_links":{"self":[{"href":"https:\/\/theplayoffs.news\/fr\/wp-json\/wp\/v2\/posts\/1498505","targetHints":{"allow":["GET"]}}],"collection":[{"href":"https:\/\/theplayoffs.news\/fr\/wp-json\/wp\/v2\/posts"}],"about":[{"href":"https:\/\/theplayoffs.news\/fr\/wp-json\/wp\/v2\/types\/post"}],"author":[{"embeddable":true,"href":"https:\/\/theplayoffs.news\/fr\/wp-json\/wp\/v2\/users\/180309799"}],"replies":[{"embeddable":true,"href":"https:\/\/theplayoffs.news\/fr\/wp-json\/wp\/v2\/comments?post=1498505"}],"version-history":[{"count":1,"href":"https:\/\/theplayoffs.news\/fr\/wp-json\/wp\/v2\/posts\/1498505\/revisions"}],"predecessor-version":[{"id":1498507,"href":"https:\/\/theplayoffs.news\/fr\/wp-json\/wp\/v2\/posts\/1498505\/revisions\/1498507"}],"wp:featuredmedia":[{"embeddable":true,"href":"https:\/\/theplayoffs.news\/fr\/wp-json\/wp\/v2\/media\/1498506"}],"wp:attachment":[{"href":"https:\/\/theplayoffs.news\/fr\/wp-json\/wp\/v2\/media?parent=1498505"}],"wp:term":[{"taxonomy":"category","embeddable":true,"href":"https:\/\/theplayoffs.news\/fr\/wp-json\/wp\/v2\/categories?post=1498505"},{"taxonomy":"post_tag","embeddable":true,"href":"https:\/\/theplayoffs.news\/fr\/wp-json\/wp\/v2\/tags?post=1498505"},{"taxonomy":"sport","embeddable":true,"href":"https:\/\/theplayoffs.news\/fr\/wp-json\/wp\/v2\/sport?post=1498505"},{"taxonomy":"saison","embeddable":true,"href":"https:\/\/theplayoffs.news\/fr\/wp-json\/wp\/v2\/saison?post=1498505"}],"curies":[{"name":"wp","href":"https:\/\/api.w.org\/{rel}","templated":true}]}}