{"id":1498431,"date":"2025-08-05T09:37:00","date_gmt":"2025-08-05T07:37:00","guid":{"rendered":"https:\/\/theplayoffs.news\/fr\/uncategorized\/\/"},"modified":"2025-08-05T09:37:11","modified_gmt":"2025-08-05T07:37:11","slug":"falcons-kaleb-mcgary-prolonge-pour-deux-ans","status":"publish","type":"post","link":"https:\/\/theplayoffs.news\/fr\/actualite-nfl\/falcons-kaleb-mcgary-prolonge-pour-deux-ans\/","title":{"rendered":"Falcons: Kaleb McGary prolonge pour deux ans"},"content":{"rendered":"<p>Ce lundi, les <a href=\"https:\/\/theplayoffs.news\/fr\/actualite-nfl\/preview-nfl-2025-falcons-atlanta\/\" class=\"trk-cta-link\" data-cta-trk='{\"ctaType\":\"Link\",\"ctaSubType\":\"main\"}'>Atlanta Falcons<\/a> ont annonc&eacute; la prolongation de contrat de Kaleb McGary pour deux ans et 30 millions de dollars. Ainsi, le right tackle titulaire, qui entrait dans la derni&egrave;re ann&eacute;e de son contrat, est d&eacute;sormais li&eacute; &agrave; l&rsquo;&eacute;quipe jusqu&rsquo;en 2027. McGary avait &eacute;t&eacute; s&eacute;lectionn&eacute; en 31e position lors de la Draft 2019 et est titulaire chez les Falcons depuis.<\/p><blockquote class=\"twitter-tweet\"><p lang=\"en\" dir=\"ltr\">The <a href=\"https:\/\/twitter.com\/hashtag\/Falcons?src=hash&amp;ref_src=twsrc%5Etfw\" class=\"trk-cta-link\" data-cta-trk='{\"ctaType\":\"Link\",\"ctaSubType\":\"main\"}'>#Falcons<\/a> have agreed to terms with OT Kaleb McGary on a 2-year, $30M extension, per agent Collin Roberts of <a href=\"https:\/\/twitter.com\/excelfootball?ref_src=twsrc%5Etfw\" class=\"trk-cta-link\" data-cta-trk='{\"ctaType\":\"Link\",\"ctaSubType\":\"main\"}'>@excelfootball<\/a>. <a href=\"https:\/\/t.co\/w1jkqgi0hs\" class=\"trk-cta-link\" data-cta-trk='{\"ctaType\":\"Link\",\"ctaSubType\":\"main\"}'>pic.twitter.com\/w1jkqgi0hs<\/a><\/p>&mdash; Ian Rapoport (@RapSheet) <a href=\"https:\/\/twitter.com\/RapSheet\/status\/1952421119010680986?ref_src=twsrc%5Etfw\" class=\"trk-cta-link\" data-cta-trk='{\"ctaType\":\"Link\",\"ctaSubType\":\"main\"}'>August 4, 2025<\/a><\/blockquote><script async src=\"https:\/\/platform.twitter.com\/widgets.js\" charset=\"utf-8\"><\/script><p>Son co&eacute;quipier de la ligne offensive, Jake Matthews, s&rsquo;est exprim&eacute; sur leur partenariat et a salu&eacute; les qualit&eacute;s de McGary :<\/p><blockquote class=\"wp-block-quote is-layout-flow wp-block-quote-is-layout-flow\">\n<p>&laquo; Je pense que c&rsquo;est un joueur sp&eacute;cial &raquo;, a d&eacute;clar&eacute; Matthews &agrave; propos de McGary. &laquo; [Je] le respecte vraiment. Nous allons entamer notre septi&egrave;me saison ensemble, et je pense sinc&egrave;rement qu&rsquo;il a &eacute;norm&eacute;ment progress&eacute;. J&rsquo;esp&egrave;re qu&rsquo;il restera solide et qu&rsquo;il sera l&rsquo;un des piliers de cette ligne offensive. &raquo;<\/p>\n<\/blockquote><p>La ligne offensive des Falcons devrait donc rester unie encore quelques ann&eacute;es. En effet, McGary, Chris Lindstrom, Jake Matthews et Matthew Bergeron ont d&eacute;j&agrave; jou&eacute; trois saisons ensemble et sont tous sous contrat pour deux ann&eacute;es suppl&eacute;mentaires. Une ligne unie qui aura pour ambition de ramener les Falcons vers les sommets.<\/p><p>Cr&eacute;dit photo: &copy; Brett Davis-Imagn Images<\/p>\n","protected":false},"excerpt":{"rendered":"<p>NFL &#8211; Les Atlanta Falcons ont enregistr\u00e9 la prolongation de Kaleb McGary<\/p>\n","protected":false},"author":180309799,"featured_media":1498434,"comment_status":"closed","ping_status":"closed","sticky":false,"template":"","format":"standard","meta":{"inline_featured_image":false,"kia_subtitle":"NFL - Les Atlanta Falcons ont enregistr\u00e9 la prolongation de Kaleb McGary","_mux_skip_reasons":[],"proofreadBy":0,"footnotes":""},"categories":[118,8410,40,8408],"tags":[920,8834],"sport":[2785],"saison":[7475],"class_list":["post-1498431","post","type-post","status-publish","format-standard","has-post-thumbnail","hentry","category-actualite-nfl","category-football-americain","category-nfl","category-sports","tag-atlanta-falcons","tag-kaleb-mcgary","sport-nfl","saison-7475"],"acf":[],"yoast_head":"<!-- This site is optimized with the Yoast SEO plugin v24.2 - https:\/\/yoast.com\/wordpress\/plugins\/seo\/ -->\n<title>Falcons: Kaleb McGary prolonge pour deux ans - The Playoffs FR<\/title>\n<meta name=\"robots\" content=\"index, follow, max-snippet:-1, max-image-preview:large, max-video-preview:-1\" \/>\n<link rel=\"canonical\" href=\"https:\/\/theplayoffs.news\/fr\/actualite-nfl\/falcons-kaleb-mcgary-prolonge-pour-deux-ans\/\" \/>\n<meta property=\"og:locale\" content=\"fr_FR\" \/>\n<meta property=\"og:type\" content=\"article\" \/>\n<meta property=\"og:title\" content=\"Falcons: Kaleb McGary prolonge pour deux ans - The Playoffs FR\" \/>\n<meta property=\"og:description\" content=\"NFL - Les Atlanta Falcons ont enregistr&eacute; la prolongation de Kaleb McGary\" \/>\n<meta property=\"og:url\" content=\"https:\/\/theplayoffs.news\/fr\/actualite-nfl\/falcons-kaleb-mcgary-prolonge-pour-deux-ans\/\" \/>\n<meta property=\"og:site_name\" content=\"The Playoffs FR\" \/>\n<meta property=\"article:publisher\" content=\"https:\/\/www.facebook.com\/TheFreeAgentFR\/\" \/>\n<meta property=\"article:modified_time\" content=\"2025-08-05T09:37:11+02:00\" \/>\n<meta property=\"og:image\" content=\"https:\/\/theplayoffs.news\/fr\/wp-content\/uploads\/2025\/08\/USATSI_24304388.jpg\" \/>\n\t<meta property=\"og:image:width\" content=\"1920\" \/>\n\t<meta property=\"og:image:height\" content=\"1280\" \/>\n\t<meta property=\"og:image:type\" content=\"image\/jpeg\" \/>\n<meta name=\"author\" content=\"La r\u00e9daction\" \/>\n<meta name=\"twitter:card\" content=\"summary_large_image\" \/>\n<meta name=\"twitter:creator\" content=\"@TheFreeAgentFR\" \/>\n<meta name=\"twitter:site\" content=\"@TheFreeAgentFR\" \/>\n<meta name=\"twitter:label1\" content=\"\u00c9crit par\" \/>\n\t<meta name=\"twitter:data1\" content=\"La r\u00e9daction\" \/>\n\t<meta name=\"twitter:label2\" content=\"Dur\u00e9e de lecture estim\u00e9e\" \/>\n\t<meta name=\"twitter:data2\" content=\"1 minute\" \/>\n<script type=\"application\/ld+json\" class=\"yoast-schema-graph\">{\"@context\":\"https:\/\/schema.org\",\"@graph\":[{\"@type\":\"WebPage\",\"@id\":\"https:\/\/theplayoffs.news\/fr\/actualite-nfl\/falcons-kaleb-mcgary-prolonge-pour-deux-ans\/\",\"url\":\"https:\/\/theplayoffs.news\/fr\/actualite-nfl\/falcons-kaleb-mcgary-prolonge-pour-deux-ans\/\",\"name\":\"Falcons: Kaleb McGary prolonge pour deux ans - The Playoffs FR\",\"isPartOf\":{\"@id\":\"https:\/\/theplayoffs.news\/fr\/#website\"},\"primaryImageOfPage\":{\"@id\":\"https:\/\/theplayoffs.news\/fr\/actualite-nfl\/falcons-kaleb-mcgary-prolonge-pour-deux-ans\/#primaryimage\"},\"image\":{\"@id\":\"https:\/\/theplayoffs.news\/fr\/actualite-nfl\/falcons-kaleb-mcgary-prolonge-pour-deux-ans\/#primaryimage\"},\"thumbnailUrl\":\"https:\/\/theplayoffs.news\/fr\/wp-content\/uploads\/2025\/08\/USATSI_24304388.jpg\",\"datePublished\":\"2025-08-05T07:37:00+00:00\",\"dateModified\":\"2025-08-05T07:37:11+00:00\",\"author\":{\"@id\":\"https:\/\/theplayoffs.news\/fr\/#\/schema\/person\/bb40426f4e478f9bd8cdbfeb4f2f9784\"},\"breadcrumb\":{\"@id\":\"https:\/\/theplayoffs.news\/fr\/actualite-nfl\/falcons-kaleb-mcgary-prolonge-pour-deux-ans\/#breadcrumb\"},\"inLanguage\":\"fr-FR\",\"potentialAction\":[{\"@type\":\"ReadAction\",\"target\":[\"https:\/\/theplayoffs.news\/fr\/actualite-nfl\/falcons-kaleb-mcgary-prolonge-pour-deux-ans\/\"]}]},{\"@type\":\"ImageObject\",\"inLanguage\":\"fr-FR\",\"@id\":\"https:\/\/theplayoffs.news\/fr\/actualite-nfl\/falcons-kaleb-mcgary-prolonge-pour-deux-ans\/#primaryimage\",\"url\":\"https:\/\/theplayoffs.news\/fr\/wp-content\/uploads\/2025\/08\/USATSI_24304388.jpg\",\"contentUrl\":\"https:\/\/theplayoffs.news\/fr\/wp-content\/uploads\/2025\/08\/USATSI_24304388.jpg\",\"width\":1920,\"height\":1280,\"caption\":\"Sep 22, 2024; Atlanta, Georgia, USA; Atlanta Falcons offensive tackle Kaleb McGary (76) leaves the field with an injury against the Kansas City Chiefs in the second quarter at Mercedes-Benz Stadium. Mandatory Credit: Brett Davis-Imagn Images\"},{\"@type\":\"BreadcrumbList\",\"@id\":\"https:\/\/theplayoffs.news\/fr\/actualite-nfl\/falcons-kaleb-mcgary-prolonge-pour-deux-ans\/#breadcrumb\",\"itemListElement\":[{\"@type\":\"ListItem\",\"position\":1,\"name\":\"Accueil\",\"item\":\"https:\/\/theplayoffs.news\/fr\/\"},{\"@type\":\"ListItem\",\"position\":2,\"name\":\"Falcons: Kaleb McGary prolonge pour deux ans\"}]},{\"@type\":\"WebSite\",\"@id\":\"https:\/\/theplayoffs.news\/fr\/#website\",\"url\":\"https:\/\/theplayoffs.news\/fr\/\",\"name\":\"The Playoffs FR\",\"description\":\"NBA-NFL-NHL-MLB\",\"potentialAction\":[{\"@type\":\"SearchAction\",\"target\":{\"@type\":\"EntryPoint\",\"urlTemplate\":\"https:\/\/theplayoffs.news\/fr\/?s={search_term_string}\"},\"query-input\":{\"@type\":\"PropertyValueSpecification\",\"valueRequired\":true,\"valueName\":\"search_term_string\"}}],\"inLanguage\":\"fr-FR\"},{\"@type\":\"Person\",\"@id\":\"https:\/\/theplayoffs.news\/fr\/#\/schema\/person\/bb40426f4e478f9bd8cdbfeb4f2f9784\",\"name\":\"La r\u00e9daction\",\"image\":{\"@type\":\"ImageObject\",\"inLanguage\":\"fr-FR\",\"@id\":\"https:\/\/theplayoffs.news\/fr\/#\/schema\/person\/image\/\",\"url\":\"https:\/\/secure.gravatar.com\/avatar\/7e69b41460ab2c17d61c8c364b6a0ee006f957a70191383ef42be1f4733d6515?s=96&d=mm&r=g\",\"contentUrl\":\"https:\/\/secure.gravatar.com\/avatar\/7e69b41460ab2c17d61c8c364b6a0ee006f957a70191383ef42be1f4733d6515?s=96&d=mm&r=g\",\"caption\":\"La r\u00e9daction\"},\"description\":\"On dit qu\\\\'il faut un village pour s\\\\'occuper d\\\\'un enfant. Et bien c\\\\'est exactement ce dont il s\\\\'agit ici pour The Playoffs. La r\u00e9daction, ce sont vos r\u00e9dacteurs pr\u00e9f\u00e9r\u00e9s qui collaborent sur ces articles que vous lisez au quotidien.\u00a0\",\"url\":\"https:\/\/theplayoffs.news\/fr\/author\/freeagentfr\/\"}]}<\/script>\n<!-- \/ Yoast SEO plugin. -->","yoast_head_json":{"title":"Falcons: Kaleb McGary prolonge pour deux ans - The Playoffs FR","robots":{"index":"index","follow":"follow","max-snippet":"max-snippet:-1","max-image-preview":"max-image-preview:large","max-video-preview":"max-video-preview:-1"},"canonical":"https:\/\/theplayoffs.news\/fr\/actualite-nfl\/falcons-kaleb-mcgary-prolonge-pour-deux-ans\/","og_locale":"fr_FR","og_type":"article","og_title":"Falcons: Kaleb McGary prolonge pour deux ans - The Playoffs FR","og_description":"NFL - Les Atlanta Falcons ont enregistr&eacute; la prolongation de Kaleb McGary","og_url":"https:\/\/theplayoffs.news\/fr\/actualite-nfl\/falcons-kaleb-mcgary-prolonge-pour-deux-ans\/","og_site_name":"The Playoffs FR","article_publisher":"https:\/\/www.facebook.com\/TheFreeAgentFR\/","article_modified_time":"2025-08-05T07:37:11+00:00","og_image":[{"width":1920,"height":1280,"url":"https:\/\/theplayoffs.news\/fr\/wp-content\/uploads\/2025\/08\/USATSI_24304388.jpg","type":"image\/jpeg"}],"author":"La r\u00e9daction","twitter_card":"summary_large_image","twitter_creator":"@TheFreeAgentFR","twitter_site":"@TheFreeAgentFR","twitter_misc":{"\u00c9crit par":"La r\u00e9daction","Dur\u00e9e de lecture estim\u00e9e":"1 minute"},"schema":{"@context":"https:\/\/schema.org","@graph":[{"@type":"WebPage","@id":"https:\/\/theplayoffs.news\/fr\/actualite-nfl\/falcons-kaleb-mcgary-prolonge-pour-deux-ans\/","url":"https:\/\/theplayoffs.news\/fr\/actualite-nfl\/falcons-kaleb-mcgary-prolonge-pour-deux-ans\/","name":"Falcons: Kaleb McGary prolonge pour deux ans - The Playoffs FR","isPartOf":{"@id":"https:\/\/theplayoffs.news\/fr\/#website"},"primaryImageOfPage":{"@id":"https:\/\/theplayoffs.news\/fr\/actualite-nfl\/falcons-kaleb-mcgary-prolonge-pour-deux-ans\/#primaryimage"},"image":{"@id":"https:\/\/theplayoffs.news\/fr\/actualite-nfl\/falcons-kaleb-mcgary-prolonge-pour-deux-ans\/#primaryimage"},"thumbnailUrl":"https:\/\/theplayoffs.news\/fr\/wp-content\/uploads\/2025\/08\/USATSI_24304388.jpg","datePublished":"2025-08-05T07:37:00+00:00","dateModified":"2025-08-05T07:37:11+00:00","author":{"@id":"https:\/\/theplayoffs.news\/fr\/#\/schema\/person\/bb40426f4e478f9bd8cdbfeb4f2f9784"},"breadcrumb":{"@id":"https:\/\/theplayoffs.news\/fr\/actualite-nfl\/falcons-kaleb-mcgary-prolonge-pour-deux-ans\/#breadcrumb"},"inLanguage":"fr-FR","potentialAction":[{"@type":"ReadAction","target":["https:\/\/theplayoffs.news\/fr\/actualite-nfl\/falcons-kaleb-mcgary-prolonge-pour-deux-ans\/"]}]},{"@type":"ImageObject","inLanguage":"fr-FR","@id":"https:\/\/theplayoffs.news\/fr\/actualite-nfl\/falcons-kaleb-mcgary-prolonge-pour-deux-ans\/#primaryimage","url":"https:\/\/theplayoffs.news\/fr\/wp-content\/uploads\/2025\/08\/USATSI_24304388.jpg","contentUrl":"https:\/\/theplayoffs.news\/fr\/wp-content\/uploads\/2025\/08\/USATSI_24304388.jpg","width":1920,"height":1280,"caption":"Sep 22, 2024; Atlanta, Georgia, USA; Atlanta Falcons offensive tackle Kaleb McGary (76) leaves the field with an injury against the Kansas City Chiefs in the second quarter at Mercedes-Benz Stadium. Mandatory Credit: Brett Davis-Imagn Images"},{"@type":"BreadcrumbList","@id":"https:\/\/theplayoffs.news\/fr\/actualite-nfl\/falcons-kaleb-mcgary-prolonge-pour-deux-ans\/#breadcrumb","itemListElement":[{"@type":"ListItem","position":1,"name":"Accueil","item":"https:\/\/theplayoffs.news\/fr\/"},{"@type":"ListItem","position":2,"name":"Falcons: Kaleb McGary prolonge pour deux ans"}]},{"@type":"WebSite","@id":"https:\/\/theplayoffs.news\/fr\/#website","url":"https:\/\/theplayoffs.news\/fr\/","name":"The Playoffs FR","description":"NBA-NFL-NHL-MLB","potentialAction":[{"@type":"SearchAction","target":{"@type":"EntryPoint","urlTemplate":"https:\/\/theplayoffs.news\/fr\/?s={search_term_string}"},"query-input":{"@type":"PropertyValueSpecification","valueRequired":true,"valueName":"search_term_string"}}],"inLanguage":"fr-FR"},{"@type":"Person","@id":"https:\/\/theplayoffs.news\/fr\/#\/schema\/person\/bb40426f4e478f9bd8cdbfeb4f2f9784","name":"La r\u00e9daction","image":{"@type":"ImageObject","inLanguage":"fr-FR","@id":"https:\/\/theplayoffs.news\/fr\/#\/schema\/person\/image\/","url":"https:\/\/secure.gravatar.com\/avatar\/7e69b41460ab2c17d61c8c364b6a0ee006f957a70191383ef42be1f4733d6515?s=96&d=mm&r=g","contentUrl":"https:\/\/secure.gravatar.com\/avatar\/7e69b41460ab2c17d61c8c364b6a0ee006f957a70191383ef42be1f4733d6515?s=96&d=mm&r=g","caption":"La r\u00e9daction"},"description":"On dit qu\\'il faut un village pour s\\'occuper d\\'un enfant. Et bien c\\'est exactement ce dont il s\\'agit ici pour The Playoffs. La r\u00e9daction, ce sont vos r\u00e9dacteurs pr\u00e9f\u00e9r\u00e9s qui collaborent sur ces articles que vous lisez au quotidien.\u00a0","url":"https:\/\/theplayoffs.news\/fr\/author\/freeagentfr\/"}]}},"_links":{"self":[{"href":"https:\/\/theplayoffs.news\/fr\/wp-json\/wp\/v2\/posts\/1498431","targetHints":{"allow":["GET"]}}],"collection":[{"href":"https:\/\/theplayoffs.news\/fr\/wp-json\/wp\/v2\/posts"}],"about":[{"href":"https:\/\/theplayoffs.news\/fr\/wp-json\/wp\/v2\/types\/post"}],"author":[{"embeddable":true,"href":"https:\/\/theplayoffs.news\/fr\/wp-json\/wp\/v2\/users\/180309799"}],"replies":[{"embeddable":true,"href":"https:\/\/theplayoffs.news\/fr\/wp-json\/wp\/v2\/comments?post=1498431"}],"version-history":[{"count":1,"href":"https:\/\/theplayoffs.news\/fr\/wp-json\/wp\/v2\/posts\/1498431\/revisions"}],"predecessor-version":[{"id":1498435,"href":"https:\/\/theplayoffs.news\/fr\/wp-json\/wp\/v2\/posts\/1498431\/revisions\/1498435"}],"wp:featuredmedia":[{"embeddable":true,"href":"https:\/\/theplayoffs.news\/fr\/wp-json\/wp\/v2\/media\/1498434"}],"wp:attachment":[{"href":"https:\/\/theplayoffs.news\/fr\/wp-json\/wp\/v2\/media?parent=1498431"}],"wp:term":[{"taxonomy":"category","embeddable":true,"href":"https:\/\/theplayoffs.news\/fr\/wp-json\/wp\/v2\/categories?post=1498431"},{"taxonomy":"post_tag","embeddable":true,"href":"https:\/\/theplayoffs.news\/fr\/wp-json\/wp\/v2\/tags?post=1498431"},{"taxonomy":"sport","embeddable":true,"href":"https:\/\/theplayoffs.news\/fr\/wp-json\/wp\/v2\/sport?post=1498431"},{"taxonomy":"saison","embeddable":true,"href":"https:\/\/theplayoffs.news\/fr\/wp-json\/wp\/v2\/saison?post=1498431"}],"curies":[{"name":"wp","href":"https:\/\/api.w.org\/{rel}","templated":true}]}}