{"id":1498419,"date":"2025-08-04T19:37:00","date_gmt":"2025-08-04T17:37:00","guid":{"rendered":"https:\/\/theplayoffs.news\/fr\/uncategorized\/\/"},"modified":"2025-08-04T19:37:12","modified_gmt":"2025-08-04T17:37:12","slug":"sean-payton-les-broncos-sont-capables-de-gagner-le-super-bowl","status":"publish","type":"post","link":"https:\/\/theplayoffs.news\/fr\/actualite-nfl\/sean-payton-les-broncos-sont-capables-de-gagner-le-super-bowl\/","title":{"rendered":"Sean Payton: \u00ab\u00a0Les Broncos sont capables de gagner le Super Bowl!\u00a0\u00bb"},"content":{"rendered":"<p>&Agrave; l&rsquo;aube de sa troisi&egrave;me saison &agrave; la t&ecirc;te des <a href=\"https:\/\/theplayoffs.news\/fr\/actualite-nfl\/preview-nfl-2025-denver-broncos\/\" class=\"trk-cta-link\" data-cta-trk='{\"ctaType\":\"Link\",\"ctaSubType\":\"main\"}'>Denver Broncos<\/a>, Sean Payton affiche une ambition claire et assum&eacute;e: viser le titre supr&ecirc;me. <\/p><blockquote class=\"wp-block-quote is-layout-flow wp-block-quote-is-layout-flow\">\n<p>&laquo; L&rsquo;objectif &agrave; court terme est de gagner la division &raquo;, <a href=\"https:\/\/www.thescore.com\/nfl\/news\/3320169\/payton-broncos-are-capable-of-winning-the-super-bowl\" class=\"trk-cta-link\" data-cta-trk='{\"ctaType\":\"Link\",\"ctaSubType\":\"main\"}'>a-t-il confi&eacute; &agrave; <em>Yahoo Sports<\/em><\/a>. &laquo; Mais cette &eacute;quipe est capable de remporter le Super Bowl. J&rsquo;ai d&eacute;j&agrave; entra&icirc;n&eacute; six &eacute;quipes que je pensais capables de le faire. Voici la septi&egrave;me. &raquo;<\/p>\n<\/blockquote><p>Les Broncos sortent d&rsquo;une saison 2024 positive, conclue sur un bilan de 10-7 et marqu&eacute;e par un retour en playoffs pour la premi&egrave;re fois depuis 2016. La belle s&eacute;rie de cinq victoires lors des sept derniers matchs de saison r&eacute;guli&egrave;re avait suscit&eacute; beaucoup d&rsquo;espoirs, mais Denver s&rsquo;&eacute;tait inclin&eacute; lourdement face aux Buffalo Bills (31-7) en wild-card.<\/p><p>Si la franchise du Colorado a pu retrouver les sommets, c&rsquo;est en grande partie gr&acirc;ce &agrave; sa d&eacute;fense retrouv&eacute;e. Sous la houlette de Vance Joseph, le secteur d&eacute;fensif a &eacute;t&eacute; plus que performant pendant toute la saison. La plupart des cadres de cette unit&eacute; seront de retour en 2025, offrant une base solide pour viser plus haut. Certains, <a href=\"https:\/\/theplayoffs.news\/fr\/actualite-nfl\/broncos-zach-allen-prolonge-pour-4-ans\/\" class=\"trk-cta-link\" data-cta-trk='{\"ctaType\":\"Link\",\"ctaSubType\":\"main\"}'>comme Zach Allen par exemple<\/a>, ont m&ecirc;me &eacute;t&eacute; prolong&eacute; ces derniers jours.<\/p><p>Pour franchir un nouveau cap, Denver comptera sur la progression de Bo Nix. S&eacute;lectionn&eacute; au premier tour de la draft 2024, le quarterback a sign&eacute; une premi&egrave;re saison prometteuse avec 3 775 yards &agrave; la passe et 34 touchdowns au total. Sean Payton n&rsquo;a pas cach&eacute; son enthousiasme au sujet de son quarterback pour le futur:<\/p><blockquote class=\"wp-block-quote is-layout-flow wp-block-quote-is-layout-flow\">\n<p>&laquo; Il sera l&rsquo;un des quatre ou cinq meilleurs quarterbacks de la ligue dans les deux prochaines ann&eacute;es. &raquo;<\/p>\n<\/blockquote><p>Cet &eacute;t&eacute;, le manager g&eacute;n&eacute;ral de la franchise du Colorado, George Paton,  a renforc&eacute; l&rsquo;effectif avec des recrues de poids comme Dre Greenlaw, Talanoa Hufanga, Evan Engram et J.K. Dobbins.<\/p><p>Les Broncos d&eacute;buteront leur saison le 7 septembre face aux Tennessee Titans, avec l&rsquo;ambition affirm&eacute;e de viser bien plus qu&rsquo;une simple qualification en playoffs.<\/p><p>Cr&eacute;dit photo: &copy; Isaiah J. Downing-Imagn Images<\/p>\n","protected":false},"excerpt":{"rendered":"<p>NFL &#8211; L&rsquo;entra\u00eeneur principal des Denver Broncos, Sean Payton, ne manque pas d&rsquo;ambitions pour sa franchise<\/p>\n","protected":false},"author":180309964,"featured_media":1498421,"comment_status":"closed","ping_status":"closed","sticky":false,"template":"","format":"standard","meta":{"inline_featured_image":false,"kia_subtitle":"NFL - L'entra\u00eeneur principal des Denver Broncos, Sean Payton, ne manque pas d'ambitions pour sa franchise","_mux_skip_reasons":[],"proofreadBy":0,"footnotes":""},"categories":[118,8410,40,8408],"tags":[926,2453],"sport":[2785],"saison":[7475],"class_list":["post-1498419","post","type-post","status-publish","format-standard","has-post-thumbnail","hentry","category-actualite-nfl","category-football-americain","category-nfl","category-sports","tag-denver-broncos","tag-sean-payton","sport-nfl","saison-7475"],"acf":[],"yoast_head":"<!-- This site is optimized with the Yoast SEO plugin v24.2 - https:\/\/yoast.com\/wordpress\/plugins\/seo\/ -->\n<title>Sean Payton: &quot;Les Broncos sont capables de gagner le Super Bowl!&quot; - The Playoffs FR<\/title>\n<meta name=\"robots\" content=\"index, follow, max-snippet:-1, max-image-preview:large, max-video-preview:-1\" \/>\n<link rel=\"canonical\" href=\"https:\/\/theplayoffs.news\/fr\/actualite-nfl\/sean-payton-les-broncos-sont-capables-de-gagner-le-super-bowl\/\" \/>\n<meta property=\"og:locale\" content=\"fr_FR\" \/>\n<meta property=\"og:type\" content=\"article\" \/>\n<meta property=\"og:title\" content=\"Sean Payton: &quot;Les Broncos sont capables de gagner le Super Bowl!&quot; - The Playoffs FR\" \/>\n<meta property=\"og:description\" content=\"NFL - L&#039;entra&icirc;neur principal des Denver Broncos, Sean Payton, ne manque pas d&#039;ambitions pour sa franchise\" \/>\n<meta property=\"og:url\" content=\"https:\/\/theplayoffs.news\/fr\/actualite-nfl\/sean-payton-les-broncos-sont-capables-de-gagner-le-super-bowl\/\" \/>\n<meta property=\"og:site_name\" content=\"The Playoffs FR\" \/>\n<meta property=\"article:publisher\" content=\"https:\/\/www.facebook.com\/TheFreeAgentFR\/\" \/>\n<meta property=\"article:modified_time\" content=\"2025-08-04T19:37:12+02:00\" \/>\n<meta property=\"og:image\" content=\"https:\/\/theplayoffs.news\/fr\/wp-content\/uploads\/2025\/08\/USATSI_26693415.jpg\" \/>\n\t<meta property=\"og:image:width\" content=\"1920\" \/>\n\t<meta property=\"og:image:height\" content=\"1280\" \/>\n\t<meta property=\"og:image:type\" content=\"image\/jpeg\" \/>\n<meta name=\"author\" content=\"Flavien Jumeau\" \/>\n<meta name=\"twitter:card\" content=\"summary_large_image\" \/>\n<meta name=\"twitter:creator\" content=\"@TheFreeAgentFR\" \/>\n<meta name=\"twitter:site\" content=\"@TheFreeAgentFR\" \/>\n<meta name=\"twitter:label1\" content=\"\u00c9crit par\" \/>\n\t<meta name=\"twitter:data1\" content=\"Flavien Jumeau\" \/>\n\t<meta name=\"twitter:label2\" content=\"Dur\u00e9e de lecture estim\u00e9e\" \/>\n\t<meta name=\"twitter:data2\" content=\"2 minutes\" \/>\n<script type=\"application\/ld+json\" class=\"yoast-schema-graph\">{\"@context\":\"https:\/\/schema.org\",\"@graph\":[{\"@type\":\"WebPage\",\"@id\":\"https:\/\/theplayoffs.news\/fr\/actualite-nfl\/sean-payton-les-broncos-sont-capables-de-gagner-le-super-bowl\/\",\"url\":\"https:\/\/theplayoffs.news\/fr\/actualite-nfl\/sean-payton-les-broncos-sont-capables-de-gagner-le-super-bowl\/\",\"name\":\"Sean Payton: \\\\\\\"Les Broncos sont capables de gagner le Super Bowl!\\\\\\\" - The Playoffs FR\",\"isPartOf\":{\"@id\":\"https:\/\/theplayoffs.news\/fr\/#website\"},\"primaryImageOfPage\":{\"@id\":\"https:\/\/theplayoffs.news\/fr\/actualite-nfl\/sean-payton-les-broncos-sont-capables-de-gagner-le-super-bowl\/#primaryimage\"},\"image\":{\"@id\":\"https:\/\/theplayoffs.news\/fr\/actualite-nfl\/sean-payton-les-broncos-sont-capables-de-gagner-le-super-bowl\/#primaryimage\"},\"thumbnailUrl\":\"https:\/\/theplayoffs.news\/fr\/wp-content\/uploads\/2025\/08\/USATSI_26693415.jpg\",\"datePublished\":\"2025-08-04T17:37:00+00:00\",\"dateModified\":\"2025-08-04T17:37:12+00:00\",\"author\":{\"@id\":\"https:\/\/theplayoffs.news\/fr\/#\/schema\/person\/def63bc6746dc5957469b75feb99e66d\"},\"breadcrumb\":{\"@id\":\"https:\/\/theplayoffs.news\/fr\/actualite-nfl\/sean-payton-les-broncos-sont-capables-de-gagner-le-super-bowl\/#breadcrumb\"},\"inLanguage\":\"fr-FR\",\"potentialAction\":[{\"@type\":\"ReadAction\",\"target\":[\"https:\/\/theplayoffs.news\/fr\/actualite-nfl\/sean-payton-les-broncos-sont-capables-de-gagner-le-super-bowl\/\"]}]},{\"@type\":\"ImageObject\",\"inLanguage\":\"fr-FR\",\"@id\":\"https:\/\/theplayoffs.news\/fr\/actualite-nfl\/sean-payton-les-broncos-sont-capables-de-gagner-le-super-bowl\/#primaryimage\",\"url\":\"https:\/\/theplayoffs.news\/fr\/wp-content\/uploads\/2025\/08\/USATSI_26693415.jpg\",\"contentUrl\":\"https:\/\/theplayoffs.news\/fr\/wp-content\/uploads\/2025\/08\/USATSI_26693415.jpg\",\"width\":1920,\"height\":1280,\"caption\":\"Jul 23, 2025; Englewood, CO, USA; Denver Broncos head coach Sean Payton during Denver Broncos Training Camp. Mandatory Credit: Isaiah J. Downing-Imagn Images\"},{\"@type\":\"BreadcrumbList\",\"@id\":\"https:\/\/theplayoffs.news\/fr\/actualite-nfl\/sean-payton-les-broncos-sont-capables-de-gagner-le-super-bowl\/#breadcrumb\",\"itemListElement\":[{\"@type\":\"ListItem\",\"position\":1,\"name\":\"Accueil\",\"item\":\"https:\/\/theplayoffs.news\/fr\/\"},{\"@type\":\"ListItem\",\"position\":2,\"name\":\"Sean Payton: &#8220;Les Broncos sont capables de gagner le Super Bowl!&#8221;\"}]},{\"@type\":\"WebSite\",\"@id\":\"https:\/\/theplayoffs.news\/fr\/#website\",\"url\":\"https:\/\/theplayoffs.news\/fr\/\",\"name\":\"The Playoffs FR\",\"description\":\"NBA-NFL-NHL-MLB\",\"potentialAction\":[{\"@type\":\"SearchAction\",\"target\":{\"@type\":\"EntryPoint\",\"urlTemplate\":\"https:\/\/theplayoffs.news\/fr\/?s={search_term_string}\"},\"query-input\":{\"@type\":\"PropertyValueSpecification\",\"valueRequired\":true,\"valueName\":\"search_term_string\"}}],\"inLanguage\":\"fr-FR\"},{\"@type\":\"Person\",\"@id\":\"https:\/\/theplayoffs.news\/fr\/#\/schema\/person\/def63bc6746dc5957469b75feb99e66d\",\"name\":\"Flavien Jumeau\",\"image\":{\"@type\":\"ImageObject\",\"inLanguage\":\"fr-FR\",\"@id\":\"https:\/\/theplayoffs.news\/fr\/#\/schema\/person\/image\/\",\"url\":\"https:\/\/secure.gravatar.com\/avatar\/e7fa8ba5a4b7e4ce35fe152f083f352db28ad0acce692004ed88a7a7d78893f7?s=96&d=mm&r=g\",\"contentUrl\":\"https:\/\/secure.gravatar.com\/avatar\/e7fa8ba5a4b7e4ce35fe152f083f352db28ad0acce692004ed88a7a7d78893f7?s=96&d=mm&r=g\",\"caption\":\"Flavien Jumeau\"},\"description\":\"Amoureux du sport (et de vraiment tous les sports) depuis mon plus jeune \u00e2ge, j\u2019ai longtemps h\u00e9site entre le snooker et le curling. Finalement c\u2019est le foot US que j\u2019ai d\u00e9cid\u00e9 de choisir! Responsable foot US sur TPO et animateur du podcast Tailgate j\u2019ai pour mission de vous faire d\u00e9couvrir ce sport passionnant si ce n\u2019est pas encore fait et de vous donner les derni\u00e8res actus. Le tout dans la bonne humeur et avec toujours un jeu de mots ou deux savamment distill\u00e9s! Fan des Saints, pour moi Drew Brees est le vrai GOAT!\",\"url\":\"https:\/\/theplayoffs.news\/fr\/author\/flavien-jumeaugmail-com\/\"}]}<\/script>\n<!-- \/ Yoast SEO plugin. -->","yoast_head_json":{"title":"Sean Payton: &quot;Les Broncos sont capables de gagner le Super Bowl!&quot; - The Playoffs FR","robots":{"index":"index","follow":"follow","max-snippet":"max-snippet:-1","max-image-preview":"max-image-preview:large","max-video-preview":"max-video-preview:-1"},"canonical":"https:\/\/theplayoffs.news\/fr\/actualite-nfl\/sean-payton-les-broncos-sont-capables-de-gagner-le-super-bowl\/","og_locale":"fr_FR","og_type":"article","og_title":"Sean Payton: &quot;Les Broncos sont capables de gagner le Super Bowl!&quot; - The Playoffs FR","og_description":"NFL - L&#039;entra&icirc;neur principal des Denver Broncos, Sean Payton, ne manque pas d&#039;ambitions pour sa franchise","og_url":"https:\/\/theplayoffs.news\/fr\/actualite-nfl\/sean-payton-les-broncos-sont-capables-de-gagner-le-super-bowl\/","og_site_name":"The Playoffs FR","article_publisher":"https:\/\/www.facebook.com\/TheFreeAgentFR\/","article_modified_time":"2025-08-04T17:37:12+00:00","og_image":[{"width":1920,"height":1280,"url":"https:\/\/theplayoffs.news\/fr\/wp-content\/uploads\/2025\/08\/USATSI_26693415.jpg","type":"image\/jpeg"}],"author":"Flavien Jumeau","twitter_card":"summary_large_image","twitter_creator":"@TheFreeAgentFR","twitter_site":"@TheFreeAgentFR","twitter_misc":{"\u00c9crit par":"Flavien Jumeau","Dur\u00e9e de lecture estim\u00e9e":"2 minutes"},"schema":{"@context":"https:\/\/schema.org","@graph":[{"@type":"WebPage","@id":"https:\/\/theplayoffs.news\/fr\/actualite-nfl\/sean-payton-les-broncos-sont-capables-de-gagner-le-super-bowl\/","url":"https:\/\/theplayoffs.news\/fr\/actualite-nfl\/sean-payton-les-broncos-sont-capables-de-gagner-le-super-bowl\/","name":"Sean Payton: \\\"Les Broncos sont capables de gagner le Super Bowl!\\\" - The Playoffs FR","isPartOf":{"@id":"https:\/\/theplayoffs.news\/fr\/#website"},"primaryImageOfPage":{"@id":"https:\/\/theplayoffs.news\/fr\/actualite-nfl\/sean-payton-les-broncos-sont-capables-de-gagner-le-super-bowl\/#primaryimage"},"image":{"@id":"https:\/\/theplayoffs.news\/fr\/actualite-nfl\/sean-payton-les-broncos-sont-capables-de-gagner-le-super-bowl\/#primaryimage"},"thumbnailUrl":"https:\/\/theplayoffs.news\/fr\/wp-content\/uploads\/2025\/08\/USATSI_26693415.jpg","datePublished":"2025-08-04T17:37:00+00:00","dateModified":"2025-08-04T17:37:12+00:00","author":{"@id":"https:\/\/theplayoffs.news\/fr\/#\/schema\/person\/def63bc6746dc5957469b75feb99e66d"},"breadcrumb":{"@id":"https:\/\/theplayoffs.news\/fr\/actualite-nfl\/sean-payton-les-broncos-sont-capables-de-gagner-le-super-bowl\/#breadcrumb"},"inLanguage":"fr-FR","potentialAction":[{"@type":"ReadAction","target":["https:\/\/theplayoffs.news\/fr\/actualite-nfl\/sean-payton-les-broncos-sont-capables-de-gagner-le-super-bowl\/"]}]},{"@type":"ImageObject","inLanguage":"fr-FR","@id":"https:\/\/theplayoffs.news\/fr\/actualite-nfl\/sean-payton-les-broncos-sont-capables-de-gagner-le-super-bowl\/#primaryimage","url":"https:\/\/theplayoffs.news\/fr\/wp-content\/uploads\/2025\/08\/USATSI_26693415.jpg","contentUrl":"https:\/\/theplayoffs.news\/fr\/wp-content\/uploads\/2025\/08\/USATSI_26693415.jpg","width":1920,"height":1280,"caption":"Jul 23, 2025; Englewood, CO, USA; Denver Broncos head coach Sean Payton during Denver Broncos Training Camp. Mandatory Credit: Isaiah J. Downing-Imagn Images"},{"@type":"BreadcrumbList","@id":"https:\/\/theplayoffs.news\/fr\/actualite-nfl\/sean-payton-les-broncos-sont-capables-de-gagner-le-super-bowl\/#breadcrumb","itemListElement":[{"@type":"ListItem","position":1,"name":"Accueil","item":"https:\/\/theplayoffs.news\/fr\/"},{"@type":"ListItem","position":2,"name":"Sean Payton: &#8220;Les Broncos sont capables de gagner le Super Bowl!&#8221;"}]},{"@type":"WebSite","@id":"https:\/\/theplayoffs.news\/fr\/#website","url":"https:\/\/theplayoffs.news\/fr\/","name":"The Playoffs FR","description":"NBA-NFL-NHL-MLB","potentialAction":[{"@type":"SearchAction","target":{"@type":"EntryPoint","urlTemplate":"https:\/\/theplayoffs.news\/fr\/?s={search_term_string}"},"query-input":{"@type":"PropertyValueSpecification","valueRequired":true,"valueName":"search_term_string"}}],"inLanguage":"fr-FR"},{"@type":"Person","@id":"https:\/\/theplayoffs.news\/fr\/#\/schema\/person\/def63bc6746dc5957469b75feb99e66d","name":"Flavien Jumeau","image":{"@type":"ImageObject","inLanguage":"fr-FR","@id":"https:\/\/theplayoffs.news\/fr\/#\/schema\/person\/image\/","url":"https:\/\/secure.gravatar.com\/avatar\/e7fa8ba5a4b7e4ce35fe152f083f352db28ad0acce692004ed88a7a7d78893f7?s=96&d=mm&r=g","contentUrl":"https:\/\/secure.gravatar.com\/avatar\/e7fa8ba5a4b7e4ce35fe152f083f352db28ad0acce692004ed88a7a7d78893f7?s=96&d=mm&r=g","caption":"Flavien Jumeau"},"description":"Amoureux du sport (et de vraiment tous les sports) depuis mon plus jeune \u00e2ge, j\u2019ai longtemps h\u00e9site entre le snooker et le curling. Finalement c\u2019est le foot US que j\u2019ai d\u00e9cid\u00e9 de choisir! Responsable foot US sur TPO et animateur du podcast Tailgate j\u2019ai pour mission de vous faire d\u00e9couvrir ce sport passionnant si ce n\u2019est pas encore fait et de vous donner les derni\u00e8res actus. Le tout dans la bonne humeur et avec toujours un jeu de mots ou deux savamment distill\u00e9s! Fan des Saints, pour moi Drew Brees est le vrai GOAT!","url":"https:\/\/theplayoffs.news\/fr\/author\/flavien-jumeaugmail-com\/"}]}},"_links":{"self":[{"href":"https:\/\/theplayoffs.news\/fr\/wp-json\/wp\/v2\/posts\/1498419","targetHints":{"allow":["GET"]}}],"collection":[{"href":"https:\/\/theplayoffs.news\/fr\/wp-json\/wp\/v2\/posts"}],"about":[{"href":"https:\/\/theplayoffs.news\/fr\/wp-json\/wp\/v2\/types\/post"}],"author":[{"embeddable":true,"href":"https:\/\/theplayoffs.news\/fr\/wp-json\/wp\/v2\/users\/180309964"}],"replies":[{"embeddable":true,"href":"https:\/\/theplayoffs.news\/fr\/wp-json\/wp\/v2\/comments?post=1498419"}],"version-history":[{"count":1,"href":"https:\/\/theplayoffs.news\/fr\/wp-json\/wp\/v2\/posts\/1498419\/revisions"}],"predecessor-version":[{"id":1498422,"href":"https:\/\/theplayoffs.news\/fr\/wp-json\/wp\/v2\/posts\/1498419\/revisions\/1498422"}],"wp:featuredmedia":[{"embeddable":true,"href":"https:\/\/theplayoffs.news\/fr\/wp-json\/wp\/v2\/media\/1498421"}],"wp:attachment":[{"href":"https:\/\/theplayoffs.news\/fr\/wp-json\/wp\/v2\/media?parent=1498419"}],"wp:term":[{"taxonomy":"category","embeddable":true,"href":"https:\/\/theplayoffs.news\/fr\/wp-json\/wp\/v2\/categories?post=1498419"},{"taxonomy":"post_tag","embeddable":true,"href":"https:\/\/theplayoffs.news\/fr\/wp-json\/wp\/v2\/tags?post=1498419"},{"taxonomy":"sport","embeddable":true,"href":"https:\/\/theplayoffs.news\/fr\/wp-json\/wp\/v2\/sport?post=1498419"},{"taxonomy":"saison","embeddable":true,"href":"https:\/\/theplayoffs.news\/fr\/wp-json\/wp\/v2\/saison?post=1498419"}],"curies":[{"name":"wp","href":"https:\/\/api.w.org\/{rel}","templated":true}]}}