{"id":1498348,"date":"2025-08-03T11:27:00","date_gmt":"2025-08-03T09:27:00","guid":{"rendered":"https:\/\/theplayoffs.news\/fr\/uncategorized\/\/"},"modified":"2025-08-03T11:27:11","modified_gmt":"2025-08-03T09:27:11","slug":"antonio-gates-devient-le-premier-hall-of-famer-a-ne-pas-avoir-joue-au-foot-us-a-luniversite","status":"publish","type":"post","link":"https:\/\/theplayoffs.news\/fr\/actualite-nfl\/antonio-gates-devient-le-premier-hall-of-famer-a-ne-pas-avoir-joue-au-foot-us-a-luniversite\/","title":{"rendered":"Antonio Gates devient le premier Hall of Famer&#8230; \u00e0 ne pas avoir jou\u00e9 au foot US \u00e0 l&rsquo;universit\u00e9"},"content":{"rendered":"<p>C&rsquo;est un moment historique qu&rsquo;a v&eacute;cu Antonio Gates ce samedi &agrave; Canton. Mais ce fut aussi un moment historique pour la NFL dans son int&eacute;gralit&eacute;. L&rsquo;ancien tight end vedette des Chargers a &eacute;t&eacute; intronis&eacute; au Pro Football <a href=\"https:\/\/theplayoffs.news\/fr\/actualite-nfl\/nfl-presaison-2025-trey-lance-conduit-les-chargers-a-la-victoire-dans-le-hall-of-fame-game-34-7\/\" class=\"trk-cta-link\" data-cta-trk='{\"ctaType\":\"Link\",\"ctaSubType\":\"main\"}'>Hall of Fame<\/a>, devenant ainsi le tout premier joueur &agrave; recevoir cet honneur<a href=\"https:\/\/www.nbcsports.com\/nfl\/profootballtalk\/rumor-mill\/news\/antonio-gates-makes-history-becoming-hall-of-famer-despite-not-playing-college-football\" class=\"trk-cta-link\" data-cta-trk='{\"ctaType\":\"Link\",\"ctaSubType\":\"main\"}'> sans avoir jamais disput&eacute; un seul match de football am&eacute;ricain universitaire<\/a>.<\/p><p>&Acirc;g&eacute; de 45 ans, Gates a marqu&eacute; l&rsquo;histoire de la NFL avec 116 touchdowns en r&eacute;ception, huit s&eacute;lections au Pro Bowl et trois nominations dans l&rsquo;&eacute;quipe All-Pro au cours de ses 16 saisons avec les Chargers. Pourtant, son parcours vers la gloire n&rsquo;avait rien d&rsquo;&eacute;vident.<\/p><h2 class=\"wp-block-heading\">Un parcours atypique pour Antonio Gates<\/h2><p>Apr&egrave;s des ann&eacute;es pass&eacute;es dans un lyc&eacute;e de Detroit comme joueur de football mais aussi de basketball, il est recrut&eacute; pour jouer au football &agrave; Michigan State. Mais il ne jouera pas une seule minute! Il ira finalement &agrave; Eastern Michigan avant d&rsquo;atterrir dans l&rsquo;&eacute;quipe de basket de Kent State, devenant par la m&ecirc;me occasion l&rsquo;un des meilleurs joueurs de basket de l&rsquo;histoire de l&rsquo;universit&eacute; avec 20.6 points de moyenne, 7.7 rebonds et 4.1 assists. A cette heure de sa jeune carri&egrave;re, Antonio Gates semble d&rsquo;avantage se diriger vers les parquets de la NBA que vers les stades de NFL. <\/p><p>Mais finalement, une rencontre va changer le cours de la vie d&rsquo;Antonio Gates: <\/p><blockquote class=\"wp-block-quote is-layout-flow wp-block-quote-is-layout-flow\">\n<p>&laquo; De nulle part, l&rsquo;entra&icirc;neur Rob Murphy m&rsquo;a pr&eacute;sent&eacute; &agrave; un certain Tim Brewster. &Agrave; l&rsquo;&eacute;poque, il &eacute;tait coach des tight ends chez les Chargers. Il venait me voir jouer au basket, persuad&eacute; que je deviendrais un tight end All-Pro en trois ans. &raquo;<\/p>\n<\/blockquote><p>C&rsquo;est l&rsquo;ancien entra&icirc;neur Marty Schottenheimer qui lui a offert sa chance en NFL, malgr&eacute; son absence d&rsquo;exp&eacute;rience en football universitaire. Un pari audacieux devenu un coup de g&eacute;nie, tant Gates a red&eacute;fini le poste par son envergure et son sens du jeu.<\/p><p>Gates a conclu son discours d&rsquo;intronisation au Hall of Fame en soulignant le pouvoir unificateur du sport: <\/p><blockquote class=\"wp-block-quote is-layout-flow wp-block-quote-is-layout-flow\">\n<p>&laquo; Sans le sport, je n&rsquo;aurais jamais rencontr&eacute; autant de personnes diff&eacute;rentes. C&rsquo;est un rappel que nous ne sommes pas aussi divis&eacute;s qu&rsquo;on le pense. &raquo;<\/p>\n<\/blockquote><p>Une l&eacute;gende atypique, un exemple inspirant, et d&eacute;sormais, un Hall of Famer.<\/p><p>Cr&eacute;dit photo: &copy; Kevin Whitlock \/ Massillon Independent \/ USA TODAY NETWORK via Imagn Images<\/p>\n","protected":false},"excerpt":{"rendered":"<p>NFL &#8211; Antonio Gates est entr\u00e9 ce samedi au Hall of Fame, sans avoir jou\u00e9 une seule minute au foot US \u00e0 l&rsquo;universit\u00e9<\/p>\n","protected":false},"author":180309964,"featured_media":1498349,"comment_status":"closed","ping_status":"closed","sticky":false,"template":"","format":"standard","meta":{"inline_featured_image":false,"kia_subtitle":"NFL - Antonio Gates est entr\u00e9 ce samedi au Hall of Fame, sans avoir jou\u00e9 une seule minute au foot US \u00e0 l'universit\u00e9","_mux_skip_reasons":[],"proofreadBy":0,"footnotes":""},"categories":[118,8410,40,8408],"tags":[8828,104],"sport":[2785],"saison":[7475],"class_list":["post-1498348","post","type-post","status-publish","format-standard","has-post-thumbnail","hentry","category-actualite-nfl","category-football-americain","category-nfl","category-sports","tag-antonio-gates","tag-hall-of-fame","sport-nfl","saison-7475"],"acf":[],"yoast_head":"<!-- This site is optimized with the Yoast SEO plugin v24.2 - https:\/\/yoast.com\/wordpress\/plugins\/seo\/ -->\n<title>Antonio Gates devient le premier Hall of Famer... &agrave; ne pas avoir jou&eacute; au foot US &agrave; l&#039;universit&eacute; - The Playoffs FR<\/title>\n<meta name=\"robots\" content=\"index, follow, max-snippet:-1, max-image-preview:large, max-video-preview:-1\" \/>\n<link rel=\"canonical\" href=\"https:\/\/theplayoffs.news\/fr\/actualite-nfl\/antonio-gates-devient-le-premier-hall-of-famer-a-ne-pas-avoir-joue-au-foot-us-a-luniversite\/\" \/>\n<meta property=\"og:locale\" content=\"fr_FR\" \/>\n<meta property=\"og:type\" content=\"article\" \/>\n<meta property=\"og:title\" content=\"Antonio Gates devient le premier Hall of Famer... &agrave; ne pas avoir jou&eacute; au foot US &agrave; l&#039;universit&eacute; - The Playoffs FR\" \/>\n<meta property=\"og:description\" content=\"NFL - Antonio Gates est entr&eacute; ce samedi au Hall of Fame, sans avoir jou&eacute; une seule minute au foot US &agrave; l&#039;universit&eacute;\" \/>\n<meta property=\"og:url\" content=\"https:\/\/theplayoffs.news\/fr\/actualite-nfl\/antonio-gates-devient-le-premier-hall-of-famer-a-ne-pas-avoir-joue-au-foot-us-a-luniversite\/\" \/>\n<meta property=\"og:site_name\" content=\"The Playoffs FR\" \/>\n<meta property=\"article:publisher\" content=\"https:\/\/www.facebook.com\/TheFreeAgentFR\/\" \/>\n<meta property=\"article:modified_time\" content=\"2025-08-03T11:27:11+02:00\" \/>\n<meta property=\"og:image\" content=\"https:\/\/theplayoffs.news\/fr\/wp-content\/uploads\/2025\/08\/USATSI_26767214.jpg\" \/>\n\t<meta property=\"og:image:width\" content=\"1920\" \/>\n\t<meta property=\"og:image:height\" content=\"1475\" \/>\n\t<meta property=\"og:image:type\" content=\"image\/jpeg\" \/>\n<meta name=\"author\" content=\"Flavien Jumeau\" \/>\n<meta name=\"twitter:card\" content=\"summary_large_image\" \/>\n<meta name=\"twitter:creator\" content=\"@TheFreeAgentFR\" \/>\n<meta name=\"twitter:site\" content=\"@TheFreeAgentFR\" \/>\n<meta name=\"twitter:label1\" content=\"\u00c9crit par\" \/>\n\t<meta name=\"twitter:data1\" content=\"Flavien Jumeau\" \/>\n\t<meta name=\"twitter:label2\" content=\"Dur\u00e9e de lecture estim\u00e9e\" \/>\n\t<meta name=\"twitter:data2\" content=\"2 minutes\" \/>\n<script type=\"application\/ld+json\" class=\"yoast-schema-graph\">{\"@context\":\"https:\/\/schema.org\",\"@graph\":[{\"@type\":\"WebPage\",\"@id\":\"https:\/\/theplayoffs.news\/fr\/actualite-nfl\/antonio-gates-devient-le-premier-hall-of-famer-a-ne-pas-avoir-joue-au-foot-us-a-luniversite\/\",\"url\":\"https:\/\/theplayoffs.news\/fr\/actualite-nfl\/antonio-gates-devient-le-premier-hall-of-famer-a-ne-pas-avoir-joue-au-foot-us-a-luniversite\/\",\"name\":\"Antonio Gates devient le premier Hall of Famer... \u00e0 ne pas avoir jou\u00e9 au foot US \u00e0 l\\\\'universit\u00e9 - The Playoffs FR\",\"isPartOf\":{\"@id\":\"https:\/\/theplayoffs.news\/fr\/#website\"},\"primaryImageOfPage\":{\"@id\":\"https:\/\/theplayoffs.news\/fr\/actualite-nfl\/antonio-gates-devient-le-premier-hall-of-famer-a-ne-pas-avoir-joue-au-foot-us-a-luniversite\/#primaryimage\"},\"image\":{\"@id\":\"https:\/\/theplayoffs.news\/fr\/actualite-nfl\/antonio-gates-devient-le-premier-hall-of-famer-a-ne-pas-avoir-joue-au-foot-us-a-luniversite\/#primaryimage\"},\"thumbnailUrl\":\"https:\/\/theplayoffs.news\/fr\/wp-content\/uploads\/2025\/08\/USATSI_26767214.jpg\",\"datePublished\":\"2025-08-03T09:27:00+00:00\",\"dateModified\":\"2025-08-03T09:27:11+00:00\",\"author\":{\"@id\":\"https:\/\/theplayoffs.news\/fr\/#\/schema\/person\/def63bc6746dc5957469b75feb99e66d\"},\"breadcrumb\":{\"@id\":\"https:\/\/theplayoffs.news\/fr\/actualite-nfl\/antonio-gates-devient-le-premier-hall-of-famer-a-ne-pas-avoir-joue-au-foot-us-a-luniversite\/#breadcrumb\"},\"inLanguage\":\"fr-FR\",\"potentialAction\":[{\"@type\":\"ReadAction\",\"target\":[\"https:\/\/theplayoffs.news\/fr\/actualite-nfl\/antonio-gates-devient-le-premier-hall-of-famer-a-ne-pas-avoir-joue-au-foot-us-a-luniversite\/\"]}]},{\"@type\":\"ImageObject\",\"inLanguage\":\"fr-FR\",\"@id\":\"https:\/\/theplayoffs.news\/fr\/actualite-nfl\/antonio-gates-devient-le-premier-hall-of-famer-a-ne-pas-avoir-joue-au-foot-us-a-luniversite\/#primaryimage\",\"url\":\"https:\/\/theplayoffs.news\/fr\/wp-content\/uploads\/2025\/08\/USATSI_26767214.jpg\",\"contentUrl\":\"https:\/\/theplayoffs.news\/fr\/wp-content\/uploads\/2025\/08\/USATSI_26767214.jpg\",\"width\":1920,\"height\":1475,\"caption\":\"Hall of Famer Antonio Gates and his presenter, Chargers owner Dean Spanos, unveil his bust during the Pro Football Hall of Fame Enshrinement, Aug. 2, 2025, in Canton.\"},{\"@type\":\"BreadcrumbList\",\"@id\":\"https:\/\/theplayoffs.news\/fr\/actualite-nfl\/antonio-gates-devient-le-premier-hall-of-famer-a-ne-pas-avoir-joue-au-foot-us-a-luniversite\/#breadcrumb\",\"itemListElement\":[{\"@type\":\"ListItem\",\"position\":1,\"name\":\"Accueil\",\"item\":\"https:\/\/theplayoffs.news\/fr\/\"},{\"@type\":\"ListItem\",\"position\":2,\"name\":\"Antonio Gates devient le premier Hall of Famer&#8230; \u00e0 ne pas avoir jou\u00e9 au foot US \u00e0 l&#8217;universit\u00e9\"}]},{\"@type\":\"WebSite\",\"@id\":\"https:\/\/theplayoffs.news\/fr\/#website\",\"url\":\"https:\/\/theplayoffs.news\/fr\/\",\"name\":\"The Playoffs FR\",\"description\":\"NBA-NFL-NHL-MLB\",\"potentialAction\":[{\"@type\":\"SearchAction\",\"target\":{\"@type\":\"EntryPoint\",\"urlTemplate\":\"https:\/\/theplayoffs.news\/fr\/?s={search_term_string}\"},\"query-input\":{\"@type\":\"PropertyValueSpecification\",\"valueRequired\":true,\"valueName\":\"search_term_string\"}}],\"inLanguage\":\"fr-FR\"},{\"@type\":\"Person\",\"@id\":\"https:\/\/theplayoffs.news\/fr\/#\/schema\/person\/def63bc6746dc5957469b75feb99e66d\",\"name\":\"Flavien Jumeau\",\"image\":{\"@type\":\"ImageObject\",\"inLanguage\":\"fr-FR\",\"@id\":\"https:\/\/theplayoffs.news\/fr\/#\/schema\/person\/image\/\",\"url\":\"https:\/\/secure.gravatar.com\/avatar\/e7fa8ba5a4b7e4ce35fe152f083f352db28ad0acce692004ed88a7a7d78893f7?s=96&d=mm&r=g\",\"contentUrl\":\"https:\/\/secure.gravatar.com\/avatar\/e7fa8ba5a4b7e4ce35fe152f083f352db28ad0acce692004ed88a7a7d78893f7?s=96&d=mm&r=g\",\"caption\":\"Flavien Jumeau\"},\"description\":\"Amoureux du sport (et de vraiment tous les sports) depuis mon plus jeune \u00e2ge, j\u2019ai longtemps h\u00e9site entre le snooker et le curling. Finalement c\u2019est le foot US que j\u2019ai d\u00e9cid\u00e9 de choisir! Responsable foot US sur TPO et animateur du podcast Tailgate j\u2019ai pour mission de vous faire d\u00e9couvrir ce sport passionnant si ce n\u2019est pas encore fait et de vous donner les derni\u00e8res actus. Le tout dans la bonne humeur et avec toujours un jeu de mots ou deux savamment distill\u00e9s! Fan des Saints, pour moi Drew Brees est le vrai GOAT!\",\"url\":\"https:\/\/theplayoffs.news\/fr\/author\/flavien-jumeaugmail-com\/\"}]}<\/script>\n<!-- \/ Yoast SEO plugin. -->","yoast_head_json":{"title":"Antonio Gates devient le premier Hall of Famer... &agrave; ne pas avoir jou&eacute; au foot US &agrave; l&#039;universit&eacute; - The Playoffs FR","robots":{"index":"index","follow":"follow","max-snippet":"max-snippet:-1","max-image-preview":"max-image-preview:large","max-video-preview":"max-video-preview:-1"},"canonical":"https:\/\/theplayoffs.news\/fr\/actualite-nfl\/antonio-gates-devient-le-premier-hall-of-famer-a-ne-pas-avoir-joue-au-foot-us-a-luniversite\/","og_locale":"fr_FR","og_type":"article","og_title":"Antonio Gates devient le premier Hall of Famer... &agrave; ne pas avoir jou&eacute; au foot US &agrave; l&#039;universit&eacute; - The Playoffs FR","og_description":"NFL - Antonio Gates est entr&eacute; ce samedi au Hall of Fame, sans avoir jou&eacute; une seule minute au foot US &agrave; l&#039;universit&eacute;","og_url":"https:\/\/theplayoffs.news\/fr\/actualite-nfl\/antonio-gates-devient-le-premier-hall-of-famer-a-ne-pas-avoir-joue-au-foot-us-a-luniversite\/","og_site_name":"The Playoffs FR","article_publisher":"https:\/\/www.facebook.com\/TheFreeAgentFR\/","article_modified_time":"2025-08-03T09:27:11+00:00","og_image":[{"width":1920,"height":1475,"url":"https:\/\/theplayoffs.news\/fr\/wp-content\/uploads\/2025\/08\/USATSI_26767214.jpg","type":"image\/jpeg"}],"author":"Flavien Jumeau","twitter_card":"summary_large_image","twitter_creator":"@TheFreeAgentFR","twitter_site":"@TheFreeAgentFR","twitter_misc":{"\u00c9crit par":"Flavien Jumeau","Dur\u00e9e de lecture estim\u00e9e":"2 minutes"},"schema":{"@context":"https:\/\/schema.org","@graph":[{"@type":"WebPage","@id":"https:\/\/theplayoffs.news\/fr\/actualite-nfl\/antonio-gates-devient-le-premier-hall-of-famer-a-ne-pas-avoir-joue-au-foot-us-a-luniversite\/","url":"https:\/\/theplayoffs.news\/fr\/actualite-nfl\/antonio-gates-devient-le-premier-hall-of-famer-a-ne-pas-avoir-joue-au-foot-us-a-luniversite\/","name":"Antonio Gates devient le premier Hall of Famer... \u00e0 ne pas avoir jou\u00e9 au foot US \u00e0 l\\'universit\u00e9 - The Playoffs FR","isPartOf":{"@id":"https:\/\/theplayoffs.news\/fr\/#website"},"primaryImageOfPage":{"@id":"https:\/\/theplayoffs.news\/fr\/actualite-nfl\/antonio-gates-devient-le-premier-hall-of-famer-a-ne-pas-avoir-joue-au-foot-us-a-luniversite\/#primaryimage"},"image":{"@id":"https:\/\/theplayoffs.news\/fr\/actualite-nfl\/antonio-gates-devient-le-premier-hall-of-famer-a-ne-pas-avoir-joue-au-foot-us-a-luniversite\/#primaryimage"},"thumbnailUrl":"https:\/\/theplayoffs.news\/fr\/wp-content\/uploads\/2025\/08\/USATSI_26767214.jpg","datePublished":"2025-08-03T09:27:00+00:00","dateModified":"2025-08-03T09:27:11+00:00","author":{"@id":"https:\/\/theplayoffs.news\/fr\/#\/schema\/person\/def63bc6746dc5957469b75feb99e66d"},"breadcrumb":{"@id":"https:\/\/theplayoffs.news\/fr\/actualite-nfl\/antonio-gates-devient-le-premier-hall-of-famer-a-ne-pas-avoir-joue-au-foot-us-a-luniversite\/#breadcrumb"},"inLanguage":"fr-FR","potentialAction":[{"@type":"ReadAction","target":["https:\/\/theplayoffs.news\/fr\/actualite-nfl\/antonio-gates-devient-le-premier-hall-of-famer-a-ne-pas-avoir-joue-au-foot-us-a-luniversite\/"]}]},{"@type":"ImageObject","inLanguage":"fr-FR","@id":"https:\/\/theplayoffs.news\/fr\/actualite-nfl\/antonio-gates-devient-le-premier-hall-of-famer-a-ne-pas-avoir-joue-au-foot-us-a-luniversite\/#primaryimage","url":"https:\/\/theplayoffs.news\/fr\/wp-content\/uploads\/2025\/08\/USATSI_26767214.jpg","contentUrl":"https:\/\/theplayoffs.news\/fr\/wp-content\/uploads\/2025\/08\/USATSI_26767214.jpg","width":1920,"height":1475,"caption":"Hall of Famer Antonio Gates and his presenter, Chargers owner Dean Spanos, unveil his bust during the Pro Football Hall of Fame Enshrinement, Aug. 2, 2025, in Canton."},{"@type":"BreadcrumbList","@id":"https:\/\/theplayoffs.news\/fr\/actualite-nfl\/antonio-gates-devient-le-premier-hall-of-famer-a-ne-pas-avoir-joue-au-foot-us-a-luniversite\/#breadcrumb","itemListElement":[{"@type":"ListItem","position":1,"name":"Accueil","item":"https:\/\/theplayoffs.news\/fr\/"},{"@type":"ListItem","position":2,"name":"Antonio Gates devient le premier Hall of Famer&#8230; \u00e0 ne pas avoir jou\u00e9 au foot US \u00e0 l&#8217;universit\u00e9"}]},{"@type":"WebSite","@id":"https:\/\/theplayoffs.news\/fr\/#website","url":"https:\/\/theplayoffs.news\/fr\/","name":"The Playoffs FR","description":"NBA-NFL-NHL-MLB","potentialAction":[{"@type":"SearchAction","target":{"@type":"EntryPoint","urlTemplate":"https:\/\/theplayoffs.news\/fr\/?s={search_term_string}"},"query-input":{"@type":"PropertyValueSpecification","valueRequired":true,"valueName":"search_term_string"}}],"inLanguage":"fr-FR"},{"@type":"Person","@id":"https:\/\/theplayoffs.news\/fr\/#\/schema\/person\/def63bc6746dc5957469b75feb99e66d","name":"Flavien Jumeau","image":{"@type":"ImageObject","inLanguage":"fr-FR","@id":"https:\/\/theplayoffs.news\/fr\/#\/schema\/person\/image\/","url":"https:\/\/secure.gravatar.com\/avatar\/e7fa8ba5a4b7e4ce35fe152f083f352db28ad0acce692004ed88a7a7d78893f7?s=96&d=mm&r=g","contentUrl":"https:\/\/secure.gravatar.com\/avatar\/e7fa8ba5a4b7e4ce35fe152f083f352db28ad0acce692004ed88a7a7d78893f7?s=96&d=mm&r=g","caption":"Flavien Jumeau"},"description":"Amoureux du sport (et de vraiment tous les sports) depuis mon plus jeune \u00e2ge, j\u2019ai longtemps h\u00e9site entre le snooker et le curling. Finalement c\u2019est le foot US que j\u2019ai d\u00e9cid\u00e9 de choisir! Responsable foot US sur TPO et animateur du podcast Tailgate j\u2019ai pour mission de vous faire d\u00e9couvrir ce sport passionnant si ce n\u2019est pas encore fait et de vous donner les derni\u00e8res actus. Le tout dans la bonne humeur et avec toujours un jeu de mots ou deux savamment distill\u00e9s! Fan des Saints, pour moi Drew Brees est le vrai GOAT!","url":"https:\/\/theplayoffs.news\/fr\/author\/flavien-jumeaugmail-com\/"}]}},"_links":{"self":[{"href":"https:\/\/theplayoffs.news\/fr\/wp-json\/wp\/v2\/posts\/1498348","targetHints":{"allow":["GET"]}}],"collection":[{"href":"https:\/\/theplayoffs.news\/fr\/wp-json\/wp\/v2\/posts"}],"about":[{"href":"https:\/\/theplayoffs.news\/fr\/wp-json\/wp\/v2\/types\/post"}],"author":[{"embeddable":true,"href":"https:\/\/theplayoffs.news\/fr\/wp-json\/wp\/v2\/users\/180309964"}],"replies":[{"embeddable":true,"href":"https:\/\/theplayoffs.news\/fr\/wp-json\/wp\/v2\/comments?post=1498348"}],"version-history":[{"count":1,"href":"https:\/\/theplayoffs.news\/fr\/wp-json\/wp\/v2\/posts\/1498348\/revisions"}],"predecessor-version":[{"id":1498350,"href":"https:\/\/theplayoffs.news\/fr\/wp-json\/wp\/v2\/posts\/1498348\/revisions\/1498350"}],"wp:featuredmedia":[{"embeddable":true,"href":"https:\/\/theplayoffs.news\/fr\/wp-json\/wp\/v2\/media\/1498349"}],"wp:attachment":[{"href":"https:\/\/theplayoffs.news\/fr\/wp-json\/wp\/v2\/media?parent=1498348"}],"wp:term":[{"taxonomy":"category","embeddable":true,"href":"https:\/\/theplayoffs.news\/fr\/wp-json\/wp\/v2\/categories?post=1498348"},{"taxonomy":"post_tag","embeddable":true,"href":"https:\/\/theplayoffs.news\/fr\/wp-json\/wp\/v2\/tags?post=1498348"},{"taxonomy":"sport","embeddable":true,"href":"https:\/\/theplayoffs.news\/fr\/wp-json\/wp\/v2\/sport?post=1498348"},{"taxonomy":"saison","embeddable":true,"href":"https:\/\/theplayoffs.news\/fr\/wp-json\/wp\/v2\/saison?post=1498348"}],"curies":[{"name":"wp","href":"https:\/\/api.w.org\/{rel}","templated":true}]}}