{"id":1498320,"date":"2025-08-02T10:39:00","date_gmt":"2025-08-02T08:39:00","guid":{"rendered":"https:\/\/theplayoffs.news\/fr\/uncategorized\/\/"},"modified":"2025-08-02T10:39:12","modified_gmt":"2025-08-02T08:39:12","slug":"les-yankees-liberent-marcus-stroman","status":"publish","type":"post","link":"https:\/\/theplayoffs.news\/fr\/actualite-mlb\/les-yankees-liberent-marcus-stroman\/","title":{"rendered":"Les Yankees lib\u00e8rent Marcus Stroman"},"content":{"rendered":"<p>Ce jeudi soir, Marcus Stroman est mont&eacute; sur le monticule pour ce qui allait &ecirc;tre son dernier match avec les New York Yankees, du moins pour cette saison de MLB. Apr&egrave;s la victoire face aux Tampa Bay Rays (7-4), le lanceur partant a &eacute;t&eacute; lib&eacute;r&eacute; par la franchise ce vendredi. Ce mouvement permet de faire de la place pour les renforts <a href=\"https:\/\/theplayoffs.news\/fr\/actualite-mlb\/mlb-trade-deadline-2025-retour-sur-une-nuit-mouvementee\/\" class=\"trk-cta-link\" data-cta-trk='{\"ctaType\":\"Link\",\"ctaSubType\":\"main\"}'>acquis lors de la date limite des transferts<\/a>.<\/p><blockquote class=\"twitter-tweet\"><p lang=\"en\" dir=\"ltr\">The Yankees announced that they have released Marcus Stroman.<br><br>Stroman has a 6.23 ERA in 39 IP this season. <a href=\"https:\/\/t.co\/2sBp9CD3Xt\" class=\"trk-cta-link\" data-cta-trk='{\"ctaType\":\"Link\",\"ctaSubType\":\"main\"}'>pic.twitter.com\/2sBp9CD3Xt<\/a><\/p>&mdash; FOX Sports: MLB (@MLBONFOX) <a href=\"https:\/\/twitter.com\/MLBONFOX\/status\/1951341043909345294?ref_src=twsrc%5Etfw\" class=\"trk-cta-link\" data-cta-trk='{\"ctaType\":\"Link\",\"ctaSubType\":\"main\"}'>August 1, 2025<\/a><\/blockquote><script async src=\"https:\/\/platform.twitter.com\/widgets.js\" charset=\"utf-8\"><\/script><p>Lors du match contre les Rays, disput&eacute; au Yankee Stadium, Stroman a lanc&eacute; pendant cinq manches. Il a enregistr&eacute; trois retraits sur prises, tout en conc&eacute;dant quatre points sur six coups s&ucirc;rs. Le v&eacute;t&eacute;ran a n&eacute;anmoins d&eacute;croch&eacute; la victoire, portant son bilan de la saison &agrave; trois victoires pour deux d&eacute;faites.<\/p><p>Le droitier &eacute;tait dans la derni&egrave;re ann&eacute;e d&rsquo;un contrat de deux saisons d&rsquo;une valeur de 37 millions de dollars. Il affichait une moyenne de points m&eacute;rit&eacute;s (ERA) de 6,23, un WHIP de 1,53 et avait conc&eacute;d&eacute; six home runs. Ses moyennes &eacute;taient de 3,7 buts sur balles et 6 strikeouts par neuf manches. En 11 ans de carri&egrave;re, Stroman a &eacute;t&eacute; s&eacute;lectionn&eacute; deux fois au All-Star Game et a remport&eacute; un Golden Glove lors de son passage chez les Toronto Blue Jays.<\/p><h2 class=\"wp-block-heading\">Les Yankees ont renforc&eacute; leur rotation de lanceurs &agrave; la deadline<\/h2><p>Apr&egrave;s un d&eacute;but de p&eacute;riode des transferts relativement calme, les Yankees ont agi dans les derniers instants pour conclure trois acquisitions. D&rsquo;abord, l&rsquo;&eacute;quipe a obtenu le closer David Bednar, des Pittsburgh Pirates, pour renforcer le bullpen. Ensuite, elle a finalis&eacute; un &eacute;change avec les San Francisco Giants pour le reliever Camilo Doval.<\/p><p>Enfin, les Yankees ne se sont pas limit&eacute;s aux lanceurs: ils ont &eacute;galement recrut&eacute; Jose Caballero, des Tampa Bay Rays. L&rsquo;arr&ecirc;t-court de 28 ans m&egrave;ne actuellement la ligue en bases vol&eacute;es, avec 34.<\/p><p>Avec ces nouvelles recrues, la franchise esp&egrave;re reprendre la t&ecirc;te de la division Est de la Ligue Am&eacute;ricaine. Actuellement, elle se trouve &agrave; trois matchs et demi des Toronto Blue Jays, qui reste sur une bonne s&eacute;rie. Malgr&eacute; cela, New York occupe la premi&egrave;re place dans la course aux Wild Cards, avec deux matchs et demi d&rsquo;avance sur les Texas Rangers, premiers non qualifi&eacute;s &agrave; ce stade.<\/p><p>Cr&eacute;dit photo: &copy; Brad Penner-Imagn Images<\/p>\n","protected":false},"excerpt":{"rendered":"<p>MLB &#8211; Les New York Yankees ont fait le choix de lib\u00e9rer leur lanceur Marcus Stroman<\/p>\n","protected":false},"author":180309799,"featured_media":1498321,"comment_status":"closed","ping_status":"closed","sticky":false,"template":"","format":"standard","meta":{"inline_featured_image":false,"kia_subtitle":"MLB - Les New York Yankees ont fait le choix de lib\u00e9rer leur lanceur Marcus Stroman","_mux_skip_reasons":[],"proofreadBy":0,"footnotes":""},"categories":[188,8413,9,8408],"tags":[1321,717],"sport":[2786],"saison":[7475],"class_list":["post-1498320","post","type-post","status-publish","format-standard","has-post-thumbnail","hentry","category-actualite-mlb","category-baseball-sports","category-mlb","category-sports","tag-marcus-stroman","tag-new-york-yankees","sport-mlb","saison-7475"],"acf":[],"yoast_head":"<!-- This site is optimized with the Yoast SEO plugin v24.2 - https:\/\/yoast.com\/wordpress\/plugins\/seo\/ -->\n<title>Les Yankees lib&egrave;rent Marcus Stroman - The Playoffs FR<\/title>\n<meta name=\"robots\" content=\"index, follow, max-snippet:-1, max-image-preview:large, max-video-preview:-1\" \/>\n<link rel=\"canonical\" href=\"https:\/\/theplayoffs.news\/fr\/actualite-mlb\/les-yankees-liberent-marcus-stroman\/\" \/>\n<meta property=\"og:locale\" content=\"fr_FR\" \/>\n<meta property=\"og:type\" content=\"article\" \/>\n<meta property=\"og:title\" content=\"Les Yankees lib&egrave;rent Marcus Stroman - The Playoffs FR\" \/>\n<meta property=\"og:description\" content=\"MLB - Les New York Yankees ont fait le choix de lib&eacute;rer leur lanceur Marcus Stroman\" \/>\n<meta property=\"og:url\" content=\"https:\/\/theplayoffs.news\/fr\/actualite-mlb\/les-yankees-liberent-marcus-stroman\/\" \/>\n<meta property=\"og:site_name\" content=\"The Playoffs FR\" \/>\n<meta property=\"article:publisher\" content=\"https:\/\/www.facebook.com\/TheFreeAgentFR\/\" \/>\n<meta property=\"article:modified_time\" content=\"2025-08-02T10:39:12+02:00\" \/>\n<meta property=\"og:image\" content=\"https:\/\/theplayoffs.news\/fr\/wp-content\/uploads\/2025\/08\/USATSI_26749124.jpg\" \/>\n\t<meta property=\"og:image:width\" content=\"1920\" \/>\n\t<meta property=\"og:image:height\" content=\"1280\" \/>\n\t<meta property=\"og:image:type\" content=\"image\/jpeg\" \/>\n<meta name=\"author\" content=\"La r\u00e9daction\" \/>\n<meta name=\"twitter:card\" content=\"summary_large_image\" \/>\n<meta name=\"twitter:creator\" content=\"@TheFreeAgentFR\" \/>\n<meta name=\"twitter:site\" content=\"@TheFreeAgentFR\" \/>\n<meta name=\"twitter:label1\" content=\"\u00c9crit par\" \/>\n\t<meta name=\"twitter:data1\" content=\"La r\u00e9daction\" \/>\n\t<meta name=\"twitter:label2\" content=\"Dur\u00e9e de lecture estim\u00e9e\" \/>\n\t<meta name=\"twitter:data2\" content=\"3 minutes\" \/>\n<script type=\"application\/ld+json\" class=\"yoast-schema-graph\">{\"@context\":\"https:\/\/schema.org\",\"@graph\":[{\"@type\":\"WebPage\",\"@id\":\"https:\/\/theplayoffs.news\/fr\/actualite-mlb\/les-yankees-liberent-marcus-stroman\/\",\"url\":\"https:\/\/theplayoffs.news\/fr\/actualite-mlb\/les-yankees-liberent-marcus-stroman\/\",\"name\":\"Les Yankees lib\u00e8rent Marcus Stroman - The Playoffs FR\",\"isPartOf\":{\"@id\":\"https:\/\/theplayoffs.news\/fr\/#website\"},\"primaryImageOfPage\":{\"@id\":\"https:\/\/theplayoffs.news\/fr\/actualite-mlb\/les-yankees-liberent-marcus-stroman\/#primaryimage\"},\"image\":{\"@id\":\"https:\/\/theplayoffs.news\/fr\/actualite-mlb\/les-yankees-liberent-marcus-stroman\/#primaryimage\"},\"thumbnailUrl\":\"https:\/\/theplayoffs.news\/fr\/wp-content\/uploads\/2025\/08\/USATSI_26749124.jpg\",\"datePublished\":\"2025-08-02T08:39:00+00:00\",\"dateModified\":\"2025-08-02T08:39:12+00:00\",\"author\":{\"@id\":\"https:\/\/theplayoffs.news\/fr\/#\/schema\/person\/bb40426f4e478f9bd8cdbfeb4f2f9784\"},\"breadcrumb\":{\"@id\":\"https:\/\/theplayoffs.news\/fr\/actualite-mlb\/les-yankees-liberent-marcus-stroman\/#breadcrumb\"},\"inLanguage\":\"fr-FR\",\"potentialAction\":[{\"@type\":\"ReadAction\",\"target\":[\"https:\/\/theplayoffs.news\/fr\/actualite-mlb\/les-yankees-liberent-marcus-stroman\/\"]}]},{\"@type\":\"ImageObject\",\"inLanguage\":\"fr-FR\",\"@id\":\"https:\/\/theplayoffs.news\/fr\/actualite-mlb\/les-yankees-liberent-marcus-stroman\/#primaryimage\",\"url\":\"https:\/\/theplayoffs.news\/fr\/wp-content\/uploads\/2025\/08\/USATSI_26749124.jpg\",\"contentUrl\":\"https:\/\/theplayoffs.news\/fr\/wp-content\/uploads\/2025\/08\/USATSI_26749124.jpg\",\"width\":1920,\"height\":1280,\"caption\":\"Jul 31, 2025; Bronx, New York, USA; New York Yankees starting pitcher Marcus Stroman (0) follows through on a pitch against the Tampa Bay Rays during the fifth inning at Yankee Stadium. Mandatory Credit: Brad Penner-Imagn Images\"},{\"@type\":\"BreadcrumbList\",\"@id\":\"https:\/\/theplayoffs.news\/fr\/actualite-mlb\/les-yankees-liberent-marcus-stroman\/#breadcrumb\",\"itemListElement\":[{\"@type\":\"ListItem\",\"position\":1,\"name\":\"Accueil\",\"item\":\"https:\/\/theplayoffs.news\/fr\/\"},{\"@type\":\"ListItem\",\"position\":2,\"name\":\"Les Yankees lib\u00e8rent Marcus Stroman\"}]},{\"@type\":\"WebSite\",\"@id\":\"https:\/\/theplayoffs.news\/fr\/#website\",\"url\":\"https:\/\/theplayoffs.news\/fr\/\",\"name\":\"The Playoffs FR\",\"description\":\"NBA-NFL-NHL-MLB\",\"potentialAction\":[{\"@type\":\"SearchAction\",\"target\":{\"@type\":\"EntryPoint\",\"urlTemplate\":\"https:\/\/theplayoffs.news\/fr\/?s={search_term_string}\"},\"query-input\":{\"@type\":\"PropertyValueSpecification\",\"valueRequired\":true,\"valueName\":\"search_term_string\"}}],\"inLanguage\":\"fr-FR\"},{\"@type\":\"Person\",\"@id\":\"https:\/\/theplayoffs.news\/fr\/#\/schema\/person\/bb40426f4e478f9bd8cdbfeb4f2f9784\",\"name\":\"La r\u00e9daction\",\"image\":{\"@type\":\"ImageObject\",\"inLanguage\":\"fr-FR\",\"@id\":\"https:\/\/theplayoffs.news\/fr\/#\/schema\/person\/image\/\",\"url\":\"https:\/\/secure.gravatar.com\/avatar\/7e69b41460ab2c17d61c8c364b6a0ee006f957a70191383ef42be1f4733d6515?s=96&d=mm&r=g\",\"contentUrl\":\"https:\/\/secure.gravatar.com\/avatar\/7e69b41460ab2c17d61c8c364b6a0ee006f957a70191383ef42be1f4733d6515?s=96&d=mm&r=g\",\"caption\":\"La r\u00e9daction\"},\"description\":\"On dit qu\\\\'il faut un village pour s\\\\'occuper d\\\\'un enfant. Et bien c\\\\'est exactement ce dont il s\\\\'agit ici pour The Playoffs. La r\u00e9daction, ce sont vos r\u00e9dacteurs pr\u00e9f\u00e9r\u00e9s qui collaborent sur ces articles que vous lisez au quotidien.\u00a0\",\"url\":\"https:\/\/theplayoffs.news\/fr\/author\/freeagentfr\/\"}]}<\/script>\n<!-- \/ Yoast SEO plugin. -->","yoast_head_json":{"title":"Les Yankees lib&egrave;rent Marcus Stroman - The Playoffs FR","robots":{"index":"index","follow":"follow","max-snippet":"max-snippet:-1","max-image-preview":"max-image-preview:large","max-video-preview":"max-video-preview:-1"},"canonical":"https:\/\/theplayoffs.news\/fr\/actualite-mlb\/les-yankees-liberent-marcus-stroman\/","og_locale":"fr_FR","og_type":"article","og_title":"Les Yankees lib&egrave;rent Marcus Stroman - The Playoffs FR","og_description":"MLB - Les New York Yankees ont fait le choix de lib&eacute;rer leur lanceur Marcus Stroman","og_url":"https:\/\/theplayoffs.news\/fr\/actualite-mlb\/les-yankees-liberent-marcus-stroman\/","og_site_name":"The Playoffs FR","article_publisher":"https:\/\/www.facebook.com\/TheFreeAgentFR\/","article_modified_time":"2025-08-02T08:39:12+00:00","og_image":[{"width":1920,"height":1280,"url":"https:\/\/theplayoffs.news\/fr\/wp-content\/uploads\/2025\/08\/USATSI_26749124.jpg","type":"image\/jpeg"}],"author":"La r\u00e9daction","twitter_card":"summary_large_image","twitter_creator":"@TheFreeAgentFR","twitter_site":"@TheFreeAgentFR","twitter_misc":{"\u00c9crit par":"La r\u00e9daction","Dur\u00e9e de lecture estim\u00e9e":"3 minutes"},"schema":{"@context":"https:\/\/schema.org","@graph":[{"@type":"WebPage","@id":"https:\/\/theplayoffs.news\/fr\/actualite-mlb\/les-yankees-liberent-marcus-stroman\/","url":"https:\/\/theplayoffs.news\/fr\/actualite-mlb\/les-yankees-liberent-marcus-stroman\/","name":"Les Yankees lib\u00e8rent Marcus Stroman - The Playoffs FR","isPartOf":{"@id":"https:\/\/theplayoffs.news\/fr\/#website"},"primaryImageOfPage":{"@id":"https:\/\/theplayoffs.news\/fr\/actualite-mlb\/les-yankees-liberent-marcus-stroman\/#primaryimage"},"image":{"@id":"https:\/\/theplayoffs.news\/fr\/actualite-mlb\/les-yankees-liberent-marcus-stroman\/#primaryimage"},"thumbnailUrl":"https:\/\/theplayoffs.news\/fr\/wp-content\/uploads\/2025\/08\/USATSI_26749124.jpg","datePublished":"2025-08-02T08:39:00+00:00","dateModified":"2025-08-02T08:39:12+00:00","author":{"@id":"https:\/\/theplayoffs.news\/fr\/#\/schema\/person\/bb40426f4e478f9bd8cdbfeb4f2f9784"},"breadcrumb":{"@id":"https:\/\/theplayoffs.news\/fr\/actualite-mlb\/les-yankees-liberent-marcus-stroman\/#breadcrumb"},"inLanguage":"fr-FR","potentialAction":[{"@type":"ReadAction","target":["https:\/\/theplayoffs.news\/fr\/actualite-mlb\/les-yankees-liberent-marcus-stroman\/"]}]},{"@type":"ImageObject","inLanguage":"fr-FR","@id":"https:\/\/theplayoffs.news\/fr\/actualite-mlb\/les-yankees-liberent-marcus-stroman\/#primaryimage","url":"https:\/\/theplayoffs.news\/fr\/wp-content\/uploads\/2025\/08\/USATSI_26749124.jpg","contentUrl":"https:\/\/theplayoffs.news\/fr\/wp-content\/uploads\/2025\/08\/USATSI_26749124.jpg","width":1920,"height":1280,"caption":"Jul 31, 2025; Bronx, New York, USA; New York Yankees starting pitcher Marcus Stroman (0) follows through on a pitch against the Tampa Bay Rays during the fifth inning at Yankee Stadium. Mandatory Credit: Brad Penner-Imagn Images"},{"@type":"BreadcrumbList","@id":"https:\/\/theplayoffs.news\/fr\/actualite-mlb\/les-yankees-liberent-marcus-stroman\/#breadcrumb","itemListElement":[{"@type":"ListItem","position":1,"name":"Accueil","item":"https:\/\/theplayoffs.news\/fr\/"},{"@type":"ListItem","position":2,"name":"Les Yankees lib\u00e8rent Marcus Stroman"}]},{"@type":"WebSite","@id":"https:\/\/theplayoffs.news\/fr\/#website","url":"https:\/\/theplayoffs.news\/fr\/","name":"The Playoffs FR","description":"NBA-NFL-NHL-MLB","potentialAction":[{"@type":"SearchAction","target":{"@type":"EntryPoint","urlTemplate":"https:\/\/theplayoffs.news\/fr\/?s={search_term_string}"},"query-input":{"@type":"PropertyValueSpecification","valueRequired":true,"valueName":"search_term_string"}}],"inLanguage":"fr-FR"},{"@type":"Person","@id":"https:\/\/theplayoffs.news\/fr\/#\/schema\/person\/bb40426f4e478f9bd8cdbfeb4f2f9784","name":"La r\u00e9daction","image":{"@type":"ImageObject","inLanguage":"fr-FR","@id":"https:\/\/theplayoffs.news\/fr\/#\/schema\/person\/image\/","url":"https:\/\/secure.gravatar.com\/avatar\/7e69b41460ab2c17d61c8c364b6a0ee006f957a70191383ef42be1f4733d6515?s=96&d=mm&r=g","contentUrl":"https:\/\/secure.gravatar.com\/avatar\/7e69b41460ab2c17d61c8c364b6a0ee006f957a70191383ef42be1f4733d6515?s=96&d=mm&r=g","caption":"La r\u00e9daction"},"description":"On dit qu\\'il faut un village pour s\\'occuper d\\'un enfant. Et bien c\\'est exactement ce dont il s\\'agit ici pour The Playoffs. La r\u00e9daction, ce sont vos r\u00e9dacteurs pr\u00e9f\u00e9r\u00e9s qui collaborent sur ces articles que vous lisez au quotidien.\u00a0","url":"https:\/\/theplayoffs.news\/fr\/author\/freeagentfr\/"}]}},"_links":{"self":[{"href":"https:\/\/theplayoffs.news\/fr\/wp-json\/wp\/v2\/posts\/1498320","targetHints":{"allow":["GET"]}}],"collection":[{"href":"https:\/\/theplayoffs.news\/fr\/wp-json\/wp\/v2\/posts"}],"about":[{"href":"https:\/\/theplayoffs.news\/fr\/wp-json\/wp\/v2\/types\/post"}],"author":[{"embeddable":true,"href":"https:\/\/theplayoffs.news\/fr\/wp-json\/wp\/v2\/users\/180309799"}],"replies":[{"embeddable":true,"href":"https:\/\/theplayoffs.news\/fr\/wp-json\/wp\/v2\/comments?post=1498320"}],"version-history":[{"count":1,"href":"https:\/\/theplayoffs.news\/fr\/wp-json\/wp\/v2\/posts\/1498320\/revisions"}],"predecessor-version":[{"id":1498322,"href":"https:\/\/theplayoffs.news\/fr\/wp-json\/wp\/v2\/posts\/1498320\/revisions\/1498322"}],"wp:featuredmedia":[{"embeddable":true,"href":"https:\/\/theplayoffs.news\/fr\/wp-json\/wp\/v2\/media\/1498321"}],"wp:attachment":[{"href":"https:\/\/theplayoffs.news\/fr\/wp-json\/wp\/v2\/media?parent=1498320"}],"wp:term":[{"taxonomy":"category","embeddable":true,"href":"https:\/\/theplayoffs.news\/fr\/wp-json\/wp\/v2\/categories?post=1498320"},{"taxonomy":"post_tag","embeddable":true,"href":"https:\/\/theplayoffs.news\/fr\/wp-json\/wp\/v2\/tags?post=1498320"},{"taxonomy":"sport","embeddable":true,"href":"https:\/\/theplayoffs.news\/fr\/wp-json\/wp\/v2\/sport?post=1498320"},{"taxonomy":"saison","embeddable":true,"href":"https:\/\/theplayoffs.news\/fr\/wp-json\/wp\/v2\/saison?post=1498320"}],"curies":[{"name":"wp","href":"https:\/\/api.w.org\/{rel}","templated":true}]}}