{"id":1498217,"date":"2025-07-31T19:00:38","date_gmt":"2025-07-31T17:00:38","guid":{"rendered":"https:\/\/theplayoffs.news\/fr\/uncategorized\/\/"},"modified":"2025-07-31T19:00:43","modified_gmt":"2025-07-31T17:00:43","slug":"max-verstappen-confirme-piloter-pour-red-bull-en-2026","status":"publish","type":"post","link":"https:\/\/theplayoffs.news\/fr\/formule-1\/max-verstappen-confirme-piloter-pour-red-bull-en-2026\/","title":{"rendered":"Max Verstappen confirme piloter pour Red Bull en 2026"},"content":{"rendered":"<p>C&rsquo;&eacute;tait le feuilleton de ces derni&egrave;res semaines en Formule 1. Max Verstappen, quadruple champion du monde, pilotera bel et bien pour Red Bull lors de la saison 2026. Alors que plusieurs rumeurs l&rsquo;envoyait chez Mercedes l&rsquo;ann&eacute;e prochaine, c&rsquo;est le N&eacute;erlandais lui-m&ecirc;me qui a annonc&eacute; son futur, &agrave; l&rsquo;aube du Grand Prix de Hongrie.<\/p><p>Apr&egrave;s le Grand Prix de Belgique, Max Verstappen &eacute;tait d&eacute;sormais <a href=\"https:\/\/theplayoffs.news\/fr\/formule-1\/max-verstappen-ne-peut-plus-declencher-sa-clause-de-sortie-pour-2026\/\" class=\"trk-cta-link\" data-cta-trk='{\"ctaType\":\"Link\",\"ctaSubType\":\"main\"}'>assur&eacute; de rester contractuellement parlant chez Red Bull<\/a> en 2026. M&ecirc;me si plusieurs facteurs pouvaient intervenir avec le contrat, notamment un rachat de celui-ci par Mercedes, il restera finalement &agrave; Milton Keynes.<\/p><p>Malgr&eacute; un contrat allant jusqu&rsquo;en 2028, le pilote Red Bull pourrait tout de m&ecirc;me partir plus t&ocirc;t de l&rsquo;&eacute;curie dans laquelle il est depuis pr&egrave;s de dix ans. En effet, la saison prochaine marquera une nouvelle &egrave;re dans le sport avec un lot de nouvelles r&eacute;glementations. Lors de cette saison 2026, le N&eacute;erlandais aura une meilleure vue d&rsquo;ensemble sur la hi&eacute;rarchie bascul&eacute;e de cette r&eacute;glementation. Il pourra alors faire le meilleur choix possible pour rester au sommet.<\/p><blockquote class=\"wp-block-quote is-layout-flow wp-block-quote-is-layout-flow\">\n<p>&laquo; Je n&rsquo;ai jamais vraiment rien dit &agrave; ce sujet, car je me concentrais uniquement sur les discussions avec l&rsquo;&eacute;quipe concernant les moyens d&rsquo;am&eacute;liorer nos performances et les id&eacute;es pour l&rsquo;ann&eacute;e prochaine. C&rsquo;est pourquoi je n&rsquo;avais rien &agrave; ajouter &raquo;, a <a href=\"https:\/\/www.motorsport.com\/f1\/news\/max-verstappen-finally-confirms-red-bull-future-f1-2026\/10747016\/\" class=\"trk-cta-link\" data-cta-trk='{\"ctaType\":\"Link\",\"ctaSubType\":\"main\"}'>d&eacute;clar&eacute; <\/a>le N&eacute;erlandais. &laquo; Mais je pense qu&rsquo;il est temps de mettre fin &agrave; toutes les rumeurs, et pour moi, il a toujours &eacute;t&eacute; clair que je resterais de toute fa&ccedil;on. Je pense que c&rsquo;&eacute;tait aussi le sentiment g&eacute;n&eacute;ral au sein de l&rsquo;&eacute;quipe, car nous discutions toujours de ce que nous pouvions faire avec la voiture. Et quand on n&rsquo;est pas int&eacute;ress&eacute; &agrave; rester, on arr&ecirc;te aussi de parler de ce genre de choses, ce que je n&rsquo;ai jamais fait. &raquo;<\/p>\n<\/blockquote><p>M&ecirc;me si la clause pr&eacute;sente dans son contrat a expir&eacute; pour cette saison, elle sera toujours d&rsquo;actualit&eacute; la saison prochaine. Pour rappel, sa clause stipule que si celui-ci ne figure pas dans le top 3 du championnat pilotes &agrave; la tr&ecirc;ve estivale, il pourrait alors quitter l&rsquo;&eacute;curie librement. Quand des journalistes ont demand&eacute; &agrave; Verstappen ce qu&rsquo;il se passerait dans un an, concernant cette m&ecirc;me clause, celui-ci s&rsquo;est montr&eacute; silencieux sur le sujet.<\/p><blockquote class=\"wp-block-quote is-layout-flow wp-block-quote-is-layout-flow\">\n<p>&laquo; Je ne sais pas. Si vous me posez cette question l&rsquo;ann&eacute;e prochaine, alors oui, nous aurons cette sp&eacute;culation. Mais je n&rsquo;en parle jamais, car je m&rsquo;int&eacute;resse davantage &agrave; l&rsquo;am&eacute;lioration des performances, c&rsquo;est pourquoi je ne parle jamais vraiment de ce qui figure dans mon contrat. &raquo;<\/p>\n<\/blockquote><div class=\"related-slider related-slider--loading\">\n    <div class=\"related-slider__header\">\n        <div class=\"related-slider__header__title\">Vous aimerez aussi<\/div>\n        <div class=\"related-slider__header__buttons\">\n            <div class=\"swiper-button-prev\"><\/div>\n            <div class=\"swiper-button-next\"><\/div>\n        <\/div>\n    <\/div>\n    <div class=\"swiper-container\">\n        <div class=\"swiper-wrapper\">\n                            <div class=\"swiper-slide\">\n                    <a class=\"related-slider-card  trk-cta-img\" href=\"https:\/\/theplayoffs.news\/fr\/formule-1\/podcast-f1-preview-grand-prix-des-pays-bas\/\" title=\"Podcast F1 &ndash; Preview Grand Prix des Pays-Bas\" data-cta-trk='{\"ctaType\":\"Image\",\"ctaSubType\":\"main\"}'>\n    <div class=\"related-slider-card__image\">\n        <img loading=\"lazy\" decoding=\"async\" width=\"600\" height=\"600\" src=\"https:\/\/theplayoffs.news\/fr\/wp-content\/uploads\/2025\/08\/98b9da7db15e013167afa91fae41d8514341f23c0ad8b8d8a8ea53eec27d0955-600x600-2.jpg\" class=\"attachment-medium size-medium wp-post-image\" alt=\"Warm Up F1\" srcset=\"https:\/\/theplayoffs.news\/fr\/wp-content\/uploads\/2025\/08\/98b9da7db15e013167afa91fae41d8514341f23c0ad8b8d8a8ea53eec27d0955-600x600-2.jpg 600w, https:\/\/theplayoffs.news\/fr\/wp-content\/uploads\/2025\/08\/98b9da7db15e013167afa91fae41d8514341f23c0ad8b8d8a8ea53eec27d0955-600x600-2-150x150.jpg 150w\" sizes=\"auto, (max-width: 600px) 100vw, 600px\">\n                            <\/div>\n    <div class=\"related-slider-card__content\">\n        <div class=\"related-slider-card__content__tags\">\n                            <div class=\"related-slider-card__content__tags__category\">\n                    Formule 1\n                <\/div>\n                        <div class=\"related-slider-card__content__tags__date\" data-dynamic-date=\"2025-08-28T17:31:16+02:00\">\n                28 ao&ucirc;t 2025\n            <\/div>\n        <\/div>\n        <div class=\"related-slider-card__content__title\">\n            Podcast F1 &ndash; Preview Grand Prix des Pays-Bas\n        <\/div>\n                    <div class=\"related-slider-card__content__read-more\">\n                Voir plus\n                <i>\n                    <svg width=\"17\" height=\"15\" viewbox=\"0 0 17 15\" fill=\"none\" xmlns=\"http:\/\/www.w3.org\/2000\/svg\">\n<path d=\"M1 6.5C0.447715 6.5 0 6.94772 0 7.5C0 8.05228 0.447715 8.5 1 8.5V6.5ZM16.7071 8.20711C17.0976 7.81658 17.0976 7.18342 16.7071 6.79289L10.3431 0.428932C9.95262 0.0384078 9.31946 0.0384078 8.92893 0.428932C8.53841 0.819457 8.53841 1.45262 8.92893 1.84315L14.5858 7.5L8.92893 13.1569C8.53841 13.5474 8.53841 14.1805 8.92893 14.5711C9.31946 14.9616 9.95262 14.9616 10.3431 14.5711L16.7071 8.20711ZM1 7.5V8.5H8.5V7.5V6.5H1V7.5ZM8.5 7.5V8.5H16V7.5V6.5H8.5V7.5Z\" fill=\"white\"><\/path>\n<\/svg>\n\n                <\/i>\n            <\/div>\n            <\/div>\n<\/a>\n\n                <\/div>\n                            <div class=\"swiper-slide\">\n                    <a class=\"related-slider-card  trk-cta-img\" href=\"https:\/\/theplayoffs.news\/fr\/formule-1\/cadillac-annonce-ses-deux-pilotes-pour-la-saison-2026\/\" title=\"Cadillac annonce ses deux pilotes pour la saison 2026\" data-cta-trk='{\"ctaType\":\"Image\",\"ctaSubType\":\"main\"}'>\n    <div class=\"related-slider-card__image\">\n        <img loading=\"lazy\" decoding=\"async\" width=\"600\" height=\"750\" src=\"https:\/\/theplayoffs.news\/fr\/wp-content\/uploads\/2025\/08\/Cad-F1-600x750.jpg\" class=\"attachment-medium size-medium wp-post-image\" alt=\"Cadillac\" srcset=\"https:\/\/theplayoffs.news\/fr\/wp-content\/uploads\/2025\/08\/Cad-F1-600x750.jpg 600w, https:\/\/theplayoffs.news\/fr\/wp-content\/uploads\/2025\/08\/Cad-F1-1200x1500.jpg 1200w, https:\/\/theplayoffs.news\/fr\/wp-content\/uploads\/2025\/08\/Cad-F1-768x960.jpg 768w, https:\/\/theplayoffs.news\/fr\/wp-content\/uploads\/2025\/08\/Cad-F1-1229x1536.jpg 1229w, https:\/\/theplayoffs.news\/fr\/wp-content\/uploads\/2025\/08\/Cad-F1-1320x1650.jpg 1320w, https:\/\/theplayoffs.news\/fr\/wp-content\/uploads\/2025\/08\/Cad-F1.jpg 1536w\" sizes=\"auto, (max-width: 600px) 100vw, 600px\">\n                            <\/div>\n    <div class=\"related-slider-card__content\">\n        <div class=\"related-slider-card__content__tags\">\n                            <div class=\"related-slider-card__content__tags__category\">\n                    Formule 1\n                <\/div>\n                        <div class=\"related-slider-card__content__tags__date\" data-dynamic-date=\"2025-08-26T17:25:13+02:00\">\n                26 ao&ucirc;t 2025\n            <\/div>\n        <\/div>\n        <div class=\"related-slider-card__content__title\">\n            Cadillac annonce ses deux pilotes pour la saison 2026\n        <\/div>\n                    <div class=\"related-slider-card__content__read-more\">\n                Voir plus\n                <i>\n                    <svg width=\"17\" height=\"15\" viewbox=\"0 0 17 15\" fill=\"none\" xmlns=\"http:\/\/www.w3.org\/2000\/svg\">\n<path d=\"M1 6.5C0.447715 6.5 0 6.94772 0 7.5C0 8.05228 0.447715 8.5 1 8.5V6.5ZM16.7071 8.20711C17.0976 7.81658 17.0976 7.18342 16.7071 6.79289L10.3431 0.428932C9.95262 0.0384078 9.31946 0.0384078 8.92893 0.428932C8.53841 0.819457 8.53841 1.45262 8.92893 1.84315L14.5858 7.5L8.92893 13.1569C8.53841 13.5474 8.53841 14.1805 8.92893 14.5711C9.31946 14.9616 9.95262 14.9616 10.3431 14.5711L16.7071 8.20711ZM1 7.5V8.5H8.5V7.5V6.5H1V7.5ZM8.5 7.5V8.5H16V7.5V6.5H8.5V7.5Z\" fill=\"white\"><\/path>\n<\/svg>\n\n                <\/i>\n            <\/div>\n            <\/div>\n<\/a>\n\n                <\/div>\n                            <div class=\"swiper-slide\">\n                    <a class=\"related-slider-card  trk-cta-img\" href=\"https:\/\/theplayoffs.news\/fr\/formule-1\/podcast-f1-le-grand-prix-de-hongrie\/\" title=\"Podcast F1 &ndash; Le Grand Prix de Hongrie\" data-cta-trk='{\"ctaType\":\"Image\",\"ctaSubType\":\"main\"}'>\n    <div class=\"related-slider-card__image\">\n        <img loading=\"lazy\" decoding=\"async\" width=\"600\" height=\"600\" src=\"https:\/\/theplayoffs.news\/fr\/wp-content\/uploads\/2025\/07\/98b9da7db15e013167afa91fae41d8514341f23c0ad8b8d8a8ea53eec27d0955-600x600-1.jpg\" class=\"attachment-medium size-medium wp-post-image\" alt=\"PODCAST F1\" srcset=\"https:\/\/theplayoffs.news\/fr\/wp-content\/uploads\/2025\/07\/98b9da7db15e013167afa91fae41d8514341f23c0ad8b8d8a8ea53eec27d0955-600x600-1.jpg 600w, https:\/\/theplayoffs.news\/fr\/wp-content\/uploads\/2025\/07\/98b9da7db15e013167afa91fae41d8514341f23c0ad8b8d8a8ea53eec27d0955-600x600-1-150x150.jpg 150w\" sizes=\"auto, (max-width: 600px) 100vw, 600px\">\n                            <\/div>\n    <div class=\"related-slider-card__content\">\n        <div class=\"related-slider-card__content__tags\">\n                            <div class=\"related-slider-card__content__tags__category\">\n                    Formule 1\n                <\/div>\n                        <div class=\"related-slider-card__content__tags__date\" data-dynamic-date=\"2025-07-31T16:15:19+02:00\">\n                31 juillet 2025\n            <\/div>\n        <\/div>\n        <div class=\"related-slider-card__content__title\">\n            Podcast F1 &ndash; Le Grand Prix de Hongrie\n        <\/div>\n                    <div class=\"related-slider-card__content__read-more\">\n                Voir plus\n                <i>\n                    <svg width=\"17\" height=\"15\" viewbox=\"0 0 17 15\" fill=\"none\" xmlns=\"http:\/\/www.w3.org\/2000\/svg\">\n<path d=\"M1 6.5C0.447715 6.5 0 6.94772 0 7.5C0 8.05228 0.447715 8.5 1 8.5V6.5ZM16.7071 8.20711C17.0976 7.81658 17.0976 7.18342 16.7071 6.79289L10.3431 0.428932C9.95262 0.0384078 9.31946 0.0384078 8.92893 0.428932C8.53841 0.819457 8.53841 1.45262 8.92893 1.84315L14.5858 7.5L8.92893 13.1569C8.53841 13.5474 8.53841 14.1805 8.92893 14.5711C9.31946 14.9616 9.95262 14.9616 10.3431 14.5711L16.7071 8.20711ZM1 7.5V8.5H8.5V7.5V6.5H1V7.5ZM8.5 7.5V8.5H16V7.5V6.5H8.5V7.5Z\" fill=\"white\"><\/path>\n<\/svg>\n\n                <\/i>\n            <\/div>\n            <\/div>\n<\/a>\n\n                <\/div>\n                            <div class=\"swiper-slide\">\n                    <a class=\"related-slider-card  trk-cta-img\" href=\"https:\/\/theplayoffs.news\/fr\/formule-1\/fred-vasseur-prolonge-a-la-tete-de-ferrari\/\" title=\"Fred Vasseur prolonge &agrave; la t&ecirc;te de Ferrari\" data-cta-trk='{\"ctaType\":\"Image\",\"ctaSubType\":\"main\"}'>\n    <div class=\"related-slider-card__image\">\n        <img loading=\"lazy\" decoding=\"async\" width=\"600\" height=\"400\" src=\"https:\/\/theplayoffs.news\/fr\/wp-content\/uploads\/2025\/07\/USATSI_26493561-600x400.jpg\" class=\"attachment-medium size-medium wp-post-image\" alt=\"Fred Vasseur\" srcset=\"https:\/\/theplayoffs.news\/fr\/wp-content\/uploads\/2025\/07\/USATSI_26493561-600x400.jpg 600w, https:\/\/theplayoffs.news\/fr\/wp-content\/uploads\/2025\/07\/USATSI_26493561-1200x800.jpg 1200w, https:\/\/theplayoffs.news\/fr\/wp-content\/uploads\/2025\/07\/USATSI_26493561-768x512.jpg 768w, https:\/\/theplayoffs.news\/fr\/wp-content\/uploads\/2025\/07\/USATSI_26493561-1536x1024.jpg 1536w, https:\/\/theplayoffs.news\/fr\/wp-content\/uploads\/2025\/07\/USATSI_26493561-1320x880.jpg 1320w, https:\/\/theplayoffs.news\/fr\/wp-content\/uploads\/2025\/07\/USATSI_26493561.jpg 1920w\" sizes=\"auto, (max-width: 600px) 100vw, 600px\">\n                            <\/div>\n    <div class=\"related-slider-card__content\">\n        <div class=\"related-slider-card__content__tags\">\n                            <div class=\"related-slider-card__content__tags__category\">\n                    Formule 1\n                <\/div>\n                        <div class=\"related-slider-card__content__tags__date\" data-dynamic-date=\"2025-07-31T13:23:12+02:00\">\n                31 juillet 2025\n            <\/div>\n        <\/div>\n        <div class=\"related-slider-card__content__title\">\n            Fred Vasseur prolonge &agrave; la t&ecirc;te de Ferrari\n        <\/div>\n                    <div class=\"related-slider-card__content__read-more\">\n                Voir plus\n                <i>\n                    <svg width=\"17\" height=\"15\" viewbox=\"0 0 17 15\" fill=\"none\" xmlns=\"http:\/\/www.w3.org\/2000\/svg\">\n<path d=\"M1 6.5C0.447715 6.5 0 6.94772 0 7.5C0 8.05228 0.447715 8.5 1 8.5V6.5ZM16.7071 8.20711C17.0976 7.81658 17.0976 7.18342 16.7071 6.79289L10.3431 0.428932C9.95262 0.0384078 9.31946 0.0384078 8.92893 0.428932C8.53841 0.819457 8.53841 1.45262 8.92893 1.84315L14.5858 7.5L8.92893 13.1569C8.53841 13.5474 8.53841 14.1805 8.92893 14.5711C9.31946 14.9616 9.95262 14.9616 10.3431 14.5711L16.7071 8.20711ZM1 7.5V8.5H8.5V7.5V6.5H1V7.5ZM8.5 7.5V8.5H16V7.5V6.5H8.5V7.5Z\" fill=\"white\"><\/path>\n<\/svg>\n\n                <\/i>\n            <\/div>\n            <\/div>\n<\/a>\n\n                <\/div>\n                    <\/div>\n    <\/div>\n<\/div><h2 class=\"wp-block-heading\">Max Verstappen se concentre sur la suite de la saison<\/h2><p>M&ecirc;me si celui-ci a abandonn&eacute; tout espoir de remporter son cinqui&egrave;me titre de suite, apr&egrave;s un retard de 81 points sur Oscar Piastri, il ne veut pas pour autant abandonner si vite la saison en cours. <\/p><blockquote class=\"wp-block-quote is-layout-flow wp-block-quote-is-layout-flow\">\n<p>&laquo; Personne ne sait vraiment o&ugrave; ils en seront l&rsquo;ann&eacute;e prochaine &raquo;, a-t-il d&eacute;clar&eacute;. &laquo; Et pour nous, cette ann&eacute;e, il sera tr&egrave;s difficile de rivaliser avec McLaren. Je pense qu&rsquo;il est d&eacute;j&agrave; assez difficile de rivaliser avec Ferrari et Mercedes. Mais je pense qu&rsquo;il y a encore beaucoup &agrave; apprendre sur la voiture et son comportement. Bien s&ucirc;r, je sais que les voitures seront diff&eacute;rentes l&rsquo;ann&eacute;e prochaine, mais il y a encore des choses que l&rsquo;on peut tirer de cette ann&eacute;e sur le plan technique et mettre en &oelig;uvre pour l&rsquo;ann&eacute;e prochaine. On ne peut donc pas simplement dire : &laquo; Bon, on ne remportera pas le championnat cette ann&eacute;e, alors on abandonne compl&egrave;tement &raquo;.<\/p>\n<\/blockquote><p>Red Bull cherchera &agrave; effacer cette saison l&rsquo;ann&eacute;e prochaine, en tentant de d&eacute;marrer 2026 de la meilleure mani&egrave;re possible. La premi&egrave;re moiti&eacute; de cette nouvelle saison sera tr&egrave;s importante pour les deux partis, &eacute;tant donn&eacute; qu&rsquo;elle d&eacute;finira l&rsquo;avenir des deux. Si Red Bull n&rsquo;est pas au niveau, les chances de voir Verstappen partir son tr&egrave;s &eacute;lev&eacute;es, et l&rsquo;&eacute;curie serait au bord de la rupture.<\/p><p>Credit: Erich Schlegel-Imagn Images<\/p>\n","protected":false},"excerpt":{"rendered":"<p>C&rsquo;est d\u00e9sormais officiel, Max Verstappen restera bel et bien un pilote Red Bull pour la saison 2026<\/p>\n","protected":false},"author":180310178,"featured_media":1498218,"comment_status":"closed","ping_status":"closed","sticky":false,"template":"","format":"standard","meta":{"inline_featured_image":false,"kia_subtitle":"C'est d\u00e9sormais officiel, Max Verstappen restera bel et bien un pilote Red Bull pour la saison 2026","_mux_skip_reasons":[],"proofreadBy":0,"footnotes":""},"categories":[8091,8408],"tags":[8093,8094,8113],"sport":[],"saison":[],"class_list":["post-1498217","post","type-post","status-publish","format-standard","has-post-thumbnail","hentry","category-formule-1","category-sports","tag-f1","tag-max-verstappen","tag-red-bull"],"acf":[],"yoast_head":"<!-- This site is optimized with the Yoast SEO plugin v24.2 - https:\/\/yoast.com\/wordpress\/plugins\/seo\/ -->\n<title>Max Verstappen confirme piloter pour Red Bull en 2026 - The Playoffs FR<\/title>\n<meta name=\"description\" content=\"C&#039;est d&eacute;sormais officiel, Max Verstappen restera bel et bien un pilote Red Bull pour la saison 2026\" \/>\n<meta name=\"robots\" content=\"index, follow, max-snippet:-1, max-image-preview:large, max-video-preview:-1\" \/>\n<link rel=\"canonical\" href=\"https:\/\/theplayoffs.news\/fr\/formule-1\/max-verstappen-confirme-piloter-pour-red-bull-en-2026\/\" \/>\n<meta property=\"og:locale\" content=\"fr_FR\" \/>\n<meta property=\"og:type\" content=\"article\" \/>\n<meta property=\"og:title\" content=\"Max Verstappen confirme piloter pour Red Bull en 2026 - The Playoffs FR\" \/>\n<meta property=\"og:description\" content=\"C&#039;est d&eacute;sormais officiel, Max Verstappen restera bel et bien un pilote Red Bull pour la saison 2026\" \/>\n<meta property=\"og:url\" content=\"https:\/\/theplayoffs.news\/fr\/formule-1\/max-verstappen-confirme-piloter-pour-red-bull-en-2026\/\" \/>\n<meta property=\"og:site_name\" content=\"The Playoffs FR\" \/>\n<meta property=\"article:publisher\" content=\"https:\/\/www.facebook.com\/TheFreeAgentFR\/\" \/>\n<meta property=\"article:modified_time\" content=\"2025-07-31T19:00:43+02:00\" \/>\n<meta property=\"og:image\" content=\"https:\/\/theplayoffs.news\/fr\/wp-content\/uploads\/2025\/07\/USATSI_24533992.jpg\" \/>\n\t<meta property=\"og:image:width\" content=\"1920\" \/>\n\t<meta property=\"og:image:height\" content=\"1333\" \/>\n\t<meta property=\"og:image:type\" content=\"image\/jpeg\" \/>\n<meta name=\"author\" content=\"Arthur Berlemont\" \/>\n<meta name=\"twitter:card\" content=\"summary_large_image\" \/>\n<meta name=\"twitter:creator\" content=\"@TheFreeAgentFR\" \/>\n<meta name=\"twitter:site\" content=\"@TheFreeAgentFR\" \/>\n<meta name=\"twitter:label1\" content=\"\u00c9crit par\" \/>\n\t<meta name=\"twitter:data1\" content=\"Arthur Berlemont\" \/>\n\t<meta name=\"twitter:label2\" content=\"Dur\u00e9e de lecture estim\u00e9e\" \/>\n\t<meta name=\"twitter:data2\" content=\"3 minutes\" \/>\n<script type=\"application\/ld+json\" class=\"yoast-schema-graph\">{\"@context\":\"https:\/\/schema.org\",\"@graph\":[{\"@type\":\"WebPage\",\"@id\":\"https:\/\/theplayoffs.news\/fr\/formule-1\/max-verstappen-confirme-piloter-pour-red-bull-en-2026\/\",\"url\":\"https:\/\/theplayoffs.news\/fr\/formule-1\/max-verstappen-confirme-piloter-pour-red-bull-en-2026\/\",\"name\":\"Max Verstappen confirme piloter pour Red Bull en 2026 - The Playoffs FR\",\"isPartOf\":{\"@id\":\"https:\/\/theplayoffs.news\/fr\/#website\"},\"primaryImageOfPage\":{\"@id\":\"https:\/\/theplayoffs.news\/fr\/formule-1\/max-verstappen-confirme-piloter-pour-red-bull-en-2026\/#primaryimage\"},\"image\":{\"@id\":\"https:\/\/theplayoffs.news\/fr\/formule-1\/max-verstappen-confirme-piloter-pour-red-bull-en-2026\/#primaryimage\"},\"thumbnailUrl\":\"https:\/\/theplayoffs.news\/fr\/wp-content\/uploads\/2025\/07\/USATSI_24533992.jpg\",\"datePublished\":\"2025-07-31T17:00:38+00:00\",\"dateModified\":\"2025-07-31T17:00:43+00:00\",\"author\":{\"@id\":\"https:\/\/theplayoffs.news\/fr\/#\/schema\/person\/b6b04a451dab03a5ab75cec8912e8942\"},\"description\":\"C\\\\'est d\u00e9sormais officiel, Max Verstappen restera bel et bien un pilote Red Bull pour la saison 2026\",\"breadcrumb\":{\"@id\":\"https:\/\/theplayoffs.news\/fr\/formule-1\/max-verstappen-confirme-piloter-pour-red-bull-en-2026\/#breadcrumb\"},\"inLanguage\":\"fr-FR\",\"potentialAction\":[{\"@type\":\"ReadAction\",\"target\":[\"https:\/\/theplayoffs.news\/fr\/formule-1\/max-verstappen-confirme-piloter-pour-red-bull-en-2026\/\"]}]},{\"@type\":\"ImageObject\",\"inLanguage\":\"fr-FR\",\"@id\":\"https:\/\/theplayoffs.news\/fr\/formule-1\/max-verstappen-confirme-piloter-pour-red-bull-en-2026\/#primaryimage\",\"url\":\"https:\/\/theplayoffs.news\/fr\/wp-content\/uploads\/2025\/07\/USATSI_24533992.jpg\",\"contentUrl\":\"https:\/\/theplayoffs.news\/fr\/wp-content\/uploads\/2025\/07\/USATSI_24533992.jpg\",\"width\":1920,\"height\":1333,\"caption\":\"Oct 19, 2024; Austin, Texas, USA; Max Verstappen of Red Bull Racing in the pit garage prepares for the Sprint Race at the Formula One US Grand Prix at Circuit of the Americas. Mandatory Credit: Erich Schlegel-Imagn Images\"},{\"@type\":\"BreadcrumbList\",\"@id\":\"https:\/\/theplayoffs.news\/fr\/formule-1\/max-verstappen-confirme-piloter-pour-red-bull-en-2026\/#breadcrumb\",\"itemListElement\":[{\"@type\":\"ListItem\",\"position\":1,\"name\":\"Accueil\",\"item\":\"https:\/\/theplayoffs.news\/fr\/\"},{\"@type\":\"ListItem\",\"position\":2,\"name\":\"Max Verstappen confirme piloter pour Red Bull en 2026\"}]},{\"@type\":\"WebSite\",\"@id\":\"https:\/\/theplayoffs.news\/fr\/#website\",\"url\":\"https:\/\/theplayoffs.news\/fr\/\",\"name\":\"The Playoffs FR\",\"description\":\"NBA-NFL-NHL-MLB\",\"potentialAction\":[{\"@type\":\"SearchAction\",\"target\":{\"@type\":\"EntryPoint\",\"urlTemplate\":\"https:\/\/theplayoffs.news\/fr\/?s={search_term_string}\"},\"query-input\":{\"@type\":\"PropertyValueSpecification\",\"valueRequired\":true,\"valueName\":\"search_term_string\"}}],\"inLanguage\":\"fr-FR\"},{\"@type\":\"Person\",\"@id\":\"https:\/\/theplayoffs.news\/fr\/#\/schema\/person\/b6b04a451dab03a5ab75cec8912e8942\",\"name\":\"Arthur Berlemont\",\"image\":{\"@type\":\"ImageObject\",\"inLanguage\":\"fr-FR\",\"@id\":\"https:\/\/theplayoffs.news\/fr\/#\/schema\/person\/image\/\",\"url\":\"https:\/\/secure.gravatar.com\/avatar\/19ddab1d62ab0a19b186b86cee130432b120dd6f085625a6a6757dd1aa90a5f3?s=96&d=mm&r=g\",\"contentUrl\":\"https:\/\/secure.gravatar.com\/avatar\/19ddab1d62ab0a19b186b86cee130432b120dd6f085625a6a6757dd1aa90a5f3?s=96&d=mm&r=g\",\"caption\":\"Arthur Berlemont\"},\"description\":\"Etudiant passionn\u00e9 de sport, avant tout m\u00e9caniques, j\\\\'ai d\u00e9couvert les sports US il y a quelques ann\u00e9es. J\\\\'ai tout de suite accroch\u00e9 pour la ville de Cincinnati et ses franchises de NFL et MLB. Aujourd\\\\'hui, je suis l\u00e0 par passion dans la r\u00e9daction d\\\\'articles sur divers sports que j\\\\'affectionne.\",\"url\":\"https:\/\/theplayoffs.news\/fr\/author\/arthur-berlemontgmail-com\/\"}]}<\/script>\n<!-- \/ Yoast SEO plugin. -->","yoast_head_json":{"title":"Max Verstappen confirme piloter pour Red Bull en 2026 - The Playoffs FR","description":"C&#039;est d&eacute;sormais officiel, Max Verstappen restera bel et bien un pilote Red Bull pour la saison 2026","robots":{"index":"index","follow":"follow","max-snippet":"max-snippet:-1","max-image-preview":"max-image-preview:large","max-video-preview":"max-video-preview:-1"},"canonical":"https:\/\/theplayoffs.news\/fr\/formule-1\/max-verstappen-confirme-piloter-pour-red-bull-en-2026\/","og_locale":"fr_FR","og_type":"article","og_title":"Max Verstappen confirme piloter pour Red Bull en 2026 - The Playoffs FR","og_description":"C&#039;est d&eacute;sormais officiel, Max Verstappen restera bel et bien un pilote Red Bull pour la saison 2026","og_url":"https:\/\/theplayoffs.news\/fr\/formule-1\/max-verstappen-confirme-piloter-pour-red-bull-en-2026\/","og_site_name":"The Playoffs FR","article_publisher":"https:\/\/www.facebook.com\/TheFreeAgentFR\/","article_modified_time":"2025-07-31T17:00:43+00:00","og_image":[{"width":1920,"height":1333,"url":"https:\/\/theplayoffs.news\/fr\/wp-content\/uploads\/2025\/07\/USATSI_24533992.jpg","type":"image\/jpeg"}],"author":"Arthur Berlemont","twitter_card":"summary_large_image","twitter_creator":"@TheFreeAgentFR","twitter_site":"@TheFreeAgentFR","twitter_misc":{"\u00c9crit par":"Arthur Berlemont","Dur\u00e9e de lecture estim\u00e9e":"3 minutes"},"schema":{"@context":"https:\/\/schema.org","@graph":[{"@type":"WebPage","@id":"https:\/\/theplayoffs.news\/fr\/formule-1\/max-verstappen-confirme-piloter-pour-red-bull-en-2026\/","url":"https:\/\/theplayoffs.news\/fr\/formule-1\/max-verstappen-confirme-piloter-pour-red-bull-en-2026\/","name":"Max Verstappen confirme piloter pour Red Bull en 2026 - The Playoffs FR","isPartOf":{"@id":"https:\/\/theplayoffs.news\/fr\/#website"},"primaryImageOfPage":{"@id":"https:\/\/theplayoffs.news\/fr\/formule-1\/max-verstappen-confirme-piloter-pour-red-bull-en-2026\/#primaryimage"},"image":{"@id":"https:\/\/theplayoffs.news\/fr\/formule-1\/max-verstappen-confirme-piloter-pour-red-bull-en-2026\/#primaryimage"},"thumbnailUrl":"https:\/\/theplayoffs.news\/fr\/wp-content\/uploads\/2025\/07\/USATSI_24533992.jpg","datePublished":"2025-07-31T17:00:38+00:00","dateModified":"2025-07-31T17:00:43+00:00","author":{"@id":"https:\/\/theplayoffs.news\/fr\/#\/schema\/person\/b6b04a451dab03a5ab75cec8912e8942"},"description":"C\\'est d\u00e9sormais officiel, Max Verstappen restera bel et bien un pilote Red Bull pour la saison 2026","breadcrumb":{"@id":"https:\/\/theplayoffs.news\/fr\/formule-1\/max-verstappen-confirme-piloter-pour-red-bull-en-2026\/#breadcrumb"},"inLanguage":"fr-FR","potentialAction":[{"@type":"ReadAction","target":["https:\/\/theplayoffs.news\/fr\/formule-1\/max-verstappen-confirme-piloter-pour-red-bull-en-2026\/"]}]},{"@type":"ImageObject","inLanguage":"fr-FR","@id":"https:\/\/theplayoffs.news\/fr\/formule-1\/max-verstappen-confirme-piloter-pour-red-bull-en-2026\/#primaryimage","url":"https:\/\/theplayoffs.news\/fr\/wp-content\/uploads\/2025\/07\/USATSI_24533992.jpg","contentUrl":"https:\/\/theplayoffs.news\/fr\/wp-content\/uploads\/2025\/07\/USATSI_24533992.jpg","width":1920,"height":1333,"caption":"Oct 19, 2024; Austin, Texas, USA; Max Verstappen of Red Bull Racing in the pit garage prepares for the Sprint Race at the Formula One US Grand Prix at Circuit of the Americas. Mandatory Credit: Erich Schlegel-Imagn Images"},{"@type":"BreadcrumbList","@id":"https:\/\/theplayoffs.news\/fr\/formule-1\/max-verstappen-confirme-piloter-pour-red-bull-en-2026\/#breadcrumb","itemListElement":[{"@type":"ListItem","position":1,"name":"Accueil","item":"https:\/\/theplayoffs.news\/fr\/"},{"@type":"ListItem","position":2,"name":"Max Verstappen confirme piloter pour Red Bull en 2026"}]},{"@type":"WebSite","@id":"https:\/\/theplayoffs.news\/fr\/#website","url":"https:\/\/theplayoffs.news\/fr\/","name":"The Playoffs FR","description":"NBA-NFL-NHL-MLB","potentialAction":[{"@type":"SearchAction","target":{"@type":"EntryPoint","urlTemplate":"https:\/\/theplayoffs.news\/fr\/?s={search_term_string}"},"query-input":{"@type":"PropertyValueSpecification","valueRequired":true,"valueName":"search_term_string"}}],"inLanguage":"fr-FR"},{"@type":"Person","@id":"https:\/\/theplayoffs.news\/fr\/#\/schema\/person\/b6b04a451dab03a5ab75cec8912e8942","name":"Arthur Berlemont","image":{"@type":"ImageObject","inLanguage":"fr-FR","@id":"https:\/\/theplayoffs.news\/fr\/#\/schema\/person\/image\/","url":"https:\/\/secure.gravatar.com\/avatar\/19ddab1d62ab0a19b186b86cee130432b120dd6f085625a6a6757dd1aa90a5f3?s=96&d=mm&r=g","contentUrl":"https:\/\/secure.gravatar.com\/avatar\/19ddab1d62ab0a19b186b86cee130432b120dd6f085625a6a6757dd1aa90a5f3?s=96&d=mm&r=g","caption":"Arthur Berlemont"},"description":"Etudiant passionn\u00e9 de sport, avant tout m\u00e9caniques, j\\'ai d\u00e9couvert les sports US il y a quelques ann\u00e9es. J\\'ai tout de suite accroch\u00e9 pour la ville de Cincinnati et ses franchises de NFL et MLB. Aujourd\\'hui, je suis l\u00e0 par passion dans la r\u00e9daction d\\'articles sur divers sports que j\\'affectionne.","url":"https:\/\/theplayoffs.news\/fr\/author\/arthur-berlemontgmail-com\/"}]}},"_links":{"self":[{"href":"https:\/\/theplayoffs.news\/fr\/wp-json\/wp\/v2\/posts\/1498217","targetHints":{"allow":["GET"]}}],"collection":[{"href":"https:\/\/theplayoffs.news\/fr\/wp-json\/wp\/v2\/posts"}],"about":[{"href":"https:\/\/theplayoffs.news\/fr\/wp-json\/wp\/v2\/types\/post"}],"author":[{"embeddable":true,"href":"https:\/\/theplayoffs.news\/fr\/wp-json\/wp\/v2\/users\/180310178"}],"replies":[{"embeddable":true,"href":"https:\/\/theplayoffs.news\/fr\/wp-json\/wp\/v2\/comments?post=1498217"}],"version-history":[{"count":1,"href":"https:\/\/theplayoffs.news\/fr\/wp-json\/wp\/v2\/posts\/1498217\/revisions"}],"predecessor-version":[{"id":1498219,"href":"https:\/\/theplayoffs.news\/fr\/wp-json\/wp\/v2\/posts\/1498217\/revisions\/1498219"}],"wp:featuredmedia":[{"embeddable":true,"href":"https:\/\/theplayoffs.news\/fr\/wp-json\/wp\/v2\/media\/1498218"}],"wp:attachment":[{"href":"https:\/\/theplayoffs.news\/fr\/wp-json\/wp\/v2\/media?parent=1498217"}],"wp:term":[{"taxonomy":"category","embeddable":true,"href":"https:\/\/theplayoffs.news\/fr\/wp-json\/wp\/v2\/categories?post=1498217"},{"taxonomy":"post_tag","embeddable":true,"href":"https:\/\/theplayoffs.news\/fr\/wp-json\/wp\/v2\/tags?post=1498217"},{"taxonomy":"sport","embeddable":true,"href":"https:\/\/theplayoffs.news\/fr\/wp-json\/wp\/v2\/sport?post=1498217"},{"taxonomy":"saison","embeddable":true,"href":"https:\/\/theplayoffs.news\/fr\/wp-json\/wp\/v2\/saison?post=1498217"}],"curies":[{"name":"wp","href":"https:\/\/api.w.org\/{rel}","templated":true}]}}